{"id":5507,"date":"2021-08-02T11:00:03","date_gmt":"2021-08-02T14:00:03","guid":{"rendered":"http:\/\/www.radiomanchester.com.br\/fm\/?p=5507"},"modified":"2021-08-01T12:10:14","modified_gmt":"2021-08-01T15:10:14","slug":"garoto-da-bronca-em-padre-durante-o-proprio-batismo","status":"publish","type":"post","link":"https:\/\/www.radiomanchester.com.br\/fm\/garoto-da-bronca-em-padre-durante-o-proprio-batismo\/","title":{"rendered":"Garoto d\u00e1 bronca em padre durante o pr\u00f3prio batismo"},"content":{"rendered":"<p>Um garoto de apenas seis anos deu uma bronca deu uma bronca em padre durante o pr\u00f3prio batismo e o v\u00eddeo, que narra toda hist\u00f3ria que aconteceu no interior da Bahia, repercutiu na internet.<\/p>\n<p>&nbsp;<\/p>\n<p>\u201cDavi Henrique Ara\u00fajo Sousa, eu te batizo\u201d. \u00c9 assim que o padre Genildo, da par\u00f3quia Rainha da Paz, em Vit\u00f3ria da Conquista, interior da Bahia, inicia o batizado do menino. Mas quando come\u00e7a jogar \u00e1gua na cabe\u00e7a da crian\u00e7a, o garoto muito espont\u00e2neo, imediatamente responde: \u201cN\u00e3o pega na minha cabe\u00e7a n\u00e3o que ta ardendo. N\u00e3o sabe batizar n\u00e3o?\u201d.<\/p>\n<p>O fato aconteceu no dia 25 de julho, mas s\u00f3 agora foi divulgado nas redes sociais pela fam\u00edlia da crian\u00e7a. Durante o batismo, o tio do garoto fez as grava\u00e7\u00f5es para arquivo da fam\u00edlia. Por\u00e9m o v\u00eddeo ficou engra\u00e7ado e por isso, resolveu postar nas redes sociais.<\/p>\n<div style=\"width: 480px;\" class=\"wp-video\"><!--[if lt IE 9]><script>document.createElement('video');<\/script><![endif]-->\n<video class=\"wp-video-shortcode\" id=\"video-5507-1\" width=\"480\" height=\"472\" preload=\"metadata\" controls=\"controls\"><source type=\"video\/mp4\" src=\"http:\/\/www.radiomanchester.com.br\/fm\/wp-content\/uploads\/2021\/08\/IMG_1531.mp4?_=1\" \/><a href=\"http:\/\/www.radiomanchester.com.br\/fm\/wp-content\/uploads\/2021\/08\/IMG_1531.mp4\">http:\/\/www.radiomanchester.com.br\/fm\/wp-content\/uploads\/2021\/08\/IMG_1531.mp4<\/a><\/video><\/div>\n<p>&nbsp;<\/p>\n<p>por Reda\u00e7\u00e3o &#8211; imagens: reprodu\u00e7\u00e3o<\/p>\n","protected":false},"excerpt":{"rendered":"<p class=\"excerpt\">Um garoto de apenas seis anos deu uma bronca deu uma bronca em padre durante o pr\u00f3prio batismo e o v\u00eddeo, que narra toda hist\u00f3ria que aconteceu no interior da Bahia, repercutiu na internet. &nbsp; \u201cDavi Henrique Ara\u00fajo Sousa, eu te batizo\u201d. \u00c9 assim que o padre Genildo, da par\u00f3quia Rainha da Paz, em Vit\u00f3ria [&hellip;]<\/p>\n","protected":false},"author":1,"featured_media":5509,"comment_status":"open","ping_status":"open","sticky":false,"template":"","format":"standard","meta":[],"categories":[8,17],"tags":[],"yoast_head":"<!-- This site is optimized with the Yoast SEO plugin v18.3 - https:\/\/yoast.com\/wordpress\/plugins\/seo\/ -->\n<title>Garoto d\u00e1 bronca em padre durante o pr\u00f3prio batismo - Manchester FM 93,3<\/title>\n<meta name=\"robots\" content=\"index, follow, max-snippet:-1, max-image-preview:large, max-video-preview:-1\" \/>\n<link rel=\"canonical\" href=\"https:\/\/www.radiomanchester.com.br\/fm\/garoto-da-bronca-em-padre-durante-o-proprio-batismo\/\" \/>\n<meta property=\"og:locale\" content=\"pt_BR\" \/>\n<meta property=\"og:type\" content=\"article\" \/>\n<meta property=\"og:title\" content=\"Garoto d\u00e1 bronca em padre durante o pr\u00f3prio batismo - Manchester FM 93,3\" \/>\n<meta property=\"og:description\" content=\"Um garoto de apenas seis anos deu uma bronca deu uma bronca em padre durante o pr\u00f3prio batismo e o v\u00eddeo, que narra toda hist\u00f3ria que aconteceu no interior da Bahia, repercutiu na internet. &nbsp; \u201cDavi Henrique Ara\u00fajo Sousa, eu te batizo\u201d. \u00c9 assim que o padre Genildo, da par\u00f3quia Rainha da Paz, em Vit\u00f3ria [&hellip;]\" \/>\n<meta property=\"og:url\" content=\"https:\/\/www.radiomanchester.com.br\/fm\/garoto-da-bronca-em-padre-durante-o-proprio-batismo\/\" \/>\n<meta property=\"og:site_name\" content=\"Manchester FM 93,3\" \/>\n<meta property=\"article:published_time\" content=\"2021-08-02T14:00:03+00:00\" \/>\n<meta property=\"article:modified_time\" content=\"2021-08-01T15:10:14+00:00\" \/>\n<meta property=\"og:image\" content=\"https:\/\/www.radiomanchester.com.br\/fm\/wp-content\/uploads\/2021\/08\/6CE29BB0-BDAA-4287-881F-1B0FE7520865.jpeg\" \/>\n\t<meta property=\"og:image:width\" content=\"1242\" \/>\n\t<meta property=\"og:image:height\" content=\"1201\" \/>\n\t<meta property=\"og:image:type\" content=\"image\/jpeg\" \/>\n<meta name=\"twitter:card\" content=\"summary_large_image\" \/>\n<meta name=\"twitter:label1\" content=\"Escrito por\" \/>\n\t<meta name=\"twitter:data1\" content=\"admin\" \/>\n\t<meta name=\"twitter:label2\" content=\"Est. tempo de leitura\" \/>\n\t<meta name=\"twitter:data2\" content=\"1 minuto\" \/>\n<script type=\"application\/ld+json\" class=\"yoast-schema-graph\">{\"@context\":\"https:\/\/schema.org\",\"@graph\":[{\"@type\":\"WebSite\",\"@id\":\"https:\/\/www.radiomanchester.com.br\/fm\/#website\",\"url\":\"https:\/\/www.radiomanchester.com.br\/fm\/\",\"name\":\"Manchester FM 93,3\",\"description\":\"Todo Mundo Ouve!\",\"potentialAction\":[{\"@type\":\"SearchAction\",\"target\":{\"@type\":\"EntryPoint\",\"urlTemplate\":\"https:\/\/www.radiomanchester.com.br\/fm\/?s={search_term_string}\"},\"query-input\":\"required name=search_term_string\"}],\"inLanguage\":\"pt-BR\"},{\"@type\":\"ImageObject\",\"@id\":\"https:\/\/www.radiomanchester.com.br\/fm\/garoto-da-bronca-em-padre-durante-o-proprio-batismo\/#primaryimage\",\"inLanguage\":\"pt-BR\",\"url\":\"https:\/\/www.radiomanchester.com.br\/fm\/wp-content\/uploads\/2021\/08\/6CE29BB0-BDAA-4287-881F-1B0FE7520865.jpeg\",\"contentUrl\":\"https:\/\/www.radiomanchester.com.br\/fm\/wp-content\/uploads\/2021\/08\/6CE29BB0-BDAA-4287-881F-1B0FE7520865.jpeg\",\"width\":1242,\"height\":1201},{\"@type\":\"WebPage\",\"@id\":\"https:\/\/www.radiomanchester.com.br\/fm\/garoto-da-bronca-em-padre-durante-o-proprio-batismo\/#webpage\",\"url\":\"https:\/\/www.radiomanchester.com.br\/fm\/garoto-da-bronca-em-padre-durante-o-proprio-batismo\/\",\"name\":\"Garoto d\u00e1 bronca em padre durante o pr\u00f3prio batismo - Manchester FM 93,3\",\"isPartOf\":{\"@id\":\"https:\/\/www.radiomanchester.com.br\/fm\/#website\"},\"primaryImageOfPage\":{\"@id\":\"https:\/\/www.radiomanchester.com.br\/fm\/garoto-da-bronca-em-padre-durante-o-proprio-batismo\/#primaryimage\"},\"datePublished\":\"2021-08-02T14:00:03+00:00\",\"dateModified\":\"2021-08-01T15:10:14+00:00\",\"author\":{\"@id\":\"https:\/\/www.radiomanchester.com.br\/fm\/#\/schema\/person\/408a7b4d4e32cbebd90e2782852abca3\"},\"breadcrumb\":{\"@id\":\"https:\/\/www.radiomanchester.com.br\/fm\/garoto-da-bronca-em-padre-durante-o-proprio-batismo\/#breadcrumb\"},\"inLanguage\":\"pt-BR\",\"potentialAction\":[{\"@type\":\"ReadAction\",\"target\":[\"https:\/\/www.radiomanchester.com.br\/fm\/garoto-da-bronca-em-padre-durante-o-proprio-batismo\/\"]}]},{\"@type\":\"BreadcrumbList\",\"@id\":\"https:\/\/www.radiomanchester.com.br\/fm\/garoto-da-bronca-em-padre-durante-o-proprio-batismo\/#breadcrumb\",\"itemListElement\":[{\"@type\":\"ListItem\",\"position\":1,\"name\":\"Home\",\"item\":\"https:\/\/www.radiomanchester.com.br\/fm\/\"},{\"@type\":\"ListItem\",\"position\":2,\"name\":\"Garoto d\u00e1 bronca em padre durante o pr\u00f3prio batismo\"}]},{\"@type\":\"Person\",\"@id\":\"https:\/\/www.radiomanchester.com.br\/fm\/#\/schema\/person\/408a7b4d4e32cbebd90e2782852abca3\",\"name\":\"admin\",\"image\":{\"@type\":\"ImageObject\",\"@id\":\"https:\/\/www.radiomanchester.com.br\/fm\/#personlogo\",\"inLanguage\":\"pt-BR\",\"url\":\"https:\/\/secure.gravatar.com\/avatar\/115a974dba3376872eb3addeb276301c?s=96&d=mm&r=g\",\"contentUrl\":\"https:\/\/secure.gravatar.com\/avatar\/115a974dba3376872eb3addeb276301c?s=96&d=mm&r=g\",\"caption\":\"admin\"},\"url\":\"https:\/\/www.radiomanchester.com.br\/fm\/author\/admin\/\"}]}<\/script>\n<!-- \/ Yoast SEO plugin. -->","yoast_head_json":{"title":"Garoto d\u00e1 bronca em padre durante o pr\u00f3prio batismo - Manchester FM 93,3","robots":{"index":"index","follow":"follow","max-snippet":"max-snippet:-1","max-image-preview":"max-image-preview:large","max-video-preview":"max-video-preview:-1"},"canonical":"https:\/\/www.radiomanchester.com.br\/fm\/garoto-da-bronca-em-padre-durante-o-proprio-batismo\/","og_locale":"pt_BR","og_type":"article","og_title":"Garoto d\u00e1 bronca em padre durante o pr\u00f3prio batismo - Manchester FM 93,3","og_description":"Um garoto de apenas seis anos deu uma bronca deu uma bronca em padre durante o pr\u00f3prio batismo e o v\u00eddeo, que narra toda hist\u00f3ria que aconteceu no interior da Bahia, repercutiu na internet. &nbsp; \u201cDavi Henrique Ara\u00fajo Sousa, eu te batizo\u201d. \u00c9 assim que o padre Genildo, da par\u00f3quia Rainha da Paz, em Vit\u00f3ria [&hellip;]","og_url":"https:\/\/www.radiomanchester.com.br\/fm\/garoto-da-bronca-em-padre-durante-o-proprio-batismo\/","og_site_name":"Manchester FM 93,3","article_published_time":"2021-08-02T14:00:03+00:00","article_modified_time":"2021-08-01T15:10:14+00:00","og_image":[{"width":1242,"height":1201,"url":"https:\/\/www.radiomanchester.com.br\/fm\/wp-content\/uploads\/2021\/08\/6CE29BB0-BDAA-4287-881F-1B0FE7520865.jpeg","type":"image\/jpeg"}],"twitter_card":"summary_large_image","twitter_misc":{"Escrito por":"admin","Est. tempo de leitura":"1 minuto"},"schema":{"@context":"https:\/\/schema.org","@graph":[{"@type":"WebSite","@id":"https:\/\/www.radiomanchester.com.br\/fm\/#website","url":"https:\/\/www.radiomanchester.com.br\/fm\/","name":"Manchester FM 93,3","description":"Todo Mundo Ouve!","potentialAction":[{"@type":"SearchAction","target":{"@type":"EntryPoint","urlTemplate":"https:\/\/www.radiomanchester.com.br\/fm\/?s={search_term_string}"},"query-input":"required name=search_term_string"}],"inLanguage":"pt-BR"},{"@type":"ImageObject","@id":"https:\/\/www.radiomanchester.com.br\/fm\/garoto-da-bronca-em-padre-durante-o-proprio-batismo\/#primaryimage","inLanguage":"pt-BR","url":"https:\/\/www.radiomanchester.com.br\/fm\/wp-content\/uploads\/2021\/08\/6CE29BB0-BDAA-4287-881F-1B0FE7520865.jpeg","contentUrl":"https:\/\/www.radiomanchester.com.br\/fm\/wp-content\/uploads\/2021\/08\/6CE29BB0-BDAA-4287-881F-1B0FE7520865.jpeg","width":1242,"height":1201},{"@type":"WebPage","@id":"https:\/\/www.radiomanchester.com.br\/fm\/garoto-da-bronca-em-padre-durante-o-proprio-batismo\/#webpage","url":"https:\/\/www.radiomanchester.com.br\/fm\/garoto-da-bronca-em-padre-durante-o-proprio-batismo\/","name":"Garoto d\u00e1 bronca em padre durante o pr\u00f3prio batismo - Manchester FM 93,3","isPartOf":{"@id":"https:\/\/www.radiomanchester.com.br\/fm\/#website"},"primaryImageOfPage":{"@id":"https:\/\/www.radiomanchester.com.br\/fm\/garoto-da-bronca-em-padre-durante-o-proprio-batismo\/#primaryimage"},"datePublished":"2021-08-02T14:00:03+00:00","dateModified":"2021-08-01T15:10:14+00:00","author":{"@id":"https:\/\/www.radiomanchester.com.br\/fm\/#\/schema\/person\/408a7b4d4e32cbebd90e2782852abca3"},"breadcrumb":{"@id":"https:\/\/www.radiomanchester.com.br\/fm\/garoto-da-bronca-em-padre-durante-o-proprio-batismo\/#breadcrumb"},"inLanguage":"pt-BR","potentialAction":[{"@type":"ReadAction","target":["https:\/\/www.radiomanchester.com.br\/fm\/garoto-da-bronca-em-padre-durante-o-proprio-batismo\/"]}]},{"@type":"BreadcrumbList","@id":"https:\/\/www.radiomanchester.com.br\/fm\/garoto-da-bronca-em-padre-durante-o-proprio-batismo\/#breadcrumb","itemListElement":[{"@type":"ListItem","position":1,"name":"Home","item":"https:\/\/www.radiomanchester.com.br\/fm\/"},{"@type":"ListItem","position":2,"name":"Garoto d\u00e1 bronca em padre durante o pr\u00f3prio batismo"}]},{"@type":"Person","@id":"https:\/\/www.radiomanchester.com.br\/fm\/#\/schema\/person\/408a7b4d4e32cbebd90e2782852abca3","name":"admin","image":{"@type":"ImageObject","@id":"https:\/\/www.radiomanchester.com.br\/fm\/#personlogo","inLanguage":"pt-BR","url":"https:\/\/secure.gravatar.com\/avatar\/115a974dba3376872eb3addeb276301c?s=96&d=mm&r=g","contentUrl":"https:\/\/secure.gravatar.com\/avatar\/115a974dba3376872eb3addeb276301c?s=96&d=mm&r=g","caption":"admin"},"url":"https:\/\/www.radiomanchester.com.br\/fm\/author\/admin\/"}]}},"_links":{"self":[{"href":"https:\/\/www.radiomanchester.com.br\/fm\/wp-json\/wp\/v2\/posts\/5507"}],"collection":[{"href":"https:\/\/www.radiomanchester.com.br\/fm\/wp-json\/wp\/v2\/posts"}],"about":[{"href":"https:\/\/www.radiomanchester.com.br\/fm\/wp-json\/wp\/v2\/types\/post"}],"author":[{"embeddable":true,"href":"https:\/\/www.radiomanchester.com.br\/fm\/wp-json\/wp\/v2\/users\/1"}],"replies":[{"embeddable":true,"href":"https:\/\/www.radiomanchester.com.br\/fm\/wp-json\/wp\/v2\/comments?post=5507"}],"version-history":[{"count":1,"href":"https:\/\/www.radiomanchester.com.br\/fm\/wp-json\/wp\/v2\/posts\/5507\/revisions"}],"predecessor-version":[{"id":5510,"href":"https:\/\/www.radiomanchester.com.br\/fm\/wp-json\/wp\/v2\/posts\/5507\/revisions\/5510"}],"wp:featuredmedia":[{"embeddable":true,"href":"https:\/\/www.radiomanchester.com.br\/fm\/wp-json\/wp\/v2\/media\/5509"}],"wp:attachment":[{"href":"https:\/\/www.radiomanchester.com.br\/fm\/wp-json\/wp\/v2\/media?parent=5507"}],"wp:term":[{"taxonomy":"category","embeddable":true,"href":"https:\/\/www.radiomanchester.com.br\/fm\/wp-json\/wp\/v2\/categories?post=5507"},{"taxonomy":"post_tag","embeddable":true,"href":"https:\/\/www.radiomanchester.com.br\/fm\/wp-json\/wp\/v2\/tags?post=5507"}],"curies":[{"name":"wp","href":"https:\/\/api.w.org\/{rel}","templated":true}]}}