{"id":5598,"date":"2021-08-10T11:00:23","date_gmt":"2021-08-10T14:00:23","guid":{"rendered":"http:\/\/www.radiomanchester.com.br\/fm\/?p=5598"},"modified":"2021-08-10T06:33:08","modified_gmt":"2021-08-10T09:33:08","slug":"silvio-santos-alfineta-marca-de-roupas-do-neto-tiago-abravanel","status":"publish","type":"post","link":"https:\/\/www.radiomanchester.com.br\/fm\/silvio-santos-alfineta-marca-de-roupas-do-neto-tiago-abravanel\/","title":{"rendered":"Silvio Santos alfineta marca de roupas do neto Tiago Abravanel"},"content":{"rendered":"<p class=\"p1\">Parece que Silvio Santos continua sem papas na l\u00edngua em seu retorno \u00e0 televis\u00e3o brasileira, principalmente em seu programa pr\u00f3prio, o \u201cPrograma Silvio Santos\u201d, exibido aos domingos no SBT.<\/p>\n<p>&nbsp;<\/p>\n<p class=\"p1\"><span class=\"s1\">Na exibi\u00e7\u00e3o do \u00faltimo epis\u00f3dio da atra\u00e7\u00e3o no domingo, 08 de agosto, Dia dos Pais, contou um coment\u00e1rio bem ousado do apresentador para a marca de roupas de Tiago Abravanel, seu neto.<\/span><\/p>\n<p>&nbsp;<\/p>\n<p class=\"p1\"><span class=\"s1\">\u201cEssa roupa aqui, nos Estados Unidos e na Europa, as pessoas usam na rua, v\u00e3o ao mercado. Aqui no Brasil n\u00e3o pode. E o meu neto foi burro, resolveu chamar isso aqui de pijama, Tijama [nome da marca]\u201d, come\u00e7ou ele.<\/span><\/p>\n<p>&nbsp;<\/p>\n<p class=\"p1\"><span class=\"s1\">\u201cVoc\u00ea pode at\u00e9 ser fardado, mas se diz que \u00e9 pijama, ningu\u00e9m usa mais. Falei para ele: \u2018O que \u00e9 Tijama?\u2019. Se estivesse em outro pa\u00eds, iria em qualquer lugar\u201d, continuou o comunicador.<\/span><\/p>\n<p>&nbsp;<\/p>\n<p class=\"p3\"><span class=\"s2\">\u201cSei que essa roupa aqui, na Inglaterra, nos Estados Unidos e em qualquer pa\u00eds da Europa, se usa normalmente. Aqui, o bobalh\u00e3o do meu neto falou: Tijama\u201d, disparou.<\/span><\/p>\n<p>&nbsp;<\/p>\n<p class=\"p1\"><span class=\"s1\">\u201cEu n\u00e3o quero, ningu\u00e9m quer tijama. Tijama \u00e9 para pobre, rico n\u00e3o usa tijama, usa essa roupa mesmo. Agora, essa roupa tem uma dificuldade, foi dif\u00edcil guardar dinheiro no bolso\u201d, completou S\u00edlvio Santos, arrancando gargalhadas de sua plateia.<\/span><\/p>\n<p>&nbsp;<\/p>\n<p class=\"p1\"><span class=\"s1\">Se n\u00e3o tem uma polemicazinha pra chamar de sua, n\u00e3o tem Silvio Santos! E ao retornar ao comando de seu programa de audit\u00f3rio no SBT, na noite de domingo, 01 de agosto, depois de longo tempo de afastamento por conta do avan\u00e7o da pandemia do coronav\u00edrus, o Homem do Ba\u00fa soltou suas p\u00e9rolas comentando a sa\u00edda de Fausto Silva da Globo.<\/span><\/p>\n<p>&nbsp;<\/p>\n<p class=\"p1\"><span class=\"s1\">Conversando com suas bailarinas, no palco, Silvio disse que quatro delas seriam despachadas do SBT e poderiam procurar emprego com Faust\u00e3o. Ao confirmar que o ex-Doming\u00e3o deixou a Globo, ele sugeriu que elas fossem trabalhar com Raul Gil.<\/span><\/p>\n<p>&nbsp;<\/p>\n<p class=\"p1\"><span class=\"s1\">\u201cN\u00e3o tem mais o Faust\u00e3o, voc\u00eas v\u00e3o pro Raul Gil. N\u00e3o, o Raul Gil est\u00e1 velho\u201d, come\u00e7ou ele.<\/span><\/p>\n<p>&nbsp;<\/p>\n<p class=\"p1\"><span class=\"s1\">Silvio, ent\u00e3o, confirmou a ida de Fausto para a Bandeirantes, onde o apresentador estrear\u00e1 em janeiro de 2022. E seguiu disparando sua metralhadora girat\u00f3ria.<\/span><\/p>\n<p>&nbsp;<\/p>\n<p class=\"p3\"><span class=\"s2\">\u201cO Faust\u00e3o vai pra Bandeirantes? Vai fazer o que na Bandeirantes? Vai mesmo? Coitado. A Bandeirantes \u00e9 uma boa empresa, mas o Faust\u00e3o l\u00e1? Duvido. Porque deve ter uma por\u00e7\u00e3o de gente l\u00e1 que faz igual ao Faust\u00e3o\u201d, detonou.<\/span><\/p>\n<p>&nbsp;<\/p>\n<p class=\"p1\"><span class=\"s1\">Sem parar, Silvio se dirigiu ao assistente de palco, Liminha. \u201cE quem \u00e9 que vai ficar no lugar do Faust\u00e3o?\u201d, perguntou o patr\u00e3o. Esperto que s\u00f3, atento a tudo, ele ainda instigou mais, para del\u00edrio \u201cdas colegas de trabalho\u201d, da plateia e dos internautas.<\/span><\/p>\n<p>&nbsp;<\/p>\n<p class=\"p1\"><span class=\"s1\">\u201cO Huck? O marido daquela mo\u00e7a bonita? Aquela mo\u00e7a bonita n\u00e3o era uma que trabalhava aqui? Ah, a Ang\u00e9lica!\u201d, disse.<\/span><\/p>\n<p>&nbsp;<\/p>\n<p class=\"p1\"><span class=\"s1\">Silvio ainda provocou: \u201cSe eu n\u00e3o fosse contratado do SBT eu iria para o lugar do Faust\u00e3o!\u201d.<\/span><\/p>\n<p><img loading=\"lazy\" class=\"alignnone size-medium wp-image-5599\" src=\"http:\/\/www.radiomanchester.com.br\/fm\/wp-content\/uploads\/2021\/08\/1E4C0F54-1D1B-44DC-9FE2-B876C7824E13-300x200.jpeg\" alt=\"\" width=\"300\" height=\"200\" srcset=\"https:\/\/www.radiomanchester.com.br\/fm\/wp-content\/uploads\/2021\/08\/1E4C0F54-1D1B-44DC-9FE2-B876C7824E13-300x200.jpeg 300w, https:\/\/www.radiomanchester.com.br\/fm\/wp-content\/uploads\/2021\/08\/1E4C0F54-1D1B-44DC-9FE2-B876C7824E13-1024x683.jpeg 1024w, https:\/\/www.radiomanchester.com.br\/fm\/wp-content\/uploads\/2021\/08\/1E4C0F54-1D1B-44DC-9FE2-B876C7824E13-768x512.jpeg 768w, https:\/\/www.radiomanchester.com.br\/fm\/wp-content\/uploads\/2021\/08\/1E4C0F54-1D1B-44DC-9FE2-B876C7824E13.jpeg 1200w\" sizes=\"(max-width: 300px) 100vw, 300px\" \/><\/p>\n<p>&nbsp;<\/p>\n<p class=\"p1\"><span class=\"s1\">Por Reda\u00e7\u00e3o &#8211; foto: reprodu\u00e7\u00e3o <\/span><\/p>\n","protected":false},"excerpt":{"rendered":"<p class=\"excerpt\">Parece que Silvio Santos continua sem papas na l\u00edngua em seu retorno \u00e0 televis\u00e3o brasileira, principalmente em seu programa pr\u00f3prio, o \u201cPrograma Silvio Santos\u201d, exibido aos domingos no SBT. &nbsp; Na exibi\u00e7\u00e3o do \u00faltimo epis\u00f3dio da atra\u00e7\u00e3o no domingo, 08 de agosto, Dia dos Pais, contou um coment\u00e1rio bem ousado do apresentador para a marca [&hellip;]<\/p>\n","protected":false},"author":1,"featured_media":5599,"comment_status":"open","ping_status":"open","sticky":false,"template":"","format":"standard","meta":[],"categories":[8,17],"tags":[],"yoast_head":"<!-- This site is optimized with the Yoast SEO plugin v18.3 - https:\/\/yoast.com\/wordpress\/plugins\/seo\/ -->\n<title>Silvio Santos alfineta marca de roupas do neto Tiago Abravanel - Manchester FM 93,3<\/title>\n<meta name=\"robots\" content=\"index, follow, max-snippet:-1, max-image-preview:large, max-video-preview:-1\" \/>\n<link rel=\"canonical\" href=\"https:\/\/www.radiomanchester.com.br\/fm\/silvio-santos-alfineta-marca-de-roupas-do-neto-tiago-abravanel\/\" \/>\n<meta property=\"og:locale\" content=\"pt_BR\" \/>\n<meta property=\"og:type\" content=\"article\" \/>\n<meta property=\"og:title\" content=\"Silvio Santos alfineta marca de roupas do neto Tiago Abravanel - Manchester FM 93,3\" \/>\n<meta property=\"og:description\" content=\"Parece que Silvio Santos continua sem papas na l\u00edngua em seu retorno \u00e0 televis\u00e3o brasileira, principalmente em seu programa pr\u00f3prio, o \u201cPrograma Silvio Santos\u201d, exibido aos domingos no SBT. &nbsp; Na exibi\u00e7\u00e3o do \u00faltimo epis\u00f3dio da atra\u00e7\u00e3o no domingo, 08 de agosto, Dia dos Pais, contou um coment\u00e1rio bem ousado do apresentador para a marca [&hellip;]\" \/>\n<meta property=\"og:url\" content=\"https:\/\/www.radiomanchester.com.br\/fm\/silvio-santos-alfineta-marca-de-roupas-do-neto-tiago-abravanel\/\" \/>\n<meta property=\"og:site_name\" content=\"Manchester FM 93,3\" \/>\n<meta property=\"article:published_time\" content=\"2021-08-10T14:00:23+00:00\" \/>\n<meta property=\"article:modified_time\" content=\"2021-08-10T09:33:08+00:00\" \/>\n<meta property=\"og:image\" content=\"https:\/\/www.radiomanchester.com.br\/fm\/wp-content\/uploads\/2021\/08\/1E4C0F54-1D1B-44DC-9FE2-B876C7824E13.jpeg\" \/>\n\t<meta property=\"og:image:width\" content=\"1200\" \/>\n\t<meta property=\"og:image:height\" content=\"800\" \/>\n\t<meta property=\"og:image:type\" content=\"image\/jpeg\" \/>\n<meta name=\"twitter:card\" content=\"summary_large_image\" \/>\n<meta name=\"twitter:label1\" content=\"Escrito por\" \/>\n\t<meta name=\"twitter:data1\" content=\"admin\" \/>\n\t<meta name=\"twitter:label2\" content=\"Est. tempo de leitura\" \/>\n\t<meta name=\"twitter:data2\" content=\"3 minutos\" \/>\n<script type=\"application\/ld+json\" class=\"yoast-schema-graph\">{\"@context\":\"https:\/\/schema.org\",\"@graph\":[{\"@type\":\"WebSite\",\"@id\":\"https:\/\/www.radiomanchester.com.br\/fm\/#website\",\"url\":\"https:\/\/www.radiomanchester.com.br\/fm\/\",\"name\":\"Manchester FM 93,3\",\"description\":\"Todo Mundo Ouve!\",\"potentialAction\":[{\"@type\":\"SearchAction\",\"target\":{\"@type\":\"EntryPoint\",\"urlTemplate\":\"https:\/\/www.radiomanchester.com.br\/fm\/?s={search_term_string}\"},\"query-input\":\"required name=search_term_string\"}],\"inLanguage\":\"pt-BR\"},{\"@type\":\"ImageObject\",\"@id\":\"https:\/\/www.radiomanchester.com.br\/fm\/silvio-santos-alfineta-marca-de-roupas-do-neto-tiago-abravanel\/#primaryimage\",\"inLanguage\":\"pt-BR\",\"url\":\"https:\/\/www.radiomanchester.com.br\/fm\/wp-content\/uploads\/2021\/08\/1E4C0F54-1D1B-44DC-9FE2-B876C7824E13.jpeg\",\"contentUrl\":\"https:\/\/www.radiomanchester.com.br\/fm\/wp-content\/uploads\/2021\/08\/1E4C0F54-1D1B-44DC-9FE2-B876C7824E13.jpeg\",\"width\":1200,\"height\":800},{\"@type\":\"WebPage\",\"@id\":\"https:\/\/www.radiomanchester.com.br\/fm\/silvio-santos-alfineta-marca-de-roupas-do-neto-tiago-abravanel\/#webpage\",\"url\":\"https:\/\/www.radiomanchester.com.br\/fm\/silvio-santos-alfineta-marca-de-roupas-do-neto-tiago-abravanel\/\",\"name\":\"Silvio Santos alfineta marca de roupas do neto Tiago Abravanel - Manchester FM 93,3\",\"isPartOf\":{\"@id\":\"https:\/\/www.radiomanchester.com.br\/fm\/#website\"},\"primaryImageOfPage\":{\"@id\":\"https:\/\/www.radiomanchester.com.br\/fm\/silvio-santos-alfineta-marca-de-roupas-do-neto-tiago-abravanel\/#primaryimage\"},\"datePublished\":\"2021-08-10T14:00:23+00:00\",\"dateModified\":\"2021-08-10T09:33:08+00:00\",\"author\":{\"@id\":\"https:\/\/www.radiomanchester.com.br\/fm\/#\/schema\/person\/408a7b4d4e32cbebd90e2782852abca3\"},\"breadcrumb\":{\"@id\":\"https:\/\/www.radiomanchester.com.br\/fm\/silvio-santos-alfineta-marca-de-roupas-do-neto-tiago-abravanel\/#breadcrumb\"},\"inLanguage\":\"pt-BR\",\"potentialAction\":[{\"@type\":\"ReadAction\",\"target\":[\"https:\/\/www.radiomanchester.com.br\/fm\/silvio-santos-alfineta-marca-de-roupas-do-neto-tiago-abravanel\/\"]}]},{\"@type\":\"BreadcrumbList\",\"@id\":\"https:\/\/www.radiomanchester.com.br\/fm\/silvio-santos-alfineta-marca-de-roupas-do-neto-tiago-abravanel\/#breadcrumb\",\"itemListElement\":[{\"@type\":\"ListItem\",\"position\":1,\"name\":\"Home\",\"item\":\"https:\/\/www.radiomanchester.com.br\/fm\/\"},{\"@type\":\"ListItem\",\"position\":2,\"name\":\"Silvio Santos alfineta marca de roupas do neto Tiago Abravanel\"}]},{\"@type\":\"Person\",\"@id\":\"https:\/\/www.radiomanchester.com.br\/fm\/#\/schema\/person\/408a7b4d4e32cbebd90e2782852abca3\",\"name\":\"admin\",\"image\":{\"@type\":\"ImageObject\",\"@id\":\"https:\/\/www.radiomanchester.com.br\/fm\/#personlogo\",\"inLanguage\":\"pt-BR\",\"url\":\"https:\/\/secure.gravatar.com\/avatar\/115a974dba3376872eb3addeb276301c?s=96&d=mm&r=g\",\"contentUrl\":\"https:\/\/secure.gravatar.com\/avatar\/115a974dba3376872eb3addeb276301c?s=96&d=mm&r=g\",\"caption\":\"admin\"},\"url\":\"https:\/\/www.radiomanchester.com.br\/fm\/author\/admin\/\"}]}<\/script>\n<!-- \/ Yoast SEO plugin. -->","yoast_head_json":{"title":"Silvio Santos alfineta marca de roupas do neto Tiago Abravanel - Manchester FM 93,3","robots":{"index":"index","follow":"follow","max-snippet":"max-snippet:-1","max-image-preview":"max-image-preview:large","max-video-preview":"max-video-preview:-1"},"canonical":"https:\/\/www.radiomanchester.com.br\/fm\/silvio-santos-alfineta-marca-de-roupas-do-neto-tiago-abravanel\/","og_locale":"pt_BR","og_type":"article","og_title":"Silvio Santos alfineta marca de roupas do neto Tiago Abravanel - Manchester FM 93,3","og_description":"Parece que Silvio Santos continua sem papas na l\u00edngua em seu retorno \u00e0 televis\u00e3o brasileira, principalmente em seu programa pr\u00f3prio, o \u201cPrograma Silvio Santos\u201d, exibido aos domingos no SBT. &nbsp; Na exibi\u00e7\u00e3o do \u00faltimo epis\u00f3dio da atra\u00e7\u00e3o no domingo, 08 de agosto, Dia dos Pais, contou um coment\u00e1rio bem ousado do apresentador para a marca [&hellip;]","og_url":"https:\/\/www.radiomanchester.com.br\/fm\/silvio-santos-alfineta-marca-de-roupas-do-neto-tiago-abravanel\/","og_site_name":"Manchester FM 93,3","article_published_time":"2021-08-10T14:00:23+00:00","article_modified_time":"2021-08-10T09:33:08+00:00","og_image":[{"width":1200,"height":800,"url":"https:\/\/www.radiomanchester.com.br\/fm\/wp-content\/uploads\/2021\/08\/1E4C0F54-1D1B-44DC-9FE2-B876C7824E13.jpeg","type":"image\/jpeg"}],"twitter_card":"summary_large_image","twitter_misc":{"Escrito por":"admin","Est. tempo de leitura":"3 minutos"},"schema":{"@context":"https:\/\/schema.org","@graph":[{"@type":"WebSite","@id":"https:\/\/www.radiomanchester.com.br\/fm\/#website","url":"https:\/\/www.radiomanchester.com.br\/fm\/","name":"Manchester FM 93,3","description":"Todo Mundo Ouve!","potentialAction":[{"@type":"SearchAction","target":{"@type":"EntryPoint","urlTemplate":"https:\/\/www.radiomanchester.com.br\/fm\/?s={search_term_string}"},"query-input":"required name=search_term_string"}],"inLanguage":"pt-BR"},{"@type":"ImageObject","@id":"https:\/\/www.radiomanchester.com.br\/fm\/silvio-santos-alfineta-marca-de-roupas-do-neto-tiago-abravanel\/#primaryimage","inLanguage":"pt-BR","url":"https:\/\/www.radiomanchester.com.br\/fm\/wp-content\/uploads\/2021\/08\/1E4C0F54-1D1B-44DC-9FE2-B876C7824E13.jpeg","contentUrl":"https:\/\/www.radiomanchester.com.br\/fm\/wp-content\/uploads\/2021\/08\/1E4C0F54-1D1B-44DC-9FE2-B876C7824E13.jpeg","width":1200,"height":800},{"@type":"WebPage","@id":"https:\/\/www.radiomanchester.com.br\/fm\/silvio-santos-alfineta-marca-de-roupas-do-neto-tiago-abravanel\/#webpage","url":"https:\/\/www.radiomanchester.com.br\/fm\/silvio-santos-alfineta-marca-de-roupas-do-neto-tiago-abravanel\/","name":"Silvio Santos alfineta marca de roupas do neto Tiago Abravanel - Manchester FM 93,3","isPartOf":{"@id":"https:\/\/www.radiomanchester.com.br\/fm\/#website"},"primaryImageOfPage":{"@id":"https:\/\/www.radiomanchester.com.br\/fm\/silvio-santos-alfineta-marca-de-roupas-do-neto-tiago-abravanel\/#primaryimage"},"datePublished":"2021-08-10T14:00:23+00:00","dateModified":"2021-08-10T09:33:08+00:00","author":{"@id":"https:\/\/www.radiomanchester.com.br\/fm\/#\/schema\/person\/408a7b4d4e32cbebd90e2782852abca3"},"breadcrumb":{"@id":"https:\/\/www.radiomanchester.com.br\/fm\/silvio-santos-alfineta-marca-de-roupas-do-neto-tiago-abravanel\/#breadcrumb"},"inLanguage":"pt-BR","potentialAction":[{"@type":"ReadAction","target":["https:\/\/www.radiomanchester.com.br\/fm\/silvio-santos-alfineta-marca-de-roupas-do-neto-tiago-abravanel\/"]}]},{"@type":"BreadcrumbList","@id":"https:\/\/www.radiomanchester.com.br\/fm\/silvio-santos-alfineta-marca-de-roupas-do-neto-tiago-abravanel\/#breadcrumb","itemListElement":[{"@type":"ListItem","position":1,"name":"Home","item":"https:\/\/www.radiomanchester.com.br\/fm\/"},{"@type":"ListItem","position":2,"name":"Silvio Santos alfineta marca de roupas do neto Tiago Abravanel"}]},{"@type":"Person","@id":"https:\/\/www.radiomanchester.com.br\/fm\/#\/schema\/person\/408a7b4d4e32cbebd90e2782852abca3","name":"admin","image":{"@type":"ImageObject","@id":"https:\/\/www.radiomanchester.com.br\/fm\/#personlogo","inLanguage":"pt-BR","url":"https:\/\/secure.gravatar.com\/avatar\/115a974dba3376872eb3addeb276301c?s=96&d=mm&r=g","contentUrl":"https:\/\/secure.gravatar.com\/avatar\/115a974dba3376872eb3addeb276301c?s=96&d=mm&r=g","caption":"admin"},"url":"https:\/\/www.radiomanchester.com.br\/fm\/author\/admin\/"}]}},"_links":{"self":[{"href":"https:\/\/www.radiomanchester.com.br\/fm\/wp-json\/wp\/v2\/posts\/5598"}],"collection":[{"href":"https:\/\/www.radiomanchester.com.br\/fm\/wp-json\/wp\/v2\/posts"}],"about":[{"href":"https:\/\/www.radiomanchester.com.br\/fm\/wp-json\/wp\/v2\/types\/post"}],"author":[{"embeddable":true,"href":"https:\/\/www.radiomanchester.com.br\/fm\/wp-json\/wp\/v2\/users\/1"}],"replies":[{"embeddable":true,"href":"https:\/\/www.radiomanchester.com.br\/fm\/wp-json\/wp\/v2\/comments?post=5598"}],"version-history":[{"count":1,"href":"https:\/\/www.radiomanchester.com.br\/fm\/wp-json\/wp\/v2\/posts\/5598\/revisions"}],"predecessor-version":[{"id":5600,"href":"https:\/\/www.radiomanchester.com.br\/fm\/wp-json\/wp\/v2\/posts\/5598\/revisions\/5600"}],"wp:featuredmedia":[{"embeddable":true,"href":"https:\/\/www.radiomanchester.com.br\/fm\/wp-json\/wp\/v2\/media\/5599"}],"wp:attachment":[{"href":"https:\/\/www.radiomanchester.com.br\/fm\/wp-json\/wp\/v2\/media?parent=5598"}],"wp:term":[{"taxonomy":"category","embeddable":true,"href":"https:\/\/www.radiomanchester.com.br\/fm\/wp-json\/wp\/v2\/categories?post=5598"},{"taxonomy":"post_tag","embeddable":true,"href":"https:\/\/www.radiomanchester.com.br\/fm\/wp-json\/wp\/v2\/tags?post=5598"}],"curies":[{"name":"wp","href":"https:\/\/api.w.org\/{rel}","templated":true}]}}