{"id":5874,"date":"2021-09-07T07:00:31","date_gmt":"2021-09-07T10:00:31","guid":{"rendered":"http:\/\/www.radiomanchester.com.br\/fm\/?p=5874"},"modified":"2021-09-06T21:44:22","modified_gmt":"2021-09-07T00:44:22","slug":"conheca-o-significado-do-feriado-de-7-de-setembro","status":"publish","type":"post","link":"https:\/\/www.radiomanchester.com.br\/fm\/conheca-o-significado-do-feriado-de-7-de-setembro\/","title":{"rendered":"Conhe\u00e7a o significado do feriado de 7 de Setembro"},"content":{"rendered":"<p class=\"p1\">Conhecido como o Dia da Independ\u00eancia, 7 de Setembro \u00e9 um feriado marcado por eventos como desfiles c\u00edvico-militares por todo o Pa\u00eds, aos quais milhares de pessoas comparecem. Mas qual foi a estaca zero dessa tradi\u00e7\u00e3o?<\/p>\n<p>&nbsp;<\/p>\n<p class=\"p1\"><span class=\"s1\">Confira abaixo, em ordem cronol\u00f3gica, os acontecimentos que culminaram nessa data hist\u00f3rica:<\/span><\/p>\n<p>&nbsp;<\/p>\n<p class=\"p3\"><span class=\"s2\">1. Antecedentes separatistas<\/span><\/p>\n<p class=\"p1\"><span class=\"s1\">No fim do s\u00e9culo XVIII, rebeli\u00f5es como a Inconfid\u00eancia Mineira, em 1789, e a Conjura\u00e7\u00e3o Baiana (1798) eclodiam, com objetivo de romper a domina\u00e7\u00e3o portuguesa sobre o Brasil e estabelecer a independ\u00eancia.<\/span><\/p>\n<p class=\"p1\"><span class=\"s1\">A inconfid\u00eancia mineira, da qual participou Tiradentes, foi liderada por mineradores e coron\u00e9is, e a Conjura\u00e7\u00e3o Baiana, conhecida tamb\u00e9m por Revolta dos Alfaiates, por brancos e negros pobres. Ambas, no entanto, foram violentamente reprimidas pelos governos dos Estados.<\/span><\/p>\n<p>&nbsp;<\/p>\n<p class=\"p3\"><span class=\"s2\">2. Chegada da Fam\u00edlia Real<\/span><\/p>\n<p class=\"p1\"><span class=\"s1\">Do outro lado do mundo, a tropa francesa de Napole\u00e3o Bonaparte conquistava v\u00e1rios pa\u00edses da Europa e proibia rela\u00e7\u00f5es comerciais com sua \u00faltima grande inimiga: a Inglaterra. Portugal n\u00e3o aderiu \u00e0s determina\u00e7\u00f5es de Napole\u00e3o, e o franc\u00eas invadiu seu territ\u00f3rio, obrigando Dom Jo\u00e3o e a corte a fugirem para o Brasil. Eles chegaram aqui em 22 de janeiro de 1808, escoltados por navios ingleses.<\/span><\/p>\n<p>&nbsp;<\/p>\n<p class=\"p1\"><span class=\"s3\">3. Primeiro vislumbre de liberdade<\/span><\/p>\n<p class=\"p1\"><span class=\"s1\">Como recompensa pela prote\u00e7\u00e3o oferecida, a Inglaterra exigiu que o Brasil tivesse rela\u00e7\u00f5es comerciais com o pa\u00eds europeu. O com\u00e9rcio brasileiro era, at\u00e9 ent\u00e3o, restrito a Portugal.<\/span><\/p>\n<p class=\"p1\"><span class=\"s1\">A abertura dos portos para na\u00e7\u00f5es amigas permitiu que o Brasil come\u00e7asse a se emancipar economicamente de sua metr\u00f3pole, afinal, Portugal n\u00e3o tinha condi\u00e7\u00f5es de competir com a pot\u00eancia comercial dos ingleses.<\/span><\/p>\n<p class=\"p1\"><span class=\"s1\">Um m\u00eas depois de sua chegada, Dom Jo\u00e3o organizou a estrutura administrativa do governo: nomeou ministros de Estado, criou \u00f3rg\u00e3os p\u00fablicos, instalou tribunais de justi\u00e7a e criou o Banco do Brasil.<\/span><\/p>\n<p class=\"p1\"><span class=\"s1\">Essas medidas e outras, culturais e econ\u00f4micas, contribu\u00edram para a emancipa\u00e7\u00e3o pol\u00edtica brasileira. O Pa\u00eds foi elevado \u00e0 categoria de sede administrativa das rela\u00e7\u00f5es com a metr\u00f3pole. Na pr\u00e1tica, isso significava autonomia tamb\u00e9m no \u00e2mbito administrativo.<\/span><\/p>\n<p>&nbsp;<\/p>\n<p class=\"p3\"><span class=\"s2\">4. Revolu\u00e7\u00f5es l\u00e1 e c\u00e1<\/span><\/p>\n<p class=\"p1\"><span class=\"s1\">Altos impostos, a fome causada pela grande seca de 1816 e o luxo da corte portuguesa provocaram indigna\u00e7\u00e3o e levaram \u00e0 Revolu\u00e7\u00e3o Pernambucana. Inspirados pela Revolu\u00e7\u00e3o Francesa, v\u00e1rios grupos de interesses diversos participaram do movimento, mas havia um objetivo un\u00e2nime: a Proclama\u00e7\u00e3o da Rep\u00fablica.<\/span><\/p>\n<p class=\"p1\"><span class=\"s1\">O governador, Caetano Pinto de Miranda Montenegro, ordenou a pris\u00e3o dos revoltosos, mas a medida teve o efeito contr\u00e1rio: al\u00e9m de resistir \u00e0 repress\u00e3o militar, os rebeldes prenderam o governante e tomaram o poder.<\/span><\/p>\n<p class=\"p1\"><span class=\"s1\">Durante 75 dias, os revolucion\u00e1rios permaneceram no poder, at\u00e9 serem dura e violentamente atacados por tropas, armas e navios enviados pelo pr\u00f3prio Dom Jo\u00e3o. Eles cederam em 19 de maio de 1817.<\/span><\/p>\n<p class=\"p1\"><span class=\"s1\">Anos depois, l\u00edderes da Revolu\u00e7\u00e3o Liberal, em Portugal, tomaram o poder na metr\u00f3pole, obrigando, assim, Dom Jo\u00e3o e a corte a retornar para seu pa\u00eds de origem, em 26 de abril de 1821. O herdeiro, Dom Pedro, assumiu o governo.<\/span><\/p>\n<p>&nbsp;<\/p>\n<p class=\"p3\"><span class=\"s2\">5. Duelo das elites<\/span><\/p>\n<p class=\"p1\"><span class=\"s1\">A burguesia portuguesa tomou medidas que limitavam a autonomia brasileira e enfraqueciam a autoridade de Dom Pedro e, al\u00e9m disso, exigia a volta do pr\u00edncipe regente a Portugal.<\/span><\/p>\n<p class=\"p1\"><span class=\"s1\">Do lado de c\u00e1, comerciantes e donos de terra sentiram que as medidas amea\u00e7avam seus neg\u00f3cios. Resolveram, ent\u00e3o, apoiar Dom Pedro e incentiv\u00e1-lo a desobedecer as ordens que chegavam de Lisboa.<\/span><\/p>\n<p class=\"p1\"><span class=\"s1\">Nesse contexto, foi criado o Partido Brasileiro, organizado para enfrentar e resistir ao projeto do governo portugu\u00eas de recolonizar o Pa\u00eds.<\/span><\/p>\n<p>&nbsp;<\/p>\n<p class=\"p3\"><span class=\"s2\">6. Dia do Fico<\/span><\/p>\n<p class=\"p1\"><span class=\"s1\">Em 9 de janeiro de 1822 e com todo o suporte do Partido Brasileiro, Dom Pedro tomou a decis\u00e3o definitiva sobre as ordens da corte para que retornasse.<\/span><\/p>\n<p class=\"p1\"><span class=\"s1\">A declara\u00e7\u00e3o \u00e9 replicada at\u00e9 hoje nos livros de hist\u00f3ria. \u201cComo \u00e9 para o bem de todos e felicidade geral da na\u00e7\u00e3o, estou pronto: diga ao povo que fico\u201d. Por conta do discurso, o epis\u00f3dio ficou conhecido como Dia do Fico.<\/span><\/p>\n<p>&nbsp;<\/p>\n<p class=\"p3\"><span class=\"s2\">7. Ruptura definitiva<\/span><\/p>\n<p class=\"p1\"><span class=\"s1\">Apesar da decis\u00e3o de Dom Pedro, os confrontos com a corte portuguesa permaneceram e chegaram ao ponto de, sempre amparado pelas elites e o Partido Brasileiro, o pr\u00edncipe regente determinou a ruptura pol\u00edtica entre Brasil e Portugal.<\/span><\/p>\n<p class=\"p1\"><span class=\"s1\">Em 7 de setembro de 1822, foi proclamada, oficialmente, a independ\u00eancia do Brasil, em S\u00e3o Paulo. Quando regressou ao Rio de Janeiro, Dom Pedro foi aclamado imperador e coroado com o t\u00edtulo de Dom Pedro I, em dezembro de 1822.<\/span><\/p>\n<p><img loading=\"lazy\" class=\"alignnone size-medium wp-image-5875\" src=\"http:\/\/www.radiomanchester.com.br\/fm\/wp-content\/uploads\/2021\/09\/C38400D2-D1CB-4AC4-8884-35CA7E084CAE-300x300.jpeg\" alt=\"\" width=\"300\" height=\"300\" srcset=\"https:\/\/www.radiomanchester.com.br\/fm\/wp-content\/uploads\/2021\/09\/C38400D2-D1CB-4AC4-8884-35CA7E084CAE-300x300.jpeg 300w, https:\/\/www.radiomanchester.com.br\/fm\/wp-content\/uploads\/2021\/09\/C38400D2-D1CB-4AC4-8884-35CA7E084CAE-150x150.jpeg 150w, https:\/\/www.radiomanchester.com.br\/fm\/wp-content\/uploads\/2021\/09\/C38400D2-D1CB-4AC4-8884-35CA7E084CAE-480x480.jpeg 480w, https:\/\/www.radiomanchester.com.br\/fm\/wp-content\/uploads\/2021\/09\/C38400D2-D1CB-4AC4-8884-35CA7E084CAE.jpeg 500w\" sizes=\"(max-width: 300px) 100vw, 300px\" \/><\/p>\n<p class=\"p1\"><span class=\"s1\">Por Reda\u00e7\u00e3o &#8211; foto: reprodu\u00e7\u00e3o <\/span><\/p>\n","protected":false},"excerpt":{"rendered":"<p class=\"excerpt\">Conhecido como o Dia da Independ\u00eancia, 7 de Setembro \u00e9 um feriado marcado por eventos como desfiles c\u00edvico-militares por todo o Pa\u00eds, aos quais milhares de pessoas comparecem. Mas qual foi a estaca zero dessa tradi\u00e7\u00e3o? &nbsp; Confira abaixo, em ordem cronol\u00f3gica, os acontecimentos que culminaram nessa data hist\u00f3rica: &nbsp; 1. Antecedentes separatistas No fim [&hellip;]<\/p>\n","protected":false},"author":1,"featured_media":5875,"comment_status":"open","ping_status":"open","sticky":false,"template":"","format":"standard","meta":[],"categories":[8,17],"tags":[],"yoast_head":"<!-- This site is optimized with the Yoast SEO plugin v18.3 - https:\/\/yoast.com\/wordpress\/plugins\/seo\/ -->\n<title>Conhe\u00e7a o significado do feriado de 7 de Setembro - Manchester FM 93,3<\/title>\n<meta name=\"robots\" content=\"index, follow, max-snippet:-1, max-image-preview:large, max-video-preview:-1\" \/>\n<link rel=\"canonical\" href=\"https:\/\/www.radiomanchester.com.br\/fm\/conheca-o-significado-do-feriado-de-7-de-setembro\/\" \/>\n<meta property=\"og:locale\" content=\"pt_BR\" \/>\n<meta property=\"og:type\" content=\"article\" \/>\n<meta property=\"og:title\" content=\"Conhe\u00e7a o significado do feriado de 7 de Setembro - Manchester FM 93,3\" \/>\n<meta property=\"og:description\" content=\"Conhecido como o Dia da Independ\u00eancia, 7 de Setembro \u00e9 um feriado marcado por eventos como desfiles c\u00edvico-militares por todo o Pa\u00eds, aos quais milhares de pessoas comparecem. Mas qual foi a estaca zero dessa tradi\u00e7\u00e3o? &nbsp; Confira abaixo, em ordem cronol\u00f3gica, os acontecimentos que culminaram nessa data hist\u00f3rica: &nbsp; 1. Antecedentes separatistas No fim [&hellip;]\" \/>\n<meta property=\"og:url\" content=\"https:\/\/www.radiomanchester.com.br\/fm\/conheca-o-significado-do-feriado-de-7-de-setembro\/\" \/>\n<meta property=\"og:site_name\" content=\"Manchester FM 93,3\" \/>\n<meta property=\"article:published_time\" content=\"2021-09-07T10:00:31+00:00\" \/>\n<meta property=\"article:modified_time\" content=\"2021-09-07T00:44:22+00:00\" \/>\n<meta property=\"og:image\" content=\"https:\/\/www.radiomanchester.com.br\/fm\/wp-content\/uploads\/2021\/09\/C38400D2-D1CB-4AC4-8884-35CA7E084CAE.jpeg\" \/>\n\t<meta property=\"og:image:width\" content=\"500\" \/>\n\t<meta property=\"og:image:height\" content=\"500\" \/>\n\t<meta property=\"og:image:type\" content=\"image\/jpeg\" \/>\n<meta name=\"twitter:card\" content=\"summary_large_image\" \/>\n<meta name=\"twitter:label1\" content=\"Escrito por\" \/>\n\t<meta name=\"twitter:data1\" content=\"admin\" \/>\n\t<meta name=\"twitter:label2\" content=\"Est. tempo de leitura\" \/>\n\t<meta name=\"twitter:data2\" content=\"4 minutos\" \/>\n<script type=\"application\/ld+json\" class=\"yoast-schema-graph\">{\"@context\":\"https:\/\/schema.org\",\"@graph\":[{\"@type\":\"WebSite\",\"@id\":\"https:\/\/www.radiomanchester.com.br\/fm\/#website\",\"url\":\"https:\/\/www.radiomanchester.com.br\/fm\/\",\"name\":\"Manchester FM 93,3\",\"description\":\"Todo Mundo Ouve!\",\"potentialAction\":[{\"@type\":\"SearchAction\",\"target\":{\"@type\":\"EntryPoint\",\"urlTemplate\":\"https:\/\/www.radiomanchester.com.br\/fm\/?s={search_term_string}\"},\"query-input\":\"required name=search_term_string\"}],\"inLanguage\":\"pt-BR\"},{\"@type\":\"ImageObject\",\"@id\":\"https:\/\/www.radiomanchester.com.br\/fm\/conheca-o-significado-do-feriado-de-7-de-setembro\/#primaryimage\",\"inLanguage\":\"pt-BR\",\"url\":\"https:\/\/www.radiomanchester.com.br\/fm\/wp-content\/uploads\/2021\/09\/C38400D2-D1CB-4AC4-8884-35CA7E084CAE.jpeg\",\"contentUrl\":\"https:\/\/www.radiomanchester.com.br\/fm\/wp-content\/uploads\/2021\/09\/C38400D2-D1CB-4AC4-8884-35CA7E084CAE.jpeg\",\"width\":500,\"height\":500},{\"@type\":\"WebPage\",\"@id\":\"https:\/\/www.radiomanchester.com.br\/fm\/conheca-o-significado-do-feriado-de-7-de-setembro\/#webpage\",\"url\":\"https:\/\/www.radiomanchester.com.br\/fm\/conheca-o-significado-do-feriado-de-7-de-setembro\/\",\"name\":\"Conhe\u00e7a o significado do feriado de 7 de Setembro - Manchester FM 93,3\",\"isPartOf\":{\"@id\":\"https:\/\/www.radiomanchester.com.br\/fm\/#website\"},\"primaryImageOfPage\":{\"@id\":\"https:\/\/www.radiomanchester.com.br\/fm\/conheca-o-significado-do-feriado-de-7-de-setembro\/#primaryimage\"},\"datePublished\":\"2021-09-07T10:00:31+00:00\",\"dateModified\":\"2021-09-07T00:44:22+00:00\",\"author\":{\"@id\":\"https:\/\/www.radiomanchester.com.br\/fm\/#\/schema\/person\/408a7b4d4e32cbebd90e2782852abca3\"},\"breadcrumb\":{\"@id\":\"https:\/\/www.radiomanchester.com.br\/fm\/conheca-o-significado-do-feriado-de-7-de-setembro\/#breadcrumb\"},\"inLanguage\":\"pt-BR\",\"potentialAction\":[{\"@type\":\"ReadAction\",\"target\":[\"https:\/\/www.radiomanchester.com.br\/fm\/conheca-o-significado-do-feriado-de-7-de-setembro\/\"]}]},{\"@type\":\"BreadcrumbList\",\"@id\":\"https:\/\/www.radiomanchester.com.br\/fm\/conheca-o-significado-do-feriado-de-7-de-setembro\/#breadcrumb\",\"itemListElement\":[{\"@type\":\"ListItem\",\"position\":1,\"name\":\"Home\",\"item\":\"https:\/\/www.radiomanchester.com.br\/fm\/\"},{\"@type\":\"ListItem\",\"position\":2,\"name\":\"Conhe\u00e7a o significado do feriado de 7 de Setembro\"}]},{\"@type\":\"Person\",\"@id\":\"https:\/\/www.radiomanchester.com.br\/fm\/#\/schema\/person\/408a7b4d4e32cbebd90e2782852abca3\",\"name\":\"admin\",\"image\":{\"@type\":\"ImageObject\",\"@id\":\"https:\/\/www.radiomanchester.com.br\/fm\/#personlogo\",\"inLanguage\":\"pt-BR\",\"url\":\"https:\/\/secure.gravatar.com\/avatar\/115a974dba3376872eb3addeb276301c?s=96&d=mm&r=g\",\"contentUrl\":\"https:\/\/secure.gravatar.com\/avatar\/115a974dba3376872eb3addeb276301c?s=96&d=mm&r=g\",\"caption\":\"admin\"},\"url\":\"https:\/\/www.radiomanchester.com.br\/fm\/author\/admin\/\"}]}<\/script>\n<!-- \/ Yoast SEO plugin. -->","yoast_head_json":{"title":"Conhe\u00e7a o significado do feriado de 7 de Setembro - Manchester FM 93,3","robots":{"index":"index","follow":"follow","max-snippet":"max-snippet:-1","max-image-preview":"max-image-preview:large","max-video-preview":"max-video-preview:-1"},"canonical":"https:\/\/www.radiomanchester.com.br\/fm\/conheca-o-significado-do-feriado-de-7-de-setembro\/","og_locale":"pt_BR","og_type":"article","og_title":"Conhe\u00e7a o significado do feriado de 7 de Setembro - Manchester FM 93,3","og_description":"Conhecido como o Dia da Independ\u00eancia, 7 de Setembro \u00e9 um feriado marcado por eventos como desfiles c\u00edvico-militares por todo o Pa\u00eds, aos quais milhares de pessoas comparecem. Mas qual foi a estaca zero dessa tradi\u00e7\u00e3o? &nbsp; Confira abaixo, em ordem cronol\u00f3gica, os acontecimentos que culminaram nessa data hist\u00f3rica: &nbsp; 1. Antecedentes separatistas No fim [&hellip;]","og_url":"https:\/\/www.radiomanchester.com.br\/fm\/conheca-o-significado-do-feriado-de-7-de-setembro\/","og_site_name":"Manchester FM 93,3","article_published_time":"2021-09-07T10:00:31+00:00","article_modified_time":"2021-09-07T00:44:22+00:00","og_image":[{"width":500,"height":500,"url":"https:\/\/www.radiomanchester.com.br\/fm\/wp-content\/uploads\/2021\/09\/C38400D2-D1CB-4AC4-8884-35CA7E084CAE.jpeg","type":"image\/jpeg"}],"twitter_card":"summary_large_image","twitter_misc":{"Escrito por":"admin","Est. tempo de leitura":"4 minutos"},"schema":{"@context":"https:\/\/schema.org","@graph":[{"@type":"WebSite","@id":"https:\/\/www.radiomanchester.com.br\/fm\/#website","url":"https:\/\/www.radiomanchester.com.br\/fm\/","name":"Manchester FM 93,3","description":"Todo Mundo Ouve!","potentialAction":[{"@type":"SearchAction","target":{"@type":"EntryPoint","urlTemplate":"https:\/\/www.radiomanchester.com.br\/fm\/?s={search_term_string}"},"query-input":"required name=search_term_string"}],"inLanguage":"pt-BR"},{"@type":"ImageObject","@id":"https:\/\/www.radiomanchester.com.br\/fm\/conheca-o-significado-do-feriado-de-7-de-setembro\/#primaryimage","inLanguage":"pt-BR","url":"https:\/\/www.radiomanchester.com.br\/fm\/wp-content\/uploads\/2021\/09\/C38400D2-D1CB-4AC4-8884-35CA7E084CAE.jpeg","contentUrl":"https:\/\/www.radiomanchester.com.br\/fm\/wp-content\/uploads\/2021\/09\/C38400D2-D1CB-4AC4-8884-35CA7E084CAE.jpeg","width":500,"height":500},{"@type":"WebPage","@id":"https:\/\/www.radiomanchester.com.br\/fm\/conheca-o-significado-do-feriado-de-7-de-setembro\/#webpage","url":"https:\/\/www.radiomanchester.com.br\/fm\/conheca-o-significado-do-feriado-de-7-de-setembro\/","name":"Conhe\u00e7a o significado do feriado de 7 de Setembro - Manchester FM 93,3","isPartOf":{"@id":"https:\/\/www.radiomanchester.com.br\/fm\/#website"},"primaryImageOfPage":{"@id":"https:\/\/www.radiomanchester.com.br\/fm\/conheca-o-significado-do-feriado-de-7-de-setembro\/#primaryimage"},"datePublished":"2021-09-07T10:00:31+00:00","dateModified":"2021-09-07T00:44:22+00:00","author":{"@id":"https:\/\/www.radiomanchester.com.br\/fm\/#\/schema\/person\/408a7b4d4e32cbebd90e2782852abca3"},"breadcrumb":{"@id":"https:\/\/www.radiomanchester.com.br\/fm\/conheca-o-significado-do-feriado-de-7-de-setembro\/#breadcrumb"},"inLanguage":"pt-BR","potentialAction":[{"@type":"ReadAction","target":["https:\/\/www.radiomanchester.com.br\/fm\/conheca-o-significado-do-feriado-de-7-de-setembro\/"]}]},{"@type":"BreadcrumbList","@id":"https:\/\/www.radiomanchester.com.br\/fm\/conheca-o-significado-do-feriado-de-7-de-setembro\/#breadcrumb","itemListElement":[{"@type":"ListItem","position":1,"name":"Home","item":"https:\/\/www.radiomanchester.com.br\/fm\/"},{"@type":"ListItem","position":2,"name":"Conhe\u00e7a o significado do feriado de 7 de Setembro"}]},{"@type":"Person","@id":"https:\/\/www.radiomanchester.com.br\/fm\/#\/schema\/person\/408a7b4d4e32cbebd90e2782852abca3","name":"admin","image":{"@type":"ImageObject","@id":"https:\/\/www.radiomanchester.com.br\/fm\/#personlogo","inLanguage":"pt-BR","url":"https:\/\/secure.gravatar.com\/avatar\/115a974dba3376872eb3addeb276301c?s=96&d=mm&r=g","contentUrl":"https:\/\/secure.gravatar.com\/avatar\/115a974dba3376872eb3addeb276301c?s=96&d=mm&r=g","caption":"admin"},"url":"https:\/\/www.radiomanchester.com.br\/fm\/author\/admin\/"}]}},"_links":{"self":[{"href":"https:\/\/www.radiomanchester.com.br\/fm\/wp-json\/wp\/v2\/posts\/5874"}],"collection":[{"href":"https:\/\/www.radiomanchester.com.br\/fm\/wp-json\/wp\/v2\/posts"}],"about":[{"href":"https:\/\/www.radiomanchester.com.br\/fm\/wp-json\/wp\/v2\/types\/post"}],"author":[{"embeddable":true,"href":"https:\/\/www.radiomanchester.com.br\/fm\/wp-json\/wp\/v2\/users\/1"}],"replies":[{"embeddable":true,"href":"https:\/\/www.radiomanchester.com.br\/fm\/wp-json\/wp\/v2\/comments?post=5874"}],"version-history":[{"count":1,"href":"https:\/\/www.radiomanchester.com.br\/fm\/wp-json\/wp\/v2\/posts\/5874\/revisions"}],"predecessor-version":[{"id":5876,"href":"https:\/\/www.radiomanchester.com.br\/fm\/wp-json\/wp\/v2\/posts\/5874\/revisions\/5876"}],"wp:featuredmedia":[{"embeddable":true,"href":"https:\/\/www.radiomanchester.com.br\/fm\/wp-json\/wp\/v2\/media\/5875"}],"wp:attachment":[{"href":"https:\/\/www.radiomanchester.com.br\/fm\/wp-json\/wp\/v2\/media?parent=5874"}],"wp:term":[{"taxonomy":"category","embeddable":true,"href":"https:\/\/www.radiomanchester.com.br\/fm\/wp-json\/wp\/v2\/categories?post=5874"},{"taxonomy":"post_tag","embeddable":true,"href":"https:\/\/www.radiomanchester.com.br\/fm\/wp-json\/wp\/v2\/tags?post=5874"}],"curies":[{"name":"wp","href":"https:\/\/api.w.org\/{rel}","templated":true}]}}