{"id":6052,"date":"2021-09-26T08:30:45","date_gmt":"2021-09-26T11:30:45","guid":{"rendered":"http:\/\/www.radiomanchester.com.br\/fm\/?p=6052"},"modified":"2021-09-25T19:56:13","modified_gmt":"2021-09-25T22:56:13","slug":"record-justifica-expulsao-de-nego-do-borel-de-a-fazenda-apuracao-criteriosa","status":"publish","type":"post","link":"https:\/\/www.radiomanchester.com.br\/fm\/record-justifica-expulsao-de-nego-do-borel-de-a-fazenda-apuracao-criteriosa\/","title":{"rendered":"Record justifica expuls\u00e3o de Nego do Borel de A Fazenda: \u201cApura\u00e7\u00e3o criteriosa\u201d"},"content":{"rendered":"<h5 class=\"p1\">Emissora emitiu nota e informou que estava fazendo uma an\u00e1lise minuciosa do caso<\/h5>\n<p>&nbsp;<\/p>\n<p class=\"p1\"><span class=\"s1\">Ap\u00f3s horas sem bater o martelo sobre a <span class=\"s2\">expuls\u00e3o de Nego do Borel de A Fazenda 13, a Record justificou o motivo<\/span>de sua decis\u00e3o de tirar o funkeiro do jogo na noite deste s\u00e1bado (25 de setembro).<\/span><\/p>\n<p>&nbsp;<\/p>\n<p>&nbsp;<\/p>\n<p class=\"p1\"><span class=\"s1\">Em nota enviada \u00e0 coluna Leo Dias, a emissora disse ter feito uma apura\u00e7\u00e3o minuciosa sobre o fato, e que tamb\u00e9m dedicou parte do tempo para atender Dayane Mello, alvo de Nego do Borel, que tentou transar com ela sem seu consentimento.<\/span><\/p>\n<p>&nbsp;<\/p>\n<p class=\"p1\"><span class=\"s1\">\u201cA Record TV informa que desde a manh\u00e3 deste s\u00e1bado, 25 de setembro, trabalha na apura\u00e7\u00e3o criteriosa em rela\u00e7\u00e3o aos acontecimentos desta \u00faltima noite no reality \u2018A Fazenda\u2019 envolvendo o Nego do Borel e Dayane Mello.<\/span><\/p>\n<p>&nbsp;<\/p>\n<p class=\"p1\"><span class=\"s1\">Uma equipe multidisciplinar cuidou da an\u00e1lise de todo o material gravado, al\u00e9m de aguardar pelo despertar da Dayane e dos demais pe\u00f5es para juntar mais elementos, falas e depoimentos que pudessem amparar a decis\u00e3o a ser tomada.<\/span><\/p>\n<p>&nbsp;<\/p>\n<p class=\"p1\"><span class=\"s1\">Al\u00e9m do atendimento psicol\u00f3gico, Dayane passou por uma entrevista completando os elementos primordiais para uma tomada de decis\u00e3o justa\u201d, finaliza a nota.<\/span><\/p>\n<p>&nbsp;<\/p>\n<p class=\"p1\"><span class=\"s1\">Diante dos fatos apurados, a dire\u00e7\u00e3o da Record TV decidiu pela retirada do Nego do Borel da competi\u00e7\u00e3o.<\/span><\/p>\n<blockquote><p><img loading=\"lazy\" class=\"alignnone size-medium wp-image-6053\" src=\"http:\/\/www.radiomanchester.com.br\/fm\/wp-content\/uploads\/2021\/09\/C02C178D-E790-4CE0-AE44-347247298B3E-300x207.jpeg\" alt=\"\" width=\"300\" height=\"207\" srcset=\"https:\/\/www.radiomanchester.com.br\/fm\/wp-content\/uploads\/2021\/09\/C02C178D-E790-4CE0-AE44-347247298B3E-300x207.jpeg 300w, https:\/\/www.radiomanchester.com.br\/fm\/wp-content\/uploads\/2021\/09\/C02C178D-E790-4CE0-AE44-347247298B3E-768x529.jpeg 768w, https:\/\/www.radiomanchester.com.br\/fm\/wp-content\/uploads\/2021\/09\/C02C178D-E790-4CE0-AE44-347247298B3E.jpeg 879w\" sizes=\"(max-width: 300px) 100vw, 300px\" \/><\/p><\/blockquote>\n<p class=\"p1\"><span class=\"s1\">Por Reda\u00e7\u00e3o &#8211; foto: reprodu\u00e7\u00e3o <\/span><\/p>\n","protected":false},"excerpt":{"rendered":"<p class=\"excerpt\">Emissora emitiu nota e informou que estava fazendo uma an\u00e1lise minuciosa do caso &nbsp; Ap\u00f3s horas sem bater o martelo sobre a expuls\u00e3o de Nego do Borel de A Fazenda 13, a Record justificou o motivode sua decis\u00e3o de tirar o funkeiro do jogo na noite deste s\u00e1bado (25 de setembro). &nbsp; &nbsp; Em nota [&hellip;]<\/p>\n","protected":false},"author":1,"featured_media":6053,"comment_status":"open","ping_status":"open","sticky":false,"template":"","format":"standard","meta":[],"categories":[8,17],"tags":[],"yoast_head":"<!-- This site is optimized with the Yoast SEO plugin v18.3 - https:\/\/yoast.com\/wordpress\/plugins\/seo\/ -->\n<title>Record justifica expuls\u00e3o de Nego do Borel de A Fazenda: \u201cApura\u00e7\u00e3o criteriosa\u201d - Manchester FM 93,3<\/title>\n<meta name=\"robots\" content=\"index, follow, max-snippet:-1, max-image-preview:large, max-video-preview:-1\" \/>\n<link rel=\"canonical\" href=\"https:\/\/www.radiomanchester.com.br\/fm\/record-justifica-expulsao-de-nego-do-borel-de-a-fazenda-apuracao-criteriosa\/\" \/>\n<meta property=\"og:locale\" content=\"pt_BR\" \/>\n<meta property=\"og:type\" content=\"article\" \/>\n<meta property=\"og:title\" content=\"Record justifica expuls\u00e3o de Nego do Borel de A Fazenda: \u201cApura\u00e7\u00e3o criteriosa\u201d - Manchester FM 93,3\" \/>\n<meta property=\"og:description\" content=\"Emissora emitiu nota e informou que estava fazendo uma an\u00e1lise minuciosa do caso &nbsp; Ap\u00f3s horas sem bater o martelo sobre a expuls\u00e3o de Nego do Borel de A Fazenda 13, a Record justificou o motivode sua decis\u00e3o de tirar o funkeiro do jogo na noite deste s\u00e1bado (25 de setembro). &nbsp; &nbsp; Em nota [&hellip;]\" \/>\n<meta property=\"og:url\" content=\"https:\/\/www.radiomanchester.com.br\/fm\/record-justifica-expulsao-de-nego-do-borel-de-a-fazenda-apuracao-criteriosa\/\" \/>\n<meta property=\"og:site_name\" content=\"Manchester FM 93,3\" \/>\n<meta property=\"article:published_time\" content=\"2021-09-26T11:30:45+00:00\" \/>\n<meta property=\"article:modified_time\" content=\"2021-09-25T22:56:13+00:00\" \/>\n<meta property=\"og:image\" content=\"https:\/\/www.radiomanchester.com.br\/fm\/wp-content\/uploads\/2021\/09\/C02C178D-E790-4CE0-AE44-347247298B3E.jpeg\" \/>\n\t<meta property=\"og:image:width\" content=\"879\" \/>\n\t<meta property=\"og:image:height\" content=\"606\" \/>\n\t<meta property=\"og:image:type\" content=\"image\/jpeg\" \/>\n<meta name=\"twitter:card\" content=\"summary_large_image\" \/>\n<meta name=\"twitter:label1\" content=\"Escrito por\" \/>\n\t<meta name=\"twitter:data1\" content=\"admin\" \/>\n\t<meta name=\"twitter:label2\" content=\"Est. tempo de leitura\" \/>\n\t<meta name=\"twitter:data2\" content=\"1 minuto\" \/>\n<script type=\"application\/ld+json\" class=\"yoast-schema-graph\">{\"@context\":\"https:\/\/schema.org\",\"@graph\":[{\"@type\":\"WebSite\",\"@id\":\"https:\/\/www.radiomanchester.com.br\/fm\/#website\",\"url\":\"https:\/\/www.radiomanchester.com.br\/fm\/\",\"name\":\"Manchester FM 93,3\",\"description\":\"Todo Mundo Ouve!\",\"potentialAction\":[{\"@type\":\"SearchAction\",\"target\":{\"@type\":\"EntryPoint\",\"urlTemplate\":\"https:\/\/www.radiomanchester.com.br\/fm\/?s={search_term_string}\"},\"query-input\":\"required name=search_term_string\"}],\"inLanguage\":\"pt-BR\"},{\"@type\":\"ImageObject\",\"@id\":\"https:\/\/www.radiomanchester.com.br\/fm\/record-justifica-expulsao-de-nego-do-borel-de-a-fazenda-apuracao-criteriosa\/#primaryimage\",\"inLanguage\":\"pt-BR\",\"url\":\"https:\/\/www.radiomanchester.com.br\/fm\/wp-content\/uploads\/2021\/09\/C02C178D-E790-4CE0-AE44-347247298B3E.jpeg\",\"contentUrl\":\"https:\/\/www.radiomanchester.com.br\/fm\/wp-content\/uploads\/2021\/09\/C02C178D-E790-4CE0-AE44-347247298B3E.jpeg\",\"width\":879,\"height\":606},{\"@type\":\"WebPage\",\"@id\":\"https:\/\/www.radiomanchester.com.br\/fm\/record-justifica-expulsao-de-nego-do-borel-de-a-fazenda-apuracao-criteriosa\/#webpage\",\"url\":\"https:\/\/www.radiomanchester.com.br\/fm\/record-justifica-expulsao-de-nego-do-borel-de-a-fazenda-apuracao-criteriosa\/\",\"name\":\"Record justifica expuls\u00e3o de Nego do Borel de A Fazenda: \u201cApura\u00e7\u00e3o criteriosa\u201d - Manchester FM 93,3\",\"isPartOf\":{\"@id\":\"https:\/\/www.radiomanchester.com.br\/fm\/#website\"},\"primaryImageOfPage\":{\"@id\":\"https:\/\/www.radiomanchester.com.br\/fm\/record-justifica-expulsao-de-nego-do-borel-de-a-fazenda-apuracao-criteriosa\/#primaryimage\"},\"datePublished\":\"2021-09-26T11:30:45+00:00\",\"dateModified\":\"2021-09-25T22:56:13+00:00\",\"author\":{\"@id\":\"https:\/\/www.radiomanchester.com.br\/fm\/#\/schema\/person\/408a7b4d4e32cbebd90e2782852abca3\"},\"breadcrumb\":{\"@id\":\"https:\/\/www.radiomanchester.com.br\/fm\/record-justifica-expulsao-de-nego-do-borel-de-a-fazenda-apuracao-criteriosa\/#breadcrumb\"},\"inLanguage\":\"pt-BR\",\"potentialAction\":[{\"@type\":\"ReadAction\",\"target\":[\"https:\/\/www.radiomanchester.com.br\/fm\/record-justifica-expulsao-de-nego-do-borel-de-a-fazenda-apuracao-criteriosa\/\"]}]},{\"@type\":\"BreadcrumbList\",\"@id\":\"https:\/\/www.radiomanchester.com.br\/fm\/record-justifica-expulsao-de-nego-do-borel-de-a-fazenda-apuracao-criteriosa\/#breadcrumb\",\"itemListElement\":[{\"@type\":\"ListItem\",\"position\":1,\"name\":\"Home\",\"item\":\"https:\/\/www.radiomanchester.com.br\/fm\/\"},{\"@type\":\"ListItem\",\"position\":2,\"name\":\"Record justifica expuls\u00e3o de Nego do Borel de A Fazenda: \u201cApura\u00e7\u00e3o criteriosa\u201d\"}]},{\"@type\":\"Person\",\"@id\":\"https:\/\/www.radiomanchester.com.br\/fm\/#\/schema\/person\/408a7b4d4e32cbebd90e2782852abca3\",\"name\":\"admin\",\"image\":{\"@type\":\"ImageObject\",\"@id\":\"https:\/\/www.radiomanchester.com.br\/fm\/#personlogo\",\"inLanguage\":\"pt-BR\",\"url\":\"https:\/\/secure.gravatar.com\/avatar\/115a974dba3376872eb3addeb276301c?s=96&d=mm&r=g\",\"contentUrl\":\"https:\/\/secure.gravatar.com\/avatar\/115a974dba3376872eb3addeb276301c?s=96&d=mm&r=g\",\"caption\":\"admin\"},\"url\":\"https:\/\/www.radiomanchester.com.br\/fm\/author\/admin\/\"}]}<\/script>\n<!-- \/ Yoast SEO plugin. -->","yoast_head_json":{"title":"Record justifica expuls\u00e3o de Nego do Borel de A Fazenda: \u201cApura\u00e7\u00e3o criteriosa\u201d - Manchester FM 93,3","robots":{"index":"index","follow":"follow","max-snippet":"max-snippet:-1","max-image-preview":"max-image-preview:large","max-video-preview":"max-video-preview:-1"},"canonical":"https:\/\/www.radiomanchester.com.br\/fm\/record-justifica-expulsao-de-nego-do-borel-de-a-fazenda-apuracao-criteriosa\/","og_locale":"pt_BR","og_type":"article","og_title":"Record justifica expuls\u00e3o de Nego do Borel de A Fazenda: \u201cApura\u00e7\u00e3o criteriosa\u201d - Manchester FM 93,3","og_description":"Emissora emitiu nota e informou que estava fazendo uma an\u00e1lise minuciosa do caso &nbsp; Ap\u00f3s horas sem bater o martelo sobre a expuls\u00e3o de Nego do Borel de A Fazenda 13, a Record justificou o motivode sua decis\u00e3o de tirar o funkeiro do jogo na noite deste s\u00e1bado (25 de setembro). &nbsp; &nbsp; Em nota [&hellip;]","og_url":"https:\/\/www.radiomanchester.com.br\/fm\/record-justifica-expulsao-de-nego-do-borel-de-a-fazenda-apuracao-criteriosa\/","og_site_name":"Manchester FM 93,3","article_published_time":"2021-09-26T11:30:45+00:00","article_modified_time":"2021-09-25T22:56:13+00:00","og_image":[{"width":879,"height":606,"url":"https:\/\/www.radiomanchester.com.br\/fm\/wp-content\/uploads\/2021\/09\/C02C178D-E790-4CE0-AE44-347247298B3E.jpeg","type":"image\/jpeg"}],"twitter_card":"summary_large_image","twitter_misc":{"Escrito por":"admin","Est. tempo de leitura":"1 minuto"},"schema":{"@context":"https:\/\/schema.org","@graph":[{"@type":"WebSite","@id":"https:\/\/www.radiomanchester.com.br\/fm\/#website","url":"https:\/\/www.radiomanchester.com.br\/fm\/","name":"Manchester FM 93,3","description":"Todo Mundo Ouve!","potentialAction":[{"@type":"SearchAction","target":{"@type":"EntryPoint","urlTemplate":"https:\/\/www.radiomanchester.com.br\/fm\/?s={search_term_string}"},"query-input":"required name=search_term_string"}],"inLanguage":"pt-BR"},{"@type":"ImageObject","@id":"https:\/\/www.radiomanchester.com.br\/fm\/record-justifica-expulsao-de-nego-do-borel-de-a-fazenda-apuracao-criteriosa\/#primaryimage","inLanguage":"pt-BR","url":"https:\/\/www.radiomanchester.com.br\/fm\/wp-content\/uploads\/2021\/09\/C02C178D-E790-4CE0-AE44-347247298B3E.jpeg","contentUrl":"https:\/\/www.radiomanchester.com.br\/fm\/wp-content\/uploads\/2021\/09\/C02C178D-E790-4CE0-AE44-347247298B3E.jpeg","width":879,"height":606},{"@type":"WebPage","@id":"https:\/\/www.radiomanchester.com.br\/fm\/record-justifica-expulsao-de-nego-do-borel-de-a-fazenda-apuracao-criteriosa\/#webpage","url":"https:\/\/www.radiomanchester.com.br\/fm\/record-justifica-expulsao-de-nego-do-borel-de-a-fazenda-apuracao-criteriosa\/","name":"Record justifica expuls\u00e3o de Nego do Borel de A Fazenda: \u201cApura\u00e7\u00e3o criteriosa\u201d - Manchester FM 93,3","isPartOf":{"@id":"https:\/\/www.radiomanchester.com.br\/fm\/#website"},"primaryImageOfPage":{"@id":"https:\/\/www.radiomanchester.com.br\/fm\/record-justifica-expulsao-de-nego-do-borel-de-a-fazenda-apuracao-criteriosa\/#primaryimage"},"datePublished":"2021-09-26T11:30:45+00:00","dateModified":"2021-09-25T22:56:13+00:00","author":{"@id":"https:\/\/www.radiomanchester.com.br\/fm\/#\/schema\/person\/408a7b4d4e32cbebd90e2782852abca3"},"breadcrumb":{"@id":"https:\/\/www.radiomanchester.com.br\/fm\/record-justifica-expulsao-de-nego-do-borel-de-a-fazenda-apuracao-criteriosa\/#breadcrumb"},"inLanguage":"pt-BR","potentialAction":[{"@type":"ReadAction","target":["https:\/\/www.radiomanchester.com.br\/fm\/record-justifica-expulsao-de-nego-do-borel-de-a-fazenda-apuracao-criteriosa\/"]}]},{"@type":"BreadcrumbList","@id":"https:\/\/www.radiomanchester.com.br\/fm\/record-justifica-expulsao-de-nego-do-borel-de-a-fazenda-apuracao-criteriosa\/#breadcrumb","itemListElement":[{"@type":"ListItem","position":1,"name":"Home","item":"https:\/\/www.radiomanchester.com.br\/fm\/"},{"@type":"ListItem","position":2,"name":"Record justifica expuls\u00e3o de Nego do Borel de A Fazenda: \u201cApura\u00e7\u00e3o criteriosa\u201d"}]},{"@type":"Person","@id":"https:\/\/www.radiomanchester.com.br\/fm\/#\/schema\/person\/408a7b4d4e32cbebd90e2782852abca3","name":"admin","image":{"@type":"ImageObject","@id":"https:\/\/www.radiomanchester.com.br\/fm\/#personlogo","inLanguage":"pt-BR","url":"https:\/\/secure.gravatar.com\/avatar\/115a974dba3376872eb3addeb276301c?s=96&d=mm&r=g","contentUrl":"https:\/\/secure.gravatar.com\/avatar\/115a974dba3376872eb3addeb276301c?s=96&d=mm&r=g","caption":"admin"},"url":"https:\/\/www.radiomanchester.com.br\/fm\/author\/admin\/"}]}},"_links":{"self":[{"href":"https:\/\/www.radiomanchester.com.br\/fm\/wp-json\/wp\/v2\/posts\/6052"}],"collection":[{"href":"https:\/\/www.radiomanchester.com.br\/fm\/wp-json\/wp\/v2\/posts"}],"about":[{"href":"https:\/\/www.radiomanchester.com.br\/fm\/wp-json\/wp\/v2\/types\/post"}],"author":[{"embeddable":true,"href":"https:\/\/www.radiomanchester.com.br\/fm\/wp-json\/wp\/v2\/users\/1"}],"replies":[{"embeddable":true,"href":"https:\/\/www.radiomanchester.com.br\/fm\/wp-json\/wp\/v2\/comments?post=6052"}],"version-history":[{"count":1,"href":"https:\/\/www.radiomanchester.com.br\/fm\/wp-json\/wp\/v2\/posts\/6052\/revisions"}],"predecessor-version":[{"id":6054,"href":"https:\/\/www.radiomanchester.com.br\/fm\/wp-json\/wp\/v2\/posts\/6052\/revisions\/6054"}],"wp:featuredmedia":[{"embeddable":true,"href":"https:\/\/www.radiomanchester.com.br\/fm\/wp-json\/wp\/v2\/media\/6053"}],"wp:attachment":[{"href":"https:\/\/www.radiomanchester.com.br\/fm\/wp-json\/wp\/v2\/media?parent=6052"}],"wp:term":[{"taxonomy":"category","embeddable":true,"href":"https:\/\/www.radiomanchester.com.br\/fm\/wp-json\/wp\/v2\/categories?post=6052"},{"taxonomy":"post_tag","embeddable":true,"href":"https:\/\/www.radiomanchester.com.br\/fm\/wp-json\/wp\/v2\/tags?post=6052"}],"curies":[{"name":"wp","href":"https:\/\/api.w.org\/{rel}","templated":true}]}}