{"id":6064,"date":"2021-09-28T11:00:10","date_gmt":"2021-09-28T14:00:10","guid":{"rendered":"http:\/\/www.radiomanchester.com.br\/fm\/?p=6064"},"modified":"2021-09-28T09:59:12","modified_gmt":"2021-09-28T12:59:12","slug":"apos-deixar-a-rede-tv-programa-encrenca-assina-com-a-band","status":"publish","type":"post","link":"https:\/\/www.radiomanchester.com.br\/fm\/apos-deixar-a-rede-tv-programa-encrenca-assina-com-a-band\/","title":{"rendered":"Ap\u00f3s deixar a Rede TV! programa Encrenca assina com a Band"},"content":{"rendered":"<p class=\"p1\">O humor\u00edstico \u201cEncrenca\u201d, que fazia sucesso na Rede TV!, surpreendeu a todos dias atr\u00e1s ao comunicar que estavam se desligando da emissora. Os radialistas Tatola Godas, Ricardinho Mendon\u00e7a, Dennys Motta e \u00c2ngelo Campo, foram r\u00e1pidos e j\u00e1 negociaram uma nova casa para mostrarem seus talentos.<\/p>\n<p>&nbsp;<\/p>\n<p class=\"p1\"><span class=\"s1\">Nesta segunda-feira, (27 de setembro), eles assinaram contrato com a Band, por 4 anos e ir\u00e3o comandar o \u201cPerrengue na Band\u201d, aos domingos \u00e0 noite. Al\u00e9m dos quatro, a emissora paulista ainda contratou o diretor e os produtores para manter a atra\u00e7\u00e3o nos mesmos moldes da Rede TV! A previs\u00e3o de estreia \u00e9 para o m\u00eas de novembro.<\/span><\/p>\n<p>&nbsp;<\/p>\n<p class=\"p1\"><span class=\"s1\">Ser\u00e1 que a Band tenta seguir os passos que fez com o \u201cP\u00e2nico\u201d?.<\/span><\/p>\n<p>&nbsp;<\/p>\n<p class=\"p1\"><span class=\"s1\">Confira o comunicado oficializando a contrata\u00e7\u00e3o:<\/span><\/p>\n<p class=\"p1\"><span class=\"s1\">\u201cA Band assinou contrato com Tatola Godas, Dennys Motta, Ricardinho Mendon\u00e7a e \u00c2ngelo Campos nesta segunda-feira, 27 de setembro. O acordo tem validade a partir de 1\u00ba de outubro. Os apresentadores comandar\u00e3o o novo programa com exibi\u00e7\u00e3o nacional na TV Bandeirantes.<\/span><\/p>\n<p>&nbsp;<\/p>\n<p class=\"p1\"><span class=\"s1\">Segundo Cris Moreira, diretor geral de Comercializa\u00e7\u00e3o do Grupo Bandeirantes de Comunica\u00e7\u00e3o, \u2018o novo produto traz para as noites de domingo um formato com uma linguagem jovem, multiplataforma e com excelentes oportunidades para marcas que querem falar com a fam\u00edlia brasileira, atrav\u00e9s de um conte\u00fado de extrema relev\u00e2ncia e moderno\u2019.<\/span><\/p>\n<p>&nbsp;<\/p>\n<p class=\"p1\"><span class=\"s1\">Sempre tivemos o sonho de trabalhar na Bandeirantes, e hoje estamos realizados. Estou feliz demais. Mais feliz que o Marcos Mion\u2019, afirma Tatola Godas, l\u00edder da trupe\u201d.<\/span><\/p>\n<p><img loading=\"lazy\" class=\"alignnone size-medium wp-image-6065\" src=\"http:\/\/www.radiomanchester.com.br\/fm\/wp-content\/uploads\/2021\/09\/1C777A3F-E1C2-4220-B0D1-76C5B1EDC1DB-300x200.jpeg\" alt=\"\" width=\"300\" height=\"200\" srcset=\"https:\/\/www.radiomanchester.com.br\/fm\/wp-content\/uploads\/2021\/09\/1C777A3F-E1C2-4220-B0D1-76C5B1EDC1DB-300x200.jpeg 300w, https:\/\/www.radiomanchester.com.br\/fm\/wp-content\/uploads\/2021\/09\/1C777A3F-E1C2-4220-B0D1-76C5B1EDC1DB-1024x683.jpeg 1024w, https:\/\/www.radiomanchester.com.br\/fm\/wp-content\/uploads\/2021\/09\/1C777A3F-E1C2-4220-B0D1-76C5B1EDC1DB-768x512.jpeg 768w, https:\/\/www.radiomanchester.com.br\/fm\/wp-content\/uploads\/2021\/09\/1C777A3F-E1C2-4220-B0D1-76C5B1EDC1DB.jpeg 1200w\" sizes=\"(max-width: 300px) 100vw, 300px\" \/><\/p>\n<p class=\"p1\"><span class=\"s1\">Por OFuxico &#8211; foto: reprodu\u00e7\u00e3o <\/span><\/p>\n","protected":false},"excerpt":{"rendered":"<p class=\"excerpt\">O humor\u00edstico \u201cEncrenca\u201d, que fazia sucesso na Rede TV!, surpreendeu a todos dias atr\u00e1s ao comunicar que estavam se desligando da emissora. Os radialistas Tatola Godas, Ricardinho Mendon\u00e7a, Dennys Motta e \u00c2ngelo Campo, foram r\u00e1pidos e j\u00e1 negociaram uma nova casa para mostrarem seus talentos. &nbsp; Nesta segunda-feira, (27 de setembro), eles assinaram contrato com [&hellip;]<\/p>\n","protected":false},"author":1,"featured_media":6065,"comment_status":"open","ping_status":"open","sticky":false,"template":"","format":"standard","meta":[],"categories":[8,17],"tags":[],"yoast_head":"<!-- This site is optimized with the Yoast SEO plugin v18.3 - https:\/\/yoast.com\/wordpress\/plugins\/seo\/ -->\n<title>Ap\u00f3s deixar a Rede TV! programa Encrenca assina com a Band - Manchester FM 93,3<\/title>\n<meta name=\"robots\" content=\"index, follow, max-snippet:-1, max-image-preview:large, max-video-preview:-1\" \/>\n<link rel=\"canonical\" href=\"https:\/\/www.radiomanchester.com.br\/fm\/apos-deixar-a-rede-tv-programa-encrenca-assina-com-a-band\/\" \/>\n<meta property=\"og:locale\" content=\"pt_BR\" \/>\n<meta property=\"og:type\" content=\"article\" \/>\n<meta property=\"og:title\" content=\"Ap\u00f3s deixar a Rede TV! programa Encrenca assina com a Band - Manchester FM 93,3\" \/>\n<meta property=\"og:description\" content=\"O humor\u00edstico \u201cEncrenca\u201d, que fazia sucesso na Rede TV!, surpreendeu a todos dias atr\u00e1s ao comunicar que estavam se desligando da emissora. Os radialistas Tatola Godas, Ricardinho Mendon\u00e7a, Dennys Motta e \u00c2ngelo Campo, foram r\u00e1pidos e j\u00e1 negociaram uma nova casa para mostrarem seus talentos. &nbsp; Nesta segunda-feira, (27 de setembro), eles assinaram contrato com [&hellip;]\" \/>\n<meta property=\"og:url\" content=\"https:\/\/www.radiomanchester.com.br\/fm\/apos-deixar-a-rede-tv-programa-encrenca-assina-com-a-band\/\" \/>\n<meta property=\"og:site_name\" content=\"Manchester FM 93,3\" \/>\n<meta property=\"article:published_time\" content=\"2021-09-28T14:00:10+00:00\" \/>\n<meta property=\"article:modified_time\" content=\"2021-09-28T12:59:12+00:00\" \/>\n<meta property=\"og:image\" content=\"https:\/\/www.radiomanchester.com.br\/fm\/wp-content\/uploads\/2021\/09\/1C777A3F-E1C2-4220-B0D1-76C5B1EDC1DB.jpeg\" \/>\n\t<meta property=\"og:image:width\" content=\"1200\" \/>\n\t<meta property=\"og:image:height\" content=\"800\" \/>\n\t<meta property=\"og:image:type\" content=\"image\/jpeg\" \/>\n<meta name=\"twitter:card\" content=\"summary_large_image\" \/>\n<meta name=\"twitter:label1\" content=\"Escrito por\" \/>\n\t<meta name=\"twitter:data1\" content=\"admin\" \/>\n\t<meta name=\"twitter:label2\" content=\"Est. tempo de leitura\" \/>\n\t<meta name=\"twitter:data2\" content=\"1 minuto\" \/>\n<script type=\"application\/ld+json\" class=\"yoast-schema-graph\">{\"@context\":\"https:\/\/schema.org\",\"@graph\":[{\"@type\":\"WebSite\",\"@id\":\"https:\/\/www.radiomanchester.com.br\/fm\/#website\",\"url\":\"https:\/\/www.radiomanchester.com.br\/fm\/\",\"name\":\"Manchester FM 93,3\",\"description\":\"Todo Mundo Ouve!\",\"potentialAction\":[{\"@type\":\"SearchAction\",\"target\":{\"@type\":\"EntryPoint\",\"urlTemplate\":\"https:\/\/www.radiomanchester.com.br\/fm\/?s={search_term_string}\"},\"query-input\":\"required name=search_term_string\"}],\"inLanguage\":\"pt-BR\"},{\"@type\":\"ImageObject\",\"@id\":\"https:\/\/www.radiomanchester.com.br\/fm\/apos-deixar-a-rede-tv-programa-encrenca-assina-com-a-band\/#primaryimage\",\"inLanguage\":\"pt-BR\",\"url\":\"https:\/\/www.radiomanchester.com.br\/fm\/wp-content\/uploads\/2021\/09\/1C777A3F-E1C2-4220-B0D1-76C5B1EDC1DB.jpeg\",\"contentUrl\":\"https:\/\/www.radiomanchester.com.br\/fm\/wp-content\/uploads\/2021\/09\/1C777A3F-E1C2-4220-B0D1-76C5B1EDC1DB.jpeg\",\"width\":1200,\"height\":800},{\"@type\":\"WebPage\",\"@id\":\"https:\/\/www.radiomanchester.com.br\/fm\/apos-deixar-a-rede-tv-programa-encrenca-assina-com-a-band\/#webpage\",\"url\":\"https:\/\/www.radiomanchester.com.br\/fm\/apos-deixar-a-rede-tv-programa-encrenca-assina-com-a-band\/\",\"name\":\"Ap\u00f3s deixar a Rede TV! programa Encrenca assina com a Band - Manchester FM 93,3\",\"isPartOf\":{\"@id\":\"https:\/\/www.radiomanchester.com.br\/fm\/#website\"},\"primaryImageOfPage\":{\"@id\":\"https:\/\/www.radiomanchester.com.br\/fm\/apos-deixar-a-rede-tv-programa-encrenca-assina-com-a-band\/#primaryimage\"},\"datePublished\":\"2021-09-28T14:00:10+00:00\",\"dateModified\":\"2021-09-28T12:59:12+00:00\",\"author\":{\"@id\":\"https:\/\/www.radiomanchester.com.br\/fm\/#\/schema\/person\/408a7b4d4e32cbebd90e2782852abca3\"},\"breadcrumb\":{\"@id\":\"https:\/\/www.radiomanchester.com.br\/fm\/apos-deixar-a-rede-tv-programa-encrenca-assina-com-a-band\/#breadcrumb\"},\"inLanguage\":\"pt-BR\",\"potentialAction\":[{\"@type\":\"ReadAction\",\"target\":[\"https:\/\/www.radiomanchester.com.br\/fm\/apos-deixar-a-rede-tv-programa-encrenca-assina-com-a-band\/\"]}]},{\"@type\":\"BreadcrumbList\",\"@id\":\"https:\/\/www.radiomanchester.com.br\/fm\/apos-deixar-a-rede-tv-programa-encrenca-assina-com-a-band\/#breadcrumb\",\"itemListElement\":[{\"@type\":\"ListItem\",\"position\":1,\"name\":\"Home\",\"item\":\"https:\/\/www.radiomanchester.com.br\/fm\/\"},{\"@type\":\"ListItem\",\"position\":2,\"name\":\"Ap\u00f3s deixar a Rede TV! programa Encrenca assina com a Band\"}]},{\"@type\":\"Person\",\"@id\":\"https:\/\/www.radiomanchester.com.br\/fm\/#\/schema\/person\/408a7b4d4e32cbebd90e2782852abca3\",\"name\":\"admin\",\"image\":{\"@type\":\"ImageObject\",\"@id\":\"https:\/\/www.radiomanchester.com.br\/fm\/#personlogo\",\"inLanguage\":\"pt-BR\",\"url\":\"https:\/\/secure.gravatar.com\/avatar\/115a974dba3376872eb3addeb276301c?s=96&d=mm&r=g\",\"contentUrl\":\"https:\/\/secure.gravatar.com\/avatar\/115a974dba3376872eb3addeb276301c?s=96&d=mm&r=g\",\"caption\":\"admin\"},\"url\":\"https:\/\/www.radiomanchester.com.br\/fm\/author\/admin\/\"}]}<\/script>\n<!-- \/ Yoast SEO plugin. -->","yoast_head_json":{"title":"Ap\u00f3s deixar a Rede TV! programa Encrenca assina com a Band - Manchester FM 93,3","robots":{"index":"index","follow":"follow","max-snippet":"max-snippet:-1","max-image-preview":"max-image-preview:large","max-video-preview":"max-video-preview:-1"},"canonical":"https:\/\/www.radiomanchester.com.br\/fm\/apos-deixar-a-rede-tv-programa-encrenca-assina-com-a-band\/","og_locale":"pt_BR","og_type":"article","og_title":"Ap\u00f3s deixar a Rede TV! programa Encrenca assina com a Band - Manchester FM 93,3","og_description":"O humor\u00edstico \u201cEncrenca\u201d, que fazia sucesso na Rede TV!, surpreendeu a todos dias atr\u00e1s ao comunicar que estavam se desligando da emissora. Os radialistas Tatola Godas, Ricardinho Mendon\u00e7a, Dennys Motta e \u00c2ngelo Campo, foram r\u00e1pidos e j\u00e1 negociaram uma nova casa para mostrarem seus talentos. &nbsp; Nesta segunda-feira, (27 de setembro), eles assinaram contrato com [&hellip;]","og_url":"https:\/\/www.radiomanchester.com.br\/fm\/apos-deixar-a-rede-tv-programa-encrenca-assina-com-a-band\/","og_site_name":"Manchester FM 93,3","article_published_time":"2021-09-28T14:00:10+00:00","article_modified_time":"2021-09-28T12:59:12+00:00","og_image":[{"width":1200,"height":800,"url":"https:\/\/www.radiomanchester.com.br\/fm\/wp-content\/uploads\/2021\/09\/1C777A3F-E1C2-4220-B0D1-76C5B1EDC1DB.jpeg","type":"image\/jpeg"}],"twitter_card":"summary_large_image","twitter_misc":{"Escrito por":"admin","Est. tempo de leitura":"1 minuto"},"schema":{"@context":"https:\/\/schema.org","@graph":[{"@type":"WebSite","@id":"https:\/\/www.radiomanchester.com.br\/fm\/#website","url":"https:\/\/www.radiomanchester.com.br\/fm\/","name":"Manchester FM 93,3","description":"Todo Mundo Ouve!","potentialAction":[{"@type":"SearchAction","target":{"@type":"EntryPoint","urlTemplate":"https:\/\/www.radiomanchester.com.br\/fm\/?s={search_term_string}"},"query-input":"required name=search_term_string"}],"inLanguage":"pt-BR"},{"@type":"ImageObject","@id":"https:\/\/www.radiomanchester.com.br\/fm\/apos-deixar-a-rede-tv-programa-encrenca-assina-com-a-band\/#primaryimage","inLanguage":"pt-BR","url":"https:\/\/www.radiomanchester.com.br\/fm\/wp-content\/uploads\/2021\/09\/1C777A3F-E1C2-4220-B0D1-76C5B1EDC1DB.jpeg","contentUrl":"https:\/\/www.radiomanchester.com.br\/fm\/wp-content\/uploads\/2021\/09\/1C777A3F-E1C2-4220-B0D1-76C5B1EDC1DB.jpeg","width":1200,"height":800},{"@type":"WebPage","@id":"https:\/\/www.radiomanchester.com.br\/fm\/apos-deixar-a-rede-tv-programa-encrenca-assina-com-a-band\/#webpage","url":"https:\/\/www.radiomanchester.com.br\/fm\/apos-deixar-a-rede-tv-programa-encrenca-assina-com-a-band\/","name":"Ap\u00f3s deixar a Rede TV! programa Encrenca assina com a Band - Manchester FM 93,3","isPartOf":{"@id":"https:\/\/www.radiomanchester.com.br\/fm\/#website"},"primaryImageOfPage":{"@id":"https:\/\/www.radiomanchester.com.br\/fm\/apos-deixar-a-rede-tv-programa-encrenca-assina-com-a-band\/#primaryimage"},"datePublished":"2021-09-28T14:00:10+00:00","dateModified":"2021-09-28T12:59:12+00:00","author":{"@id":"https:\/\/www.radiomanchester.com.br\/fm\/#\/schema\/person\/408a7b4d4e32cbebd90e2782852abca3"},"breadcrumb":{"@id":"https:\/\/www.radiomanchester.com.br\/fm\/apos-deixar-a-rede-tv-programa-encrenca-assina-com-a-band\/#breadcrumb"},"inLanguage":"pt-BR","potentialAction":[{"@type":"ReadAction","target":["https:\/\/www.radiomanchester.com.br\/fm\/apos-deixar-a-rede-tv-programa-encrenca-assina-com-a-band\/"]}]},{"@type":"BreadcrumbList","@id":"https:\/\/www.radiomanchester.com.br\/fm\/apos-deixar-a-rede-tv-programa-encrenca-assina-com-a-band\/#breadcrumb","itemListElement":[{"@type":"ListItem","position":1,"name":"Home","item":"https:\/\/www.radiomanchester.com.br\/fm\/"},{"@type":"ListItem","position":2,"name":"Ap\u00f3s deixar a Rede TV! programa Encrenca assina com a Band"}]},{"@type":"Person","@id":"https:\/\/www.radiomanchester.com.br\/fm\/#\/schema\/person\/408a7b4d4e32cbebd90e2782852abca3","name":"admin","image":{"@type":"ImageObject","@id":"https:\/\/www.radiomanchester.com.br\/fm\/#personlogo","inLanguage":"pt-BR","url":"https:\/\/secure.gravatar.com\/avatar\/115a974dba3376872eb3addeb276301c?s=96&d=mm&r=g","contentUrl":"https:\/\/secure.gravatar.com\/avatar\/115a974dba3376872eb3addeb276301c?s=96&d=mm&r=g","caption":"admin"},"url":"https:\/\/www.radiomanchester.com.br\/fm\/author\/admin\/"}]}},"_links":{"self":[{"href":"https:\/\/www.radiomanchester.com.br\/fm\/wp-json\/wp\/v2\/posts\/6064"}],"collection":[{"href":"https:\/\/www.radiomanchester.com.br\/fm\/wp-json\/wp\/v2\/posts"}],"about":[{"href":"https:\/\/www.radiomanchester.com.br\/fm\/wp-json\/wp\/v2\/types\/post"}],"author":[{"embeddable":true,"href":"https:\/\/www.radiomanchester.com.br\/fm\/wp-json\/wp\/v2\/users\/1"}],"replies":[{"embeddable":true,"href":"https:\/\/www.radiomanchester.com.br\/fm\/wp-json\/wp\/v2\/comments?post=6064"}],"version-history":[{"count":1,"href":"https:\/\/www.radiomanchester.com.br\/fm\/wp-json\/wp\/v2\/posts\/6064\/revisions"}],"predecessor-version":[{"id":6066,"href":"https:\/\/www.radiomanchester.com.br\/fm\/wp-json\/wp\/v2\/posts\/6064\/revisions\/6066"}],"wp:featuredmedia":[{"embeddable":true,"href":"https:\/\/www.radiomanchester.com.br\/fm\/wp-json\/wp\/v2\/media\/6065"}],"wp:attachment":[{"href":"https:\/\/www.radiomanchester.com.br\/fm\/wp-json\/wp\/v2\/media?parent=6064"}],"wp:term":[{"taxonomy":"category","embeddable":true,"href":"https:\/\/www.radiomanchester.com.br\/fm\/wp-json\/wp\/v2\/categories?post=6064"},{"taxonomy":"post_tag","embeddable":true,"href":"https:\/\/www.radiomanchester.com.br\/fm\/wp-json\/wp\/v2\/tags?post=6064"}],"curies":[{"name":"wp","href":"https:\/\/api.w.org\/{rel}","templated":true}]}}