{"id":6564,"date":"2021-11-15T07:47:54","date_gmt":"2021-11-15T09:47:54","guid":{"rendered":"http:\/\/www.radiomanchester.com.br\/fm\/?p=6564"},"modified":"2021-11-15T07:47:56","modified_gmt":"2021-11-15T09:47:56","slug":"voce-sabe-qual-significado-da-proclamacao-da-republica","status":"publish","type":"post","link":"https:\/\/www.radiomanchester.com.br\/fm\/voce-sabe-qual-significado-da-proclamacao-da-republica\/","title":{"rendered":"Voc\u00ea sabe qual significado da Proclama\u00e7\u00e3o da Rep\u00fablica?"},"content":{"rendered":"\n<p>A gente come\u00e7a lembrando os 100 anos da morte da Princesa Isabel&nbsp;no dia 14 de novembro. J\u00e1 hoje, segunda-feira, dia 15, o Brasil celebra os 132 anos da Rep\u00fablica, data que \u00e9 feriado nacional.<\/p>\n\n\n\n<p>No \u00e2mbito dos direitos humanos, temos importantes marcos como o Dia Internacional para a Toler\u00e2ncia, o Dia Nacional de Zumbi e da Consci\u00eancia Negra. A semana tem,&nbsp;ainda, o Dia Mundial do Diabetes, o Dia Nacional da Umbanda e o Dia Internacional do Patrim\u00f4nio Mundial.<\/p>\n\n\n\n<p><strong>Princesa Isabel<\/strong><\/p>\n\n\n\n<p>H\u00e1 100 anos, no dia 14 de novembro, morria a princesa Isabel. Filha do Imperador Dom Pedro II e da Imperatriz Tereza Cristina, Isabel tornou-se a herdeira do trono brasileiro ap\u00f3s a morte prematura do irm\u00e3o mais velho.\u00a0A princesa\u00a0chegou a ser a\u00a0regente do Imp\u00e9rio em tr\u00eas ocasi\u00f5es, sempre durante as viagens de Dom\u00a0Pedro II \u00e0 Europa, e assinou durante esse per\u00edodo\u00a0a Lei do Ventre Livre,\u00a0que tornava livre os filhos de escravos, e a\u00a0Lei \u00c1urea\u00a0que aboliu a escravid\u00e3o no Brasil.\u00a0<\/p>\n\n\n\n<p>A lei conta com apenas dois artigos, que foram aprovados com rapidez, pois a proposta era considerada urgente e um anseio nacional dos senadores da \u00e9poca. Em 2019, o programa Revista Brasil, da\u00a0Empresa Brasil de Comunica\u00e7\u00e3o\u00a0(EBC), entrevistou o trineto da princesa sobre os\u00a0131 anos da Lei \u00c1urea.\u00a0 Al\u00e9m disso, em 2018, o Hist\u00f3ria Hoje lembrava os\u00a097 anos de morte da princesa regente.<\/p>\n\n\n\n<p><strong>O nascimento da Rep\u00fablica<\/strong><\/p>\n\n\n\n<p>A\u00a0Proclama\u00e7\u00e3o da Rep\u00fablica\u00a0ocorreu um ano e meio ap\u00f3s a aboli\u00e7\u00e3o da escravatura. No dia 15 de novembro de 1889, o marechal Deodoro da Fonseca saiu de sua casa no centro do Rio de Janeiro, pr\u00f3ximo \u00e0 Central do Brasil, para proclamar a Rep\u00fablica acompanhado por uma tropa de cerca de mil militares.<\/p>\n\n\n\n<figure class=\"wp-block-image size-medium\"><img loading=\"lazy\" width=\"300\" height=\"153\" src=\"http:\/\/www.radiomanchester.com.br\/fm\/wp-content\/uploads\/2021\/11\/F613FB92-2C95-4DC8-9301-CC64612931F2-300x153.jpeg\" alt=\"\" class=\"wp-image-6565\" srcset=\"https:\/\/www.radiomanchester.com.br\/fm\/wp-content\/uploads\/2021\/11\/F613FB92-2C95-4DC8-9301-CC64612931F2-300x153.jpeg 300w, https:\/\/www.radiomanchester.com.br\/fm\/wp-content\/uploads\/2021\/11\/F613FB92-2C95-4DC8-9301-CC64612931F2-1024x523.jpeg 1024w, https:\/\/www.radiomanchester.com.br\/fm\/wp-content\/uploads\/2021\/11\/F613FB92-2C95-4DC8-9301-CC64612931F2-768x393.jpeg 768w, https:\/\/www.radiomanchester.com.br\/fm\/wp-content\/uploads\/2021\/11\/F613FB92-2C95-4DC8-9301-CC64612931F2.jpeg 1076w\" sizes=\"(max-width: 300px) 100vw, 300px\" \/><\/figure>\n\n\n\n<p>Por Ag\u00eancia Brasil &#8211; foto: Ag\u00eancia Brasil&nbsp;<\/p>\n","protected":false},"excerpt":{"rendered":"<p class=\"excerpt\">A gente come\u00e7a lembrando os 100 anos da morte da Princesa Isabel&nbsp;no dia 14 de novembro. J\u00e1 hoje, segunda-feira, dia 15, o Brasil celebra os 132 anos da Rep\u00fablica, data que \u00e9 feriado nacional. No \u00e2mbito dos direitos humanos, temos importantes marcos como o Dia Internacional para a Toler\u00e2ncia, o Dia Nacional de Zumbi e [&hellip;]<\/p>\n","protected":false},"author":1,"featured_media":6565,"comment_status":"open","ping_status":"open","sticky":false,"template":"","format":"standard","meta":[],"categories":[8,17],"tags":[],"yoast_head":"<!-- This site is optimized with the Yoast SEO plugin v18.3 - https:\/\/yoast.com\/wordpress\/plugins\/seo\/ -->\n<title>Voc\u00ea sabe qual significado da Proclama\u00e7\u00e3o da Rep\u00fablica? - Manchester FM 93,3<\/title>\n<meta name=\"robots\" content=\"index, follow, max-snippet:-1, max-image-preview:large, max-video-preview:-1\" \/>\n<link rel=\"canonical\" href=\"https:\/\/www.radiomanchester.com.br\/fm\/voce-sabe-qual-significado-da-proclamacao-da-republica\/\" \/>\n<meta property=\"og:locale\" content=\"pt_BR\" \/>\n<meta property=\"og:type\" content=\"article\" \/>\n<meta property=\"og:title\" content=\"Voc\u00ea sabe qual significado da Proclama\u00e7\u00e3o da Rep\u00fablica? - Manchester FM 93,3\" \/>\n<meta property=\"og:description\" content=\"A gente come\u00e7a lembrando os 100 anos da morte da Princesa Isabel&nbsp;no dia 14 de novembro. J\u00e1 hoje, segunda-feira, dia 15, o Brasil celebra os 132 anos da Rep\u00fablica, data que \u00e9 feriado nacional. No \u00e2mbito dos direitos humanos, temos importantes marcos como o Dia Internacional para a Toler\u00e2ncia, o Dia Nacional de Zumbi e [&hellip;]\" \/>\n<meta property=\"og:url\" content=\"https:\/\/www.radiomanchester.com.br\/fm\/voce-sabe-qual-significado-da-proclamacao-da-republica\/\" \/>\n<meta property=\"og:site_name\" content=\"Manchester FM 93,3\" \/>\n<meta property=\"article:published_time\" content=\"2021-11-15T09:47:54+00:00\" \/>\n<meta property=\"article:modified_time\" content=\"2021-11-15T09:47:56+00:00\" \/>\n<meta property=\"og:image\" content=\"https:\/\/www.radiomanchester.com.br\/fm\/wp-content\/uploads\/2021\/11\/F613FB92-2C95-4DC8-9301-CC64612931F2.jpeg\" \/>\n\t<meta property=\"og:image:width\" content=\"1076\" \/>\n\t<meta property=\"og:image:height\" content=\"550\" \/>\n\t<meta property=\"og:image:type\" content=\"image\/jpeg\" \/>\n<meta name=\"twitter:card\" content=\"summary_large_image\" \/>\n<meta name=\"twitter:label1\" content=\"Escrito por\" \/>\n\t<meta name=\"twitter:data1\" content=\"admin\" \/>\n\t<meta name=\"twitter:label2\" content=\"Est. tempo de leitura\" \/>\n\t<meta name=\"twitter:data2\" content=\"2 minutos\" \/>\n<script type=\"application\/ld+json\" class=\"yoast-schema-graph\">{\"@context\":\"https:\/\/schema.org\",\"@graph\":[{\"@type\":\"WebSite\",\"@id\":\"https:\/\/www.radiomanchester.com.br\/fm\/#website\",\"url\":\"https:\/\/www.radiomanchester.com.br\/fm\/\",\"name\":\"Manchester FM 93,3\",\"description\":\"Todo Mundo Ouve!\",\"potentialAction\":[{\"@type\":\"SearchAction\",\"target\":{\"@type\":\"EntryPoint\",\"urlTemplate\":\"https:\/\/www.radiomanchester.com.br\/fm\/?s={search_term_string}\"},\"query-input\":\"required name=search_term_string\"}],\"inLanguage\":\"pt-BR\"},{\"@type\":\"ImageObject\",\"@id\":\"https:\/\/www.radiomanchester.com.br\/fm\/voce-sabe-qual-significado-da-proclamacao-da-republica\/#primaryimage\",\"inLanguage\":\"pt-BR\",\"url\":\"https:\/\/www.radiomanchester.com.br\/fm\/wp-content\/uploads\/2021\/11\/F613FB92-2C95-4DC8-9301-CC64612931F2.jpeg\",\"contentUrl\":\"https:\/\/www.radiomanchester.com.br\/fm\/wp-content\/uploads\/2021\/11\/F613FB92-2C95-4DC8-9301-CC64612931F2.jpeg\",\"width\":1076,\"height\":550},{\"@type\":\"WebPage\",\"@id\":\"https:\/\/www.radiomanchester.com.br\/fm\/voce-sabe-qual-significado-da-proclamacao-da-republica\/#webpage\",\"url\":\"https:\/\/www.radiomanchester.com.br\/fm\/voce-sabe-qual-significado-da-proclamacao-da-republica\/\",\"name\":\"Voc\u00ea sabe qual significado da Proclama\u00e7\u00e3o da Rep\u00fablica? - Manchester FM 93,3\",\"isPartOf\":{\"@id\":\"https:\/\/www.radiomanchester.com.br\/fm\/#website\"},\"primaryImageOfPage\":{\"@id\":\"https:\/\/www.radiomanchester.com.br\/fm\/voce-sabe-qual-significado-da-proclamacao-da-republica\/#primaryimage\"},\"datePublished\":\"2021-11-15T09:47:54+00:00\",\"dateModified\":\"2021-11-15T09:47:56+00:00\",\"author\":{\"@id\":\"https:\/\/www.radiomanchester.com.br\/fm\/#\/schema\/person\/408a7b4d4e32cbebd90e2782852abca3\"},\"breadcrumb\":{\"@id\":\"https:\/\/www.radiomanchester.com.br\/fm\/voce-sabe-qual-significado-da-proclamacao-da-republica\/#breadcrumb\"},\"inLanguage\":\"pt-BR\",\"potentialAction\":[{\"@type\":\"ReadAction\",\"target\":[\"https:\/\/www.radiomanchester.com.br\/fm\/voce-sabe-qual-significado-da-proclamacao-da-republica\/\"]}]},{\"@type\":\"BreadcrumbList\",\"@id\":\"https:\/\/www.radiomanchester.com.br\/fm\/voce-sabe-qual-significado-da-proclamacao-da-republica\/#breadcrumb\",\"itemListElement\":[{\"@type\":\"ListItem\",\"position\":1,\"name\":\"Home\",\"item\":\"https:\/\/www.radiomanchester.com.br\/fm\/\"},{\"@type\":\"ListItem\",\"position\":2,\"name\":\"Voc\u00ea sabe qual significado da Proclama\u00e7\u00e3o da Rep\u00fablica?\"}]},{\"@type\":\"Person\",\"@id\":\"https:\/\/www.radiomanchester.com.br\/fm\/#\/schema\/person\/408a7b4d4e32cbebd90e2782852abca3\",\"name\":\"admin\",\"image\":{\"@type\":\"ImageObject\",\"@id\":\"https:\/\/www.radiomanchester.com.br\/fm\/#personlogo\",\"inLanguage\":\"pt-BR\",\"url\":\"https:\/\/secure.gravatar.com\/avatar\/115a974dba3376872eb3addeb276301c?s=96&d=mm&r=g\",\"contentUrl\":\"https:\/\/secure.gravatar.com\/avatar\/115a974dba3376872eb3addeb276301c?s=96&d=mm&r=g\",\"caption\":\"admin\"},\"url\":\"https:\/\/www.radiomanchester.com.br\/fm\/author\/admin\/\"}]}<\/script>\n<!-- \/ Yoast SEO plugin. -->","yoast_head_json":{"title":"Voc\u00ea sabe qual significado da Proclama\u00e7\u00e3o da Rep\u00fablica? - Manchester FM 93,3","robots":{"index":"index","follow":"follow","max-snippet":"max-snippet:-1","max-image-preview":"max-image-preview:large","max-video-preview":"max-video-preview:-1"},"canonical":"https:\/\/www.radiomanchester.com.br\/fm\/voce-sabe-qual-significado-da-proclamacao-da-republica\/","og_locale":"pt_BR","og_type":"article","og_title":"Voc\u00ea sabe qual significado da Proclama\u00e7\u00e3o da Rep\u00fablica? - Manchester FM 93,3","og_description":"A gente come\u00e7a lembrando os 100 anos da morte da Princesa Isabel&nbsp;no dia 14 de novembro. J\u00e1 hoje, segunda-feira, dia 15, o Brasil celebra os 132 anos da Rep\u00fablica, data que \u00e9 feriado nacional. No \u00e2mbito dos direitos humanos, temos importantes marcos como o Dia Internacional para a Toler\u00e2ncia, o Dia Nacional de Zumbi e [&hellip;]","og_url":"https:\/\/www.radiomanchester.com.br\/fm\/voce-sabe-qual-significado-da-proclamacao-da-republica\/","og_site_name":"Manchester FM 93,3","article_published_time":"2021-11-15T09:47:54+00:00","article_modified_time":"2021-11-15T09:47:56+00:00","og_image":[{"width":1076,"height":550,"url":"https:\/\/www.radiomanchester.com.br\/fm\/wp-content\/uploads\/2021\/11\/F613FB92-2C95-4DC8-9301-CC64612931F2.jpeg","type":"image\/jpeg"}],"twitter_card":"summary_large_image","twitter_misc":{"Escrito por":"admin","Est. tempo de leitura":"2 minutos"},"schema":{"@context":"https:\/\/schema.org","@graph":[{"@type":"WebSite","@id":"https:\/\/www.radiomanchester.com.br\/fm\/#website","url":"https:\/\/www.radiomanchester.com.br\/fm\/","name":"Manchester FM 93,3","description":"Todo Mundo Ouve!","potentialAction":[{"@type":"SearchAction","target":{"@type":"EntryPoint","urlTemplate":"https:\/\/www.radiomanchester.com.br\/fm\/?s={search_term_string}"},"query-input":"required name=search_term_string"}],"inLanguage":"pt-BR"},{"@type":"ImageObject","@id":"https:\/\/www.radiomanchester.com.br\/fm\/voce-sabe-qual-significado-da-proclamacao-da-republica\/#primaryimage","inLanguage":"pt-BR","url":"https:\/\/www.radiomanchester.com.br\/fm\/wp-content\/uploads\/2021\/11\/F613FB92-2C95-4DC8-9301-CC64612931F2.jpeg","contentUrl":"https:\/\/www.radiomanchester.com.br\/fm\/wp-content\/uploads\/2021\/11\/F613FB92-2C95-4DC8-9301-CC64612931F2.jpeg","width":1076,"height":550},{"@type":"WebPage","@id":"https:\/\/www.radiomanchester.com.br\/fm\/voce-sabe-qual-significado-da-proclamacao-da-republica\/#webpage","url":"https:\/\/www.radiomanchester.com.br\/fm\/voce-sabe-qual-significado-da-proclamacao-da-republica\/","name":"Voc\u00ea sabe qual significado da Proclama\u00e7\u00e3o da Rep\u00fablica? - Manchester FM 93,3","isPartOf":{"@id":"https:\/\/www.radiomanchester.com.br\/fm\/#website"},"primaryImageOfPage":{"@id":"https:\/\/www.radiomanchester.com.br\/fm\/voce-sabe-qual-significado-da-proclamacao-da-republica\/#primaryimage"},"datePublished":"2021-11-15T09:47:54+00:00","dateModified":"2021-11-15T09:47:56+00:00","author":{"@id":"https:\/\/www.radiomanchester.com.br\/fm\/#\/schema\/person\/408a7b4d4e32cbebd90e2782852abca3"},"breadcrumb":{"@id":"https:\/\/www.radiomanchester.com.br\/fm\/voce-sabe-qual-significado-da-proclamacao-da-republica\/#breadcrumb"},"inLanguage":"pt-BR","potentialAction":[{"@type":"ReadAction","target":["https:\/\/www.radiomanchester.com.br\/fm\/voce-sabe-qual-significado-da-proclamacao-da-republica\/"]}]},{"@type":"BreadcrumbList","@id":"https:\/\/www.radiomanchester.com.br\/fm\/voce-sabe-qual-significado-da-proclamacao-da-republica\/#breadcrumb","itemListElement":[{"@type":"ListItem","position":1,"name":"Home","item":"https:\/\/www.radiomanchester.com.br\/fm\/"},{"@type":"ListItem","position":2,"name":"Voc\u00ea sabe qual significado da Proclama\u00e7\u00e3o da Rep\u00fablica?"}]},{"@type":"Person","@id":"https:\/\/www.radiomanchester.com.br\/fm\/#\/schema\/person\/408a7b4d4e32cbebd90e2782852abca3","name":"admin","image":{"@type":"ImageObject","@id":"https:\/\/www.radiomanchester.com.br\/fm\/#personlogo","inLanguage":"pt-BR","url":"https:\/\/secure.gravatar.com\/avatar\/115a974dba3376872eb3addeb276301c?s=96&d=mm&r=g","contentUrl":"https:\/\/secure.gravatar.com\/avatar\/115a974dba3376872eb3addeb276301c?s=96&d=mm&r=g","caption":"admin"},"url":"https:\/\/www.radiomanchester.com.br\/fm\/author\/admin\/"}]}},"_links":{"self":[{"href":"https:\/\/www.radiomanchester.com.br\/fm\/wp-json\/wp\/v2\/posts\/6564"}],"collection":[{"href":"https:\/\/www.radiomanchester.com.br\/fm\/wp-json\/wp\/v2\/posts"}],"about":[{"href":"https:\/\/www.radiomanchester.com.br\/fm\/wp-json\/wp\/v2\/types\/post"}],"author":[{"embeddable":true,"href":"https:\/\/www.radiomanchester.com.br\/fm\/wp-json\/wp\/v2\/users\/1"}],"replies":[{"embeddable":true,"href":"https:\/\/www.radiomanchester.com.br\/fm\/wp-json\/wp\/v2\/comments?post=6564"}],"version-history":[{"count":1,"href":"https:\/\/www.radiomanchester.com.br\/fm\/wp-json\/wp\/v2\/posts\/6564\/revisions"}],"predecessor-version":[{"id":6566,"href":"https:\/\/www.radiomanchester.com.br\/fm\/wp-json\/wp\/v2\/posts\/6564\/revisions\/6566"}],"wp:featuredmedia":[{"embeddable":true,"href":"https:\/\/www.radiomanchester.com.br\/fm\/wp-json\/wp\/v2\/media\/6565"}],"wp:attachment":[{"href":"https:\/\/www.radiomanchester.com.br\/fm\/wp-json\/wp\/v2\/media?parent=6564"}],"wp:term":[{"taxonomy":"category","embeddable":true,"href":"https:\/\/www.radiomanchester.com.br\/fm\/wp-json\/wp\/v2\/categories?post=6564"},{"taxonomy":"post_tag","embeddable":true,"href":"https:\/\/www.radiomanchester.com.br\/fm\/wp-json\/wp\/v2\/tags?post=6564"}],"curies":[{"name":"wp","href":"https:\/\/api.w.org\/{rel}","templated":true}]}}