{"id":6753,"date":"2021-12-08T14:07:27","date_gmt":"2021-12-08T16:07:27","guid":{"rendered":"http:\/\/www.radiomanchester.com.br\/fm\/?p=6753"},"modified":"2021-12-08T14:07:31","modified_gmt":"2021-12-08T16:07:31","slug":"gremio-nao-libera-douglas-costa-para-o-proprio-casamento","status":"publish","type":"post","link":"https:\/\/www.radiomanchester.com.br\/fm\/gremio-nao-libera-douglas-costa-para-o-proprio-casamento\/","title":{"rendered":"Gr\u00eamio n\u00e3o libera Douglas Costa para o pr\u00f3prio casamento"},"content":{"rendered":"\n<p>Uma das estrelas do time do Gr\u00eamio, o jogador Douglas Costa teve que adiar mais uma vez a festa que montou no refinado hotel Copacabana Palace, na Zona Sul do Rio de Janeiro. O ex-jogador da sele\u00e7\u00e3o brasileira iria celebrar sua uni\u00e3o com a modelo Nathalia F\u00e9lix, na noite de ter\u00e7a-feira, 07 de dezembro, mas a diretoria gremista n\u00e3o deixou o meia-atacante ir. O clube, que paga mensalmente um sal\u00e1rio de R$ 1,5 milh\u00e3o ao atleta e enfrenta uma amea\u00e7a severa de rebaixamento no Campeonato Brasileiro, motivo pelo qual n\u00e3o liberou o jogador para a festa. Na \u00faltima rodada, o clube precisa vencer o campe\u00e3o Atl\u00e9tico-MG, e ainda torcer por uma combina\u00e7\u00e3o de resultados para permanecer na S\u00e9rie A, na quinta-feira, 09 de Dezembro, na Arena, \u00e0s 21h30.<\/p>\n\n\n\n<p>O agito teria show do Sorriso Maroto e seria a celebra\u00e7\u00e3o de Douglas e a mulher com os amigos e familiares mais pr\u00f3ximos, muitos deles famosos, j\u00e1 que o casamento aconteceu fora do Brasil, em julho deste ano.&nbsp;<\/p>\n\n\n\n<p>\u201cPrezado convidado, informamos que infelizmente, por motivo de impedimento profissional, o casamento de Nathalia Felix e Douglas Costa teve que ser adiado. Lamentamos o inconveniente e contamos com sua compreens\u00e3o. Oportunamente informaremos uma nova data\u201d, dizia a mensagem enviada pelo cerimonialista Roberto Cohen ao convidados.Esta n\u00e3o foi a primeira vez que a festa de casamento do jogador foi adiada. Douglas Costa havia planejado fazer a cerim\u00f4nia religiosa e a festa no Copa em junho deste ano, logo depois de terem casado no civil. Mas o hotel cancelou a festa por causa da pandemia. O Copacabana Palace havia sido multado em R$ 15 mil por conta de uma outra festa algumas semanas antes. Na primeira festa programada, o casal teria o show do Belo. Os noivos fizeram apenas uma celebra\u00e7\u00e3o \u00edntima, posando para fotos ao lado do bolo, na Rep\u00fablica Dominicana, deixando a festa com os amigos para depois.<\/p>\n\n\n\n<p>Jogador arquiva fotos do time&nbsp;<\/p>\n\n\n\n<p>Diante do veto para que participasse da pr\u00f3pria festa de casamento, o meia-atacante Douglas Costa se irritou, claro, e tomou uma medida que intrigou os torcedores gremistas. O atleta excluiu ou pelo menos arquivou as fotos de seu perfil do Instagram, relacionadas ao clube. Apenas uma ao lado dos colegas dentro de um avi\u00e3o, com todos uniformizados pelo tricolor, foi mantida pelo camisa 10.<\/p>\n\n\n\n<p>A sua \u201cbio\u201d na rede social \u2013 a frase que fica logo no topo do perfil \u2013 &nbsp;dizia \u201ccria do Gr\u00eamio\u201d, mas foi apagada.<\/p>\n\n\n\n<p><strong>Nath\u00e1lia F\u00e9lix exclui perfil no Instagram<\/strong><\/p>\n\n\n\n<p>Os convidados foram pegos de surpresa com o adiamento do fest\u00e3o de casamento do jogador Douglas Costa e Nath\u00e1lia F\u00e9lix. Um detalhe chamou \u00e0 aten\u00e7\u00e3o: \u00e0s v\u00e9speras do casamento, a noiva excluiu seu perfil no Instagram, com mais de 500 mil seguidores.<\/p>\n\n\n\n<p>A modelo e influenciadora digital, Nath\u00e1lia Felix tinha a rede social como instrumento de trabalho. Nos \u00faltimos tempos, ela vinha sendo atacada por torcedores do Gr\u00eamio, que corre o risco de ser rebaixado para a s\u00e9rie B, e tomou a decis\u00e3o de excluir seu perfil. Antes, ela chegou a comunicar aos amigos que \u201csumiria\u201d das redes.<\/p>\n\n\n\n<figure class=\"wp-block-image size-medium\"><img loading=\"lazy\" width=\"300\" height=\"200\" src=\"http:\/\/www.radiomanchester.com.br\/fm\/wp-content\/uploads\/2021\/12\/1F19E933-4797-4FE9-BBD1-F10968CB76F0-300x200.jpeg\" alt=\"\" class=\"wp-image-6754\" srcset=\"https:\/\/www.radiomanchester.com.br\/fm\/wp-content\/uploads\/2021\/12\/1F19E933-4797-4FE9-BBD1-F10968CB76F0-300x200.jpeg 300w, https:\/\/www.radiomanchester.com.br\/fm\/wp-content\/uploads\/2021\/12\/1F19E933-4797-4FE9-BBD1-F10968CB76F0-1024x683.jpeg 1024w, https:\/\/www.radiomanchester.com.br\/fm\/wp-content\/uploads\/2021\/12\/1F19E933-4797-4FE9-BBD1-F10968CB76F0-768x512.jpeg 768w, https:\/\/www.radiomanchester.com.br\/fm\/wp-content\/uploads\/2021\/12\/1F19E933-4797-4FE9-BBD1-F10968CB76F0.jpeg 1200w\" sizes=\"(max-width: 300px) 100vw, 300px\" \/><\/figure>\n\n\n\n<p>Por OFuxico &#8211; foto: redes sociais&nbsp;<\/p>\n","protected":false},"excerpt":{"rendered":"<p class=\"excerpt\">Uma das estrelas do time do Gr\u00eamio, o jogador Douglas Costa teve que adiar mais uma vez a festa que montou no refinado hotel Copacabana Palace, na Zona Sul do Rio de Janeiro. O ex-jogador da sele\u00e7\u00e3o brasileira iria celebrar sua uni\u00e3o com a modelo Nathalia F\u00e9lix, na noite de ter\u00e7a-feira, 07 de dezembro, mas [&hellip;]<\/p>\n","protected":false},"author":1,"featured_media":6754,"comment_status":"open","ping_status":"open","sticky":false,"template":"","format":"standard","meta":[],"categories":[8,17],"tags":[],"yoast_head":"<!-- This site is optimized with the Yoast SEO plugin v18.3 - https:\/\/yoast.com\/wordpress\/plugins\/seo\/ -->\n<title>Gr\u00eamio n\u00e3o libera Douglas Costa para o pr\u00f3prio casamento - Manchester FM 93,3<\/title>\n<meta name=\"robots\" content=\"index, follow, max-snippet:-1, max-image-preview:large, max-video-preview:-1\" \/>\n<link rel=\"canonical\" href=\"https:\/\/www.radiomanchester.com.br\/fm\/gremio-nao-libera-douglas-costa-para-o-proprio-casamento\/\" \/>\n<meta property=\"og:locale\" content=\"pt_BR\" \/>\n<meta property=\"og:type\" content=\"article\" \/>\n<meta property=\"og:title\" content=\"Gr\u00eamio n\u00e3o libera Douglas Costa para o pr\u00f3prio casamento - Manchester FM 93,3\" \/>\n<meta property=\"og:description\" content=\"Uma das estrelas do time do Gr\u00eamio, o jogador Douglas Costa teve que adiar mais uma vez a festa que montou no refinado hotel Copacabana Palace, na Zona Sul do Rio de Janeiro. O ex-jogador da sele\u00e7\u00e3o brasileira iria celebrar sua uni\u00e3o com a modelo Nathalia F\u00e9lix, na noite de ter\u00e7a-feira, 07 de dezembro, mas [&hellip;]\" \/>\n<meta property=\"og:url\" content=\"https:\/\/www.radiomanchester.com.br\/fm\/gremio-nao-libera-douglas-costa-para-o-proprio-casamento\/\" \/>\n<meta property=\"og:site_name\" content=\"Manchester FM 93,3\" \/>\n<meta property=\"article:published_time\" content=\"2021-12-08T16:07:27+00:00\" \/>\n<meta property=\"article:modified_time\" content=\"2021-12-08T16:07:31+00:00\" \/>\n<meta property=\"og:image\" content=\"https:\/\/www.radiomanchester.com.br\/fm\/wp-content\/uploads\/2021\/12\/1F19E933-4797-4FE9-BBD1-F10968CB76F0.jpeg\" \/>\n\t<meta property=\"og:image:width\" content=\"1200\" \/>\n\t<meta property=\"og:image:height\" content=\"800\" \/>\n\t<meta property=\"og:image:type\" content=\"image\/jpeg\" \/>\n<meta name=\"twitter:card\" content=\"summary_large_image\" \/>\n<meta name=\"twitter:label1\" content=\"Escrito por\" \/>\n\t<meta name=\"twitter:data1\" content=\"admin\" \/>\n\t<meta name=\"twitter:label2\" content=\"Est. tempo de leitura\" \/>\n\t<meta name=\"twitter:data2\" content=\"3 minutos\" \/>\n<script type=\"application\/ld+json\" class=\"yoast-schema-graph\">{\"@context\":\"https:\/\/schema.org\",\"@graph\":[{\"@type\":\"WebSite\",\"@id\":\"https:\/\/www.radiomanchester.com.br\/fm\/#website\",\"url\":\"https:\/\/www.radiomanchester.com.br\/fm\/\",\"name\":\"Manchester FM 93,3\",\"description\":\"Todo Mundo Ouve!\",\"potentialAction\":[{\"@type\":\"SearchAction\",\"target\":{\"@type\":\"EntryPoint\",\"urlTemplate\":\"https:\/\/www.radiomanchester.com.br\/fm\/?s={search_term_string}\"},\"query-input\":\"required name=search_term_string\"}],\"inLanguage\":\"pt-BR\"},{\"@type\":\"ImageObject\",\"@id\":\"https:\/\/www.radiomanchester.com.br\/fm\/gremio-nao-libera-douglas-costa-para-o-proprio-casamento\/#primaryimage\",\"inLanguage\":\"pt-BR\",\"url\":\"https:\/\/www.radiomanchester.com.br\/fm\/wp-content\/uploads\/2021\/12\/1F19E933-4797-4FE9-BBD1-F10968CB76F0.jpeg\",\"contentUrl\":\"https:\/\/www.radiomanchester.com.br\/fm\/wp-content\/uploads\/2021\/12\/1F19E933-4797-4FE9-BBD1-F10968CB76F0.jpeg\",\"width\":1200,\"height\":800},{\"@type\":\"WebPage\",\"@id\":\"https:\/\/www.radiomanchester.com.br\/fm\/gremio-nao-libera-douglas-costa-para-o-proprio-casamento\/#webpage\",\"url\":\"https:\/\/www.radiomanchester.com.br\/fm\/gremio-nao-libera-douglas-costa-para-o-proprio-casamento\/\",\"name\":\"Gr\u00eamio n\u00e3o libera Douglas Costa para o pr\u00f3prio casamento - Manchester FM 93,3\",\"isPartOf\":{\"@id\":\"https:\/\/www.radiomanchester.com.br\/fm\/#website\"},\"primaryImageOfPage\":{\"@id\":\"https:\/\/www.radiomanchester.com.br\/fm\/gremio-nao-libera-douglas-costa-para-o-proprio-casamento\/#primaryimage\"},\"datePublished\":\"2021-12-08T16:07:27+00:00\",\"dateModified\":\"2021-12-08T16:07:31+00:00\",\"author\":{\"@id\":\"https:\/\/www.radiomanchester.com.br\/fm\/#\/schema\/person\/408a7b4d4e32cbebd90e2782852abca3\"},\"breadcrumb\":{\"@id\":\"https:\/\/www.radiomanchester.com.br\/fm\/gremio-nao-libera-douglas-costa-para-o-proprio-casamento\/#breadcrumb\"},\"inLanguage\":\"pt-BR\",\"potentialAction\":[{\"@type\":\"ReadAction\",\"target\":[\"https:\/\/www.radiomanchester.com.br\/fm\/gremio-nao-libera-douglas-costa-para-o-proprio-casamento\/\"]}]},{\"@type\":\"BreadcrumbList\",\"@id\":\"https:\/\/www.radiomanchester.com.br\/fm\/gremio-nao-libera-douglas-costa-para-o-proprio-casamento\/#breadcrumb\",\"itemListElement\":[{\"@type\":\"ListItem\",\"position\":1,\"name\":\"Home\",\"item\":\"https:\/\/www.radiomanchester.com.br\/fm\/\"},{\"@type\":\"ListItem\",\"position\":2,\"name\":\"Gr\u00eamio n\u00e3o libera Douglas Costa para o pr\u00f3prio casamento\"}]},{\"@type\":\"Person\",\"@id\":\"https:\/\/www.radiomanchester.com.br\/fm\/#\/schema\/person\/408a7b4d4e32cbebd90e2782852abca3\",\"name\":\"admin\",\"image\":{\"@type\":\"ImageObject\",\"@id\":\"https:\/\/www.radiomanchester.com.br\/fm\/#personlogo\",\"inLanguage\":\"pt-BR\",\"url\":\"https:\/\/secure.gravatar.com\/avatar\/115a974dba3376872eb3addeb276301c?s=96&d=mm&r=g\",\"contentUrl\":\"https:\/\/secure.gravatar.com\/avatar\/115a974dba3376872eb3addeb276301c?s=96&d=mm&r=g\",\"caption\":\"admin\"},\"url\":\"https:\/\/www.radiomanchester.com.br\/fm\/author\/admin\/\"}]}<\/script>\n<!-- \/ Yoast SEO plugin. -->","yoast_head_json":{"title":"Gr\u00eamio n\u00e3o libera Douglas Costa para o pr\u00f3prio casamento - Manchester FM 93,3","robots":{"index":"index","follow":"follow","max-snippet":"max-snippet:-1","max-image-preview":"max-image-preview:large","max-video-preview":"max-video-preview:-1"},"canonical":"https:\/\/www.radiomanchester.com.br\/fm\/gremio-nao-libera-douglas-costa-para-o-proprio-casamento\/","og_locale":"pt_BR","og_type":"article","og_title":"Gr\u00eamio n\u00e3o libera Douglas Costa para o pr\u00f3prio casamento - Manchester FM 93,3","og_description":"Uma das estrelas do time do Gr\u00eamio, o jogador Douglas Costa teve que adiar mais uma vez a festa que montou no refinado hotel Copacabana Palace, na Zona Sul do Rio de Janeiro. O ex-jogador da sele\u00e7\u00e3o brasileira iria celebrar sua uni\u00e3o com a modelo Nathalia F\u00e9lix, na noite de ter\u00e7a-feira, 07 de dezembro, mas [&hellip;]","og_url":"https:\/\/www.radiomanchester.com.br\/fm\/gremio-nao-libera-douglas-costa-para-o-proprio-casamento\/","og_site_name":"Manchester FM 93,3","article_published_time":"2021-12-08T16:07:27+00:00","article_modified_time":"2021-12-08T16:07:31+00:00","og_image":[{"width":1200,"height":800,"url":"https:\/\/www.radiomanchester.com.br\/fm\/wp-content\/uploads\/2021\/12\/1F19E933-4797-4FE9-BBD1-F10968CB76F0.jpeg","type":"image\/jpeg"}],"twitter_card":"summary_large_image","twitter_misc":{"Escrito por":"admin","Est. tempo de leitura":"3 minutos"},"schema":{"@context":"https:\/\/schema.org","@graph":[{"@type":"WebSite","@id":"https:\/\/www.radiomanchester.com.br\/fm\/#website","url":"https:\/\/www.radiomanchester.com.br\/fm\/","name":"Manchester FM 93,3","description":"Todo Mundo Ouve!","potentialAction":[{"@type":"SearchAction","target":{"@type":"EntryPoint","urlTemplate":"https:\/\/www.radiomanchester.com.br\/fm\/?s={search_term_string}"},"query-input":"required name=search_term_string"}],"inLanguage":"pt-BR"},{"@type":"ImageObject","@id":"https:\/\/www.radiomanchester.com.br\/fm\/gremio-nao-libera-douglas-costa-para-o-proprio-casamento\/#primaryimage","inLanguage":"pt-BR","url":"https:\/\/www.radiomanchester.com.br\/fm\/wp-content\/uploads\/2021\/12\/1F19E933-4797-4FE9-BBD1-F10968CB76F0.jpeg","contentUrl":"https:\/\/www.radiomanchester.com.br\/fm\/wp-content\/uploads\/2021\/12\/1F19E933-4797-4FE9-BBD1-F10968CB76F0.jpeg","width":1200,"height":800},{"@type":"WebPage","@id":"https:\/\/www.radiomanchester.com.br\/fm\/gremio-nao-libera-douglas-costa-para-o-proprio-casamento\/#webpage","url":"https:\/\/www.radiomanchester.com.br\/fm\/gremio-nao-libera-douglas-costa-para-o-proprio-casamento\/","name":"Gr\u00eamio n\u00e3o libera Douglas Costa para o pr\u00f3prio casamento - Manchester FM 93,3","isPartOf":{"@id":"https:\/\/www.radiomanchester.com.br\/fm\/#website"},"primaryImageOfPage":{"@id":"https:\/\/www.radiomanchester.com.br\/fm\/gremio-nao-libera-douglas-costa-para-o-proprio-casamento\/#primaryimage"},"datePublished":"2021-12-08T16:07:27+00:00","dateModified":"2021-12-08T16:07:31+00:00","author":{"@id":"https:\/\/www.radiomanchester.com.br\/fm\/#\/schema\/person\/408a7b4d4e32cbebd90e2782852abca3"},"breadcrumb":{"@id":"https:\/\/www.radiomanchester.com.br\/fm\/gremio-nao-libera-douglas-costa-para-o-proprio-casamento\/#breadcrumb"},"inLanguage":"pt-BR","potentialAction":[{"@type":"ReadAction","target":["https:\/\/www.radiomanchester.com.br\/fm\/gremio-nao-libera-douglas-costa-para-o-proprio-casamento\/"]}]},{"@type":"BreadcrumbList","@id":"https:\/\/www.radiomanchester.com.br\/fm\/gremio-nao-libera-douglas-costa-para-o-proprio-casamento\/#breadcrumb","itemListElement":[{"@type":"ListItem","position":1,"name":"Home","item":"https:\/\/www.radiomanchester.com.br\/fm\/"},{"@type":"ListItem","position":2,"name":"Gr\u00eamio n\u00e3o libera Douglas Costa para o pr\u00f3prio casamento"}]},{"@type":"Person","@id":"https:\/\/www.radiomanchester.com.br\/fm\/#\/schema\/person\/408a7b4d4e32cbebd90e2782852abca3","name":"admin","image":{"@type":"ImageObject","@id":"https:\/\/www.radiomanchester.com.br\/fm\/#personlogo","inLanguage":"pt-BR","url":"https:\/\/secure.gravatar.com\/avatar\/115a974dba3376872eb3addeb276301c?s=96&d=mm&r=g","contentUrl":"https:\/\/secure.gravatar.com\/avatar\/115a974dba3376872eb3addeb276301c?s=96&d=mm&r=g","caption":"admin"},"url":"https:\/\/www.radiomanchester.com.br\/fm\/author\/admin\/"}]}},"_links":{"self":[{"href":"https:\/\/www.radiomanchester.com.br\/fm\/wp-json\/wp\/v2\/posts\/6753"}],"collection":[{"href":"https:\/\/www.radiomanchester.com.br\/fm\/wp-json\/wp\/v2\/posts"}],"about":[{"href":"https:\/\/www.radiomanchester.com.br\/fm\/wp-json\/wp\/v2\/types\/post"}],"author":[{"embeddable":true,"href":"https:\/\/www.radiomanchester.com.br\/fm\/wp-json\/wp\/v2\/users\/1"}],"replies":[{"embeddable":true,"href":"https:\/\/www.radiomanchester.com.br\/fm\/wp-json\/wp\/v2\/comments?post=6753"}],"version-history":[{"count":1,"href":"https:\/\/www.radiomanchester.com.br\/fm\/wp-json\/wp\/v2\/posts\/6753\/revisions"}],"predecessor-version":[{"id":6755,"href":"https:\/\/www.radiomanchester.com.br\/fm\/wp-json\/wp\/v2\/posts\/6753\/revisions\/6755"}],"wp:featuredmedia":[{"embeddable":true,"href":"https:\/\/www.radiomanchester.com.br\/fm\/wp-json\/wp\/v2\/media\/6754"}],"wp:attachment":[{"href":"https:\/\/www.radiomanchester.com.br\/fm\/wp-json\/wp\/v2\/media?parent=6753"}],"wp:term":[{"taxonomy":"category","embeddable":true,"href":"https:\/\/www.radiomanchester.com.br\/fm\/wp-json\/wp\/v2\/categories?post=6753"},{"taxonomy":"post_tag","embeddable":true,"href":"https:\/\/www.radiomanchester.com.br\/fm\/wp-json\/wp\/v2\/tags?post=6753"}],"curies":[{"name":"wp","href":"https:\/\/api.w.org\/{rel}","templated":true}]}}