{"id":7058,"date":"2022-01-15T07:30:00","date_gmt":"2022-01-15T09:30:00","guid":{"rendered":"https:\/\/www.radiomanchester.com.br\/fm\/?p=7058"},"modified":"2022-01-14T14:51:27","modified_gmt":"2022-01-14T16:51:27","slug":"chuvas-em-goias-cavalo-e-resgatado-apos-afundar-em-atoleiro-temos-video","status":"publish","type":"post","link":"https:\/\/www.radiomanchester.com.br\/fm\/chuvas-em-goias-cavalo-e-resgatado-apos-afundar-em-atoleiro-temos-video\/","title":{"rendered":"Chuvas em Goi\u00e1s: cavalo \u00e9 resgatado ap\u00f3s afundar em atoleiro; temos v\u00eddeo"},"content":{"rendered":"\n<p><br><em><strong>Caso foi registrado em Cavalcante, GO. Imagens mostram que o animal ficou com as pernas completamente envolvidas pelo barro<\/strong><\/em><\/p>\n\n\n\n<p>Um cavalo ficou preso em um atoleiro, em uma estrada de terra que virou uma lama\u00e7al, entre os munic\u00edpio de Cavalcante de Colinas do Sul, na regi\u00e3o da Chapada dos Veadeiros, no nordeste goiano. Um v\u00eddeo registrou o animal com as patas enterradas na lama, enquanto um homem tenta resgat\u00e1-lo do local. <strong>Veja o v\u00eddeo:<\/strong><\/p>\n\n\n\n<p>Na grava\u00e7\u00e3o, \u00e9 poss\u00edvel ouvir quando um segundo homem diz: \u201cO trem aqui n\u00e3o est\u00e1 bonito n\u00e3o, at\u00e9 cavalo est\u00e1 atolando. O parente ali foi entrar montado no cavalo achando que passava e deitou, ele e o cavalo\u201d.<\/p>\n\n\n\n<p>Os dois homens tiveram que arrastar o animal com a ajuda de uma corda para socorr\u00ea-lo. O bicho n\u00e3o sofreu ferimentos.<\/p>\n\n\n\n<p>Chuvas<br>A regi\u00e3o tem sido atingida por chuvas torrenciais desde dezembro. Na \u00e1rea da Chapada dos Veadeiros, especialmente, atoleiros t\u00eam se formado em diversos pontos das estradas, al\u00e9m de danos no asfalto, como a GO-118, engolida por uma eros\u00e3o.<\/p>\n\n\n\n<p>Nas \u00faltimas semanas t\u00eam sido comum que ve\u00edculos n\u00e3o consigam circular pelas vias.<\/p>\n\n\n\n<figure class=\"wp-block-image size-medium\"><img loading=\"lazy\" width=\"300\" height=\"201\" src=\"https:\/\/www.radiomanchester.com.br\/fm\/wp-content\/uploads\/2022\/01\/Sem-titulo-11-300x201.png\" alt=\"\" class=\"wp-image-7059\" srcset=\"https:\/\/www.radiomanchester.com.br\/fm\/wp-content\/uploads\/2022\/01\/Sem-titulo-11-300x201.png 300w, https:\/\/www.radiomanchester.com.br\/fm\/wp-content\/uploads\/2022\/01\/Sem-titulo-11.png 614w\" sizes=\"(max-width: 300px) 100vw, 300px\" \/><\/figure>\n\n\n\n<figure class=\"wp-block-video\"><video controls src=\"https:\/\/www.radiomanchester.com.br\/fm\/wp-content\/uploads\/2022\/01\/Cavalo-e-resgatado-apos-afundar-em-atoleiro-em-Goias.mp4\"><\/video><\/figure>\n\n\n\n<p>por Metropoles &#8211; imagens: reprodu\u00e7\u00e3o<\/p>\n","protected":false},"excerpt":{"rendered":"<p class=\"excerpt\">Caso foi registrado em Cavalcante, GO. Imagens mostram que o animal ficou com as pernas completamente envolvidas pelo barro Um cavalo ficou preso em um atoleiro, em uma estrada de terra que virou uma lama\u00e7al, entre os munic\u00edpio de Cavalcante de Colinas do Sul, na regi\u00e3o da Chapada dos Veadeiros, no nordeste goiano. Um v\u00eddeo [&hellip;]<\/p>\n","protected":false},"author":1,"featured_media":7059,"comment_status":"open","ping_status":"open","sticky":false,"template":"","format":"standard","meta":[],"categories":[8,17],"tags":[1202,83,92],"yoast_head":"<!-- This site is optimized with the Yoast SEO plugin v18.3 - https:\/\/yoast.com\/wordpress\/plugins\/seo\/ -->\n<title>Chuvas em Goi\u00e1s: cavalo \u00e9 resgatado ap\u00f3s afundar em atoleiro; temos v\u00eddeo - Manchester FM 93,3<\/title>\n<meta name=\"robots\" content=\"index, follow, max-snippet:-1, max-image-preview:large, max-video-preview:-1\" \/>\n<link rel=\"canonical\" href=\"https:\/\/www.radiomanchester.com.br\/fm\/chuvas-em-goias-cavalo-e-resgatado-apos-afundar-em-atoleiro-temos-video\/\" \/>\n<meta property=\"og:locale\" content=\"pt_BR\" \/>\n<meta property=\"og:type\" content=\"article\" \/>\n<meta property=\"og:title\" content=\"Chuvas em Goi\u00e1s: cavalo \u00e9 resgatado ap\u00f3s afundar em atoleiro; temos v\u00eddeo - Manchester FM 93,3\" \/>\n<meta property=\"og:description\" content=\"Caso foi registrado em Cavalcante, GO. Imagens mostram que o animal ficou com as pernas completamente envolvidas pelo barro Um cavalo ficou preso em um atoleiro, em uma estrada de terra que virou uma lama\u00e7al, entre os munic\u00edpio de Cavalcante de Colinas do Sul, na regi\u00e3o da Chapada dos Veadeiros, no nordeste goiano. Um v\u00eddeo [&hellip;]\" \/>\n<meta property=\"og:url\" content=\"https:\/\/www.radiomanchester.com.br\/fm\/chuvas-em-goias-cavalo-e-resgatado-apos-afundar-em-atoleiro-temos-video\/\" \/>\n<meta property=\"og:site_name\" content=\"Manchester FM 93,3\" \/>\n<meta property=\"article:published_time\" content=\"2022-01-15T09:30:00+00:00\" \/>\n<meta property=\"article:modified_time\" content=\"2022-01-14T16:51:27+00:00\" \/>\n<meta property=\"og:image\" content=\"https:\/\/www.radiomanchester.com.br\/fm\/wp-content\/uploads\/2022\/01\/Sem-titulo-11.png\" \/>\n\t<meta property=\"og:image:width\" content=\"614\" \/>\n\t<meta property=\"og:image:height\" content=\"411\" \/>\n\t<meta property=\"og:image:type\" content=\"image\/png\" \/>\n<meta name=\"twitter:card\" content=\"summary_large_image\" \/>\n<meta name=\"twitter:label1\" content=\"Escrito por\" \/>\n\t<meta name=\"twitter:data1\" content=\"admin\" \/>\n\t<meta name=\"twitter:label2\" content=\"Est. tempo de leitura\" \/>\n\t<meta name=\"twitter:data2\" content=\"1 minuto\" \/>\n<script type=\"application\/ld+json\" class=\"yoast-schema-graph\">{\"@context\":\"https:\/\/schema.org\",\"@graph\":[{\"@type\":\"WebSite\",\"@id\":\"https:\/\/www.radiomanchester.com.br\/fm\/#website\",\"url\":\"https:\/\/www.radiomanchester.com.br\/fm\/\",\"name\":\"Manchester FM 93,3\",\"description\":\"Todo Mundo Ouve!\",\"potentialAction\":[{\"@type\":\"SearchAction\",\"target\":{\"@type\":\"EntryPoint\",\"urlTemplate\":\"https:\/\/www.radiomanchester.com.br\/fm\/?s={search_term_string}\"},\"query-input\":\"required name=search_term_string\"}],\"inLanguage\":\"pt-BR\"},{\"@type\":\"ImageObject\",\"@id\":\"https:\/\/www.radiomanchester.com.br\/fm\/chuvas-em-goias-cavalo-e-resgatado-apos-afundar-em-atoleiro-temos-video\/#primaryimage\",\"inLanguage\":\"pt-BR\",\"url\":\"https:\/\/www.radiomanchester.com.br\/fm\/wp-content\/uploads\/2022\/01\/Sem-titulo-11.png\",\"contentUrl\":\"https:\/\/www.radiomanchester.com.br\/fm\/wp-content\/uploads\/2022\/01\/Sem-titulo-11.png\",\"width\":614,\"height\":411},{\"@type\":\"WebPage\",\"@id\":\"https:\/\/www.radiomanchester.com.br\/fm\/chuvas-em-goias-cavalo-e-resgatado-apos-afundar-em-atoleiro-temos-video\/#webpage\",\"url\":\"https:\/\/www.radiomanchester.com.br\/fm\/chuvas-em-goias-cavalo-e-resgatado-apos-afundar-em-atoleiro-temos-video\/\",\"name\":\"Chuvas em Goi\u00e1s: cavalo \u00e9 resgatado ap\u00f3s afundar em atoleiro; temos v\u00eddeo - Manchester FM 93,3\",\"isPartOf\":{\"@id\":\"https:\/\/www.radiomanchester.com.br\/fm\/#website\"},\"primaryImageOfPage\":{\"@id\":\"https:\/\/www.radiomanchester.com.br\/fm\/chuvas-em-goias-cavalo-e-resgatado-apos-afundar-em-atoleiro-temos-video\/#primaryimage\"},\"datePublished\":\"2022-01-15T09:30:00+00:00\",\"dateModified\":\"2022-01-14T16:51:27+00:00\",\"author\":{\"@id\":\"https:\/\/www.radiomanchester.com.br\/fm\/#\/schema\/person\/408a7b4d4e32cbebd90e2782852abca3\"},\"breadcrumb\":{\"@id\":\"https:\/\/www.radiomanchester.com.br\/fm\/chuvas-em-goias-cavalo-e-resgatado-apos-afundar-em-atoleiro-temos-video\/#breadcrumb\"},\"inLanguage\":\"pt-BR\",\"potentialAction\":[{\"@type\":\"ReadAction\",\"target\":[\"https:\/\/www.radiomanchester.com.br\/fm\/chuvas-em-goias-cavalo-e-resgatado-apos-afundar-em-atoleiro-temos-video\/\"]}]},{\"@type\":\"BreadcrumbList\",\"@id\":\"https:\/\/www.radiomanchester.com.br\/fm\/chuvas-em-goias-cavalo-e-resgatado-apos-afundar-em-atoleiro-temos-video\/#breadcrumb\",\"itemListElement\":[{\"@type\":\"ListItem\",\"position\":1,\"name\":\"Home\",\"item\":\"https:\/\/www.radiomanchester.com.br\/fm\/\"},{\"@type\":\"ListItem\",\"position\":2,\"name\":\"Chuvas em Goi\u00e1s: cavalo \u00e9 resgatado ap\u00f3s afundar em atoleiro; temos v\u00eddeo\"}]},{\"@type\":\"Person\",\"@id\":\"https:\/\/www.radiomanchester.com.br\/fm\/#\/schema\/person\/408a7b4d4e32cbebd90e2782852abca3\",\"name\":\"admin\",\"image\":{\"@type\":\"ImageObject\",\"@id\":\"https:\/\/www.radiomanchester.com.br\/fm\/#personlogo\",\"inLanguage\":\"pt-BR\",\"url\":\"https:\/\/secure.gravatar.com\/avatar\/115a974dba3376872eb3addeb276301c?s=96&d=mm&r=g\",\"contentUrl\":\"https:\/\/secure.gravatar.com\/avatar\/115a974dba3376872eb3addeb276301c?s=96&d=mm&r=g\",\"caption\":\"admin\"},\"url\":\"https:\/\/www.radiomanchester.com.br\/fm\/author\/admin\/\"}]}<\/script>\n<!-- \/ Yoast SEO plugin. -->","yoast_head_json":{"title":"Chuvas em Goi\u00e1s: cavalo \u00e9 resgatado ap\u00f3s afundar em atoleiro; temos v\u00eddeo - Manchester FM 93,3","robots":{"index":"index","follow":"follow","max-snippet":"max-snippet:-1","max-image-preview":"max-image-preview:large","max-video-preview":"max-video-preview:-1"},"canonical":"https:\/\/www.radiomanchester.com.br\/fm\/chuvas-em-goias-cavalo-e-resgatado-apos-afundar-em-atoleiro-temos-video\/","og_locale":"pt_BR","og_type":"article","og_title":"Chuvas em Goi\u00e1s: cavalo \u00e9 resgatado ap\u00f3s afundar em atoleiro; temos v\u00eddeo - Manchester FM 93,3","og_description":"Caso foi registrado em Cavalcante, GO. Imagens mostram que o animal ficou com as pernas completamente envolvidas pelo barro Um cavalo ficou preso em um atoleiro, em uma estrada de terra que virou uma lama\u00e7al, entre os munic\u00edpio de Cavalcante de Colinas do Sul, na regi\u00e3o da Chapada dos Veadeiros, no nordeste goiano. Um v\u00eddeo [&hellip;]","og_url":"https:\/\/www.radiomanchester.com.br\/fm\/chuvas-em-goias-cavalo-e-resgatado-apos-afundar-em-atoleiro-temos-video\/","og_site_name":"Manchester FM 93,3","article_published_time":"2022-01-15T09:30:00+00:00","article_modified_time":"2022-01-14T16:51:27+00:00","og_image":[{"width":614,"height":411,"url":"https:\/\/www.radiomanchester.com.br\/fm\/wp-content\/uploads\/2022\/01\/Sem-titulo-11.png","type":"image\/png"}],"twitter_card":"summary_large_image","twitter_misc":{"Escrito por":"admin","Est. tempo de leitura":"1 minuto"},"schema":{"@context":"https:\/\/schema.org","@graph":[{"@type":"WebSite","@id":"https:\/\/www.radiomanchester.com.br\/fm\/#website","url":"https:\/\/www.radiomanchester.com.br\/fm\/","name":"Manchester FM 93,3","description":"Todo Mundo Ouve!","potentialAction":[{"@type":"SearchAction","target":{"@type":"EntryPoint","urlTemplate":"https:\/\/www.radiomanchester.com.br\/fm\/?s={search_term_string}"},"query-input":"required name=search_term_string"}],"inLanguage":"pt-BR"},{"@type":"ImageObject","@id":"https:\/\/www.radiomanchester.com.br\/fm\/chuvas-em-goias-cavalo-e-resgatado-apos-afundar-em-atoleiro-temos-video\/#primaryimage","inLanguage":"pt-BR","url":"https:\/\/www.radiomanchester.com.br\/fm\/wp-content\/uploads\/2022\/01\/Sem-titulo-11.png","contentUrl":"https:\/\/www.radiomanchester.com.br\/fm\/wp-content\/uploads\/2022\/01\/Sem-titulo-11.png","width":614,"height":411},{"@type":"WebPage","@id":"https:\/\/www.radiomanchester.com.br\/fm\/chuvas-em-goias-cavalo-e-resgatado-apos-afundar-em-atoleiro-temos-video\/#webpage","url":"https:\/\/www.radiomanchester.com.br\/fm\/chuvas-em-goias-cavalo-e-resgatado-apos-afundar-em-atoleiro-temos-video\/","name":"Chuvas em Goi\u00e1s: cavalo \u00e9 resgatado ap\u00f3s afundar em atoleiro; temos v\u00eddeo - Manchester FM 93,3","isPartOf":{"@id":"https:\/\/www.radiomanchester.com.br\/fm\/#website"},"primaryImageOfPage":{"@id":"https:\/\/www.radiomanchester.com.br\/fm\/chuvas-em-goias-cavalo-e-resgatado-apos-afundar-em-atoleiro-temos-video\/#primaryimage"},"datePublished":"2022-01-15T09:30:00+00:00","dateModified":"2022-01-14T16:51:27+00:00","author":{"@id":"https:\/\/www.radiomanchester.com.br\/fm\/#\/schema\/person\/408a7b4d4e32cbebd90e2782852abca3"},"breadcrumb":{"@id":"https:\/\/www.radiomanchester.com.br\/fm\/chuvas-em-goias-cavalo-e-resgatado-apos-afundar-em-atoleiro-temos-video\/#breadcrumb"},"inLanguage":"pt-BR","potentialAction":[{"@type":"ReadAction","target":["https:\/\/www.radiomanchester.com.br\/fm\/chuvas-em-goias-cavalo-e-resgatado-apos-afundar-em-atoleiro-temos-video\/"]}]},{"@type":"BreadcrumbList","@id":"https:\/\/www.radiomanchester.com.br\/fm\/chuvas-em-goias-cavalo-e-resgatado-apos-afundar-em-atoleiro-temos-video\/#breadcrumb","itemListElement":[{"@type":"ListItem","position":1,"name":"Home","item":"https:\/\/www.radiomanchester.com.br\/fm\/"},{"@type":"ListItem","position":2,"name":"Chuvas em Goi\u00e1s: cavalo \u00e9 resgatado ap\u00f3s afundar em atoleiro; temos v\u00eddeo"}]},{"@type":"Person","@id":"https:\/\/www.radiomanchester.com.br\/fm\/#\/schema\/person\/408a7b4d4e32cbebd90e2782852abca3","name":"admin","image":{"@type":"ImageObject","@id":"https:\/\/www.radiomanchester.com.br\/fm\/#personlogo","inLanguage":"pt-BR","url":"https:\/\/secure.gravatar.com\/avatar\/115a974dba3376872eb3addeb276301c?s=96&d=mm&r=g","contentUrl":"https:\/\/secure.gravatar.com\/avatar\/115a974dba3376872eb3addeb276301c?s=96&d=mm&r=g","caption":"admin"},"url":"https:\/\/www.radiomanchester.com.br\/fm\/author\/admin\/"}]}},"_links":{"self":[{"href":"https:\/\/www.radiomanchester.com.br\/fm\/wp-json\/wp\/v2\/posts\/7058"}],"collection":[{"href":"https:\/\/www.radiomanchester.com.br\/fm\/wp-json\/wp\/v2\/posts"}],"about":[{"href":"https:\/\/www.radiomanchester.com.br\/fm\/wp-json\/wp\/v2\/types\/post"}],"author":[{"embeddable":true,"href":"https:\/\/www.radiomanchester.com.br\/fm\/wp-json\/wp\/v2\/users\/1"}],"replies":[{"embeddable":true,"href":"https:\/\/www.radiomanchester.com.br\/fm\/wp-json\/wp\/v2\/comments?post=7058"}],"version-history":[{"count":1,"href":"https:\/\/www.radiomanchester.com.br\/fm\/wp-json\/wp\/v2\/posts\/7058\/revisions"}],"predecessor-version":[{"id":7061,"href":"https:\/\/www.radiomanchester.com.br\/fm\/wp-json\/wp\/v2\/posts\/7058\/revisions\/7061"}],"wp:featuredmedia":[{"embeddable":true,"href":"https:\/\/www.radiomanchester.com.br\/fm\/wp-json\/wp\/v2\/media\/7059"}],"wp:attachment":[{"href":"https:\/\/www.radiomanchester.com.br\/fm\/wp-json\/wp\/v2\/media?parent=7058"}],"wp:term":[{"taxonomy":"category","embeddable":true,"href":"https:\/\/www.radiomanchester.com.br\/fm\/wp-json\/wp\/v2\/categories?post=7058"},{"taxonomy":"post_tag","embeddable":true,"href":"https:\/\/www.radiomanchester.com.br\/fm\/wp-json\/wp\/v2\/tags?post=7058"}],"curies":[{"name":"wp","href":"https:\/\/api.w.org\/{rel}","templated":true}]}}