{"id":7544,"date":"2022-03-07T18:53:09","date_gmt":"2022-03-07T21:53:09","guid":{"rendered":"https:\/\/www.radiomanchester.com.br\/fm\/?p=7544"},"modified":"2022-03-07T18:53:13","modified_gmt":"2022-03-07T21:53:13","slug":"aviao-da-fab-decola-para-buscar-brasileiros-que-pediram-para-sair-da-regiao-do-conflito-entre-russia-e-ucrania","status":"publish","type":"post","link":"https:\/\/www.radiomanchester.com.br\/fm\/aviao-da-fab-decola-para-buscar-brasileiros-que-pediram-para-sair-da-regiao-do-conflito-entre-russia-e-ucrania\/","title":{"rendered":"Avi\u00e3o da FAB decola para buscar brasileiros que pediram para sair da regi\u00e3o do conflito entre R\u00fassia e Ucr\u00e2nia"},"content":{"rendered":"\n<p><\/p>\n\n\n\n<p><em><strong>Aeronave leva 11,5 toneladas de itens para aux\u00edlio humanit\u00e1rio; na volta ir\u00e1 trazer brasileiros, ucranianos e um polon\u00eas<\/strong><\/em><\/p>\n\n\n\n<p>O avi\u00e3o da For\u00e7a A\u00e9rea Brasileira (FAB) em que o governo federal planeja trazer de volta ao pa\u00eds parte dos brasileiros que deixaram a Ucr\u00e2nia para escapar das consequ\u00eancias da invas\u00e3o militar russa decolou esta tarde da Base A\u00e9rea de Bras\u00edlia com destino a Vars\u00f3via, na Pol\u00f4nia.<\/p>\n\n\n\n<p>O cargueiro KC-390 Millennium partiu \u00e0s 15h15, carregado com cerca de 11,5 toneladas de medicamentos, alimentos e itens de primeira necessidade, que ser\u00e3o doados pelo Brasil para aux\u00edlio humanit\u00e1rio \u00e0s v\u00edtimas da guerra.<\/p>\n\n\n\n<p>A aeronave deve chegar \u00e0 capital polonesa na quarta-feira (9 de mar\u00e7o), ap\u00f3s fazer paradas t\u00e9cnicas em Recife, Cabo Verde e Lisboa (Portugal). Na volta, prevista para ocorrer j\u00e1 na quinta-feira (10 de mar\u00e7o), trar\u00e1 ao menos 40 brasileiros, 23 cidad\u00e3os ucranianos e um polon\u00eas que est\u00e3o sob cuidados do corpo diplom\u00e1tico brasileiro, al\u00e9m de seis c\u00e3es.<\/p>\n\n\n\n<p>Participam da miss\u00e3o de resgate, batizada de Opera\u00e7\u00e3o Repatria\u00e7\u00e3o e coordenada pelo minist\u00e9rio das Rela\u00e7\u00f5es Exteriores, 16 tripulantes. Pouco antes da decolagem, o ministro da Defesa, Braga Netto, comentou que,\u00a0desde o in\u00edcio do conflito armado, h\u00e1 12 dias, o governo federal vem tomando medidas para proteger e auxiliar os brasileiros na regi\u00e3o.<\/p>\n\n\n\n<p>\u201cO governo brasileiro tomou medidas concretas com o objetivo de cuidar da seguran\u00e7a dos nossos companheiros que se encontram em \u00e1reas de risco e para viabilizar suas condi\u00e7\u00f5es de retorno ao Brasil\u201d, disse o ministro durante a cerim\u00f4nia que precedeu a decolagem do KC-390. \u201cNeste sentido, destacam-se as medidas diplom\u00e1ticas, jur\u00eddicas e sanit\u00e1rias, como a abertura de postos consulares para apoiar a sa\u00edda de brasileiros e a concess\u00e3o de visto tempor\u00e1rio e autoriza\u00e7\u00e3o de resid\u00eancia [no Brasil] para fins de acolhida humanit\u00e1ria de cidad\u00e3os ucranianos.\u201d<\/p>\n\n\n\n<p>\u201cO Brasil tem uma voca\u00e7\u00e3o acolhedora. Historicamente, nossa gente se mostra solid\u00e1ria \u00e0 situa\u00e7\u00e3o vivida por povos irm\u00e3os em situa\u00e7\u00e3o de dificuldades e oferece socorro na redu\u00e7\u00e3o do sofrimento alheio\u201d, acrescentou o ministro Braga Netto.<\/p>\n\n\n\n<p>Segundo o Minist\u00e9rio da Defesa, entre os suprimentos que ser\u00e3o doados a t\u00edtulo de coopera\u00e7\u00e3o humanit\u00e1ria est\u00e3o 50 purificadores de \u00e1gua; cerca de 9 toneladas de alimentos desidratados e meia tonelada de insumos essenciais e itens m\u00e9dicos.<\/p>\n\n\n\n<p>\u201cA comunidade internacional sempre contou e poder\u00e1 contar com o esp\u00edrito acolhedor do povo brasileiro\u201d, disse o ministro Braga Netto<\/p>\n\n\n\n<p>Na quinta-feira (3), os minist\u00e9rios das Rela\u00e7\u00f5es Exteriores e da Justi\u00e7a e Seguran\u00e7a P\u00fablica publicaram uma portaria que permite a concess\u00e3o de visto tempor\u00e1rio e de autoriza\u00e7\u00f5es de resid\u00eancia humanit\u00e1ria em territ\u00f3rio brasileiro para ucranianos e ap\u00e1tridas afetados pela guerra na Ucr\u00e2nia.&nbsp;<\/p>\n\n\n\n<p>Um dia depois (4 de mar\u00e7o), a Casa Civil emitiu uma nota facilitando as condi\u00e7\u00f5es de entrada no pa\u00eds de refugiados provenientes da Ucr\u00e2nia.<\/p>\n\n\n\n<figure class=\"wp-block-image size-medium\"><img loading=\"lazy\" width=\"300\" height=\"169\" src=\"https:\/\/www.radiomanchester.com.br\/fm\/wp-content\/uploads\/2022\/03\/BC8E0174-A1F5-4E6B-B322-76487A187583-300x169.jpeg\" alt=\"\" class=\"wp-image-7545\" srcset=\"https:\/\/www.radiomanchester.com.br\/fm\/wp-content\/uploads\/2022\/03\/BC8E0174-A1F5-4E6B-B322-76487A187583-300x169.jpeg 300w, https:\/\/www.radiomanchester.com.br\/fm\/wp-content\/uploads\/2022\/03\/BC8E0174-A1F5-4E6B-B322-76487A187583-1024x576.jpeg 1024w, https:\/\/www.radiomanchester.com.br\/fm\/wp-content\/uploads\/2022\/03\/BC8E0174-A1F5-4E6B-B322-76487A187583-768x432.jpeg 768w, https:\/\/www.radiomanchester.com.br\/fm\/wp-content\/uploads\/2022\/03\/BC8E0174-A1F5-4E6B-B322-76487A187583.jpeg 1169w\" sizes=\"(max-width: 300px) 100vw, 300px\" \/><\/figure>\n\n\n\n<p>Por Ag\u00eancia Brasil &#8211; foto: Ag\u00eancia Brasil&nbsp;<\/p>\n","protected":false},"excerpt":{"rendered":"<p class=\"excerpt\">Aeronave leva 11,5 toneladas de itens para aux\u00edlio humanit\u00e1rio; na volta ir\u00e1 trazer brasileiros, ucranianos e um polon\u00eas O avi\u00e3o da For\u00e7a A\u00e9rea Brasileira (FAB) em que o governo federal planeja trazer de volta ao pa\u00eds parte dos brasileiros que deixaram a Ucr\u00e2nia para escapar das consequ\u00eancias da invas\u00e3o militar russa decolou esta tarde da [&hellip;]<\/p>\n","protected":false},"author":1,"featured_media":7545,"comment_status":"open","ping_status":"open","sticky":false,"template":"","format":"standard","meta":[],"categories":[8,17],"tags":[22,24,113,83,92],"yoast_head":"<!-- This site is optimized with the Yoast SEO plugin v18.3 - https:\/\/yoast.com\/wordpress\/plugins\/seo\/ -->\n<title>Avi\u00e3o da FAB decola para buscar brasileiros que pediram para sair da regi\u00e3o do conflito entre R\u00fassia e Ucr\u00e2nia - Manchester FM 93,3<\/title>\n<meta name=\"robots\" content=\"index, follow, max-snippet:-1, max-image-preview:large, max-video-preview:-1\" \/>\n<link rel=\"canonical\" href=\"https:\/\/www.radiomanchester.com.br\/fm\/aviao-da-fab-decola-para-buscar-brasileiros-que-pediram-para-sair-da-regiao-do-conflito-entre-russia-e-ucrania\/\" \/>\n<meta property=\"og:locale\" content=\"pt_BR\" \/>\n<meta property=\"og:type\" content=\"article\" \/>\n<meta property=\"og:title\" content=\"Avi\u00e3o da FAB decola para buscar brasileiros que pediram para sair da regi\u00e3o do conflito entre R\u00fassia e Ucr\u00e2nia - Manchester FM 93,3\" \/>\n<meta property=\"og:description\" content=\"Aeronave leva 11,5 toneladas de itens para aux\u00edlio humanit\u00e1rio; na volta ir\u00e1 trazer brasileiros, ucranianos e um polon\u00eas O avi\u00e3o da For\u00e7a A\u00e9rea Brasileira (FAB) em que o governo federal planeja trazer de volta ao pa\u00eds parte dos brasileiros que deixaram a Ucr\u00e2nia para escapar das consequ\u00eancias da invas\u00e3o militar russa decolou esta tarde da [&hellip;]\" \/>\n<meta property=\"og:url\" content=\"https:\/\/www.radiomanchester.com.br\/fm\/aviao-da-fab-decola-para-buscar-brasileiros-que-pediram-para-sair-da-regiao-do-conflito-entre-russia-e-ucrania\/\" \/>\n<meta property=\"og:site_name\" content=\"Manchester FM 93,3\" \/>\n<meta property=\"article:published_time\" content=\"2022-03-07T21:53:09+00:00\" \/>\n<meta property=\"article:modified_time\" content=\"2022-03-07T21:53:13+00:00\" \/>\n<meta property=\"og:image\" content=\"http:\/\/www.radiomanchester.com.br\/fm\/wp-content\/uploads\/2022\/03\/BC8E0174-A1F5-4E6B-B322-76487A187583.jpeg\" \/>\n\t<meta property=\"og:image:width\" content=\"1169\" \/>\n\t<meta property=\"og:image:height\" content=\"658\" \/>\n\t<meta property=\"og:image:type\" content=\"image\/jpeg\" \/>\n<meta name=\"twitter:card\" content=\"summary_large_image\" \/>\n<meta name=\"twitter:label1\" content=\"Escrito por\" \/>\n\t<meta name=\"twitter:data1\" content=\"admin\" \/>\n\t<meta name=\"twitter:label2\" content=\"Est. tempo de leitura\" \/>\n\t<meta name=\"twitter:data2\" content=\"3 minutos\" \/>\n<script type=\"application\/ld+json\" class=\"yoast-schema-graph\">{\"@context\":\"https:\/\/schema.org\",\"@graph\":[{\"@type\":\"WebSite\",\"@id\":\"https:\/\/www.radiomanchester.com.br\/fm\/#website\",\"url\":\"https:\/\/www.radiomanchester.com.br\/fm\/\",\"name\":\"Manchester FM 93,3\",\"description\":\"Todo Mundo Ouve!\",\"potentialAction\":[{\"@type\":\"SearchAction\",\"target\":{\"@type\":\"EntryPoint\",\"urlTemplate\":\"https:\/\/www.radiomanchester.com.br\/fm\/?s={search_term_string}\"},\"query-input\":\"required name=search_term_string\"}],\"inLanguage\":\"pt-BR\"},{\"@type\":\"ImageObject\",\"@id\":\"https:\/\/www.radiomanchester.com.br\/fm\/aviao-da-fab-decola-para-buscar-brasileiros-que-pediram-para-sair-da-regiao-do-conflito-entre-russia-e-ucrania\/#primaryimage\",\"inLanguage\":\"pt-BR\",\"url\":\"https:\/\/www.radiomanchester.com.br\/fm\/wp-content\/uploads\/2022\/03\/BC8E0174-A1F5-4E6B-B322-76487A187583.jpeg\",\"contentUrl\":\"https:\/\/www.radiomanchester.com.br\/fm\/wp-content\/uploads\/2022\/03\/BC8E0174-A1F5-4E6B-B322-76487A187583.jpeg\",\"width\":1169,\"height\":658,\"caption\":\"O Governo Federal envia, nesta segunda-feira (7), de Bras\u00edlia a Vars\u00f3via, na Pol\u00f4nia, uma aeronave da For\u00e7a A\u00e9rea Brasileira para cumprir miss\u00e3o de resgate dos brasileiros que deixaram a Ucr\u00e2nia - com o apoio da diplomacia brasileira - e de transporte de doa\u00e7\u00e3o humanit\u00e1ria, por solicita\u00e7\u00e3o daquele pa\u00eds.\"},{\"@type\":\"WebPage\",\"@id\":\"https:\/\/www.radiomanchester.com.br\/fm\/aviao-da-fab-decola-para-buscar-brasileiros-que-pediram-para-sair-da-regiao-do-conflito-entre-russia-e-ucrania\/#webpage\",\"url\":\"https:\/\/www.radiomanchester.com.br\/fm\/aviao-da-fab-decola-para-buscar-brasileiros-que-pediram-para-sair-da-regiao-do-conflito-entre-russia-e-ucrania\/\",\"name\":\"Avi\u00e3o da FAB decola para buscar brasileiros que pediram para sair da regi\u00e3o do conflito entre R\u00fassia e Ucr\u00e2nia - Manchester FM 93,3\",\"isPartOf\":{\"@id\":\"https:\/\/www.radiomanchester.com.br\/fm\/#website\"},\"primaryImageOfPage\":{\"@id\":\"https:\/\/www.radiomanchester.com.br\/fm\/aviao-da-fab-decola-para-buscar-brasileiros-que-pediram-para-sair-da-regiao-do-conflito-entre-russia-e-ucrania\/#primaryimage\"},\"datePublished\":\"2022-03-07T21:53:09+00:00\",\"dateModified\":\"2022-03-07T21:53:13+00:00\",\"author\":{\"@id\":\"https:\/\/www.radiomanchester.com.br\/fm\/#\/schema\/person\/408a7b4d4e32cbebd90e2782852abca3\"},\"breadcrumb\":{\"@id\":\"https:\/\/www.radiomanchester.com.br\/fm\/aviao-da-fab-decola-para-buscar-brasileiros-que-pediram-para-sair-da-regiao-do-conflito-entre-russia-e-ucrania\/#breadcrumb\"},\"inLanguage\":\"pt-BR\",\"potentialAction\":[{\"@type\":\"ReadAction\",\"target\":[\"https:\/\/www.radiomanchester.com.br\/fm\/aviao-da-fab-decola-para-buscar-brasileiros-que-pediram-para-sair-da-regiao-do-conflito-entre-russia-e-ucrania\/\"]}]},{\"@type\":\"BreadcrumbList\",\"@id\":\"https:\/\/www.radiomanchester.com.br\/fm\/aviao-da-fab-decola-para-buscar-brasileiros-que-pediram-para-sair-da-regiao-do-conflito-entre-russia-e-ucrania\/#breadcrumb\",\"itemListElement\":[{\"@type\":\"ListItem\",\"position\":1,\"name\":\"Home\",\"item\":\"https:\/\/www.radiomanchester.com.br\/fm\/\"},{\"@type\":\"ListItem\",\"position\":2,\"name\":\"Avi\u00e3o da FAB decola para buscar brasileiros que pediram para sair da regi\u00e3o do conflito entre R\u00fassia e Ucr\u00e2nia\"}]},{\"@type\":\"Person\",\"@id\":\"https:\/\/www.radiomanchester.com.br\/fm\/#\/schema\/person\/408a7b4d4e32cbebd90e2782852abca3\",\"name\":\"admin\",\"image\":{\"@type\":\"ImageObject\",\"@id\":\"https:\/\/www.radiomanchester.com.br\/fm\/#personlogo\",\"inLanguage\":\"pt-BR\",\"url\":\"https:\/\/secure.gravatar.com\/avatar\/115a974dba3376872eb3addeb276301c?s=96&d=mm&r=g\",\"contentUrl\":\"https:\/\/secure.gravatar.com\/avatar\/115a974dba3376872eb3addeb276301c?s=96&d=mm&r=g\",\"caption\":\"admin\"},\"url\":\"https:\/\/www.radiomanchester.com.br\/fm\/author\/admin\/\"}]}<\/script>\n<!-- \/ Yoast SEO plugin. -->","yoast_head_json":{"title":"Avi\u00e3o da FAB decola para buscar brasileiros que pediram para sair da regi\u00e3o do conflito entre R\u00fassia e Ucr\u00e2nia - Manchester FM 93,3","robots":{"index":"index","follow":"follow","max-snippet":"max-snippet:-1","max-image-preview":"max-image-preview:large","max-video-preview":"max-video-preview:-1"},"canonical":"https:\/\/www.radiomanchester.com.br\/fm\/aviao-da-fab-decola-para-buscar-brasileiros-que-pediram-para-sair-da-regiao-do-conflito-entre-russia-e-ucrania\/","og_locale":"pt_BR","og_type":"article","og_title":"Avi\u00e3o da FAB decola para buscar brasileiros que pediram para sair da regi\u00e3o do conflito entre R\u00fassia e Ucr\u00e2nia - Manchester FM 93,3","og_description":"Aeronave leva 11,5 toneladas de itens para aux\u00edlio humanit\u00e1rio; na volta ir\u00e1 trazer brasileiros, ucranianos e um polon\u00eas O avi\u00e3o da For\u00e7a A\u00e9rea Brasileira (FAB) em que o governo federal planeja trazer de volta ao pa\u00eds parte dos brasileiros que deixaram a Ucr\u00e2nia para escapar das consequ\u00eancias da invas\u00e3o militar russa decolou esta tarde da [&hellip;]","og_url":"https:\/\/www.radiomanchester.com.br\/fm\/aviao-da-fab-decola-para-buscar-brasileiros-que-pediram-para-sair-da-regiao-do-conflito-entre-russia-e-ucrania\/","og_site_name":"Manchester FM 93,3","article_published_time":"2022-03-07T21:53:09+00:00","article_modified_time":"2022-03-07T21:53:13+00:00","og_image":[{"width":1169,"height":658,"url":"http:\/\/www.radiomanchester.com.br\/fm\/wp-content\/uploads\/2022\/03\/BC8E0174-A1F5-4E6B-B322-76487A187583.jpeg","type":"image\/jpeg"}],"twitter_card":"summary_large_image","twitter_misc":{"Escrito por":"admin","Est. tempo de leitura":"3 minutos"},"schema":{"@context":"https:\/\/schema.org","@graph":[{"@type":"WebSite","@id":"https:\/\/www.radiomanchester.com.br\/fm\/#website","url":"https:\/\/www.radiomanchester.com.br\/fm\/","name":"Manchester FM 93,3","description":"Todo Mundo Ouve!","potentialAction":[{"@type":"SearchAction","target":{"@type":"EntryPoint","urlTemplate":"https:\/\/www.radiomanchester.com.br\/fm\/?s={search_term_string}"},"query-input":"required name=search_term_string"}],"inLanguage":"pt-BR"},{"@type":"ImageObject","@id":"https:\/\/www.radiomanchester.com.br\/fm\/aviao-da-fab-decola-para-buscar-brasileiros-que-pediram-para-sair-da-regiao-do-conflito-entre-russia-e-ucrania\/#primaryimage","inLanguage":"pt-BR","url":"https:\/\/www.radiomanchester.com.br\/fm\/wp-content\/uploads\/2022\/03\/BC8E0174-A1F5-4E6B-B322-76487A187583.jpeg","contentUrl":"https:\/\/www.radiomanchester.com.br\/fm\/wp-content\/uploads\/2022\/03\/BC8E0174-A1F5-4E6B-B322-76487A187583.jpeg","width":1169,"height":658,"caption":"O Governo Federal envia, nesta segunda-feira (7), de Bras\u00edlia a Vars\u00f3via, na Pol\u00f4nia, uma aeronave da For\u00e7a A\u00e9rea Brasileira para cumprir miss\u00e3o de resgate dos brasileiros que deixaram a Ucr\u00e2nia - com o apoio da diplomacia brasileira - e de transporte de doa\u00e7\u00e3o humanit\u00e1ria, por solicita\u00e7\u00e3o daquele pa\u00eds."},{"@type":"WebPage","@id":"https:\/\/www.radiomanchester.com.br\/fm\/aviao-da-fab-decola-para-buscar-brasileiros-que-pediram-para-sair-da-regiao-do-conflito-entre-russia-e-ucrania\/#webpage","url":"https:\/\/www.radiomanchester.com.br\/fm\/aviao-da-fab-decola-para-buscar-brasileiros-que-pediram-para-sair-da-regiao-do-conflito-entre-russia-e-ucrania\/","name":"Avi\u00e3o da FAB decola para buscar brasileiros que pediram para sair da regi\u00e3o do conflito entre R\u00fassia e Ucr\u00e2nia - Manchester FM 93,3","isPartOf":{"@id":"https:\/\/www.radiomanchester.com.br\/fm\/#website"},"primaryImageOfPage":{"@id":"https:\/\/www.radiomanchester.com.br\/fm\/aviao-da-fab-decola-para-buscar-brasileiros-que-pediram-para-sair-da-regiao-do-conflito-entre-russia-e-ucrania\/#primaryimage"},"datePublished":"2022-03-07T21:53:09+00:00","dateModified":"2022-03-07T21:53:13+00:00","author":{"@id":"https:\/\/www.radiomanchester.com.br\/fm\/#\/schema\/person\/408a7b4d4e32cbebd90e2782852abca3"},"breadcrumb":{"@id":"https:\/\/www.radiomanchester.com.br\/fm\/aviao-da-fab-decola-para-buscar-brasileiros-que-pediram-para-sair-da-regiao-do-conflito-entre-russia-e-ucrania\/#breadcrumb"},"inLanguage":"pt-BR","potentialAction":[{"@type":"ReadAction","target":["https:\/\/www.radiomanchester.com.br\/fm\/aviao-da-fab-decola-para-buscar-brasileiros-que-pediram-para-sair-da-regiao-do-conflito-entre-russia-e-ucrania\/"]}]},{"@type":"BreadcrumbList","@id":"https:\/\/www.radiomanchester.com.br\/fm\/aviao-da-fab-decola-para-buscar-brasileiros-que-pediram-para-sair-da-regiao-do-conflito-entre-russia-e-ucrania\/#breadcrumb","itemListElement":[{"@type":"ListItem","position":1,"name":"Home","item":"https:\/\/www.radiomanchester.com.br\/fm\/"},{"@type":"ListItem","position":2,"name":"Avi\u00e3o da FAB decola para buscar brasileiros que pediram para sair da regi\u00e3o do conflito entre R\u00fassia e Ucr\u00e2nia"}]},{"@type":"Person","@id":"https:\/\/www.radiomanchester.com.br\/fm\/#\/schema\/person\/408a7b4d4e32cbebd90e2782852abca3","name":"admin","image":{"@type":"ImageObject","@id":"https:\/\/www.radiomanchester.com.br\/fm\/#personlogo","inLanguage":"pt-BR","url":"https:\/\/secure.gravatar.com\/avatar\/115a974dba3376872eb3addeb276301c?s=96&d=mm&r=g","contentUrl":"https:\/\/secure.gravatar.com\/avatar\/115a974dba3376872eb3addeb276301c?s=96&d=mm&r=g","caption":"admin"},"url":"https:\/\/www.radiomanchester.com.br\/fm\/author\/admin\/"}]}},"_links":{"self":[{"href":"https:\/\/www.radiomanchester.com.br\/fm\/wp-json\/wp\/v2\/posts\/7544"}],"collection":[{"href":"https:\/\/www.radiomanchester.com.br\/fm\/wp-json\/wp\/v2\/posts"}],"about":[{"href":"https:\/\/www.radiomanchester.com.br\/fm\/wp-json\/wp\/v2\/types\/post"}],"author":[{"embeddable":true,"href":"https:\/\/www.radiomanchester.com.br\/fm\/wp-json\/wp\/v2\/users\/1"}],"replies":[{"embeddable":true,"href":"https:\/\/www.radiomanchester.com.br\/fm\/wp-json\/wp\/v2\/comments?post=7544"}],"version-history":[{"count":1,"href":"https:\/\/www.radiomanchester.com.br\/fm\/wp-json\/wp\/v2\/posts\/7544\/revisions"}],"predecessor-version":[{"id":7546,"href":"https:\/\/www.radiomanchester.com.br\/fm\/wp-json\/wp\/v2\/posts\/7544\/revisions\/7546"}],"wp:featuredmedia":[{"embeddable":true,"href":"https:\/\/www.radiomanchester.com.br\/fm\/wp-json\/wp\/v2\/media\/7545"}],"wp:attachment":[{"href":"https:\/\/www.radiomanchester.com.br\/fm\/wp-json\/wp\/v2\/media?parent=7544"}],"wp:term":[{"taxonomy":"category","embeddable":true,"href":"https:\/\/www.radiomanchester.com.br\/fm\/wp-json\/wp\/v2\/categories?post=7544"},{"taxonomy":"post_tag","embeddable":true,"href":"https:\/\/www.radiomanchester.com.br\/fm\/wp-json\/wp\/v2\/tags?post=7544"}],"curies":[{"name":"wp","href":"https:\/\/api.w.org\/{rel}","templated":true}]}}