{"id":7657,"date":"2022-03-22T15:33:34","date_gmt":"2022-03-22T18:33:34","guid":{"rendered":"https:\/\/www.radiomanchester.com.br\/fm\/?p=7657"},"modified":"2022-03-22T15:36:37","modified_gmt":"2022-03-22T18:36:37","slug":"22-de-marco-dia-mundial-da-agua-agir-e-urgente","status":"publish","type":"post","link":"https:\/\/www.radiomanchester.com.br\/fm\/22-de-marco-dia-mundial-da-agua-agir-e-urgente\/","title":{"rendered":"22 de mar\u00e7o, Dia Mundial da \u00c1gua: agir \u00e9 urgente"},"content":{"rendered":"\n<p><\/p>\n\n\n\n<p><strong><em>O dia 22 de mar\u00e7o \u00e9 a data em que os holofotes do mundo se voltam para enfatizar a import\u00e2ncia da \u00e1gua e a necessidade de preservar esse recurso<\/em><\/strong><\/p>\n\n\n\n<p>Intensifica\u00e7\u00e3o do impacto das mudan\u00e7as clim\u00e1ticas, aumento da produ\u00e7\u00e3o agr\u00edcola e industrial, crescimento demogr\u00e1fico e adiamento na tomada de decis\u00f5es urgentes por autoridades. Segundo a Organiza\u00e7\u00e3o das Na\u00e7\u00f5es Unidas, estes s\u00e3o os principais fatores que explicam por que a \u00e1gua est\u00e1 extremamente amea\u00e7ada. Anualmente, desde a Confer\u00eancia Rio-92, o dia 22 de mar\u00e7o \u00e9 a data em que os holofotes do mundo se voltam para enfatizar a import\u00e2ncia da \u00e1gua para a sobreviv\u00eancia e a necessidade de preservar esse recurso escasso.<\/p>\n\n\n\n<p>Embora 70% da superf\u00edcie da terra seja coberta por \u00e1gua, menos de 3% desta enorme quantidade de H2O \u00e9 doce &#8211; e cerca de 2% dela est\u00e1 em geleiras. Ou seja, o mundo tem menos de 1% de \u00e1gua dispon\u00edvel para consumo, conte\u00fado localizado em lagos, rios e debaixo dos nossos p\u00e9s. De acordo com o Relat\u00f3rio Mundial das Na\u00e7\u00f5es Unidas sobre Desenvolvimento dos Recursos H\u00eddricos de 2021, 30% dos maiores sistemas de \u00e1guas subterr\u00e2neas do mundo est\u00e3o em esgotamento causado, principalmente, pela capta\u00e7\u00e3o de \u00e1gua para irriga\u00e7\u00e3o.<\/p>\n\n\n\n<p>Um estudo in\u00e9dito publicado no ano passado pelo Instituto Trata Brasil, elaborado a partir de dados p\u00fablicos do Sistema Nacional de Informa\u00e7\u00f5es sobre Saneamento (SNIS), comprovou que o pa\u00eds desperdi\u00e7a 39,2% da \u00e1gua pot\u00e1vel captada, quantidade que seria suficiente para abastecer cerca de 63 milh\u00f5es de brasileiros por ano. Atenta a dados como estes, a ONU escolheu o tema \u2018\u00c1guas Subterr\u00e2neas: Tornando o Invis\u00edvel Vis\u00edvel\u2019 para a campanha do Dia Mundial da \u00c1gua 2022.<\/p>\n\n\n\n<p><strong>\u00c1gua Pot\u00e1vel dispon\u00edvel no mundo<\/strong><\/p>\n\n\n\n<p>* Congelada&nbsp; &nbsp; 77%<\/p>\n\n\n\n<p>*Subterr\u00e2nea&nbsp; 22%<\/p>\n\n\n\n<p>* Lagos e rios&nbsp; 1%<\/p>\n\n\n\n<p>(Fonte: WWF)<\/p>\n\n\n\n<p>Os recursos h\u00eddricos subterr\u00e2neos ajudam a sustentar o abastecimento dom\u00e9stico, os sistemas de saneamento, os ecossistemas, a agricultura e a ind\u00fastria. No entanto, a polui\u00e7\u00e3o tem colocado em risco cada vez maior essa \u00e1gua &#8216;invis\u00edvel&#8217;. Embora seja essencial o consumo individual consciente &#8211; por meio de atitudes como redu\u00e7\u00e3o do tempo dos banhos, aten\u00e7\u00e3o a vazamentos e reutiliza\u00e7\u00e3o da \u00e1gua da m\u00e1quina de lavar para limpeza de \u00e1reas externas -, o maior consumo e, por consequ\u00eancia, o maior desperd\u00edcio desse recurso essencial s\u00e3o promovidos pela agricultura, setor respons\u00e1vel por 69% das retiradas de \u00e1gua no mundo, propor\u00e7\u00e3o que pode alcan\u00e7ar 95% em alguns pa\u00edses em desenvolvimento. A ind\u00fastria \u00e9 respons\u00e1vel por 19% do uso, enquanto os munic\u00edpios s\u00e3o respons\u00e1veis pelos 12% restantes .<\/p>\n\n\n\n<p>Sistemas obsoletos e falta de manuten\u00e7\u00e3o de equipamentos est\u00e3o entre as principais causas de vazamentos. O Trata Brasil tamb\u00e9m pontua a necessidade de maior efici\u00eancia nos sistemas de saneamento e do combate incisivo a furtos de \u00e1gua. A polui\u00e7\u00e3o \u00e9 outro fator que aumenta a gravidade do problema &#8211; e a popula\u00e7\u00e3o pode colaborar denunciando ind\u00fastrias que despejam seus dejetos de forma inadequada e criminosa.<\/p>\n\n\n\n<p>&#8220;Um quarto da popula\u00e7\u00e3o mundial consome mais \u00e1gua do que sua capacidade de capt\u00e1-la. J\u00e1 entraram no &#8216;cheque especial&#8217; h\u00eddrico. O Brasil n\u00e3o est\u00e1 isento desse problema. 40% dos nossos recursos h\u00eddricos est\u00e3o sendo contaminados pela agricultura e pela falta de pol\u00edticas sanit\u00e1rias. Adicione-se a este enredo as mudan\u00e7as clim\u00e1ticas, que j\u00e1 afetam a distribui\u00e7\u00e3o de chuvas&#8221;, ressaltou M\u00e1rcia Barbosa, f\u00edsica da Universidade Federal do Rio Grande do Sul e uma das maiores especialistas em \u00e1gua do mundo.<\/p>\n\n\n\n<p>Segundo o relat\u00f3rio \u2018O Valor da \u00c1gua\u2019, 4 bilh\u00f5es de pessoas vivem em \u00e1reas que sofrem grave escassez f\u00edsica de \u00e1gua durante, no m\u00ednimo, um m\u00eas por ano. A chamada \u2018escassez econ\u00f4mica de \u00e1gua\u2019, que significa a aus\u00eancia de infraestrutura para disponibilizar \u00e1gua fisicamente dispon\u00edvel, afeta mais de 1,5 bilh\u00e3o de pessoas. J\u00e1 a falta de informa\u00e7\u00f5es sobre a qualidade de rios, lagos e len\u00e7\u00f3is fre\u00e1ticos, faz com que 3 bilh\u00f5es de pessoas estejam expostas a doen\u00e7as ao redor do mundo. Como resultado de perdas na agricultura, na sa\u00fade, na renda e na propriedade, regi\u00f5es atingidas pela escassez de \u00e1gua podem ver suas taxas de crescimento ca\u00edrem at\u00e9 6% do PIB nos pr\u00f3ximos 30 anos, segundo estimativa do Banco Mundial.<\/p>\n\n\n\n<p>De acordo o relat\u00f3rio \u2018\u00c1gua: Biodiversidade, Servi\u00e7os Ecossist\u00eamicos e Bem-estar Humano no Brasil\u2019, elaborado pela Plataforma Brasileira de Biodiversidade e Servi\u00e7os Ecossist\u00eamicos (BPBES), caso as medidas necess\u00e1rias n\u00e3o sejam tomadas, a demanda de \u00e1gua em 2030 pode aumentar 2000% em rela\u00e7\u00e3o aos \u00faltimos 100 anos, levando milh\u00f5es de brasileiros a uma crise h\u00eddrica. \u201cSomente com pol\u00edticas p\u00fablicas baseadas em ci\u00eancia seremos capazes de reverter esta tend\u00eancia e preservar a qualidade da \u00e1gua que consumimos e usamos para produ\u00e7\u00e3o de alimentos\u201d, alerta a cientista M\u00e1rcia Barbosa. Reconhecer a urg\u00eancia \u00e9 fundamental. Agir \u00e9 urgente!<\/p>\n\n\n\n<figure class=\"wp-block-image size-medium\"><img loading=\"lazy\" width=\"300\" height=\"188\" src=\"https:\/\/www.radiomanchester.com.br\/fm\/wp-content\/uploads\/2022\/03\/13CB360A-73A0-4F37-8A89-8B6BBB299B4F-300x188.webp\" alt=\"\" class=\"wp-image-7658\" srcset=\"https:\/\/www.radiomanchester.com.br\/fm\/wp-content\/uploads\/2022\/03\/13CB360A-73A0-4F37-8A89-8B6BBB299B4F-300x188.webp 300w, https:\/\/www.radiomanchester.com.br\/fm\/wp-content\/uploads\/2022\/03\/13CB360A-73A0-4F37-8A89-8B6BBB299B4F-1024x640.webp 1024w, https:\/\/www.radiomanchester.com.br\/fm\/wp-content\/uploads\/2022\/03\/13CB360A-73A0-4F37-8A89-8B6BBB299B4F-768x480.webp 768w, https:\/\/www.radiomanchester.com.br\/fm\/wp-content\/uploads\/2022\/03\/13CB360A-73A0-4F37-8A89-8B6BBB299B4F.webp 1200w\" sizes=\"(max-width: 300px) 100vw, 300px\" \/><\/figure>\n\n\n\n<p>Por ODia &#8211; foto: reprodu\u00e7\u00e3o&nbsp;<\/p>\n","protected":false},"excerpt":{"rendered":"<p class=\"excerpt\">O dia 22 de mar\u00e7o \u00e9 a data em que os holofotes do mundo se voltam para enfatizar a import\u00e2ncia da \u00e1gua e a necessidade de preservar esse recurso Intensifica\u00e7\u00e3o do impacto das mudan\u00e7as clim\u00e1ticas, aumento da produ\u00e7\u00e3o agr\u00edcola e industrial, crescimento demogr\u00e1fico e adiamento na tomada de decis\u00f5es urgentes por autoridades. Segundo a Organiza\u00e7\u00e3o [&hellip;]<\/p>\n","protected":false},"author":1,"featured_media":7658,"comment_status":"open","ping_status":"open","sticky":false,"template":"","format":"standard","meta":[],"categories":[8,17],"tags":[22,24,113,83,92],"yoast_head":"<!-- This site is optimized with the Yoast SEO plugin v18.3 - https:\/\/yoast.com\/wordpress\/plugins\/seo\/ -->\n<title>22 de mar\u00e7o, Dia Mundial da \u00c1gua: agir \u00e9 urgente - Manchester FM 93,3<\/title>\n<meta name=\"robots\" content=\"index, follow, max-snippet:-1, max-image-preview:large, max-video-preview:-1\" \/>\n<link rel=\"canonical\" href=\"https:\/\/www.radiomanchester.com.br\/fm\/22-de-marco-dia-mundial-da-agua-agir-e-urgente\/\" \/>\n<meta property=\"og:locale\" content=\"pt_BR\" \/>\n<meta property=\"og:type\" content=\"article\" \/>\n<meta property=\"og:title\" content=\"22 de mar\u00e7o, Dia Mundial da \u00c1gua: agir \u00e9 urgente - Manchester FM 93,3\" \/>\n<meta property=\"og:description\" content=\"O dia 22 de mar\u00e7o \u00e9 a data em que os holofotes do mundo se voltam para enfatizar a import\u00e2ncia da \u00e1gua e a necessidade de preservar esse recurso Intensifica\u00e7\u00e3o do impacto das mudan\u00e7as clim\u00e1ticas, aumento da produ\u00e7\u00e3o agr\u00edcola e industrial, crescimento demogr\u00e1fico e adiamento na tomada de decis\u00f5es urgentes por autoridades. Segundo a Organiza\u00e7\u00e3o [&hellip;]\" \/>\n<meta property=\"og:url\" content=\"https:\/\/www.radiomanchester.com.br\/fm\/22-de-marco-dia-mundial-da-agua-agir-e-urgente\/\" \/>\n<meta property=\"og:site_name\" content=\"Manchester FM 93,3\" \/>\n<meta property=\"article:published_time\" content=\"2022-03-22T18:33:34+00:00\" \/>\n<meta property=\"article:modified_time\" content=\"2022-03-22T18:36:37+00:00\" \/>\n<meta name=\"twitter:card\" content=\"summary_large_image\" \/>\n<meta name=\"twitter:image\" content=\"https:\/\/www.radiomanchester.com.br\/fm\/wp-content\/uploads\/2022\/03\/13CB360A-73A0-4F37-8A89-8B6BBB299B4F.webp\" \/>\n<meta name=\"twitter:label1\" content=\"Escrito por\" \/>\n\t<meta name=\"twitter:data1\" content=\"admin\" \/>\n\t<meta name=\"twitter:label2\" content=\"Est. tempo de leitura\" \/>\n\t<meta name=\"twitter:data2\" content=\"5 minutos\" \/>\n<script type=\"application\/ld+json\" class=\"yoast-schema-graph\">{\"@context\":\"https:\/\/schema.org\",\"@graph\":[{\"@type\":\"WebSite\",\"@id\":\"https:\/\/www.radiomanchester.com.br\/fm\/#website\",\"url\":\"https:\/\/www.radiomanchester.com.br\/fm\/\",\"name\":\"Manchester FM 93,3\",\"description\":\"Todo Mundo Ouve!\",\"potentialAction\":[{\"@type\":\"SearchAction\",\"target\":{\"@type\":\"EntryPoint\",\"urlTemplate\":\"https:\/\/www.radiomanchester.com.br\/fm\/?s={search_term_string}\"},\"query-input\":\"required name=search_term_string\"}],\"inLanguage\":\"pt-BR\"},{\"@type\":\"ImageObject\",\"@id\":\"https:\/\/www.radiomanchester.com.br\/fm\/22-de-marco-dia-mundial-da-agua-agir-e-urgente\/#primaryimage\",\"inLanguage\":\"pt-BR\",\"url\":\"https:\/\/www.radiomanchester.com.br\/fm\/wp-content\/uploads\/2022\/03\/13CB360A-73A0-4F37-8A89-8B6BBB299B4F.webp\",\"contentUrl\":\"https:\/\/www.radiomanchester.com.br\/fm\/wp-content\/uploads\/2022\/03\/13CB360A-73A0-4F37-8A89-8B6BBB299B4F.webp\",\"width\":1200,\"height\":750},{\"@type\":\"WebPage\",\"@id\":\"https:\/\/www.radiomanchester.com.br\/fm\/22-de-marco-dia-mundial-da-agua-agir-e-urgente\/#webpage\",\"url\":\"https:\/\/www.radiomanchester.com.br\/fm\/22-de-marco-dia-mundial-da-agua-agir-e-urgente\/\",\"name\":\"22 de mar\u00e7o, Dia Mundial da \u00c1gua: agir \u00e9 urgente - Manchester FM 93,3\",\"isPartOf\":{\"@id\":\"https:\/\/www.radiomanchester.com.br\/fm\/#website\"},\"primaryImageOfPage\":{\"@id\":\"https:\/\/www.radiomanchester.com.br\/fm\/22-de-marco-dia-mundial-da-agua-agir-e-urgente\/#primaryimage\"},\"datePublished\":\"2022-03-22T18:33:34+00:00\",\"dateModified\":\"2022-03-22T18:36:37+00:00\",\"author\":{\"@id\":\"https:\/\/www.radiomanchester.com.br\/fm\/#\/schema\/person\/408a7b4d4e32cbebd90e2782852abca3\"},\"breadcrumb\":{\"@id\":\"https:\/\/www.radiomanchester.com.br\/fm\/22-de-marco-dia-mundial-da-agua-agir-e-urgente\/#breadcrumb\"},\"inLanguage\":\"pt-BR\",\"potentialAction\":[{\"@type\":\"ReadAction\",\"target\":[\"https:\/\/www.radiomanchester.com.br\/fm\/22-de-marco-dia-mundial-da-agua-agir-e-urgente\/\"]}]},{\"@type\":\"BreadcrumbList\",\"@id\":\"https:\/\/www.radiomanchester.com.br\/fm\/22-de-marco-dia-mundial-da-agua-agir-e-urgente\/#breadcrumb\",\"itemListElement\":[{\"@type\":\"ListItem\",\"position\":1,\"name\":\"Home\",\"item\":\"https:\/\/www.radiomanchester.com.br\/fm\/\"},{\"@type\":\"ListItem\",\"position\":2,\"name\":\"22 de mar\u00e7o, Dia Mundial da \u00c1gua: agir \u00e9 urgente\"}]},{\"@type\":\"Person\",\"@id\":\"https:\/\/www.radiomanchester.com.br\/fm\/#\/schema\/person\/408a7b4d4e32cbebd90e2782852abca3\",\"name\":\"admin\",\"image\":{\"@type\":\"ImageObject\",\"@id\":\"https:\/\/www.radiomanchester.com.br\/fm\/#personlogo\",\"inLanguage\":\"pt-BR\",\"url\":\"https:\/\/secure.gravatar.com\/avatar\/115a974dba3376872eb3addeb276301c?s=96&d=mm&r=g\",\"contentUrl\":\"https:\/\/secure.gravatar.com\/avatar\/115a974dba3376872eb3addeb276301c?s=96&d=mm&r=g\",\"caption\":\"admin\"},\"url\":\"https:\/\/www.radiomanchester.com.br\/fm\/author\/admin\/\"}]}<\/script>\n<!-- \/ Yoast SEO plugin. -->","yoast_head_json":{"title":"22 de mar\u00e7o, Dia Mundial da \u00c1gua: agir \u00e9 urgente - Manchester FM 93,3","robots":{"index":"index","follow":"follow","max-snippet":"max-snippet:-1","max-image-preview":"max-image-preview:large","max-video-preview":"max-video-preview:-1"},"canonical":"https:\/\/www.radiomanchester.com.br\/fm\/22-de-marco-dia-mundial-da-agua-agir-e-urgente\/","og_locale":"pt_BR","og_type":"article","og_title":"22 de mar\u00e7o, Dia Mundial da \u00c1gua: agir \u00e9 urgente - Manchester FM 93,3","og_description":"O dia 22 de mar\u00e7o \u00e9 a data em que os holofotes do mundo se voltam para enfatizar a import\u00e2ncia da \u00e1gua e a necessidade de preservar esse recurso Intensifica\u00e7\u00e3o do impacto das mudan\u00e7as clim\u00e1ticas, aumento da produ\u00e7\u00e3o agr\u00edcola e industrial, crescimento demogr\u00e1fico e adiamento na tomada de decis\u00f5es urgentes por autoridades. Segundo a Organiza\u00e7\u00e3o [&hellip;]","og_url":"https:\/\/www.radiomanchester.com.br\/fm\/22-de-marco-dia-mundial-da-agua-agir-e-urgente\/","og_site_name":"Manchester FM 93,3","article_published_time":"2022-03-22T18:33:34+00:00","article_modified_time":"2022-03-22T18:36:37+00:00","twitter_card":"summary_large_image","twitter_image":"https:\/\/www.radiomanchester.com.br\/fm\/wp-content\/uploads\/2022\/03\/13CB360A-73A0-4F37-8A89-8B6BBB299B4F.webp","twitter_misc":{"Escrito por":"admin","Est. tempo de leitura":"5 minutos"},"schema":{"@context":"https:\/\/schema.org","@graph":[{"@type":"WebSite","@id":"https:\/\/www.radiomanchester.com.br\/fm\/#website","url":"https:\/\/www.radiomanchester.com.br\/fm\/","name":"Manchester FM 93,3","description":"Todo Mundo Ouve!","potentialAction":[{"@type":"SearchAction","target":{"@type":"EntryPoint","urlTemplate":"https:\/\/www.radiomanchester.com.br\/fm\/?s={search_term_string}"},"query-input":"required name=search_term_string"}],"inLanguage":"pt-BR"},{"@type":"ImageObject","@id":"https:\/\/www.radiomanchester.com.br\/fm\/22-de-marco-dia-mundial-da-agua-agir-e-urgente\/#primaryimage","inLanguage":"pt-BR","url":"https:\/\/www.radiomanchester.com.br\/fm\/wp-content\/uploads\/2022\/03\/13CB360A-73A0-4F37-8A89-8B6BBB299B4F.webp","contentUrl":"https:\/\/www.radiomanchester.com.br\/fm\/wp-content\/uploads\/2022\/03\/13CB360A-73A0-4F37-8A89-8B6BBB299B4F.webp","width":1200,"height":750},{"@type":"WebPage","@id":"https:\/\/www.radiomanchester.com.br\/fm\/22-de-marco-dia-mundial-da-agua-agir-e-urgente\/#webpage","url":"https:\/\/www.radiomanchester.com.br\/fm\/22-de-marco-dia-mundial-da-agua-agir-e-urgente\/","name":"22 de mar\u00e7o, Dia Mundial da \u00c1gua: agir \u00e9 urgente - Manchester FM 93,3","isPartOf":{"@id":"https:\/\/www.radiomanchester.com.br\/fm\/#website"},"primaryImageOfPage":{"@id":"https:\/\/www.radiomanchester.com.br\/fm\/22-de-marco-dia-mundial-da-agua-agir-e-urgente\/#primaryimage"},"datePublished":"2022-03-22T18:33:34+00:00","dateModified":"2022-03-22T18:36:37+00:00","author":{"@id":"https:\/\/www.radiomanchester.com.br\/fm\/#\/schema\/person\/408a7b4d4e32cbebd90e2782852abca3"},"breadcrumb":{"@id":"https:\/\/www.radiomanchester.com.br\/fm\/22-de-marco-dia-mundial-da-agua-agir-e-urgente\/#breadcrumb"},"inLanguage":"pt-BR","potentialAction":[{"@type":"ReadAction","target":["https:\/\/www.radiomanchester.com.br\/fm\/22-de-marco-dia-mundial-da-agua-agir-e-urgente\/"]}]},{"@type":"BreadcrumbList","@id":"https:\/\/www.radiomanchester.com.br\/fm\/22-de-marco-dia-mundial-da-agua-agir-e-urgente\/#breadcrumb","itemListElement":[{"@type":"ListItem","position":1,"name":"Home","item":"https:\/\/www.radiomanchester.com.br\/fm\/"},{"@type":"ListItem","position":2,"name":"22 de mar\u00e7o, Dia Mundial da \u00c1gua: agir \u00e9 urgente"}]},{"@type":"Person","@id":"https:\/\/www.radiomanchester.com.br\/fm\/#\/schema\/person\/408a7b4d4e32cbebd90e2782852abca3","name":"admin","image":{"@type":"ImageObject","@id":"https:\/\/www.radiomanchester.com.br\/fm\/#personlogo","inLanguage":"pt-BR","url":"https:\/\/secure.gravatar.com\/avatar\/115a974dba3376872eb3addeb276301c?s=96&d=mm&r=g","contentUrl":"https:\/\/secure.gravatar.com\/avatar\/115a974dba3376872eb3addeb276301c?s=96&d=mm&r=g","caption":"admin"},"url":"https:\/\/www.radiomanchester.com.br\/fm\/author\/admin\/"}]}},"_links":{"self":[{"href":"https:\/\/www.radiomanchester.com.br\/fm\/wp-json\/wp\/v2\/posts\/7657"}],"collection":[{"href":"https:\/\/www.radiomanchester.com.br\/fm\/wp-json\/wp\/v2\/posts"}],"about":[{"href":"https:\/\/www.radiomanchester.com.br\/fm\/wp-json\/wp\/v2\/types\/post"}],"author":[{"embeddable":true,"href":"https:\/\/www.radiomanchester.com.br\/fm\/wp-json\/wp\/v2\/users\/1"}],"replies":[{"embeddable":true,"href":"https:\/\/www.radiomanchester.com.br\/fm\/wp-json\/wp\/v2\/comments?post=7657"}],"version-history":[{"count":2,"href":"https:\/\/www.radiomanchester.com.br\/fm\/wp-json\/wp\/v2\/posts\/7657\/revisions"}],"predecessor-version":[{"id":7660,"href":"https:\/\/www.radiomanchester.com.br\/fm\/wp-json\/wp\/v2\/posts\/7657\/revisions\/7660"}],"wp:featuredmedia":[{"embeddable":true,"href":"https:\/\/www.radiomanchester.com.br\/fm\/wp-json\/wp\/v2\/media\/7658"}],"wp:attachment":[{"href":"https:\/\/www.radiomanchester.com.br\/fm\/wp-json\/wp\/v2\/media?parent=7657"}],"wp:term":[{"taxonomy":"category","embeddable":true,"href":"https:\/\/www.radiomanchester.com.br\/fm\/wp-json\/wp\/v2\/categories?post=7657"},{"taxonomy":"post_tag","embeddable":true,"href":"https:\/\/www.radiomanchester.com.br\/fm\/wp-json\/wp\/v2\/tags?post=7657"}],"curies":[{"name":"wp","href":"https:\/\/api.w.org\/{rel}","templated":true}]}}