{"id":7671,"date":"2022-03-24T15:40:00","date_gmt":"2022-03-24T18:40:00","guid":{"rendered":"https:\/\/www.radiomanchester.com.br\/fm\/?p=7671"},"modified":"2022-03-23T22:34:03","modified_gmt":"2022-03-24T01:34:03","slug":"anapolis-sedia-encontro-regional-do-sebrae-sobre-empreendedorismo","status":"publish","type":"post","link":"https:\/\/www.radiomanchester.com.br\/fm\/anapolis-sedia-encontro-regional-do-sebrae-sobre-empreendedorismo\/","title":{"rendered":"An\u00e1polis sedia encontro regional do Sebrae sobre empreendedorismo"},"content":{"rendered":"\n<p><\/p>\n\n\n\n<p><strong><em>Munic\u00edpio investe em pol\u00edticas p\u00fablicas para incentivar cria\u00e7\u00e3o de pr\u00f3prio neg\u00f3cio<\/em><\/strong><\/p>\n\n\n\n<p>Discutir pol\u00edticas p\u00fablicas que fortalecem o desenvolvimento de pequenas empresas nos munic\u00edpios. Essa foi a pauta do Encontro Regional do Programa Sebrae Cidade Empreendedora, que reuniu prefeitos, secret\u00e1rios municipais e lideran\u00e7as regionais, nesta ter\u00e7a-feira, (22 de mar\u00e7o), em um hotel da cidade. As discuss\u00f5es aconteceram com a participa\u00e7\u00e3o de representantes da Prefeitura de An\u00e1polis, Governo de Goi\u00e1s, Associa\u00e7\u00e3o Goiana de Munic\u00edpios (AGM) e Federa\u00e7\u00e3o Goiana de Munic\u00edpios (FGM).<\/p>\n\n\n\n<p>O vice-prefeito de An\u00e1polis, M\u00e1rcio C\u00e2ndido, ressaltou no encontro a import\u00e2ncia das parcerias para o fomento ao empreendedorismo. \u201cA Prefeitura tem trabalhado incansavelmente pelo desenvolvimento de An\u00e1polis e regi\u00e3o, construindo parcerias, como a que temos com o Sebrae, para dar suporte \u00e0s iniciativas empreendedoras no munic\u00edpio\u201d, disse. O vice-prefeito tamb\u00e9m citou que o prefeito Roberto Naves trabalha para viabilizar o polo industrial municipal com perfil tecnol\u00f3gico.<\/p>\n\n\n\n<p>Para o secret\u00e1rio municipal de Ind\u00fastria, Com\u00e9rcio, Trabalho, Emprego e Renda de An\u00e1polis, Alex Martins, o fato do munic\u00edpio sediar o encontro refor\u00e7a ainda mais a pol\u00edtica de incentivo ao empreendedorismo em An\u00e1polis. \u201cAn\u00e1polis vem criando pol\u00edticas p\u00fablicas para dar condi\u00e7\u00f5es \u00e0s pessoas de criarem seus pr\u00f3prios neg\u00f3cios. Isso acontece por meio de programas de qualifica\u00e7\u00e3o profissional, facilita\u00e7\u00e3o e orienta\u00e7\u00e3o quanto \u00e0 abertura de novas empresas e parcerias como o Mais Cr\u00e9dito, que oferece linhas de cr\u00e9ditos especiais para quem quer empreender. \u00c9 fortalecer o empreendedorismo para a gera\u00e7\u00e3o de emprego e renda\u201d, afirmou.<\/p>\n\n\n\n<p>Em 2021, mais de 3,9 milh\u00f5es de novas empresas foram criadas no Brasil. A maioria das aberturas de CNPJs foram de micro e pequenas empresas. Por isso, a integra\u00e7\u00e3o de a\u00e7\u00f5es em programas como o Cidade Empreendedora se torna fundamental para trazer solu\u00e7\u00f5es aos pequenos neg\u00f3cios, transformando de forma positiva a realidade de toda a popula\u00e7\u00e3o.<\/p>\n\n\n\n<p><\/p>\n\n\n\n<figure class=\"wp-block-image size-medium\"><img loading=\"lazy\" width=\"300\" height=\"200\" src=\"https:\/\/www.radiomanchester.com.br\/fm\/wp-content\/uploads\/2022\/03\/WhatsApp-Image-2022-03-23-at-22.26.45-300x200.jpeg\" alt=\"\" class=\"wp-image-7672\" srcset=\"https:\/\/www.radiomanchester.com.br\/fm\/wp-content\/uploads\/2022\/03\/WhatsApp-Image-2022-03-23-at-22.26.45-300x200.jpeg 300w, https:\/\/www.radiomanchester.com.br\/fm\/wp-content\/uploads\/2022\/03\/WhatsApp-Image-2022-03-23-at-22.26.45-1024x682.jpeg 1024w, https:\/\/www.radiomanchester.com.br\/fm\/wp-content\/uploads\/2022\/03\/WhatsApp-Image-2022-03-23-at-22.26.45-768x512.jpeg 768w, https:\/\/www.radiomanchester.com.br\/fm\/wp-content\/uploads\/2022\/03\/WhatsApp-Image-2022-03-23-at-22.26.45.jpeg 1280w\" sizes=\"(max-width: 300px) 100vw, 300px\" \/><\/figure>\n\n\n\n<p>por Prefeitura de An\u00e1polis &#8211; foto: Secom<\/p>\n","protected":false},"excerpt":{"rendered":"<p class=\"excerpt\">Munic\u00edpio investe em pol\u00edticas p\u00fablicas para incentivar cria\u00e7\u00e3o de pr\u00f3prio neg\u00f3cio Discutir pol\u00edticas p\u00fablicas que fortalecem o desenvolvimento de pequenas empresas nos munic\u00edpios. Essa foi a pauta do Encontro Regional do Programa Sebrae Cidade Empreendedora, que reuniu prefeitos, secret\u00e1rios municipais e lideran\u00e7as regionais, nesta ter\u00e7a-feira, (22 de mar\u00e7o), em um hotel da cidade. As discuss\u00f5es [&hellip;]<\/p>\n","protected":false},"author":1,"featured_media":7672,"comment_status":"open","ping_status":"open","sticky":false,"template":"","format":"standard","meta":[],"categories":[8,17],"tags":[22,24,113,83,92],"yoast_head":"<!-- This site is optimized with the Yoast SEO plugin v18.3 - https:\/\/yoast.com\/wordpress\/plugins\/seo\/ -->\n<title>An\u00e1polis sedia encontro regional do Sebrae sobre empreendedorismo - Manchester FM 93,3<\/title>\n<meta name=\"robots\" content=\"index, follow, max-snippet:-1, max-image-preview:large, max-video-preview:-1\" \/>\n<link rel=\"canonical\" href=\"https:\/\/www.radiomanchester.com.br\/fm\/anapolis-sedia-encontro-regional-do-sebrae-sobre-empreendedorismo\/\" \/>\n<meta property=\"og:locale\" content=\"pt_BR\" \/>\n<meta property=\"og:type\" content=\"article\" \/>\n<meta property=\"og:title\" content=\"An\u00e1polis sedia encontro regional do Sebrae sobre empreendedorismo - Manchester FM 93,3\" \/>\n<meta property=\"og:description\" content=\"Munic\u00edpio investe em pol\u00edticas p\u00fablicas para incentivar cria\u00e7\u00e3o de pr\u00f3prio neg\u00f3cio Discutir pol\u00edticas p\u00fablicas que fortalecem o desenvolvimento de pequenas empresas nos munic\u00edpios. Essa foi a pauta do Encontro Regional do Programa Sebrae Cidade Empreendedora, que reuniu prefeitos, secret\u00e1rios municipais e lideran\u00e7as regionais, nesta ter\u00e7a-feira, (22 de mar\u00e7o), em um hotel da cidade. As discuss\u00f5es [&hellip;]\" \/>\n<meta property=\"og:url\" content=\"https:\/\/www.radiomanchester.com.br\/fm\/anapolis-sedia-encontro-regional-do-sebrae-sobre-empreendedorismo\/\" \/>\n<meta property=\"og:site_name\" content=\"Manchester FM 93,3\" \/>\n<meta property=\"article:published_time\" content=\"2022-03-24T18:40:00+00:00\" \/>\n<meta property=\"article:modified_time\" content=\"2022-03-24T01:34:03+00:00\" \/>\n<meta property=\"og:image\" content=\"https:\/\/www.radiomanchester.com.br\/fm\/wp-content\/uploads\/2022\/03\/WhatsApp-Image-2022-03-23-at-22.26.45.jpeg\" \/>\n\t<meta property=\"og:image:width\" content=\"1280\" \/>\n\t<meta property=\"og:image:height\" content=\"853\" \/>\n\t<meta property=\"og:image:type\" content=\"image\/jpeg\" \/>\n<meta name=\"twitter:card\" content=\"summary_large_image\" \/>\n<meta name=\"twitter:label1\" content=\"Escrito por\" \/>\n\t<meta name=\"twitter:data1\" content=\"admin\" \/>\n\t<meta name=\"twitter:label2\" content=\"Est. tempo de leitura\" \/>\n\t<meta name=\"twitter:data2\" content=\"2 minutos\" \/>\n<script type=\"application\/ld+json\" class=\"yoast-schema-graph\">{\"@context\":\"https:\/\/schema.org\",\"@graph\":[{\"@type\":\"WebSite\",\"@id\":\"https:\/\/www.radiomanchester.com.br\/fm\/#website\",\"url\":\"https:\/\/www.radiomanchester.com.br\/fm\/\",\"name\":\"Manchester FM 93,3\",\"description\":\"Todo Mundo Ouve!\",\"potentialAction\":[{\"@type\":\"SearchAction\",\"target\":{\"@type\":\"EntryPoint\",\"urlTemplate\":\"https:\/\/www.radiomanchester.com.br\/fm\/?s={search_term_string}\"},\"query-input\":\"required name=search_term_string\"}],\"inLanguage\":\"pt-BR\"},{\"@type\":\"ImageObject\",\"@id\":\"https:\/\/www.radiomanchester.com.br\/fm\/anapolis-sedia-encontro-regional-do-sebrae-sobre-empreendedorismo\/#primaryimage\",\"inLanguage\":\"pt-BR\",\"url\":\"https:\/\/www.radiomanchester.com.br\/fm\/wp-content\/uploads\/2022\/03\/WhatsApp-Image-2022-03-23-at-22.26.45.jpeg\",\"contentUrl\":\"https:\/\/www.radiomanchester.com.br\/fm\/wp-content\/uploads\/2022\/03\/WhatsApp-Image-2022-03-23-at-22.26.45.jpeg\",\"width\":1280,\"height\":853},{\"@type\":\"WebPage\",\"@id\":\"https:\/\/www.radiomanchester.com.br\/fm\/anapolis-sedia-encontro-regional-do-sebrae-sobre-empreendedorismo\/#webpage\",\"url\":\"https:\/\/www.radiomanchester.com.br\/fm\/anapolis-sedia-encontro-regional-do-sebrae-sobre-empreendedorismo\/\",\"name\":\"An\u00e1polis sedia encontro regional do Sebrae sobre empreendedorismo - Manchester FM 93,3\",\"isPartOf\":{\"@id\":\"https:\/\/www.radiomanchester.com.br\/fm\/#website\"},\"primaryImageOfPage\":{\"@id\":\"https:\/\/www.radiomanchester.com.br\/fm\/anapolis-sedia-encontro-regional-do-sebrae-sobre-empreendedorismo\/#primaryimage\"},\"datePublished\":\"2022-03-24T18:40:00+00:00\",\"dateModified\":\"2022-03-24T01:34:03+00:00\",\"author\":{\"@id\":\"https:\/\/www.radiomanchester.com.br\/fm\/#\/schema\/person\/408a7b4d4e32cbebd90e2782852abca3\"},\"breadcrumb\":{\"@id\":\"https:\/\/www.radiomanchester.com.br\/fm\/anapolis-sedia-encontro-regional-do-sebrae-sobre-empreendedorismo\/#breadcrumb\"},\"inLanguage\":\"pt-BR\",\"potentialAction\":[{\"@type\":\"ReadAction\",\"target\":[\"https:\/\/www.radiomanchester.com.br\/fm\/anapolis-sedia-encontro-regional-do-sebrae-sobre-empreendedorismo\/\"]}]},{\"@type\":\"BreadcrumbList\",\"@id\":\"https:\/\/www.radiomanchester.com.br\/fm\/anapolis-sedia-encontro-regional-do-sebrae-sobre-empreendedorismo\/#breadcrumb\",\"itemListElement\":[{\"@type\":\"ListItem\",\"position\":1,\"name\":\"Home\",\"item\":\"https:\/\/www.radiomanchester.com.br\/fm\/\"},{\"@type\":\"ListItem\",\"position\":2,\"name\":\"An\u00e1polis sedia encontro regional do Sebrae sobre empreendedorismo\"}]},{\"@type\":\"Person\",\"@id\":\"https:\/\/www.radiomanchester.com.br\/fm\/#\/schema\/person\/408a7b4d4e32cbebd90e2782852abca3\",\"name\":\"admin\",\"image\":{\"@type\":\"ImageObject\",\"@id\":\"https:\/\/www.radiomanchester.com.br\/fm\/#personlogo\",\"inLanguage\":\"pt-BR\",\"url\":\"https:\/\/secure.gravatar.com\/avatar\/115a974dba3376872eb3addeb276301c?s=96&d=mm&r=g\",\"contentUrl\":\"https:\/\/secure.gravatar.com\/avatar\/115a974dba3376872eb3addeb276301c?s=96&d=mm&r=g\",\"caption\":\"admin\"},\"url\":\"https:\/\/www.radiomanchester.com.br\/fm\/author\/admin\/\"}]}<\/script>\n<!-- \/ Yoast SEO plugin. -->","yoast_head_json":{"title":"An\u00e1polis sedia encontro regional do Sebrae sobre empreendedorismo - Manchester FM 93,3","robots":{"index":"index","follow":"follow","max-snippet":"max-snippet:-1","max-image-preview":"max-image-preview:large","max-video-preview":"max-video-preview:-1"},"canonical":"https:\/\/www.radiomanchester.com.br\/fm\/anapolis-sedia-encontro-regional-do-sebrae-sobre-empreendedorismo\/","og_locale":"pt_BR","og_type":"article","og_title":"An\u00e1polis sedia encontro regional do Sebrae sobre empreendedorismo - Manchester FM 93,3","og_description":"Munic\u00edpio investe em pol\u00edticas p\u00fablicas para incentivar cria\u00e7\u00e3o de pr\u00f3prio neg\u00f3cio Discutir pol\u00edticas p\u00fablicas que fortalecem o desenvolvimento de pequenas empresas nos munic\u00edpios. Essa foi a pauta do Encontro Regional do Programa Sebrae Cidade Empreendedora, que reuniu prefeitos, secret\u00e1rios municipais e lideran\u00e7as regionais, nesta ter\u00e7a-feira, (22 de mar\u00e7o), em um hotel da cidade. As discuss\u00f5es [&hellip;]","og_url":"https:\/\/www.radiomanchester.com.br\/fm\/anapolis-sedia-encontro-regional-do-sebrae-sobre-empreendedorismo\/","og_site_name":"Manchester FM 93,3","article_published_time":"2022-03-24T18:40:00+00:00","article_modified_time":"2022-03-24T01:34:03+00:00","og_image":[{"width":1280,"height":853,"url":"https:\/\/www.radiomanchester.com.br\/fm\/wp-content\/uploads\/2022\/03\/WhatsApp-Image-2022-03-23-at-22.26.45.jpeg","type":"image\/jpeg"}],"twitter_card":"summary_large_image","twitter_misc":{"Escrito por":"admin","Est. tempo de leitura":"2 minutos"},"schema":{"@context":"https:\/\/schema.org","@graph":[{"@type":"WebSite","@id":"https:\/\/www.radiomanchester.com.br\/fm\/#website","url":"https:\/\/www.radiomanchester.com.br\/fm\/","name":"Manchester FM 93,3","description":"Todo Mundo Ouve!","potentialAction":[{"@type":"SearchAction","target":{"@type":"EntryPoint","urlTemplate":"https:\/\/www.radiomanchester.com.br\/fm\/?s={search_term_string}"},"query-input":"required name=search_term_string"}],"inLanguage":"pt-BR"},{"@type":"ImageObject","@id":"https:\/\/www.radiomanchester.com.br\/fm\/anapolis-sedia-encontro-regional-do-sebrae-sobre-empreendedorismo\/#primaryimage","inLanguage":"pt-BR","url":"https:\/\/www.radiomanchester.com.br\/fm\/wp-content\/uploads\/2022\/03\/WhatsApp-Image-2022-03-23-at-22.26.45.jpeg","contentUrl":"https:\/\/www.radiomanchester.com.br\/fm\/wp-content\/uploads\/2022\/03\/WhatsApp-Image-2022-03-23-at-22.26.45.jpeg","width":1280,"height":853},{"@type":"WebPage","@id":"https:\/\/www.radiomanchester.com.br\/fm\/anapolis-sedia-encontro-regional-do-sebrae-sobre-empreendedorismo\/#webpage","url":"https:\/\/www.radiomanchester.com.br\/fm\/anapolis-sedia-encontro-regional-do-sebrae-sobre-empreendedorismo\/","name":"An\u00e1polis sedia encontro regional do Sebrae sobre empreendedorismo - Manchester FM 93,3","isPartOf":{"@id":"https:\/\/www.radiomanchester.com.br\/fm\/#website"},"primaryImageOfPage":{"@id":"https:\/\/www.radiomanchester.com.br\/fm\/anapolis-sedia-encontro-regional-do-sebrae-sobre-empreendedorismo\/#primaryimage"},"datePublished":"2022-03-24T18:40:00+00:00","dateModified":"2022-03-24T01:34:03+00:00","author":{"@id":"https:\/\/www.radiomanchester.com.br\/fm\/#\/schema\/person\/408a7b4d4e32cbebd90e2782852abca3"},"breadcrumb":{"@id":"https:\/\/www.radiomanchester.com.br\/fm\/anapolis-sedia-encontro-regional-do-sebrae-sobre-empreendedorismo\/#breadcrumb"},"inLanguage":"pt-BR","potentialAction":[{"@type":"ReadAction","target":["https:\/\/www.radiomanchester.com.br\/fm\/anapolis-sedia-encontro-regional-do-sebrae-sobre-empreendedorismo\/"]}]},{"@type":"BreadcrumbList","@id":"https:\/\/www.radiomanchester.com.br\/fm\/anapolis-sedia-encontro-regional-do-sebrae-sobre-empreendedorismo\/#breadcrumb","itemListElement":[{"@type":"ListItem","position":1,"name":"Home","item":"https:\/\/www.radiomanchester.com.br\/fm\/"},{"@type":"ListItem","position":2,"name":"An\u00e1polis sedia encontro regional do Sebrae sobre empreendedorismo"}]},{"@type":"Person","@id":"https:\/\/www.radiomanchester.com.br\/fm\/#\/schema\/person\/408a7b4d4e32cbebd90e2782852abca3","name":"admin","image":{"@type":"ImageObject","@id":"https:\/\/www.radiomanchester.com.br\/fm\/#personlogo","inLanguage":"pt-BR","url":"https:\/\/secure.gravatar.com\/avatar\/115a974dba3376872eb3addeb276301c?s=96&d=mm&r=g","contentUrl":"https:\/\/secure.gravatar.com\/avatar\/115a974dba3376872eb3addeb276301c?s=96&d=mm&r=g","caption":"admin"},"url":"https:\/\/www.radiomanchester.com.br\/fm\/author\/admin\/"}]}},"_links":{"self":[{"href":"https:\/\/www.radiomanchester.com.br\/fm\/wp-json\/wp\/v2\/posts\/7671"}],"collection":[{"href":"https:\/\/www.radiomanchester.com.br\/fm\/wp-json\/wp\/v2\/posts"}],"about":[{"href":"https:\/\/www.radiomanchester.com.br\/fm\/wp-json\/wp\/v2\/types\/post"}],"author":[{"embeddable":true,"href":"https:\/\/www.radiomanchester.com.br\/fm\/wp-json\/wp\/v2\/users\/1"}],"replies":[{"embeddable":true,"href":"https:\/\/www.radiomanchester.com.br\/fm\/wp-json\/wp\/v2\/comments?post=7671"}],"version-history":[{"count":1,"href":"https:\/\/www.radiomanchester.com.br\/fm\/wp-json\/wp\/v2\/posts\/7671\/revisions"}],"predecessor-version":[{"id":7673,"href":"https:\/\/www.radiomanchester.com.br\/fm\/wp-json\/wp\/v2\/posts\/7671\/revisions\/7673"}],"wp:featuredmedia":[{"embeddable":true,"href":"https:\/\/www.radiomanchester.com.br\/fm\/wp-json\/wp\/v2\/media\/7672"}],"wp:attachment":[{"href":"https:\/\/www.radiomanchester.com.br\/fm\/wp-json\/wp\/v2\/media?parent=7671"}],"wp:term":[{"taxonomy":"category","embeddable":true,"href":"https:\/\/www.radiomanchester.com.br\/fm\/wp-json\/wp\/v2\/categories?post=7671"},{"taxonomy":"post_tag","embeddable":true,"href":"https:\/\/www.radiomanchester.com.br\/fm\/wp-json\/wp\/v2\/tags?post=7671"}],"curies":[{"name":"wp","href":"https:\/\/api.w.org\/{rel}","templated":true}]}}