{"id":7727,"date":"2022-03-31T06:28:48","date_gmt":"2022-03-31T09:28:48","guid":{"rendered":"https:\/\/www.radiomanchester.com.br\/fm\/?p=7727"},"modified":"2022-03-31T06:28:51","modified_gmt":"2022-03-31T09:28:51","slug":"morre-mulher-que-teve-corpo-incendiado-em-banheiro-publico","status":"publish","type":"post","link":"https:\/\/www.radiomanchester.com.br\/fm\/morre-mulher-que-teve-corpo-incendiado-em-banheiro-publico\/","title":{"rendered":"Morre mulher que teve corpo incendiado em banheiro p\u00fablico"},"content":{"rendered":"\n<p><\/p>\n\n\n\n<p><strong><em>V\u00edtima teve cerca de 90% do corpo queimado. Segundo a Pol\u00edcia, mulher confessou ter ateado fogo na v\u00edtima, ap\u00f3s briga motivada por ci\u00fames<\/em><\/strong><\/p>\n\n\n\n<p>A jovem, de 21 anos, que teve cerca de\u00a090% do corpo queimado\u00a0nessa ter\u00e7a-feira (29 de mar\u00e7o) dentro de um banheiro p\u00fablico de uma pra\u00e7a em Mina\u00e7u, regi\u00e3o norte de\u00a0Goi\u00e1s, morreu na tarde desta quarta-feira (30), no Hospital de Urg\u00eancias Governador Ot\u00e1vio Lage de Siqueira (Hugol), na capital goiana. Segundo a\u00a0Pol\u00edcia Civil, o crime foi motivado por ci\u00fames.<\/p>\n\n\n\n<p>A v\u00edtima exibiu queimaduras de primeiro, segundo e terceiro grau, de acordo com ocorr\u00eancia do\u00a0Corpo dos Bombeiros. Ap\u00f3s uma briga, a autora do crime teria comprado 2 litros de gasolina e ateado fogo ao corpo da v\u00edtima.<\/p>\n\n\n\n<p>De acordo com a Pol\u00edcia Civil, a autora foi presa na casa da m\u00e3e e confessou. Duas testemunhas relataram para a pol\u00edcia que viram a jovem em chamas, saindo do banheiro, e gritando por socorro. Uma das testemunhas tirou a pr\u00f3pria camisa e ajudou a apagar o\u00a0fogo.<\/p>\n\n\n\n<p>A mulher foi atendida por uma equipe de bombeiros e transportada para o Hospital Municipal Dr. Ednaldo Barbosa, na mesma cidade, mas, em raz\u00e3o da gravidade do caso, foi transferida para a capital.<\/p>\n\n\n\n<p>Segundo o Hugol, \u201capesar de todos os esfor\u00e7os e procedimentos da equipe multidisciplinar da unidade hospitalar, [a paciente] foi a \u00f3bito\u201d.<\/p>\n\n\n\n<figure class=\"wp-block-image size-medium\"><img loading=\"lazy\" width=\"300\" height=\"207\" src=\"https:\/\/www.radiomanchester.com.br\/fm\/wp-content\/uploads\/2022\/03\/2942162C-40AF-4C5B-BD38-00BCC5A50773-300x207.jpeg\" alt=\"\" class=\"wp-image-7728\" srcset=\"https:\/\/www.radiomanchester.com.br\/fm\/wp-content\/uploads\/2022\/03\/2942162C-40AF-4C5B-BD38-00BCC5A50773-300x207.jpeg 300w, https:\/\/www.radiomanchester.com.br\/fm\/wp-content\/uploads\/2022\/03\/2942162C-40AF-4C5B-BD38-00BCC5A50773.jpeg 435w\" sizes=\"(max-width: 300px) 100vw, 300px\" \/><\/figure>\n\n\n\n<p>PorMetropoles &#8211; foto: reprodu\u00e7\u00e3o&nbsp;<\/p>\n","protected":false},"excerpt":{"rendered":"<p class=\"excerpt\">V\u00edtima teve cerca de 90% do corpo queimado. Segundo a Pol\u00edcia, mulher confessou ter ateado fogo na v\u00edtima, ap\u00f3s briga motivada por ci\u00fames A jovem, de 21 anos, que teve cerca de\u00a090% do corpo queimado\u00a0nessa ter\u00e7a-feira (29 de mar\u00e7o) dentro de um banheiro p\u00fablico de uma pra\u00e7a em Mina\u00e7u, regi\u00e3o norte de\u00a0Goi\u00e1s, morreu na tarde [&hellip;]<\/p>\n","protected":false},"author":1,"featured_media":7728,"comment_status":"open","ping_status":"open","sticky":false,"template":"","format":"standard","meta":[],"categories":[8,17],"tags":[22,24,113,83,92],"yoast_head":"<!-- This site is optimized with the Yoast SEO plugin v18.3 - https:\/\/yoast.com\/wordpress\/plugins\/seo\/ -->\n<title>Morre mulher que teve corpo incendiado em banheiro p\u00fablico - Manchester FM 93,3<\/title>\n<meta name=\"robots\" content=\"index, follow, max-snippet:-1, max-image-preview:large, max-video-preview:-1\" \/>\n<link rel=\"canonical\" href=\"https:\/\/www.radiomanchester.com.br\/fm\/morre-mulher-que-teve-corpo-incendiado-em-banheiro-publico\/\" \/>\n<meta property=\"og:locale\" content=\"pt_BR\" \/>\n<meta property=\"og:type\" content=\"article\" \/>\n<meta property=\"og:title\" content=\"Morre mulher que teve corpo incendiado em banheiro p\u00fablico - Manchester FM 93,3\" \/>\n<meta property=\"og:description\" content=\"V\u00edtima teve cerca de 90% do corpo queimado. Segundo a Pol\u00edcia, mulher confessou ter ateado fogo na v\u00edtima, ap\u00f3s briga motivada por ci\u00fames A jovem, de 21 anos, que teve cerca de\u00a090% do corpo queimado\u00a0nessa ter\u00e7a-feira (29 de mar\u00e7o) dentro de um banheiro p\u00fablico de uma pra\u00e7a em Mina\u00e7u, regi\u00e3o norte de\u00a0Goi\u00e1s, morreu na tarde [&hellip;]\" \/>\n<meta property=\"og:url\" content=\"https:\/\/www.radiomanchester.com.br\/fm\/morre-mulher-que-teve-corpo-incendiado-em-banheiro-publico\/\" \/>\n<meta property=\"og:site_name\" content=\"Manchester FM 93,3\" \/>\n<meta property=\"article:published_time\" content=\"2022-03-31T09:28:48+00:00\" \/>\n<meta property=\"article:modified_time\" content=\"2022-03-31T09:28:51+00:00\" \/>\n<meta property=\"og:image\" content=\"http:\/\/www.radiomanchester.com.br\/fm\/wp-content\/uploads\/2022\/03\/2942162C-40AF-4C5B-BD38-00BCC5A50773.jpeg\" \/>\n\t<meta property=\"og:image:width\" content=\"435\" \/>\n\t<meta property=\"og:image:height\" content=\"300\" \/>\n\t<meta property=\"og:image:type\" content=\"image\/jpeg\" \/>\n<meta name=\"twitter:card\" content=\"summary_large_image\" \/>\n<meta name=\"twitter:label1\" content=\"Escrito por\" \/>\n\t<meta name=\"twitter:data1\" content=\"admin\" \/>\n\t<meta name=\"twitter:label2\" content=\"Est. tempo de leitura\" \/>\n\t<meta name=\"twitter:data2\" content=\"2 minutos\" \/>\n<script type=\"application\/ld+json\" class=\"yoast-schema-graph\">{\"@context\":\"https:\/\/schema.org\",\"@graph\":[{\"@type\":\"WebSite\",\"@id\":\"https:\/\/www.radiomanchester.com.br\/fm\/#website\",\"url\":\"https:\/\/www.radiomanchester.com.br\/fm\/\",\"name\":\"Manchester FM 93,3\",\"description\":\"Todo Mundo Ouve!\",\"potentialAction\":[{\"@type\":\"SearchAction\",\"target\":{\"@type\":\"EntryPoint\",\"urlTemplate\":\"https:\/\/www.radiomanchester.com.br\/fm\/?s={search_term_string}\"},\"query-input\":\"required name=search_term_string\"}],\"inLanguage\":\"pt-BR\"},{\"@type\":\"ImageObject\",\"@id\":\"https:\/\/www.radiomanchester.com.br\/fm\/morre-mulher-que-teve-corpo-incendiado-em-banheiro-publico\/#primaryimage\",\"inLanguage\":\"pt-BR\",\"url\":\"https:\/\/www.radiomanchester.com.br\/fm\/wp-content\/uploads\/2022\/03\/2942162C-40AF-4C5B-BD38-00BCC5A50773.jpeg\",\"contentUrl\":\"https:\/\/www.radiomanchester.com.br\/fm\/wp-content\/uploads\/2022\/03\/2942162C-40AF-4C5B-BD38-00BCC5A50773.jpeg\",\"width\":435,\"height\":300},{\"@type\":\"WebPage\",\"@id\":\"https:\/\/www.radiomanchester.com.br\/fm\/morre-mulher-que-teve-corpo-incendiado-em-banheiro-publico\/#webpage\",\"url\":\"https:\/\/www.radiomanchester.com.br\/fm\/morre-mulher-que-teve-corpo-incendiado-em-banheiro-publico\/\",\"name\":\"Morre mulher que teve corpo incendiado em banheiro p\u00fablico - Manchester FM 93,3\",\"isPartOf\":{\"@id\":\"https:\/\/www.radiomanchester.com.br\/fm\/#website\"},\"primaryImageOfPage\":{\"@id\":\"https:\/\/www.radiomanchester.com.br\/fm\/morre-mulher-que-teve-corpo-incendiado-em-banheiro-publico\/#primaryimage\"},\"datePublished\":\"2022-03-31T09:28:48+00:00\",\"dateModified\":\"2022-03-31T09:28:51+00:00\",\"author\":{\"@id\":\"https:\/\/www.radiomanchester.com.br\/fm\/#\/schema\/person\/408a7b4d4e32cbebd90e2782852abca3\"},\"breadcrumb\":{\"@id\":\"https:\/\/www.radiomanchester.com.br\/fm\/morre-mulher-que-teve-corpo-incendiado-em-banheiro-publico\/#breadcrumb\"},\"inLanguage\":\"pt-BR\",\"potentialAction\":[{\"@type\":\"ReadAction\",\"target\":[\"https:\/\/www.radiomanchester.com.br\/fm\/morre-mulher-que-teve-corpo-incendiado-em-banheiro-publico\/\"]}]},{\"@type\":\"BreadcrumbList\",\"@id\":\"https:\/\/www.radiomanchester.com.br\/fm\/morre-mulher-que-teve-corpo-incendiado-em-banheiro-publico\/#breadcrumb\",\"itemListElement\":[{\"@type\":\"ListItem\",\"position\":1,\"name\":\"Home\",\"item\":\"https:\/\/www.radiomanchester.com.br\/fm\/\"},{\"@type\":\"ListItem\",\"position\":2,\"name\":\"Morre mulher que teve corpo incendiado em banheiro p\u00fablico\"}]},{\"@type\":\"Person\",\"@id\":\"https:\/\/www.radiomanchester.com.br\/fm\/#\/schema\/person\/408a7b4d4e32cbebd90e2782852abca3\",\"name\":\"admin\",\"image\":{\"@type\":\"ImageObject\",\"@id\":\"https:\/\/www.radiomanchester.com.br\/fm\/#personlogo\",\"inLanguage\":\"pt-BR\",\"url\":\"https:\/\/secure.gravatar.com\/avatar\/115a974dba3376872eb3addeb276301c?s=96&d=mm&r=g\",\"contentUrl\":\"https:\/\/secure.gravatar.com\/avatar\/115a974dba3376872eb3addeb276301c?s=96&d=mm&r=g\",\"caption\":\"admin\"},\"url\":\"https:\/\/www.radiomanchester.com.br\/fm\/author\/admin\/\"}]}<\/script>\n<!-- \/ Yoast SEO plugin. -->","yoast_head_json":{"title":"Morre mulher que teve corpo incendiado em banheiro p\u00fablico - Manchester FM 93,3","robots":{"index":"index","follow":"follow","max-snippet":"max-snippet:-1","max-image-preview":"max-image-preview:large","max-video-preview":"max-video-preview:-1"},"canonical":"https:\/\/www.radiomanchester.com.br\/fm\/morre-mulher-que-teve-corpo-incendiado-em-banheiro-publico\/","og_locale":"pt_BR","og_type":"article","og_title":"Morre mulher que teve corpo incendiado em banheiro p\u00fablico - Manchester FM 93,3","og_description":"V\u00edtima teve cerca de 90% do corpo queimado. Segundo a Pol\u00edcia, mulher confessou ter ateado fogo na v\u00edtima, ap\u00f3s briga motivada por ci\u00fames A jovem, de 21 anos, que teve cerca de\u00a090% do corpo queimado\u00a0nessa ter\u00e7a-feira (29 de mar\u00e7o) dentro de um banheiro p\u00fablico de uma pra\u00e7a em Mina\u00e7u, regi\u00e3o norte de\u00a0Goi\u00e1s, morreu na tarde [&hellip;]","og_url":"https:\/\/www.radiomanchester.com.br\/fm\/morre-mulher-que-teve-corpo-incendiado-em-banheiro-publico\/","og_site_name":"Manchester FM 93,3","article_published_time":"2022-03-31T09:28:48+00:00","article_modified_time":"2022-03-31T09:28:51+00:00","og_image":[{"width":435,"height":300,"url":"http:\/\/www.radiomanchester.com.br\/fm\/wp-content\/uploads\/2022\/03\/2942162C-40AF-4C5B-BD38-00BCC5A50773.jpeg","type":"image\/jpeg"}],"twitter_card":"summary_large_image","twitter_misc":{"Escrito por":"admin","Est. tempo de leitura":"2 minutos"},"schema":{"@context":"https:\/\/schema.org","@graph":[{"@type":"WebSite","@id":"https:\/\/www.radiomanchester.com.br\/fm\/#website","url":"https:\/\/www.radiomanchester.com.br\/fm\/","name":"Manchester FM 93,3","description":"Todo Mundo Ouve!","potentialAction":[{"@type":"SearchAction","target":{"@type":"EntryPoint","urlTemplate":"https:\/\/www.radiomanchester.com.br\/fm\/?s={search_term_string}"},"query-input":"required name=search_term_string"}],"inLanguage":"pt-BR"},{"@type":"ImageObject","@id":"https:\/\/www.radiomanchester.com.br\/fm\/morre-mulher-que-teve-corpo-incendiado-em-banheiro-publico\/#primaryimage","inLanguage":"pt-BR","url":"https:\/\/www.radiomanchester.com.br\/fm\/wp-content\/uploads\/2022\/03\/2942162C-40AF-4C5B-BD38-00BCC5A50773.jpeg","contentUrl":"https:\/\/www.radiomanchester.com.br\/fm\/wp-content\/uploads\/2022\/03\/2942162C-40AF-4C5B-BD38-00BCC5A50773.jpeg","width":435,"height":300},{"@type":"WebPage","@id":"https:\/\/www.radiomanchester.com.br\/fm\/morre-mulher-que-teve-corpo-incendiado-em-banheiro-publico\/#webpage","url":"https:\/\/www.radiomanchester.com.br\/fm\/morre-mulher-que-teve-corpo-incendiado-em-banheiro-publico\/","name":"Morre mulher que teve corpo incendiado em banheiro p\u00fablico - Manchester FM 93,3","isPartOf":{"@id":"https:\/\/www.radiomanchester.com.br\/fm\/#website"},"primaryImageOfPage":{"@id":"https:\/\/www.radiomanchester.com.br\/fm\/morre-mulher-que-teve-corpo-incendiado-em-banheiro-publico\/#primaryimage"},"datePublished":"2022-03-31T09:28:48+00:00","dateModified":"2022-03-31T09:28:51+00:00","author":{"@id":"https:\/\/www.radiomanchester.com.br\/fm\/#\/schema\/person\/408a7b4d4e32cbebd90e2782852abca3"},"breadcrumb":{"@id":"https:\/\/www.radiomanchester.com.br\/fm\/morre-mulher-que-teve-corpo-incendiado-em-banheiro-publico\/#breadcrumb"},"inLanguage":"pt-BR","potentialAction":[{"@type":"ReadAction","target":["https:\/\/www.radiomanchester.com.br\/fm\/morre-mulher-que-teve-corpo-incendiado-em-banheiro-publico\/"]}]},{"@type":"BreadcrumbList","@id":"https:\/\/www.radiomanchester.com.br\/fm\/morre-mulher-que-teve-corpo-incendiado-em-banheiro-publico\/#breadcrumb","itemListElement":[{"@type":"ListItem","position":1,"name":"Home","item":"https:\/\/www.radiomanchester.com.br\/fm\/"},{"@type":"ListItem","position":2,"name":"Morre mulher que teve corpo incendiado em banheiro p\u00fablico"}]},{"@type":"Person","@id":"https:\/\/www.radiomanchester.com.br\/fm\/#\/schema\/person\/408a7b4d4e32cbebd90e2782852abca3","name":"admin","image":{"@type":"ImageObject","@id":"https:\/\/www.radiomanchester.com.br\/fm\/#personlogo","inLanguage":"pt-BR","url":"https:\/\/secure.gravatar.com\/avatar\/115a974dba3376872eb3addeb276301c?s=96&d=mm&r=g","contentUrl":"https:\/\/secure.gravatar.com\/avatar\/115a974dba3376872eb3addeb276301c?s=96&d=mm&r=g","caption":"admin"},"url":"https:\/\/www.radiomanchester.com.br\/fm\/author\/admin\/"}]}},"_links":{"self":[{"href":"https:\/\/www.radiomanchester.com.br\/fm\/wp-json\/wp\/v2\/posts\/7727"}],"collection":[{"href":"https:\/\/www.radiomanchester.com.br\/fm\/wp-json\/wp\/v2\/posts"}],"about":[{"href":"https:\/\/www.radiomanchester.com.br\/fm\/wp-json\/wp\/v2\/types\/post"}],"author":[{"embeddable":true,"href":"https:\/\/www.radiomanchester.com.br\/fm\/wp-json\/wp\/v2\/users\/1"}],"replies":[{"embeddable":true,"href":"https:\/\/www.radiomanchester.com.br\/fm\/wp-json\/wp\/v2\/comments?post=7727"}],"version-history":[{"count":1,"href":"https:\/\/www.radiomanchester.com.br\/fm\/wp-json\/wp\/v2\/posts\/7727\/revisions"}],"predecessor-version":[{"id":7729,"href":"https:\/\/www.radiomanchester.com.br\/fm\/wp-json\/wp\/v2\/posts\/7727\/revisions\/7729"}],"wp:featuredmedia":[{"embeddable":true,"href":"https:\/\/www.radiomanchester.com.br\/fm\/wp-json\/wp\/v2\/media\/7728"}],"wp:attachment":[{"href":"https:\/\/www.radiomanchester.com.br\/fm\/wp-json\/wp\/v2\/media?parent=7727"}],"wp:term":[{"taxonomy":"category","embeddable":true,"href":"https:\/\/www.radiomanchester.com.br\/fm\/wp-json\/wp\/v2\/categories?post=7727"},{"taxonomy":"post_tag","embeddable":true,"href":"https:\/\/www.radiomanchester.com.br\/fm\/wp-json\/wp\/v2\/tags?post=7727"}],"curies":[{"name":"wp","href":"https:\/\/api.w.org\/{rel}","templated":true}]}}