{"id":7739,"date":"2022-04-02T08:47:00","date_gmt":"2022-04-02T11:47:00","guid":{"rendered":"https:\/\/www.radiomanchester.com.br\/fm\/?p=7739"},"modified":"2022-04-02T08:47:03","modified_gmt":"2022-04-02T11:47:03","slug":"mascote-da-copa-do-catar-vira-piada-e-ja-e-chamada-de-gasparzinho","status":"publish","type":"post","link":"https:\/\/www.radiomanchester.com.br\/fm\/mascote-da-copa-do-catar-vira-piada-e-ja-e-chamada-de-gasparzinho\/","title":{"rendered":"Mascote da Copa do Catar vira piada e j\u00e1 \u00e9 chamada de Gasparzinho"},"content":{"rendered":"\n<p><\/p>\n\n\n\n<p><strong><em>La&#8217;eeb foi lan\u00e7ado e, claro, j\u00e1 caiu na boca do povo; piadas e memes com o personagem j\u00e1 tomam as redes sociais<\/em><\/strong><\/p>\n\n\n\n<p>La&#8217;eeb \u00e9 o nome da mascote da Copa do Mundo do Catar e foi revelado nesta sexta-feira (1\u00ba de abril), pouco antes do sorteio dos grupos da competi\u00e7\u00e3o. E o visual do personagem j\u00e1 virou piada na internet, que n\u00e3o perdeu tempo e saiu fazendo piadas e criando memes. O povo&nbsp;j\u00e1 o apelidou de Gasparzinho, o fantasminha camarada dos desenhos animados.<\/p>\n\n\n\n<p>A palavra La&#8217;eeb significa &#8220;jogador super-habilidoso&#8221;, e seu visual \u00e9 inspirado numa vestimenta t\u00edpica do mundo \u00e1rabe, mas por boa parte do planeta vai ser chamado de outra coisa. Tem o Gasparzinho citado acima e tamb\u00e9m est\u00e3o chamando o personagem de &#8220;tapetinho&#8221;, &#8220;guardanapo&#8221;, e por a\u00ed vai. Veja alguns coment\u00e1rios:<\/p>\n\n\n\n<figure class=\"wp-block-image size-large\"><img loading=\"lazy\" width=\"786\" height=\"1024\" src=\"https:\/\/www.radiomanchester.com.br\/fm\/wp-content\/uploads\/2022\/04\/AD4B5463-F6F6-44B2-9366-1B5631C27170-786x1024.jpeg\" alt=\"\" class=\"wp-image-7740\" srcset=\"https:\/\/www.radiomanchester.com.br\/fm\/wp-content\/uploads\/2022\/04\/AD4B5463-F6F6-44B2-9366-1B5631C27170-786x1024.jpeg 786w, https:\/\/www.radiomanchester.com.br\/fm\/wp-content\/uploads\/2022\/04\/AD4B5463-F6F6-44B2-9366-1B5631C27170-230x300.jpeg 230w, https:\/\/www.radiomanchester.com.br\/fm\/wp-content\/uploads\/2022\/04\/AD4B5463-F6F6-44B2-9366-1B5631C27170-768x1001.jpeg 768w, https:\/\/www.radiomanchester.com.br\/fm\/wp-content\/uploads\/2022\/04\/AD4B5463-F6F6-44B2-9366-1B5631C27170-1179x1536.jpeg 1179w, https:\/\/www.radiomanchester.com.br\/fm\/wp-content\/uploads\/2022\/04\/AD4B5463-F6F6-44B2-9366-1B5631C27170.jpeg 1242w\" sizes=\"(max-width: 786px) 100vw, 786px\" \/><\/figure>\n\n\n\n<figure class=\"wp-block-image size-large\"><img loading=\"lazy\" width=\"1024\" height=\"980\" src=\"https:\/\/www.radiomanchester.com.br\/fm\/wp-content\/uploads\/2022\/04\/B46A662A-8624-43C2-B2A0-7A337FC3545C-1024x980.jpeg\" alt=\"\" class=\"wp-image-7741\" srcset=\"https:\/\/www.radiomanchester.com.br\/fm\/wp-content\/uploads\/2022\/04\/B46A662A-8624-43C2-B2A0-7A337FC3545C-1024x980.jpeg 1024w, https:\/\/www.radiomanchester.com.br\/fm\/wp-content\/uploads\/2022\/04\/B46A662A-8624-43C2-B2A0-7A337FC3545C-300x287.jpeg 300w, https:\/\/www.radiomanchester.com.br\/fm\/wp-content\/uploads\/2022\/04\/B46A662A-8624-43C2-B2A0-7A337FC3545C-768x735.jpeg 768w, https:\/\/www.radiomanchester.com.br\/fm\/wp-content\/uploads\/2022\/04\/B46A662A-8624-43C2-B2A0-7A337FC3545C.jpeg 1242w\" sizes=\"(max-width: 1024px) 100vw, 1024px\" \/><\/figure>\n\n\n\n<figure class=\"wp-block-image size-medium\"><img loading=\"lazy\" width=\"300\" height=\"161\" src=\"https:\/\/www.radiomanchester.com.br\/fm\/wp-content\/uploads\/2022\/04\/694BE963-B47F-4251-8E3B-BC00D85293C7-300x161.jpeg\" alt=\"\" class=\"wp-image-7742\" srcset=\"https:\/\/www.radiomanchester.com.br\/fm\/wp-content\/uploads\/2022\/04\/694BE963-B47F-4251-8E3B-BC00D85293C7-300x161.jpeg 300w, https:\/\/www.radiomanchester.com.br\/fm\/wp-content\/uploads\/2022\/04\/694BE963-B47F-4251-8E3B-BC00D85293C7-1024x548.jpeg 1024w, https:\/\/www.radiomanchester.com.br\/fm\/wp-content\/uploads\/2022\/04\/694BE963-B47F-4251-8E3B-BC00D85293C7-768x411.jpeg 768w, https:\/\/www.radiomanchester.com.br\/fm\/wp-content\/uploads\/2022\/04\/694BE963-B47F-4251-8E3B-BC00D85293C7.jpeg 1242w\" sizes=\"(max-width: 300px) 100vw, 300px\" \/><\/figure>\n\n\n\n<p>Por R7CopaDoMundo &#8211; imagens: reprodu\u00e7\u00e3o&nbsp;<\/p>\n","protected":false},"excerpt":{"rendered":"<p class=\"excerpt\">La&#8217;eeb foi lan\u00e7ado e, claro, j\u00e1 caiu na boca do povo; piadas e memes com o personagem j\u00e1 tomam as redes sociais La&#8217;eeb \u00e9 o nome da mascote da Copa do Mundo do Catar e foi revelado nesta sexta-feira (1\u00ba de abril), pouco antes do sorteio dos grupos da competi\u00e7\u00e3o. E o visual do personagem [&hellip;]<\/p>\n","protected":false},"author":1,"featured_media":7742,"comment_status":"open","ping_status":"open","sticky":false,"template":"","format":"standard","meta":[],"categories":[8,17],"tags":[22,24,113,83,92],"yoast_head":"<!-- This site is optimized with the Yoast SEO plugin v18.3 - https:\/\/yoast.com\/wordpress\/plugins\/seo\/ -->\n<title>Mascote da Copa do Catar vira piada e j\u00e1 \u00e9 chamada de Gasparzinho - Manchester FM 93,3<\/title>\n<meta name=\"robots\" content=\"index, follow, max-snippet:-1, max-image-preview:large, max-video-preview:-1\" \/>\n<link rel=\"canonical\" href=\"https:\/\/www.radiomanchester.com.br\/fm\/mascote-da-copa-do-catar-vira-piada-e-ja-e-chamada-de-gasparzinho\/\" \/>\n<meta property=\"og:locale\" content=\"pt_BR\" \/>\n<meta property=\"og:type\" content=\"article\" \/>\n<meta property=\"og:title\" content=\"Mascote da Copa do Catar vira piada e j\u00e1 \u00e9 chamada de Gasparzinho - Manchester FM 93,3\" \/>\n<meta property=\"og:description\" content=\"La&#8217;eeb foi lan\u00e7ado e, claro, j\u00e1 caiu na boca do povo; piadas e memes com o personagem j\u00e1 tomam as redes sociais La&#8217;eeb \u00e9 o nome da mascote da Copa do Mundo do Catar e foi revelado nesta sexta-feira (1\u00ba de abril), pouco antes do sorteio dos grupos da competi\u00e7\u00e3o. E o visual do personagem [&hellip;]\" \/>\n<meta property=\"og:url\" content=\"https:\/\/www.radiomanchester.com.br\/fm\/mascote-da-copa-do-catar-vira-piada-e-ja-e-chamada-de-gasparzinho\/\" \/>\n<meta property=\"og:site_name\" content=\"Manchester FM 93,3\" \/>\n<meta property=\"article:published_time\" content=\"2022-04-02T11:47:00+00:00\" \/>\n<meta property=\"article:modified_time\" content=\"2022-04-02T11:47:03+00:00\" \/>\n<meta property=\"og:image\" content=\"http:\/\/www.radiomanchester.com.br\/fm\/wp-content\/uploads\/2022\/04\/694BE963-B47F-4251-8E3B-BC00D85293C7.jpeg\" \/>\n\t<meta property=\"og:image:width\" content=\"1242\" \/>\n\t<meta property=\"og:image:height\" content=\"665\" \/>\n\t<meta property=\"og:image:type\" content=\"image\/jpeg\" \/>\n<meta name=\"twitter:card\" content=\"summary_large_image\" \/>\n<meta name=\"twitter:label1\" content=\"Escrito por\" \/>\n\t<meta name=\"twitter:data1\" content=\"admin\" \/>\n\t<meta name=\"twitter:label2\" content=\"Est. tempo de leitura\" \/>\n\t<meta name=\"twitter:data2\" content=\"2 minutos\" \/>\n<script type=\"application\/ld+json\" class=\"yoast-schema-graph\">{\"@context\":\"https:\/\/schema.org\",\"@graph\":[{\"@type\":\"WebSite\",\"@id\":\"https:\/\/www.radiomanchester.com.br\/fm\/#website\",\"url\":\"https:\/\/www.radiomanchester.com.br\/fm\/\",\"name\":\"Manchester FM 93,3\",\"description\":\"Todo Mundo Ouve!\",\"potentialAction\":[{\"@type\":\"SearchAction\",\"target\":{\"@type\":\"EntryPoint\",\"urlTemplate\":\"https:\/\/www.radiomanchester.com.br\/fm\/?s={search_term_string}\"},\"query-input\":\"required name=search_term_string\"}],\"inLanguage\":\"pt-BR\"},{\"@type\":\"ImageObject\",\"@id\":\"https:\/\/www.radiomanchester.com.br\/fm\/mascote-da-copa-do-catar-vira-piada-e-ja-e-chamada-de-gasparzinho\/#primaryimage\",\"inLanguage\":\"pt-BR\",\"url\":\"https:\/\/www.radiomanchester.com.br\/fm\/wp-content\/uploads\/2022\/04\/694BE963-B47F-4251-8E3B-BC00D85293C7.jpeg\",\"contentUrl\":\"https:\/\/www.radiomanchester.com.br\/fm\/wp-content\/uploads\/2022\/04\/694BE963-B47F-4251-8E3B-BC00D85293C7.jpeg\",\"width\":1242,\"height\":665},{\"@type\":\"WebPage\",\"@id\":\"https:\/\/www.radiomanchester.com.br\/fm\/mascote-da-copa-do-catar-vira-piada-e-ja-e-chamada-de-gasparzinho\/#webpage\",\"url\":\"https:\/\/www.radiomanchester.com.br\/fm\/mascote-da-copa-do-catar-vira-piada-e-ja-e-chamada-de-gasparzinho\/\",\"name\":\"Mascote da Copa do Catar vira piada e j\u00e1 \u00e9 chamada de Gasparzinho - Manchester FM 93,3\",\"isPartOf\":{\"@id\":\"https:\/\/www.radiomanchester.com.br\/fm\/#website\"},\"primaryImageOfPage\":{\"@id\":\"https:\/\/www.radiomanchester.com.br\/fm\/mascote-da-copa-do-catar-vira-piada-e-ja-e-chamada-de-gasparzinho\/#primaryimage\"},\"datePublished\":\"2022-04-02T11:47:00+00:00\",\"dateModified\":\"2022-04-02T11:47:03+00:00\",\"author\":{\"@id\":\"https:\/\/www.radiomanchester.com.br\/fm\/#\/schema\/person\/408a7b4d4e32cbebd90e2782852abca3\"},\"breadcrumb\":{\"@id\":\"https:\/\/www.radiomanchester.com.br\/fm\/mascote-da-copa-do-catar-vira-piada-e-ja-e-chamada-de-gasparzinho\/#breadcrumb\"},\"inLanguage\":\"pt-BR\",\"potentialAction\":[{\"@type\":\"ReadAction\",\"target\":[\"https:\/\/www.radiomanchester.com.br\/fm\/mascote-da-copa-do-catar-vira-piada-e-ja-e-chamada-de-gasparzinho\/\"]}]},{\"@type\":\"BreadcrumbList\",\"@id\":\"https:\/\/www.radiomanchester.com.br\/fm\/mascote-da-copa-do-catar-vira-piada-e-ja-e-chamada-de-gasparzinho\/#breadcrumb\",\"itemListElement\":[{\"@type\":\"ListItem\",\"position\":1,\"name\":\"Home\",\"item\":\"https:\/\/www.radiomanchester.com.br\/fm\/\"},{\"@type\":\"ListItem\",\"position\":2,\"name\":\"Mascote da Copa do Catar vira piada e j\u00e1 \u00e9 chamada de Gasparzinho\"}]},{\"@type\":\"Person\",\"@id\":\"https:\/\/www.radiomanchester.com.br\/fm\/#\/schema\/person\/408a7b4d4e32cbebd90e2782852abca3\",\"name\":\"admin\",\"image\":{\"@type\":\"ImageObject\",\"@id\":\"https:\/\/www.radiomanchester.com.br\/fm\/#personlogo\",\"inLanguage\":\"pt-BR\",\"url\":\"https:\/\/secure.gravatar.com\/avatar\/115a974dba3376872eb3addeb276301c?s=96&d=mm&r=g\",\"contentUrl\":\"https:\/\/secure.gravatar.com\/avatar\/115a974dba3376872eb3addeb276301c?s=96&d=mm&r=g\",\"caption\":\"admin\"},\"url\":\"https:\/\/www.radiomanchester.com.br\/fm\/author\/admin\/\"}]}<\/script>\n<!-- \/ Yoast SEO plugin. -->","yoast_head_json":{"title":"Mascote da Copa do Catar vira piada e j\u00e1 \u00e9 chamada de Gasparzinho - Manchester FM 93,3","robots":{"index":"index","follow":"follow","max-snippet":"max-snippet:-1","max-image-preview":"max-image-preview:large","max-video-preview":"max-video-preview:-1"},"canonical":"https:\/\/www.radiomanchester.com.br\/fm\/mascote-da-copa-do-catar-vira-piada-e-ja-e-chamada-de-gasparzinho\/","og_locale":"pt_BR","og_type":"article","og_title":"Mascote da Copa do Catar vira piada e j\u00e1 \u00e9 chamada de Gasparzinho - Manchester FM 93,3","og_description":"La&#8217;eeb foi lan\u00e7ado e, claro, j\u00e1 caiu na boca do povo; piadas e memes com o personagem j\u00e1 tomam as redes sociais La&#8217;eeb \u00e9 o nome da mascote da Copa do Mundo do Catar e foi revelado nesta sexta-feira (1\u00ba de abril), pouco antes do sorteio dos grupos da competi\u00e7\u00e3o. E o visual do personagem [&hellip;]","og_url":"https:\/\/www.radiomanchester.com.br\/fm\/mascote-da-copa-do-catar-vira-piada-e-ja-e-chamada-de-gasparzinho\/","og_site_name":"Manchester FM 93,3","article_published_time":"2022-04-02T11:47:00+00:00","article_modified_time":"2022-04-02T11:47:03+00:00","og_image":[{"width":1242,"height":665,"url":"http:\/\/www.radiomanchester.com.br\/fm\/wp-content\/uploads\/2022\/04\/694BE963-B47F-4251-8E3B-BC00D85293C7.jpeg","type":"image\/jpeg"}],"twitter_card":"summary_large_image","twitter_misc":{"Escrito por":"admin","Est. tempo de leitura":"2 minutos"},"schema":{"@context":"https:\/\/schema.org","@graph":[{"@type":"WebSite","@id":"https:\/\/www.radiomanchester.com.br\/fm\/#website","url":"https:\/\/www.radiomanchester.com.br\/fm\/","name":"Manchester FM 93,3","description":"Todo Mundo Ouve!","potentialAction":[{"@type":"SearchAction","target":{"@type":"EntryPoint","urlTemplate":"https:\/\/www.radiomanchester.com.br\/fm\/?s={search_term_string}"},"query-input":"required name=search_term_string"}],"inLanguage":"pt-BR"},{"@type":"ImageObject","@id":"https:\/\/www.radiomanchester.com.br\/fm\/mascote-da-copa-do-catar-vira-piada-e-ja-e-chamada-de-gasparzinho\/#primaryimage","inLanguage":"pt-BR","url":"https:\/\/www.radiomanchester.com.br\/fm\/wp-content\/uploads\/2022\/04\/694BE963-B47F-4251-8E3B-BC00D85293C7.jpeg","contentUrl":"https:\/\/www.radiomanchester.com.br\/fm\/wp-content\/uploads\/2022\/04\/694BE963-B47F-4251-8E3B-BC00D85293C7.jpeg","width":1242,"height":665},{"@type":"WebPage","@id":"https:\/\/www.radiomanchester.com.br\/fm\/mascote-da-copa-do-catar-vira-piada-e-ja-e-chamada-de-gasparzinho\/#webpage","url":"https:\/\/www.radiomanchester.com.br\/fm\/mascote-da-copa-do-catar-vira-piada-e-ja-e-chamada-de-gasparzinho\/","name":"Mascote da Copa do Catar vira piada e j\u00e1 \u00e9 chamada de Gasparzinho - Manchester FM 93,3","isPartOf":{"@id":"https:\/\/www.radiomanchester.com.br\/fm\/#website"},"primaryImageOfPage":{"@id":"https:\/\/www.radiomanchester.com.br\/fm\/mascote-da-copa-do-catar-vira-piada-e-ja-e-chamada-de-gasparzinho\/#primaryimage"},"datePublished":"2022-04-02T11:47:00+00:00","dateModified":"2022-04-02T11:47:03+00:00","author":{"@id":"https:\/\/www.radiomanchester.com.br\/fm\/#\/schema\/person\/408a7b4d4e32cbebd90e2782852abca3"},"breadcrumb":{"@id":"https:\/\/www.radiomanchester.com.br\/fm\/mascote-da-copa-do-catar-vira-piada-e-ja-e-chamada-de-gasparzinho\/#breadcrumb"},"inLanguage":"pt-BR","potentialAction":[{"@type":"ReadAction","target":["https:\/\/www.radiomanchester.com.br\/fm\/mascote-da-copa-do-catar-vira-piada-e-ja-e-chamada-de-gasparzinho\/"]}]},{"@type":"BreadcrumbList","@id":"https:\/\/www.radiomanchester.com.br\/fm\/mascote-da-copa-do-catar-vira-piada-e-ja-e-chamada-de-gasparzinho\/#breadcrumb","itemListElement":[{"@type":"ListItem","position":1,"name":"Home","item":"https:\/\/www.radiomanchester.com.br\/fm\/"},{"@type":"ListItem","position":2,"name":"Mascote da Copa do Catar vira piada e j\u00e1 \u00e9 chamada de Gasparzinho"}]},{"@type":"Person","@id":"https:\/\/www.radiomanchester.com.br\/fm\/#\/schema\/person\/408a7b4d4e32cbebd90e2782852abca3","name":"admin","image":{"@type":"ImageObject","@id":"https:\/\/www.radiomanchester.com.br\/fm\/#personlogo","inLanguage":"pt-BR","url":"https:\/\/secure.gravatar.com\/avatar\/115a974dba3376872eb3addeb276301c?s=96&d=mm&r=g","contentUrl":"https:\/\/secure.gravatar.com\/avatar\/115a974dba3376872eb3addeb276301c?s=96&d=mm&r=g","caption":"admin"},"url":"https:\/\/www.radiomanchester.com.br\/fm\/author\/admin\/"}]}},"_links":{"self":[{"href":"https:\/\/www.radiomanchester.com.br\/fm\/wp-json\/wp\/v2\/posts\/7739"}],"collection":[{"href":"https:\/\/www.radiomanchester.com.br\/fm\/wp-json\/wp\/v2\/posts"}],"about":[{"href":"https:\/\/www.radiomanchester.com.br\/fm\/wp-json\/wp\/v2\/types\/post"}],"author":[{"embeddable":true,"href":"https:\/\/www.radiomanchester.com.br\/fm\/wp-json\/wp\/v2\/users\/1"}],"replies":[{"embeddable":true,"href":"https:\/\/www.radiomanchester.com.br\/fm\/wp-json\/wp\/v2\/comments?post=7739"}],"version-history":[{"count":1,"href":"https:\/\/www.radiomanchester.com.br\/fm\/wp-json\/wp\/v2\/posts\/7739\/revisions"}],"predecessor-version":[{"id":7743,"href":"https:\/\/www.radiomanchester.com.br\/fm\/wp-json\/wp\/v2\/posts\/7739\/revisions\/7743"}],"wp:featuredmedia":[{"embeddable":true,"href":"https:\/\/www.radiomanchester.com.br\/fm\/wp-json\/wp\/v2\/media\/7742"}],"wp:attachment":[{"href":"https:\/\/www.radiomanchester.com.br\/fm\/wp-json\/wp\/v2\/media?parent=7739"}],"wp:term":[{"taxonomy":"category","embeddable":true,"href":"https:\/\/www.radiomanchester.com.br\/fm\/wp-json\/wp\/v2\/categories?post=7739"},{"taxonomy":"post_tag","embeddable":true,"href":"https:\/\/www.radiomanchester.com.br\/fm\/wp-json\/wp\/v2\/tags?post=7739"}],"curies":[{"name":"wp","href":"https:\/\/api.w.org\/{rel}","templated":true}]}}