{"id":7747,"date":"2022-04-03T07:00:00","date_gmt":"2022-04-03T10:00:00","guid":{"rendered":"https:\/\/www.radiomanchester.com.br\/fm\/?p=7747"},"modified":"2022-04-02T20:22:50","modified_gmt":"2022-04-02T23:22:50","slug":"tragedia-numero-de-mortos-por-temporais-chega-a-14-no-estado-do-rio-de-janeiro","status":"publish","type":"post","link":"https:\/\/www.radiomanchester.com.br\/fm\/tragedia-numero-de-mortos-por-temporais-chega-a-14-no-estado-do-rio-de-janeiro\/","title":{"rendered":"Trag\u00e9dia: n\u00famero de mortos por temporais chega a 14 no estado do Rio de Janeiro"},"content":{"rendered":"\n<p><em><strong>Entre as v\u00edtimas, h\u00e1 sete pessoas da mesma fam\u00edlia, uma crian\u00e7a de 4 anos e um advogado que tentou ajudar uma pessoa a se salvar de enchente<\/strong><\/em><\/p>\n\n\n\n<p>Menos de dois meses ap\u00f3s a trag\u00e9dia de Petr\u00f3polis que deixou 232 mortos, temporais e deslizamentos voltaram a castigar o estado do Rio de Janeiro. As fortes chuvas da madrugada deste s\u00e1bado (2 de abril) causaram a morte de ao menos 14 pessoas, segundo balan\u00e7o atualizado por volta das 19h30.<\/p>\n\n\n\n<p>Os \u00f3bitos s\u00e3o de:<\/p>\n\n\n\n<p>Um advogado, que levou uma descarga el\u00e9trica ao tentar ajudar outra pessoa, na Baixada Fluminense;<br>Uma crian\u00e7a de 4 anos, uma de 9, uma de 11; e tr\u00eas adultos: um de 35, outro de 60 e um de idade n\u00e3o identificada.<br>E as outras sete mortes s\u00e3o de pessoas da mesma fam\u00edlia que estavam em Paraty: a m\u00e3e e seis filhos.<br>Inicialmente, os bombeiros informaram que sete pessoas haviam morrido em Paraty. Em seguida, o n\u00famero foi corrigido.<\/p>\n\n\n\n<p>Angra \u00e9 um dos munic\u00edpios mais afetados, com ao menos seis desaparecidos. De acordo com a prefeitura, o volume de \u00e1guas das \u00faltimas 48 horas chegou a \u00edndices jamais registrados anteriormente no munic\u00edpio.<\/p>\n\n\n\n<p>Na Rua Francisco Ces\u00e1rio Alvim, no bairro Monsuaba, pelo menos quatro resid\u00eancias foram destru\u00eddas. A cidade da Costa Verde est\u00e1 em estado de alerta desde a madrugada.<\/p>\n\n\n\n<figure class=\"wp-block-image size-medium\"><img loading=\"lazy\" width=\"300\" height=\"202\" src=\"https:\/\/www.radiomanchester.com.br\/fm\/wp-content\/uploads\/2022\/04\/Sem-titulo-1-300x202.png\" alt=\"\" class=\"wp-image-7748\" srcset=\"https:\/\/www.radiomanchester.com.br\/fm\/wp-content\/uploads\/2022\/04\/Sem-titulo-1-300x202.png 300w, https:\/\/www.radiomanchester.com.br\/fm\/wp-content\/uploads\/2022\/04\/Sem-titulo-1.png 615w\" sizes=\"(max-width: 300px) 100vw, 300px\" \/><\/figure>\n\n\n\n<p>por divulga\u00e7\u00e3o &#8211; foto: bombeiros RJ<\/p>\n","protected":false},"excerpt":{"rendered":"<p class=\"excerpt\">Entre as v\u00edtimas, h\u00e1 sete pessoas da mesma fam\u00edlia, uma crian\u00e7a de 4 anos e um advogado que tentou ajudar uma pessoa a se salvar de enchente Menos de dois meses ap\u00f3s a trag\u00e9dia de Petr\u00f3polis que deixou 232 mortos, temporais e deslizamentos voltaram a castigar o estado do Rio de Janeiro. As fortes chuvas [&hellip;]<\/p>\n","protected":false},"author":1,"featured_media":7748,"comment_status":"open","ping_status":"open","sticky":false,"template":"","format":"standard","meta":[],"categories":[8,17],"tags":[22,24,113,83,92],"yoast_head":"<!-- This site is optimized with the Yoast SEO plugin v18.3 - https:\/\/yoast.com\/wordpress\/plugins\/seo\/ -->\n<title>Trag\u00e9dia: n\u00famero de mortos por temporais chega a 14 no estado do Rio de Janeiro - Manchester FM 93,3<\/title>\n<meta name=\"robots\" content=\"index, follow, max-snippet:-1, max-image-preview:large, max-video-preview:-1\" \/>\n<link rel=\"canonical\" href=\"https:\/\/www.radiomanchester.com.br\/fm\/tragedia-numero-de-mortos-por-temporais-chega-a-14-no-estado-do-rio-de-janeiro\/\" \/>\n<meta property=\"og:locale\" content=\"pt_BR\" \/>\n<meta property=\"og:type\" content=\"article\" \/>\n<meta property=\"og:title\" content=\"Trag\u00e9dia: n\u00famero de mortos por temporais chega a 14 no estado do Rio de Janeiro - Manchester FM 93,3\" \/>\n<meta property=\"og:description\" content=\"Entre as v\u00edtimas, h\u00e1 sete pessoas da mesma fam\u00edlia, uma crian\u00e7a de 4 anos e um advogado que tentou ajudar uma pessoa a se salvar de enchente Menos de dois meses ap\u00f3s a trag\u00e9dia de Petr\u00f3polis que deixou 232 mortos, temporais e deslizamentos voltaram a castigar o estado do Rio de Janeiro. As fortes chuvas [&hellip;]\" \/>\n<meta property=\"og:url\" content=\"https:\/\/www.radiomanchester.com.br\/fm\/tragedia-numero-de-mortos-por-temporais-chega-a-14-no-estado-do-rio-de-janeiro\/\" \/>\n<meta property=\"og:site_name\" content=\"Manchester FM 93,3\" \/>\n<meta property=\"article:published_time\" content=\"2022-04-03T10:00:00+00:00\" \/>\n<meta property=\"article:modified_time\" content=\"2022-04-02T23:22:50+00:00\" \/>\n<meta property=\"og:image\" content=\"https:\/\/www.radiomanchester.com.br\/fm\/wp-content\/uploads\/2022\/04\/Sem-titulo-1.png\" \/>\n\t<meta property=\"og:image:width\" content=\"615\" \/>\n\t<meta property=\"og:image:height\" content=\"414\" \/>\n\t<meta property=\"og:image:type\" content=\"image\/png\" \/>\n<meta name=\"twitter:card\" content=\"summary_large_image\" \/>\n<meta name=\"twitter:label1\" content=\"Escrito por\" \/>\n\t<meta name=\"twitter:data1\" content=\"admin\" \/>\n\t<meta name=\"twitter:label2\" content=\"Est. tempo de leitura\" \/>\n\t<meta name=\"twitter:data2\" content=\"2 minutos\" \/>\n<script type=\"application\/ld+json\" class=\"yoast-schema-graph\">{\"@context\":\"https:\/\/schema.org\",\"@graph\":[{\"@type\":\"WebSite\",\"@id\":\"https:\/\/www.radiomanchester.com.br\/fm\/#website\",\"url\":\"https:\/\/www.radiomanchester.com.br\/fm\/\",\"name\":\"Manchester FM 93,3\",\"description\":\"Todo Mundo Ouve!\",\"potentialAction\":[{\"@type\":\"SearchAction\",\"target\":{\"@type\":\"EntryPoint\",\"urlTemplate\":\"https:\/\/www.radiomanchester.com.br\/fm\/?s={search_term_string}\"},\"query-input\":\"required name=search_term_string\"}],\"inLanguage\":\"pt-BR\"},{\"@type\":\"ImageObject\",\"@id\":\"https:\/\/www.radiomanchester.com.br\/fm\/tragedia-numero-de-mortos-por-temporais-chega-a-14-no-estado-do-rio-de-janeiro\/#primaryimage\",\"inLanguage\":\"pt-BR\",\"url\":\"https:\/\/www.radiomanchester.com.br\/fm\/wp-content\/uploads\/2022\/04\/Sem-titulo-1.png\",\"contentUrl\":\"https:\/\/www.radiomanchester.com.br\/fm\/wp-content\/uploads\/2022\/04\/Sem-titulo-1.png\",\"width\":615,\"height\":414},{\"@type\":\"WebPage\",\"@id\":\"https:\/\/www.radiomanchester.com.br\/fm\/tragedia-numero-de-mortos-por-temporais-chega-a-14-no-estado-do-rio-de-janeiro\/#webpage\",\"url\":\"https:\/\/www.radiomanchester.com.br\/fm\/tragedia-numero-de-mortos-por-temporais-chega-a-14-no-estado-do-rio-de-janeiro\/\",\"name\":\"Trag\u00e9dia: n\u00famero de mortos por temporais chega a 14 no estado do Rio de Janeiro - Manchester FM 93,3\",\"isPartOf\":{\"@id\":\"https:\/\/www.radiomanchester.com.br\/fm\/#website\"},\"primaryImageOfPage\":{\"@id\":\"https:\/\/www.radiomanchester.com.br\/fm\/tragedia-numero-de-mortos-por-temporais-chega-a-14-no-estado-do-rio-de-janeiro\/#primaryimage\"},\"datePublished\":\"2022-04-03T10:00:00+00:00\",\"dateModified\":\"2022-04-02T23:22:50+00:00\",\"author\":{\"@id\":\"https:\/\/www.radiomanchester.com.br\/fm\/#\/schema\/person\/408a7b4d4e32cbebd90e2782852abca3\"},\"breadcrumb\":{\"@id\":\"https:\/\/www.radiomanchester.com.br\/fm\/tragedia-numero-de-mortos-por-temporais-chega-a-14-no-estado-do-rio-de-janeiro\/#breadcrumb\"},\"inLanguage\":\"pt-BR\",\"potentialAction\":[{\"@type\":\"ReadAction\",\"target\":[\"https:\/\/www.radiomanchester.com.br\/fm\/tragedia-numero-de-mortos-por-temporais-chega-a-14-no-estado-do-rio-de-janeiro\/\"]}]},{\"@type\":\"BreadcrumbList\",\"@id\":\"https:\/\/www.radiomanchester.com.br\/fm\/tragedia-numero-de-mortos-por-temporais-chega-a-14-no-estado-do-rio-de-janeiro\/#breadcrumb\",\"itemListElement\":[{\"@type\":\"ListItem\",\"position\":1,\"name\":\"Home\",\"item\":\"https:\/\/www.radiomanchester.com.br\/fm\/\"},{\"@type\":\"ListItem\",\"position\":2,\"name\":\"Trag\u00e9dia: n\u00famero de mortos por temporais chega a 14 no estado do Rio de Janeiro\"}]},{\"@type\":\"Person\",\"@id\":\"https:\/\/www.radiomanchester.com.br\/fm\/#\/schema\/person\/408a7b4d4e32cbebd90e2782852abca3\",\"name\":\"admin\",\"image\":{\"@type\":\"ImageObject\",\"@id\":\"https:\/\/www.radiomanchester.com.br\/fm\/#personlogo\",\"inLanguage\":\"pt-BR\",\"url\":\"https:\/\/secure.gravatar.com\/avatar\/115a974dba3376872eb3addeb276301c?s=96&d=mm&r=g\",\"contentUrl\":\"https:\/\/secure.gravatar.com\/avatar\/115a974dba3376872eb3addeb276301c?s=96&d=mm&r=g\",\"caption\":\"admin\"},\"url\":\"https:\/\/www.radiomanchester.com.br\/fm\/author\/admin\/\"}]}<\/script>\n<!-- \/ Yoast SEO plugin. -->","yoast_head_json":{"title":"Trag\u00e9dia: n\u00famero de mortos por temporais chega a 14 no estado do Rio de Janeiro - Manchester FM 93,3","robots":{"index":"index","follow":"follow","max-snippet":"max-snippet:-1","max-image-preview":"max-image-preview:large","max-video-preview":"max-video-preview:-1"},"canonical":"https:\/\/www.radiomanchester.com.br\/fm\/tragedia-numero-de-mortos-por-temporais-chega-a-14-no-estado-do-rio-de-janeiro\/","og_locale":"pt_BR","og_type":"article","og_title":"Trag\u00e9dia: n\u00famero de mortos por temporais chega a 14 no estado do Rio de Janeiro - Manchester FM 93,3","og_description":"Entre as v\u00edtimas, h\u00e1 sete pessoas da mesma fam\u00edlia, uma crian\u00e7a de 4 anos e um advogado que tentou ajudar uma pessoa a se salvar de enchente Menos de dois meses ap\u00f3s a trag\u00e9dia de Petr\u00f3polis que deixou 232 mortos, temporais e deslizamentos voltaram a castigar o estado do Rio de Janeiro. As fortes chuvas [&hellip;]","og_url":"https:\/\/www.radiomanchester.com.br\/fm\/tragedia-numero-de-mortos-por-temporais-chega-a-14-no-estado-do-rio-de-janeiro\/","og_site_name":"Manchester FM 93,3","article_published_time":"2022-04-03T10:00:00+00:00","article_modified_time":"2022-04-02T23:22:50+00:00","og_image":[{"width":615,"height":414,"url":"https:\/\/www.radiomanchester.com.br\/fm\/wp-content\/uploads\/2022\/04\/Sem-titulo-1.png","type":"image\/png"}],"twitter_card":"summary_large_image","twitter_misc":{"Escrito por":"admin","Est. tempo de leitura":"2 minutos"},"schema":{"@context":"https:\/\/schema.org","@graph":[{"@type":"WebSite","@id":"https:\/\/www.radiomanchester.com.br\/fm\/#website","url":"https:\/\/www.radiomanchester.com.br\/fm\/","name":"Manchester FM 93,3","description":"Todo Mundo Ouve!","potentialAction":[{"@type":"SearchAction","target":{"@type":"EntryPoint","urlTemplate":"https:\/\/www.radiomanchester.com.br\/fm\/?s={search_term_string}"},"query-input":"required name=search_term_string"}],"inLanguage":"pt-BR"},{"@type":"ImageObject","@id":"https:\/\/www.radiomanchester.com.br\/fm\/tragedia-numero-de-mortos-por-temporais-chega-a-14-no-estado-do-rio-de-janeiro\/#primaryimage","inLanguage":"pt-BR","url":"https:\/\/www.radiomanchester.com.br\/fm\/wp-content\/uploads\/2022\/04\/Sem-titulo-1.png","contentUrl":"https:\/\/www.radiomanchester.com.br\/fm\/wp-content\/uploads\/2022\/04\/Sem-titulo-1.png","width":615,"height":414},{"@type":"WebPage","@id":"https:\/\/www.radiomanchester.com.br\/fm\/tragedia-numero-de-mortos-por-temporais-chega-a-14-no-estado-do-rio-de-janeiro\/#webpage","url":"https:\/\/www.radiomanchester.com.br\/fm\/tragedia-numero-de-mortos-por-temporais-chega-a-14-no-estado-do-rio-de-janeiro\/","name":"Trag\u00e9dia: n\u00famero de mortos por temporais chega a 14 no estado do Rio de Janeiro - Manchester FM 93,3","isPartOf":{"@id":"https:\/\/www.radiomanchester.com.br\/fm\/#website"},"primaryImageOfPage":{"@id":"https:\/\/www.radiomanchester.com.br\/fm\/tragedia-numero-de-mortos-por-temporais-chega-a-14-no-estado-do-rio-de-janeiro\/#primaryimage"},"datePublished":"2022-04-03T10:00:00+00:00","dateModified":"2022-04-02T23:22:50+00:00","author":{"@id":"https:\/\/www.radiomanchester.com.br\/fm\/#\/schema\/person\/408a7b4d4e32cbebd90e2782852abca3"},"breadcrumb":{"@id":"https:\/\/www.radiomanchester.com.br\/fm\/tragedia-numero-de-mortos-por-temporais-chega-a-14-no-estado-do-rio-de-janeiro\/#breadcrumb"},"inLanguage":"pt-BR","potentialAction":[{"@type":"ReadAction","target":["https:\/\/www.radiomanchester.com.br\/fm\/tragedia-numero-de-mortos-por-temporais-chega-a-14-no-estado-do-rio-de-janeiro\/"]}]},{"@type":"BreadcrumbList","@id":"https:\/\/www.radiomanchester.com.br\/fm\/tragedia-numero-de-mortos-por-temporais-chega-a-14-no-estado-do-rio-de-janeiro\/#breadcrumb","itemListElement":[{"@type":"ListItem","position":1,"name":"Home","item":"https:\/\/www.radiomanchester.com.br\/fm\/"},{"@type":"ListItem","position":2,"name":"Trag\u00e9dia: n\u00famero de mortos por temporais chega a 14 no estado do Rio de Janeiro"}]},{"@type":"Person","@id":"https:\/\/www.radiomanchester.com.br\/fm\/#\/schema\/person\/408a7b4d4e32cbebd90e2782852abca3","name":"admin","image":{"@type":"ImageObject","@id":"https:\/\/www.radiomanchester.com.br\/fm\/#personlogo","inLanguage":"pt-BR","url":"https:\/\/secure.gravatar.com\/avatar\/115a974dba3376872eb3addeb276301c?s=96&d=mm&r=g","contentUrl":"https:\/\/secure.gravatar.com\/avatar\/115a974dba3376872eb3addeb276301c?s=96&d=mm&r=g","caption":"admin"},"url":"https:\/\/www.radiomanchester.com.br\/fm\/author\/admin\/"}]}},"_links":{"self":[{"href":"https:\/\/www.radiomanchester.com.br\/fm\/wp-json\/wp\/v2\/posts\/7747"}],"collection":[{"href":"https:\/\/www.radiomanchester.com.br\/fm\/wp-json\/wp\/v2\/posts"}],"about":[{"href":"https:\/\/www.radiomanchester.com.br\/fm\/wp-json\/wp\/v2\/types\/post"}],"author":[{"embeddable":true,"href":"https:\/\/www.radiomanchester.com.br\/fm\/wp-json\/wp\/v2\/users\/1"}],"replies":[{"embeddable":true,"href":"https:\/\/www.radiomanchester.com.br\/fm\/wp-json\/wp\/v2\/comments?post=7747"}],"version-history":[{"count":1,"href":"https:\/\/www.radiomanchester.com.br\/fm\/wp-json\/wp\/v2\/posts\/7747\/revisions"}],"predecessor-version":[{"id":7749,"href":"https:\/\/www.radiomanchester.com.br\/fm\/wp-json\/wp\/v2\/posts\/7747\/revisions\/7749"}],"wp:featuredmedia":[{"embeddable":true,"href":"https:\/\/www.radiomanchester.com.br\/fm\/wp-json\/wp\/v2\/media\/7748"}],"wp:attachment":[{"href":"https:\/\/www.radiomanchester.com.br\/fm\/wp-json\/wp\/v2\/media?parent=7747"}],"wp:term":[{"taxonomy":"category","embeddable":true,"href":"https:\/\/www.radiomanchester.com.br\/fm\/wp-json\/wp\/v2\/categories?post=7747"},{"taxonomy":"post_tag","embeddable":true,"href":"https:\/\/www.radiomanchester.com.br\/fm\/wp-json\/wp\/v2\/tags?post=7747"}],"curies":[{"name":"wp","href":"https:\/\/api.w.org\/{rel}","templated":true}]}}