{"id":7756,"date":"2022-04-04T19:15:39","date_gmt":"2022-04-04T22:15:39","guid":{"rendered":"https:\/\/www.radiomanchester.com.br\/fm\/?p=7756"},"modified":"2022-04-04T19:15:42","modified_gmt":"2022-04-04T22:15:42","slug":"brasil-ministerio-do-trabalho-reconhece-22-novas-profissoes","status":"publish","type":"post","link":"https:\/\/www.radiomanchester.com.br\/fm\/brasil-ministerio-do-trabalho-reconhece-22-novas-profissoes\/","title":{"rendered":"Brasil: Minist\u00e9rio do Trabalho reconhece 22 novas profiss\u00f5es"},"content":{"rendered":"\n<p><\/p>\n\n\n\n<p><strong><em>Skatista, somelier, personal organizer e condutor de turismo n\u00e1utico est\u00e3o entre as novas ocupa\u00e7\u00f5es<\/em><\/strong><\/p>\n\n\n\n<p>22 novas profiss\u00f5es foram inclu\u00eddas recentemente pelo Minist\u00e9rio do Trabalho na Classifica\u00e7\u00e3o Brasileira de Ocupa\u00e7\u00f5es (CBO), entre elas, skatista, somelier, personal organizer e condutor de turismo n\u00e1utico, ampliando para 2.269 o n\u00famero de fun\u00e7\u00f5es reconhecidas no pa\u00eds. Al\u00e9m de alimentar as bases estat\u00edsticas de trabalho, o processo garante subs\u00eddio para a formula\u00e7\u00e3o de pol\u00edticas p\u00fablicas de emprego.<\/p>\n\n\n\n<p>\u201cN\u00e3o se trata apenas de vis\u00e3o de um t\u00edtulo. Buscamos formatos para a inclus\u00e3o. A partir do momento que \u00e9 inserido na CBO, a categoria tende a se organizar de forma direcionada\u201d, diz a coordenadora da CBO, Aline Martins, esclarecendo que, a regulamenta\u00e7\u00e3o da ocupa\u00e7\u00e3o depende de aprova\u00e7\u00e3o de lei pelo Congresso e san\u00e7\u00e3o da presid\u00eancia da rep\u00fablica.<\/p>\n\n\n\n<p>\u201cA CBO \u00e9 o documento que busca retratar a realidade das ocupa\u00e7\u00f5es existentes no mercado de trabalho brasileiro, Ela \u00e9 um dicion\u00e1rio das ocupa\u00e7\u00f5es e, uma vez atualizada, uma vez inseridas essas informa\u00e7\u00f5es no bojo da CBO, seus dados alimentam as bases estat\u00edsticas do pa\u00eds. As pesquisas, os registros v\u00e3o sendo atualizados com dados ocupacionais, permitindo que politicas p\u00fablicas sejam encaminhadas de forma mais direcionadas\u201d, explica Aline.<\/p>\n\n\n\n<p>Al\u00e9m disso, prossegue ela, a coordena\u00e7\u00e3o recebe todos os anos demandas de diversos setores da sociedade, que passam por um processo denominado estudo de escopo. \u201cNesse estudo identificamos, num primeiro momento, e principalmente, as principais atribui\u00e7\u00f5es, o perfil dessa categoria no mercado de trabalho e o panorama do exerc\u00edcio da ocupa\u00e7\u00e3o\u201d, diz.<\/p>\n\n\n\n<p><strong>Metodologia<\/strong><\/p>\n\n\n\n<p>Ap\u00f3s a identifica\u00e7\u00e3o desses tr\u00eas itens, a CBO parte para uma segunda etapa, que \u00e9 a realiza\u00e7\u00e3o de uma s\u00e9rie de reuni\u00f5es, onde a palavra \u00e9 dada ao especialista daquela ocupa\u00e7\u00e3o que est\u00e1 sendo inserida. \u201cPara isso, adotamos uma metodologia utilizada internacionalmente chamada Daicon,em que a palavra \u00e9 dada ao especialista da ocupa\u00e7\u00e3o.&nbsp;<\/p>\n\n\n\n<p>Tamb\u00e9m participam desse processo institui\u00e7\u00f5es de ensino, sindicatos, enfim todo o segmento da sociedade que de uma forma ou de outra esteja lincado ao tema\u201d, completa, observando que esse processo garante uma legitimidade maior e que, desde o envio da demanda at\u00e9 a publica\u00e7\u00e3o no site da CBO, leva-se, em m\u00e9dia, oito meses.<\/p>\n\n\n\n<p>Para a inclus\u00e3o de outras ocupa\u00e7\u00f5es, como perito judicial e policial penal, levou-se em conta a adequa\u00e7\u00e3o aos tempos modernos. \u201cS\u00e3o ocupa\u00e7\u00f5es que acabam caindo em desuso, cuja fun\u00e7\u00e3o pode ser remanejada. Levamos em conta o conjunto de conhecimento e habilidades. Al\u00e9m disso, gasta-se menos para capacitar e atribuir novas habilidades, permitindo que profissionais possam migrar para novas profiss\u00e3o, diz.<\/p>\n\n\n\n<p>Outro exemplo \u00e9 a inclus\u00e3o de perito judicial na lista. \u201cA pessoa passa a ser perita naquilo que \u00e9 formada. Tornou-se necess\u00e1ria essa inclus\u00e3o para identifica\u00e7\u00e3o nas pesquisas. N\u00e3o era poss\u00edvel saber de forma clara quantas pessoas estavam atuando no pa\u00eds\u201d.<\/p>\n\n\n\n<p>A dirigente da CBO destaca ser fundamental que a sociedade, o estudante e o trabalhador conhe\u00e7am esse processo e sua estrutura, que facilita a escolha da \u00e1rea que se pretende seguir. \u201c\u00c9 fundamental assegurar a todos uma no\u00e7\u00e3o clara do que o mercado oferece, como buscar cursos que agreguem m\u00e3o de obra\u201d, afirma.<\/p>\n\n\n\n<p><strong>NOVAS OCUPA\u00c7\u00d5ES<\/strong><\/p>\n\n\n\n<p><strong>\u00bb<\/strong>&nbsp;Analista de e-commerce<\/p>\n\n\n\n<p><strong>\u00bb<\/strong>&nbsp;Condutor de turismo n\u00e1utico<\/p>\n\n\n\n<p><strong>\u00bb<\/strong>&nbsp;Controlador de acesso<\/p>\n\n\n\n<p><strong>\u00bb<\/strong>&nbsp;Engenheiro de energia<\/p>\n\n\n\n<p><strong>\u00bb<\/strong>&nbsp;Engenheiro biom\u00e9dico<\/p>\n\n\n\n<p><strong>\u00bb<\/strong>&nbsp;Engenheiro t\u00eaxtil<\/p>\n\n\n\n<p><strong>\u00bb<\/strong>&nbsp;Estampador de placa de identifica\u00e7\u00e3o de ve\u00edculos (PIV)<\/p>\n\n\n\n<p><strong>\u00bb<\/strong>&nbsp;Guarda portu\u00e1rio<\/p>\n\n\n\n<p><strong>\u00bb<\/strong>&nbsp;Greidista<\/p>\n\n\n\n<p><strong>\u00bb<\/strong>&nbsp;Inspetor de qualidade dimensional<\/p>\n\n\n\n<p><strong>\u00bb<\/strong>&nbsp;Obstetriz<\/p>\n\n\n\n<p><strong>\u00bb<\/strong>&nbsp;Oficial de prote\u00e7\u00e3o de dados pessoais (DPO)<\/p>\n\n\n\n<p><strong>\u00bb<\/strong>&nbsp;Operador de manuten\u00e7\u00e3o e recarga de extintores de inc\u00eandio<\/p>\n\n\n\n<p><strong>\u00bb<\/strong>&nbsp;Operador de usina de asfalto<\/p>\n\n\n\n<p><strong>\u00bb<\/strong>&nbsp;Perito judicial<\/p>\n\n\n\n<p><strong>\u00bb<\/strong>&nbsp;Policial penal<\/p>\n\n\n\n<p><strong>\u00bb<\/strong>&nbsp;Profissional de organiza\u00e7\u00e3o (personal organizer)<\/p>\n\n\n\n<p><strong>\u00bb<\/strong>&nbsp;Skatista profissional<\/p>\n\n\n\n<p><strong>\u00bb<\/strong>&nbsp;Somelier<\/p>\n\n\n\n<p><strong>\u00bb<\/strong>&nbsp;T\u00e9cnico em agente comunit\u00e1rio de sa\u00fade<\/p>\n\n\n\n<p><strong>\u00bb<\/strong>&nbsp;Tecn\u00f3logo em agroneg\u00f3cio<\/p>\n\n\n\n<p><strong>\u00bb<\/strong>\u00a0T\u00e9cnico em depend\u00eancia qu\u00edmica<\/p>\n\n\n\n<figure class=\"wp-block-image size-medium\"><img loading=\"lazy\" width=\"300\" height=\"156\" src=\"https:\/\/www.radiomanchester.com.br\/fm\/wp-content\/uploads\/2022\/04\/6AAA5B09-8532-447E-96F1-FFF958C07540-300x156.jpeg\" alt=\"\" class=\"wp-image-7757\" srcset=\"https:\/\/www.radiomanchester.com.br\/fm\/wp-content\/uploads\/2022\/04\/6AAA5B09-8532-447E-96F1-FFF958C07540-300x156.jpeg 300w, https:\/\/www.radiomanchester.com.br\/fm\/wp-content\/uploads\/2022\/04\/6AAA5B09-8532-447E-96F1-FFF958C07540.jpeg 715w\" sizes=\"(max-width: 300px) 100vw, 300px\" \/><\/figure>\n\n\n\n<p>Por Reprodu\u00e7\u00e3o-Cb &#8211; foto: reprodu\u00e7\u00e3o&nbsp;<\/p>\n","protected":false},"excerpt":{"rendered":"<p class=\"excerpt\">Skatista, somelier, personal organizer e condutor de turismo n\u00e1utico est\u00e3o entre as novas ocupa\u00e7\u00f5es 22 novas profiss\u00f5es foram inclu\u00eddas recentemente pelo Minist\u00e9rio do Trabalho na Classifica\u00e7\u00e3o Brasileira de Ocupa\u00e7\u00f5es (CBO), entre elas, skatista, somelier, personal organizer e condutor de turismo n\u00e1utico, ampliando para 2.269 o n\u00famero de fun\u00e7\u00f5es reconhecidas no pa\u00eds. Al\u00e9m de alimentar as [&hellip;]<\/p>\n","protected":false},"author":1,"featured_media":7757,"comment_status":"open","ping_status":"open","sticky":false,"template":"","format":"standard","meta":[],"categories":[8,17],"tags":[22,24,113,83,92],"yoast_head":"<!-- This site is optimized with the Yoast SEO plugin v18.3 - https:\/\/yoast.com\/wordpress\/plugins\/seo\/ -->\n<title>Brasil: Minist\u00e9rio do Trabalho reconhece 22 novas profiss\u00f5es - Manchester FM 93,3<\/title>\n<meta name=\"robots\" content=\"index, follow, max-snippet:-1, max-image-preview:large, max-video-preview:-1\" \/>\n<link rel=\"canonical\" href=\"https:\/\/www.radiomanchester.com.br\/fm\/brasil-ministerio-do-trabalho-reconhece-22-novas-profissoes\/\" \/>\n<meta property=\"og:locale\" content=\"pt_BR\" \/>\n<meta property=\"og:type\" content=\"article\" \/>\n<meta property=\"og:title\" content=\"Brasil: Minist\u00e9rio do Trabalho reconhece 22 novas profiss\u00f5es - Manchester FM 93,3\" \/>\n<meta property=\"og:description\" content=\"Skatista, somelier, personal organizer e condutor de turismo n\u00e1utico est\u00e3o entre as novas ocupa\u00e7\u00f5es 22 novas profiss\u00f5es foram inclu\u00eddas recentemente pelo Minist\u00e9rio do Trabalho na Classifica\u00e7\u00e3o Brasileira de Ocupa\u00e7\u00f5es (CBO), entre elas, skatista, somelier, personal organizer e condutor de turismo n\u00e1utico, ampliando para 2.269 o n\u00famero de fun\u00e7\u00f5es reconhecidas no pa\u00eds. Al\u00e9m de alimentar as [&hellip;]\" \/>\n<meta property=\"og:url\" content=\"https:\/\/www.radiomanchester.com.br\/fm\/brasil-ministerio-do-trabalho-reconhece-22-novas-profissoes\/\" \/>\n<meta property=\"og:site_name\" content=\"Manchester FM 93,3\" \/>\n<meta property=\"article:published_time\" content=\"2022-04-04T22:15:39+00:00\" \/>\n<meta property=\"article:modified_time\" content=\"2022-04-04T22:15:42+00:00\" \/>\n<meta property=\"og:image\" content=\"http:\/\/www.radiomanchester.com.br\/fm\/wp-content\/uploads\/2022\/04\/6AAA5B09-8532-447E-96F1-FFF958C07540.jpeg\" \/>\n\t<meta property=\"og:image:width\" content=\"715\" \/>\n\t<meta property=\"og:image:height\" content=\"372\" \/>\n\t<meta property=\"og:image:type\" content=\"image\/jpeg\" \/>\n<meta name=\"twitter:card\" content=\"summary_large_image\" \/>\n<meta name=\"twitter:label1\" content=\"Escrito por\" \/>\n\t<meta name=\"twitter:data1\" content=\"admin\" \/>\n\t<meta name=\"twitter:label2\" content=\"Est. tempo de leitura\" \/>\n\t<meta name=\"twitter:data2\" content=\"4 minutos\" \/>\n<script type=\"application\/ld+json\" class=\"yoast-schema-graph\">{\"@context\":\"https:\/\/schema.org\",\"@graph\":[{\"@type\":\"WebSite\",\"@id\":\"https:\/\/www.radiomanchester.com.br\/fm\/#website\",\"url\":\"https:\/\/www.radiomanchester.com.br\/fm\/\",\"name\":\"Manchester FM 93,3\",\"description\":\"Todo Mundo Ouve!\",\"potentialAction\":[{\"@type\":\"SearchAction\",\"target\":{\"@type\":\"EntryPoint\",\"urlTemplate\":\"https:\/\/www.radiomanchester.com.br\/fm\/?s={search_term_string}\"},\"query-input\":\"required name=search_term_string\"}],\"inLanguage\":\"pt-BR\"},{\"@type\":\"ImageObject\",\"@id\":\"https:\/\/www.radiomanchester.com.br\/fm\/brasil-ministerio-do-trabalho-reconhece-22-novas-profissoes\/#primaryimage\",\"inLanguage\":\"pt-BR\",\"url\":\"https:\/\/www.radiomanchester.com.br\/fm\/wp-content\/uploads\/2022\/04\/6AAA5B09-8532-447E-96F1-FFF958C07540.jpeg\",\"contentUrl\":\"https:\/\/www.radiomanchester.com.br\/fm\/wp-content\/uploads\/2022\/04\/6AAA5B09-8532-447E-96F1-FFF958C07540.jpeg\",\"width\":715,\"height\":372},{\"@type\":\"WebPage\",\"@id\":\"https:\/\/www.radiomanchester.com.br\/fm\/brasil-ministerio-do-trabalho-reconhece-22-novas-profissoes\/#webpage\",\"url\":\"https:\/\/www.radiomanchester.com.br\/fm\/brasil-ministerio-do-trabalho-reconhece-22-novas-profissoes\/\",\"name\":\"Brasil: Minist\u00e9rio do Trabalho reconhece 22 novas profiss\u00f5es - Manchester FM 93,3\",\"isPartOf\":{\"@id\":\"https:\/\/www.radiomanchester.com.br\/fm\/#website\"},\"primaryImageOfPage\":{\"@id\":\"https:\/\/www.radiomanchester.com.br\/fm\/brasil-ministerio-do-trabalho-reconhece-22-novas-profissoes\/#primaryimage\"},\"datePublished\":\"2022-04-04T22:15:39+00:00\",\"dateModified\":\"2022-04-04T22:15:42+00:00\",\"author\":{\"@id\":\"https:\/\/www.radiomanchester.com.br\/fm\/#\/schema\/person\/408a7b4d4e32cbebd90e2782852abca3\"},\"breadcrumb\":{\"@id\":\"https:\/\/www.radiomanchester.com.br\/fm\/brasil-ministerio-do-trabalho-reconhece-22-novas-profissoes\/#breadcrumb\"},\"inLanguage\":\"pt-BR\",\"potentialAction\":[{\"@type\":\"ReadAction\",\"target\":[\"https:\/\/www.radiomanchester.com.br\/fm\/brasil-ministerio-do-trabalho-reconhece-22-novas-profissoes\/\"]}]},{\"@type\":\"BreadcrumbList\",\"@id\":\"https:\/\/www.radiomanchester.com.br\/fm\/brasil-ministerio-do-trabalho-reconhece-22-novas-profissoes\/#breadcrumb\",\"itemListElement\":[{\"@type\":\"ListItem\",\"position\":1,\"name\":\"Home\",\"item\":\"https:\/\/www.radiomanchester.com.br\/fm\/\"},{\"@type\":\"ListItem\",\"position\":2,\"name\":\"Brasil: Minist\u00e9rio do Trabalho reconhece 22 novas profiss\u00f5es\"}]},{\"@type\":\"Person\",\"@id\":\"https:\/\/www.radiomanchester.com.br\/fm\/#\/schema\/person\/408a7b4d4e32cbebd90e2782852abca3\",\"name\":\"admin\",\"image\":{\"@type\":\"ImageObject\",\"@id\":\"https:\/\/www.radiomanchester.com.br\/fm\/#personlogo\",\"inLanguage\":\"pt-BR\",\"url\":\"https:\/\/secure.gravatar.com\/avatar\/115a974dba3376872eb3addeb276301c?s=96&d=mm&r=g\",\"contentUrl\":\"https:\/\/secure.gravatar.com\/avatar\/115a974dba3376872eb3addeb276301c?s=96&d=mm&r=g\",\"caption\":\"admin\"},\"url\":\"https:\/\/www.radiomanchester.com.br\/fm\/author\/admin\/\"}]}<\/script>\n<!-- \/ Yoast SEO plugin. -->","yoast_head_json":{"title":"Brasil: Minist\u00e9rio do Trabalho reconhece 22 novas profiss\u00f5es - Manchester FM 93,3","robots":{"index":"index","follow":"follow","max-snippet":"max-snippet:-1","max-image-preview":"max-image-preview:large","max-video-preview":"max-video-preview:-1"},"canonical":"https:\/\/www.radiomanchester.com.br\/fm\/brasil-ministerio-do-trabalho-reconhece-22-novas-profissoes\/","og_locale":"pt_BR","og_type":"article","og_title":"Brasil: Minist\u00e9rio do Trabalho reconhece 22 novas profiss\u00f5es - Manchester FM 93,3","og_description":"Skatista, somelier, personal organizer e condutor de turismo n\u00e1utico est\u00e3o entre as novas ocupa\u00e7\u00f5es 22 novas profiss\u00f5es foram inclu\u00eddas recentemente pelo Minist\u00e9rio do Trabalho na Classifica\u00e7\u00e3o Brasileira de Ocupa\u00e7\u00f5es (CBO), entre elas, skatista, somelier, personal organizer e condutor de turismo n\u00e1utico, ampliando para 2.269 o n\u00famero de fun\u00e7\u00f5es reconhecidas no pa\u00eds. Al\u00e9m de alimentar as [&hellip;]","og_url":"https:\/\/www.radiomanchester.com.br\/fm\/brasil-ministerio-do-trabalho-reconhece-22-novas-profissoes\/","og_site_name":"Manchester FM 93,3","article_published_time":"2022-04-04T22:15:39+00:00","article_modified_time":"2022-04-04T22:15:42+00:00","og_image":[{"width":715,"height":372,"url":"http:\/\/www.radiomanchester.com.br\/fm\/wp-content\/uploads\/2022\/04\/6AAA5B09-8532-447E-96F1-FFF958C07540.jpeg","type":"image\/jpeg"}],"twitter_card":"summary_large_image","twitter_misc":{"Escrito por":"admin","Est. tempo de leitura":"4 minutos"},"schema":{"@context":"https:\/\/schema.org","@graph":[{"@type":"WebSite","@id":"https:\/\/www.radiomanchester.com.br\/fm\/#website","url":"https:\/\/www.radiomanchester.com.br\/fm\/","name":"Manchester FM 93,3","description":"Todo Mundo Ouve!","potentialAction":[{"@type":"SearchAction","target":{"@type":"EntryPoint","urlTemplate":"https:\/\/www.radiomanchester.com.br\/fm\/?s={search_term_string}"},"query-input":"required name=search_term_string"}],"inLanguage":"pt-BR"},{"@type":"ImageObject","@id":"https:\/\/www.radiomanchester.com.br\/fm\/brasil-ministerio-do-trabalho-reconhece-22-novas-profissoes\/#primaryimage","inLanguage":"pt-BR","url":"https:\/\/www.radiomanchester.com.br\/fm\/wp-content\/uploads\/2022\/04\/6AAA5B09-8532-447E-96F1-FFF958C07540.jpeg","contentUrl":"https:\/\/www.radiomanchester.com.br\/fm\/wp-content\/uploads\/2022\/04\/6AAA5B09-8532-447E-96F1-FFF958C07540.jpeg","width":715,"height":372},{"@type":"WebPage","@id":"https:\/\/www.radiomanchester.com.br\/fm\/brasil-ministerio-do-trabalho-reconhece-22-novas-profissoes\/#webpage","url":"https:\/\/www.radiomanchester.com.br\/fm\/brasil-ministerio-do-trabalho-reconhece-22-novas-profissoes\/","name":"Brasil: Minist\u00e9rio do Trabalho reconhece 22 novas profiss\u00f5es - Manchester FM 93,3","isPartOf":{"@id":"https:\/\/www.radiomanchester.com.br\/fm\/#website"},"primaryImageOfPage":{"@id":"https:\/\/www.radiomanchester.com.br\/fm\/brasil-ministerio-do-trabalho-reconhece-22-novas-profissoes\/#primaryimage"},"datePublished":"2022-04-04T22:15:39+00:00","dateModified":"2022-04-04T22:15:42+00:00","author":{"@id":"https:\/\/www.radiomanchester.com.br\/fm\/#\/schema\/person\/408a7b4d4e32cbebd90e2782852abca3"},"breadcrumb":{"@id":"https:\/\/www.radiomanchester.com.br\/fm\/brasil-ministerio-do-trabalho-reconhece-22-novas-profissoes\/#breadcrumb"},"inLanguage":"pt-BR","potentialAction":[{"@type":"ReadAction","target":["https:\/\/www.radiomanchester.com.br\/fm\/brasil-ministerio-do-trabalho-reconhece-22-novas-profissoes\/"]}]},{"@type":"BreadcrumbList","@id":"https:\/\/www.radiomanchester.com.br\/fm\/brasil-ministerio-do-trabalho-reconhece-22-novas-profissoes\/#breadcrumb","itemListElement":[{"@type":"ListItem","position":1,"name":"Home","item":"https:\/\/www.radiomanchester.com.br\/fm\/"},{"@type":"ListItem","position":2,"name":"Brasil: Minist\u00e9rio do Trabalho reconhece 22 novas profiss\u00f5es"}]},{"@type":"Person","@id":"https:\/\/www.radiomanchester.com.br\/fm\/#\/schema\/person\/408a7b4d4e32cbebd90e2782852abca3","name":"admin","image":{"@type":"ImageObject","@id":"https:\/\/www.radiomanchester.com.br\/fm\/#personlogo","inLanguage":"pt-BR","url":"https:\/\/secure.gravatar.com\/avatar\/115a974dba3376872eb3addeb276301c?s=96&d=mm&r=g","contentUrl":"https:\/\/secure.gravatar.com\/avatar\/115a974dba3376872eb3addeb276301c?s=96&d=mm&r=g","caption":"admin"},"url":"https:\/\/www.radiomanchester.com.br\/fm\/author\/admin\/"}]}},"_links":{"self":[{"href":"https:\/\/www.radiomanchester.com.br\/fm\/wp-json\/wp\/v2\/posts\/7756"}],"collection":[{"href":"https:\/\/www.radiomanchester.com.br\/fm\/wp-json\/wp\/v2\/posts"}],"about":[{"href":"https:\/\/www.radiomanchester.com.br\/fm\/wp-json\/wp\/v2\/types\/post"}],"author":[{"embeddable":true,"href":"https:\/\/www.radiomanchester.com.br\/fm\/wp-json\/wp\/v2\/users\/1"}],"replies":[{"embeddable":true,"href":"https:\/\/www.radiomanchester.com.br\/fm\/wp-json\/wp\/v2\/comments?post=7756"}],"version-history":[{"count":1,"href":"https:\/\/www.radiomanchester.com.br\/fm\/wp-json\/wp\/v2\/posts\/7756\/revisions"}],"predecessor-version":[{"id":7758,"href":"https:\/\/www.radiomanchester.com.br\/fm\/wp-json\/wp\/v2\/posts\/7756\/revisions\/7758"}],"wp:featuredmedia":[{"embeddable":true,"href":"https:\/\/www.radiomanchester.com.br\/fm\/wp-json\/wp\/v2\/media\/7757"}],"wp:attachment":[{"href":"https:\/\/www.radiomanchester.com.br\/fm\/wp-json\/wp\/v2\/media?parent=7756"}],"wp:term":[{"taxonomy":"category","embeddable":true,"href":"https:\/\/www.radiomanchester.com.br\/fm\/wp-json\/wp\/v2\/categories?post=7756"},{"taxonomy":"post_tag","embeddable":true,"href":"https:\/\/www.radiomanchester.com.br\/fm\/wp-json\/wp\/v2\/tags?post=7756"}],"curies":[{"name":"wp","href":"https:\/\/api.w.org\/{rel}","templated":true}]}}