{"id":7768,"date":"2022-04-06T06:00:00","date_gmt":"2022-04-06T09:00:00","guid":{"rendered":"https:\/\/www.radiomanchester.com.br\/fm\/?p=7768"},"modified":"2022-04-05T21:29:51","modified_gmt":"2022-04-06T00:29:51","slug":"fique-atento-prazo-para-entrega-da-declaracao-do-ir-e-prorrogado-para-31-de-maio","status":"publish","type":"post","link":"https:\/\/www.radiomanchester.com.br\/fm\/fique-atento-prazo-para-entrega-da-declaracao-do-ir-e-prorrogado-para-31-de-maio\/","title":{"rendered":"Fique atento: prazo para entrega da declara\u00e7\u00e3o do IR \u00e9 prorrogado para 31 de maio"},"content":{"rendered":"\n<p><em><strong>Instru\u00e7\u00e3o normativa com nova data foi publicada no Di\u00e1rio Oficial da Uni\u00e3o<\/strong><\/em><\/p>\n\n\n\n<figure class=\"wp-block-image size-medium\"><img loading=\"lazy\" width=\"300\" height=\"156\" src=\"https:\/\/www.radiomanchester.com.br\/fm\/wp-content\/uploads\/2022\/04\/Sem-titulo-3-300x156.png\" alt=\"\" class=\"wp-image-7770\" srcset=\"https:\/\/www.radiomanchester.com.br\/fm\/wp-content\/uploads\/2022\/04\/Sem-titulo-3-300x156.png 300w, https:\/\/www.radiomanchester.com.br\/fm\/wp-content\/uploads\/2022\/04\/Sem-titulo-3-1024x531.png 1024w, https:\/\/www.radiomanchester.com.br\/fm\/wp-content\/uploads\/2022\/04\/Sem-titulo-3-768x398.png 768w, https:\/\/www.radiomanchester.com.br\/fm\/wp-content\/uploads\/2022\/04\/Sem-titulo-3.png 1138w\" sizes=\"(max-width: 300px) 100vw, 300px\" \/><\/figure>\n\n\n\n<p>A Receita Federal prorrogou para o dia 31 de maio de 2022 o prazo final para a entrega da declara\u00e7\u00e3o de ajuste anual do Imposto de Renda, que tem como base os rendimentos obtidos no ano de 2021.<\/p>\n\n\n\n<p>A nova data consta da <a href=\"https:\/\/in.gov.br\/en\/web\/dou\/-\/instrucao-normativa-rfb-n-2.077-de-4-de-abril-de-2022-390752682\">Instru\u00e7\u00e3o Normativa n\u00ba 2.077<\/a>, publicada no Di\u00e1rio Oficial da Uni\u00e3o de nesta segunda (5 de abril). O prazo previsto anteriormente era 29 de abril.<\/p>\n\n\n\n<p>De acordo com a Receita, objetivo da prorroga\u00e7\u00e3o \u00e9 diminuir eventuais efeitos da pandemia da covid-19 que possam dificultar o preenchimento e envio das declara\u00e7\u00f5es, &#8220;visto que alguns \u00f3rg\u00e3os e empresas ainda n\u00e3o est\u00e3o com seus servi\u00e7os de atendimento totalmente normalizados&#8221;.<\/p>\n\n\n\n<p>At\u00e9 o final de mar\u00e7o, a Receita Federal contabilizava quase 6 milh\u00f5es de declara\u00e7\u00f5es de Imposto de Renda de Pessoa F\u00edsica (IPRF) entregues. A expectativa \u00e9 de que 34,1 milh\u00f5es sejam enviadas at\u00e9 o final do prazo.<\/p>\n\n\n\n<p>De acordo com as regras, est\u00e3o obrigadas a apresentar a Declara\u00e7\u00e3o de Ajuste Anual os cidad\u00e3os que tiveram, em 2021, rendimentos tribut\u00e1veis com valor acima de R$ 28.559,70.<\/p>\n\n\n\n<p>A Instru\u00e7\u00e3o Normativa de hoje mant\u00e9m o cronograma para a restitui\u00e7\u00e3o dos cinco lotes aos contribuintes. O primeiro est\u00e1 previsto para 31 de maio. Os segundo e terceiro lotes ser\u00e3o restitu\u00eddos no dia 30 de junho e de julho. O quarto lote est\u00e1 previsto para 31 de agosto; e o quinto, para 30 de setembro.<\/p>\n\n\n\n<p><strong>Aux\u00edlio emergencial<br><\/strong>Em fevereiro, quando <a href=\"https:\/\/agenciabrasil.ebc.com.br\/economia\/noticia\/2022-02\/receita-publica-regras-para-declaracao-do-imposto-de-renda\">foram anunciadas as regras<\/a> para a declara\u00e7\u00e3o deste ano, t\u00e9cnicos da Receita Federal lembraram que o aux\u00edlio emergencial, pago pelo governo para amenizar preju\u00edzos causados pela pandemia, \u00e9 considerado tribut\u00e1vel.<\/p>\n\n\n\n<p>Assim, se a pessoa recebeu, al\u00e9m do sal\u00e1rio, o aux\u00edlio emergencial e, somando esses rendimentos tribut\u00e1veis, ultrapassar o limite de R$ 28,5 mil, ela estar\u00e1 obrigada a apresentar declara\u00e7\u00e3o de IR.<\/p>\n\n\n\n<p>No caso de rendimentos considerados \u201cisentos, n\u00e3o tribut\u00e1veis ou tributados exclusivamente na fonte\u201d, quem recebeu valor superior a R$ 40 mil \u00e9 obrigado a declarar.<\/p>\n\n\n\n<p>Tamb\u00e9m s\u00e3o obrigados a declarar aqueles que, no dia 31 de dezembro de 2021, possu\u00edam propriedade de bens ou direitos, inclusive terra nua, acima de 300 mil; e pessoas que, na atividade rural, receberam rendimentos tribut\u00e1veis com valor acima de R$ 142.798,50.<\/p>\n\n\n\n<p><strong>Imposto a pagar<br><\/strong>De acordo com a Receita Federal, o imposto a pagar apurado tamb\u00e9m teve seu vencimento adiado para o final do m\u00eas de maio. &#8220;As datas permitidas para a op\u00e7\u00e3o pelo d\u00e9bito autom\u00e1tico passam a ser 10 de maio, para a primeira cota, e at\u00e9 31 de maio para as demais. Ou seja, para as declara\u00e7\u00f5es enviadas ap\u00f3s o dia 10 de maio, o pagamento da primeira cota dever\u00e1 ser realizado com DARF&#8221;.<\/p>\n\n\n\n<p>A taxa de juros cobrada para aqueles que optarem por parcelar em at\u00e9 oito vezes o que \u00e9 devido \u00e9 a da Selic, que atualmente est\u00e1 em 11,75% ao ano.<\/p>\n\n\n\n<p>por Ag\u00eancia Brasil &#8211; foto: Ag\u00eancia Brasil<\/p>\n","protected":false},"excerpt":{"rendered":"<p class=\"excerpt\">Instru\u00e7\u00e3o normativa com nova data foi publicada no Di\u00e1rio Oficial da Uni\u00e3o A Receita Federal prorrogou para o dia 31 de maio de 2022 o prazo final para a entrega da declara\u00e7\u00e3o de ajuste anual do Imposto de Renda, que tem como base os rendimentos obtidos no ano de 2021. A nova data consta da [&hellip;]<\/p>\n","protected":false},"author":1,"featured_media":0,"comment_status":"open","ping_status":"open","sticky":false,"template":"","format":"standard","meta":[],"categories":[1],"tags":[22,24,113,83,92],"yoast_head":"<!-- This site is optimized with the Yoast SEO plugin v18.3 - https:\/\/yoast.com\/wordpress\/plugins\/seo\/ -->\n<title>Fique atento: prazo para entrega da declara\u00e7\u00e3o do IR \u00e9 prorrogado para 31 de maio - Manchester FM 93,3<\/title>\n<meta name=\"robots\" content=\"index, follow, max-snippet:-1, max-image-preview:large, max-video-preview:-1\" \/>\n<link rel=\"canonical\" href=\"https:\/\/www.radiomanchester.com.br\/fm\/fique-atento-prazo-para-entrega-da-declaracao-do-ir-e-prorrogado-para-31-de-maio\/\" \/>\n<meta property=\"og:locale\" content=\"pt_BR\" \/>\n<meta property=\"og:type\" content=\"article\" \/>\n<meta property=\"og:title\" content=\"Fique atento: prazo para entrega da declara\u00e7\u00e3o do IR \u00e9 prorrogado para 31 de maio - Manchester FM 93,3\" \/>\n<meta property=\"og:description\" content=\"Instru\u00e7\u00e3o normativa com nova data foi publicada no Di\u00e1rio Oficial da Uni\u00e3o A Receita Federal prorrogou para o dia 31 de maio de 2022 o prazo final para a entrega da declara\u00e7\u00e3o de ajuste anual do Imposto de Renda, que tem como base os rendimentos obtidos no ano de 2021. A nova data consta da [&hellip;]\" \/>\n<meta property=\"og:url\" content=\"https:\/\/www.radiomanchester.com.br\/fm\/fique-atento-prazo-para-entrega-da-declaracao-do-ir-e-prorrogado-para-31-de-maio\/\" \/>\n<meta property=\"og:site_name\" content=\"Manchester FM 93,3\" \/>\n<meta property=\"article:published_time\" content=\"2022-04-06T09:00:00+00:00\" \/>\n<meta property=\"article:modified_time\" content=\"2022-04-06T00:29:51+00:00\" \/>\n<meta property=\"og:image\" content=\"https:\/\/www.radiomanchester.com.br\/fm\/wp-content\/uploads\/2022\/04\/Sem-titulo-3-300x156.png\" \/>\n<meta name=\"twitter:card\" content=\"summary_large_image\" \/>\n<meta name=\"twitter:label1\" content=\"Escrito por\" \/>\n\t<meta name=\"twitter:data1\" content=\"admin\" \/>\n\t<meta name=\"twitter:label2\" content=\"Est. tempo de leitura\" \/>\n\t<meta name=\"twitter:data2\" content=\"3 minutos\" \/>\n<script type=\"application\/ld+json\" class=\"yoast-schema-graph\">{\"@context\":\"https:\/\/schema.org\",\"@graph\":[{\"@type\":\"WebSite\",\"@id\":\"https:\/\/www.radiomanchester.com.br\/fm\/#website\",\"url\":\"https:\/\/www.radiomanchester.com.br\/fm\/\",\"name\":\"Manchester FM 93,3\",\"description\":\"Todo Mundo Ouve!\",\"potentialAction\":[{\"@type\":\"SearchAction\",\"target\":{\"@type\":\"EntryPoint\",\"urlTemplate\":\"https:\/\/www.radiomanchester.com.br\/fm\/?s={search_term_string}\"},\"query-input\":\"required name=search_term_string\"}],\"inLanguage\":\"pt-BR\"},{\"@type\":\"ImageObject\",\"@id\":\"https:\/\/www.radiomanchester.com.br\/fm\/fique-atento-prazo-para-entrega-da-declaracao-do-ir-e-prorrogado-para-31-de-maio\/#primaryimage\",\"inLanguage\":\"pt-BR\",\"url\":\"https:\/\/www.radiomanchester.com.br\/fm\/wp-content\/uploads\/2022\/04\/Sem-titulo-3.png\",\"contentUrl\":\"https:\/\/www.radiomanchester.com.br\/fm\/wp-content\/uploads\/2022\/04\/Sem-titulo-3.png\",\"width\":1138,\"height\":590},{\"@type\":\"WebPage\",\"@id\":\"https:\/\/www.radiomanchester.com.br\/fm\/fique-atento-prazo-para-entrega-da-declaracao-do-ir-e-prorrogado-para-31-de-maio\/#webpage\",\"url\":\"https:\/\/www.radiomanchester.com.br\/fm\/fique-atento-prazo-para-entrega-da-declaracao-do-ir-e-prorrogado-para-31-de-maio\/\",\"name\":\"Fique atento: prazo para entrega da declara\u00e7\u00e3o do IR \u00e9 prorrogado para 31 de maio - Manchester FM 93,3\",\"isPartOf\":{\"@id\":\"https:\/\/www.radiomanchester.com.br\/fm\/#website\"},\"primaryImageOfPage\":{\"@id\":\"https:\/\/www.radiomanchester.com.br\/fm\/fique-atento-prazo-para-entrega-da-declaracao-do-ir-e-prorrogado-para-31-de-maio\/#primaryimage\"},\"datePublished\":\"2022-04-06T09:00:00+00:00\",\"dateModified\":\"2022-04-06T00:29:51+00:00\",\"author\":{\"@id\":\"https:\/\/www.radiomanchester.com.br\/fm\/#\/schema\/person\/408a7b4d4e32cbebd90e2782852abca3\"},\"breadcrumb\":{\"@id\":\"https:\/\/www.radiomanchester.com.br\/fm\/fique-atento-prazo-para-entrega-da-declaracao-do-ir-e-prorrogado-para-31-de-maio\/#breadcrumb\"},\"inLanguage\":\"pt-BR\",\"potentialAction\":[{\"@type\":\"ReadAction\",\"target\":[\"https:\/\/www.radiomanchester.com.br\/fm\/fique-atento-prazo-para-entrega-da-declaracao-do-ir-e-prorrogado-para-31-de-maio\/\"]}]},{\"@type\":\"BreadcrumbList\",\"@id\":\"https:\/\/www.radiomanchester.com.br\/fm\/fique-atento-prazo-para-entrega-da-declaracao-do-ir-e-prorrogado-para-31-de-maio\/#breadcrumb\",\"itemListElement\":[{\"@type\":\"ListItem\",\"position\":1,\"name\":\"Home\",\"item\":\"https:\/\/www.radiomanchester.com.br\/fm\/\"},{\"@type\":\"ListItem\",\"position\":2,\"name\":\"Fique atento: prazo para entrega da declara\u00e7\u00e3o do IR \u00e9 prorrogado para 31 de maio\"}]},{\"@type\":\"Person\",\"@id\":\"https:\/\/www.radiomanchester.com.br\/fm\/#\/schema\/person\/408a7b4d4e32cbebd90e2782852abca3\",\"name\":\"admin\",\"image\":{\"@type\":\"ImageObject\",\"@id\":\"https:\/\/www.radiomanchester.com.br\/fm\/#personlogo\",\"inLanguage\":\"pt-BR\",\"url\":\"https:\/\/secure.gravatar.com\/avatar\/115a974dba3376872eb3addeb276301c?s=96&d=mm&r=g\",\"contentUrl\":\"https:\/\/secure.gravatar.com\/avatar\/115a974dba3376872eb3addeb276301c?s=96&d=mm&r=g\",\"caption\":\"admin\"},\"url\":\"https:\/\/www.radiomanchester.com.br\/fm\/author\/admin\/\"}]}<\/script>\n<!-- \/ Yoast SEO plugin. -->","yoast_head_json":{"title":"Fique atento: prazo para entrega da declara\u00e7\u00e3o do IR \u00e9 prorrogado para 31 de maio - Manchester FM 93,3","robots":{"index":"index","follow":"follow","max-snippet":"max-snippet:-1","max-image-preview":"max-image-preview:large","max-video-preview":"max-video-preview:-1"},"canonical":"https:\/\/www.radiomanchester.com.br\/fm\/fique-atento-prazo-para-entrega-da-declaracao-do-ir-e-prorrogado-para-31-de-maio\/","og_locale":"pt_BR","og_type":"article","og_title":"Fique atento: prazo para entrega da declara\u00e7\u00e3o do IR \u00e9 prorrogado para 31 de maio - Manchester FM 93,3","og_description":"Instru\u00e7\u00e3o normativa com nova data foi publicada no Di\u00e1rio Oficial da Uni\u00e3o A Receita Federal prorrogou para o dia 31 de maio de 2022 o prazo final para a entrega da declara\u00e7\u00e3o de ajuste anual do Imposto de Renda, que tem como base os rendimentos obtidos no ano de 2021. A nova data consta da [&hellip;]","og_url":"https:\/\/www.radiomanchester.com.br\/fm\/fique-atento-prazo-para-entrega-da-declaracao-do-ir-e-prorrogado-para-31-de-maio\/","og_site_name":"Manchester FM 93,3","article_published_time":"2022-04-06T09:00:00+00:00","article_modified_time":"2022-04-06T00:29:51+00:00","og_image":[{"url":"https:\/\/www.radiomanchester.com.br\/fm\/wp-content\/uploads\/2022\/04\/Sem-titulo-3-300x156.png"}],"twitter_card":"summary_large_image","twitter_misc":{"Escrito por":"admin","Est. tempo de leitura":"3 minutos"},"schema":{"@context":"https:\/\/schema.org","@graph":[{"@type":"WebSite","@id":"https:\/\/www.radiomanchester.com.br\/fm\/#website","url":"https:\/\/www.radiomanchester.com.br\/fm\/","name":"Manchester FM 93,3","description":"Todo Mundo Ouve!","potentialAction":[{"@type":"SearchAction","target":{"@type":"EntryPoint","urlTemplate":"https:\/\/www.radiomanchester.com.br\/fm\/?s={search_term_string}"},"query-input":"required name=search_term_string"}],"inLanguage":"pt-BR"},{"@type":"ImageObject","@id":"https:\/\/www.radiomanchester.com.br\/fm\/fique-atento-prazo-para-entrega-da-declaracao-do-ir-e-prorrogado-para-31-de-maio\/#primaryimage","inLanguage":"pt-BR","url":"https:\/\/www.radiomanchester.com.br\/fm\/wp-content\/uploads\/2022\/04\/Sem-titulo-3.png","contentUrl":"https:\/\/www.radiomanchester.com.br\/fm\/wp-content\/uploads\/2022\/04\/Sem-titulo-3.png","width":1138,"height":590},{"@type":"WebPage","@id":"https:\/\/www.radiomanchester.com.br\/fm\/fique-atento-prazo-para-entrega-da-declaracao-do-ir-e-prorrogado-para-31-de-maio\/#webpage","url":"https:\/\/www.radiomanchester.com.br\/fm\/fique-atento-prazo-para-entrega-da-declaracao-do-ir-e-prorrogado-para-31-de-maio\/","name":"Fique atento: prazo para entrega da declara\u00e7\u00e3o do IR \u00e9 prorrogado para 31 de maio - Manchester FM 93,3","isPartOf":{"@id":"https:\/\/www.radiomanchester.com.br\/fm\/#website"},"primaryImageOfPage":{"@id":"https:\/\/www.radiomanchester.com.br\/fm\/fique-atento-prazo-para-entrega-da-declaracao-do-ir-e-prorrogado-para-31-de-maio\/#primaryimage"},"datePublished":"2022-04-06T09:00:00+00:00","dateModified":"2022-04-06T00:29:51+00:00","author":{"@id":"https:\/\/www.radiomanchester.com.br\/fm\/#\/schema\/person\/408a7b4d4e32cbebd90e2782852abca3"},"breadcrumb":{"@id":"https:\/\/www.radiomanchester.com.br\/fm\/fique-atento-prazo-para-entrega-da-declaracao-do-ir-e-prorrogado-para-31-de-maio\/#breadcrumb"},"inLanguage":"pt-BR","potentialAction":[{"@type":"ReadAction","target":["https:\/\/www.radiomanchester.com.br\/fm\/fique-atento-prazo-para-entrega-da-declaracao-do-ir-e-prorrogado-para-31-de-maio\/"]}]},{"@type":"BreadcrumbList","@id":"https:\/\/www.radiomanchester.com.br\/fm\/fique-atento-prazo-para-entrega-da-declaracao-do-ir-e-prorrogado-para-31-de-maio\/#breadcrumb","itemListElement":[{"@type":"ListItem","position":1,"name":"Home","item":"https:\/\/www.radiomanchester.com.br\/fm\/"},{"@type":"ListItem","position":2,"name":"Fique atento: prazo para entrega da declara\u00e7\u00e3o do IR \u00e9 prorrogado para 31 de maio"}]},{"@type":"Person","@id":"https:\/\/www.radiomanchester.com.br\/fm\/#\/schema\/person\/408a7b4d4e32cbebd90e2782852abca3","name":"admin","image":{"@type":"ImageObject","@id":"https:\/\/www.radiomanchester.com.br\/fm\/#personlogo","inLanguage":"pt-BR","url":"https:\/\/secure.gravatar.com\/avatar\/115a974dba3376872eb3addeb276301c?s=96&d=mm&r=g","contentUrl":"https:\/\/secure.gravatar.com\/avatar\/115a974dba3376872eb3addeb276301c?s=96&d=mm&r=g","caption":"admin"},"url":"https:\/\/www.radiomanchester.com.br\/fm\/author\/admin\/"}]}},"_links":{"self":[{"href":"https:\/\/www.radiomanchester.com.br\/fm\/wp-json\/wp\/v2\/posts\/7768"}],"collection":[{"href":"https:\/\/www.radiomanchester.com.br\/fm\/wp-json\/wp\/v2\/posts"}],"about":[{"href":"https:\/\/www.radiomanchester.com.br\/fm\/wp-json\/wp\/v2\/types\/post"}],"author":[{"embeddable":true,"href":"https:\/\/www.radiomanchester.com.br\/fm\/wp-json\/wp\/v2\/users\/1"}],"replies":[{"embeddable":true,"href":"https:\/\/www.radiomanchester.com.br\/fm\/wp-json\/wp\/v2\/comments?post=7768"}],"version-history":[{"count":1,"href":"https:\/\/www.radiomanchester.com.br\/fm\/wp-json\/wp\/v2\/posts\/7768\/revisions"}],"predecessor-version":[{"id":7771,"href":"https:\/\/www.radiomanchester.com.br\/fm\/wp-json\/wp\/v2\/posts\/7768\/revisions\/7771"}],"wp:attachment":[{"href":"https:\/\/www.radiomanchester.com.br\/fm\/wp-json\/wp\/v2\/media?parent=7768"}],"wp:term":[{"taxonomy":"category","embeddable":true,"href":"https:\/\/www.radiomanchester.com.br\/fm\/wp-json\/wp\/v2\/categories?post=7768"},{"taxonomy":"post_tag","embeddable":true,"href":"https:\/\/www.radiomanchester.com.br\/fm\/wp-json\/wp\/v2\/tags?post=7768"}],"curies":[{"name":"wp","href":"https:\/\/api.w.org\/{rel}","templated":true}]}}