{"id":7822,"date":"2022-04-12T16:00:00","date_gmt":"2022-04-12T19:00:00","guid":{"rendered":"https:\/\/www.radiomanchester.com.br\/fm\/?p=7822"},"modified":"2022-04-11T21:38:46","modified_gmt":"2022-04-12T00:38:46","slug":"procissao-do-fogareu-volta-a-ser-protagonista-na-cidade-de-goias-em-2022","status":"publish","type":"post","link":"https:\/\/www.radiomanchester.com.br\/fm\/procissao-do-fogareu-volta-a-ser-protagonista-na-cidade-de-goias-em-2022\/","title":{"rendered":"Prociss\u00e3o do Fogar\u00e9u volta a ser protagonista na cidade de Goi\u00e1s em 2022"},"content":{"rendered":"\n<p><strong><em>Celebra\u00e7\u00e3o hist\u00f3rica recebe aporte financeiro por meio do Programa Goyazes. Estado acumula s\u00e9rie de investimentos na cultura e turismo da antiga Vila Boa, com destaque para o Fica, Caminho de Cora e reforma de pr\u00e9dios hist\u00f3ricos<\/em><\/strong><\/p>\n\n\n\n<p>A realiza\u00e7\u00e3o da tradicional Prociss\u00e3o do Fogar\u00e9u da cidade de Goi\u00e1s est\u00e1 confirmada para a pr\u00f3xima semana, ap\u00f3s hiato de dois anos devido \u00e0 pandemia da Covid-19. A celebra\u00e7\u00e3o, que come\u00e7a no final da noite da pr\u00f3xima quarta-feira (13 de abril) e termina na madrugada de quinta-feira (14 de abril), ter\u00e1 o aporte de R$ 260 mil por meio do Programa Estadual de Incentivo \u00e0 Cultura \u2013 Goyazes. Durante a atual gest\u00e3o, o Governo de Goi\u00e1s, por meio da Secretaria de Estado da Cultura (Secult), j\u00e1 investiu mais de R$ 9 milh\u00f5es na \u00e1rea da Cultura no munic\u00edpio.<\/p>\n\n\n\n<p>\u201cO governador Ronaldo Caiado determinou e a Secult est\u00e1 investindo nesse evento que faz parte da nossa hist\u00f3ria e leva a cultura do Estado at\u00e9 mesmo ao exterior. \u00c9 muito importante resgatar nossas ra\u00edzes e celebrar a sa\u00edda de um per\u00edodo de dificuldades. O Governo est\u00e1 atento \u00e0s necessidades do setor e na manuten\u00e7\u00e3o das nossas tradi\u00e7\u00f5es\u201d, ressaltou o secret\u00e1rio de Estado da Cultura, C\u00e9sar Moura.<\/p>\n\n\n\n<p>O apoio foi comemorado pela gest\u00e3o municipal, que recebeu os valores de forma antecipada: \u201cN\u00f3s estamos muito gratos porque o dinheiro j\u00e1 est\u00e1 na conta para que possamos investir na organiza\u00e7\u00e3o das prociss\u00f5es, encena\u00e7\u00f5es e todos esses momentos t\u00e3o esperados pela nossa popula\u00e7\u00e3o e pelos milhares de turistas que devem visitar a cidade na pr\u00f3xima semana\u201d, afirmou a secret\u00e1ria de Cultura da cidade de Goi\u00e1s, Ra\u00edssa Coutinho.<\/p>\n\n\n\n<p>O prefeito Anderson Gouveia agradeceu a parceria. \u201cPara que tudo ocorra da melhor forma poss\u00edvel, precisamos contar com parceiros. Por isso, agrade\u00e7o ao governador Ronaldo Caiado e ao secret\u00e1rio de Cultura, C\u00e9sar Moura\u201d, disse. \u201cAgradecemos o incentivo do governo do Estado em aportar recursos para cobertura de despesas com a organiza\u00e7\u00e3o geral da Semana Santa\u201d, refor\u00e7ou o presidente da Organiza\u00e7\u00e3o Vilaboense de Artes e Tradi\u00e7\u00f5es (Ovat), Rodrigo dos Santos e Silva.<\/p>\n\n\n\n<p>Reconhecida como patrim\u00f4nio imaterial de Goi\u00e1s, a Prociss\u00e3o do Fogar\u00e9u, realizada h\u00e1 277 anos, representa a persegui\u00e7\u00e3o e pris\u00e3o de Jesus Cristo pelos soldados romanos e faz parte das celebra\u00e7\u00f5es da Semana Santa. A apresenta\u00e7\u00e3o ocorre sempre \u00e0 zero hora da quinta-feira santa, quando tambores anunciam a chegada de farricocos vestidos com t\u00fanicas coloridas e chap\u00e9u simbolizando os soldados.<\/p>\n\n\n\n<p><strong>Mais investimentos<\/strong><\/p>\n\n\n\n<p>Al\u00e9m de contribuir com a realiza\u00e7\u00e3o da Prociss\u00e3o do Fogar\u00e9u, o Governo de Goi\u00e1s acumula uma s\u00e9rie de esfor\u00e7os para fortalecer a cultura, movimentar o turismo e preservar a hist\u00f3ria da antiga Vila Boa. Entre os maiores destaques est\u00e1 o Festival Internacional de Cinema e V\u00eddeo Ambiental (Fica). Em 2022, diante da flexibiliza\u00e7\u00e3o de medidas sanit\u00e1rias, o evento volta ao formato presencial e espera reunir participantes de v\u00e1rios pa\u00edses em junho.<\/p>\n\n\n\n<p>Durante a pandemia, o Estado destinou verba para garantir a reabertura do Museu Casa de Cora. O espa\u00e7o, que se mant\u00e9m principalmente pelos recursos arrecadados nas visita\u00e7\u00f5es, precisou fechar as portas em 2020 no per\u00edodo em que o isolamento social foi o principal aliado do combate \u00e0 Covid-19.<\/p>\n\n\n\n<p>O Governo de Goi\u00e1s tamb\u00e9m propiciou a reforma do Pal\u00e1cio Conde dos Arcos e do Pal\u00e1cio da Instru\u00e7\u00e3o, a primeira edifica\u00e7\u00e3o em estilo art d\u00e9co de Goi\u00e1s. Atualmente, est\u00e3o em andamento os preparativos para a revitaliza\u00e7\u00e3o da Igreja de S\u00e3o Jo\u00e3o Batista do Arraial de Ferreiro, outra edifica\u00e7\u00e3o de valor hist\u00f3rico e que remonta \u00e0 origem do povo goiano.<\/p>\n\n\n\n<p>Ainda na \u00e1rea do turismo e cultura, o Estado investiu na estrutura\u00e7\u00e3o do Caminho de Cora para melhor receber os visitantes. Uma expedi\u00e7\u00e3o anual vai percorrer os 300 quil\u00f4metros de trilha pelo Cerrado, entre Corumb\u00e1 e a cidade de Goi\u00e1s.<\/p>\n\n\n\n<figure class=\"wp-block-image size-medium\"><img loading=\"lazy\" width=\"300\" height=\"300\" src=\"https:\/\/www.radiomanchester.com.br\/fm\/wp-content\/uploads\/2022\/04\/FOGAREU-3-300x300.jpg\" alt=\"\" class=\"wp-image-7823\" srcset=\"https:\/\/www.radiomanchester.com.br\/fm\/wp-content\/uploads\/2022\/04\/FOGAREU-3-300x300.jpg 300w, https:\/\/www.radiomanchester.com.br\/fm\/wp-content\/uploads\/2022\/04\/FOGAREU-3-150x150.jpg 150w, https:\/\/www.radiomanchester.com.br\/fm\/wp-content\/uploads\/2022\/04\/FOGAREU-3-480x480.jpg 480w, https:\/\/www.radiomanchester.com.br\/fm\/wp-content\/uploads\/2022\/04\/FOGAREU-3.jpg 600w\" sizes=\"(max-width: 300px) 100vw, 300px\" \/><\/figure>\n\n\n\n<p>por Secretaria de Estado da Cultura (Secom) &#8211; foto: Secom<\/p>\n","protected":false},"excerpt":{"rendered":"<p class=\"excerpt\">Celebra\u00e7\u00e3o hist\u00f3rica recebe aporte financeiro por meio do Programa Goyazes. Estado acumula s\u00e9rie de investimentos na cultura e turismo da antiga Vila Boa, com destaque para o Fica, Caminho de Cora e reforma de pr\u00e9dios hist\u00f3ricos A realiza\u00e7\u00e3o da tradicional Prociss\u00e3o do Fogar\u00e9u da cidade de Goi\u00e1s est\u00e1 confirmada para a pr\u00f3xima semana, ap\u00f3s hiato [&hellip;]<\/p>\n","protected":false},"author":1,"featured_media":0,"comment_status":"open","ping_status":"open","sticky":false,"template":"","format":"standard","meta":[],"categories":[8,17],"tags":[22,24,113,83,92],"yoast_head":"<!-- This site is optimized with the Yoast SEO plugin v18.3 - https:\/\/yoast.com\/wordpress\/plugins\/seo\/ -->\n<title>Prociss\u00e3o do Fogar\u00e9u volta a ser protagonista na cidade de Goi\u00e1s em 2022 - Manchester FM 93,3<\/title>\n<meta name=\"robots\" content=\"index, follow, max-snippet:-1, max-image-preview:large, max-video-preview:-1\" \/>\n<link rel=\"canonical\" href=\"https:\/\/www.radiomanchester.com.br\/fm\/procissao-do-fogareu-volta-a-ser-protagonista-na-cidade-de-goias-em-2022\/\" \/>\n<meta property=\"og:locale\" content=\"pt_BR\" \/>\n<meta property=\"og:type\" content=\"article\" \/>\n<meta property=\"og:title\" content=\"Prociss\u00e3o do Fogar\u00e9u volta a ser protagonista na cidade de Goi\u00e1s em 2022 - Manchester FM 93,3\" \/>\n<meta property=\"og:description\" content=\"Celebra\u00e7\u00e3o hist\u00f3rica recebe aporte financeiro por meio do Programa Goyazes. Estado acumula s\u00e9rie de investimentos na cultura e turismo da antiga Vila Boa, com destaque para o Fica, Caminho de Cora e reforma de pr\u00e9dios hist\u00f3ricos A realiza\u00e7\u00e3o da tradicional Prociss\u00e3o do Fogar\u00e9u da cidade de Goi\u00e1s est\u00e1 confirmada para a pr\u00f3xima semana, ap\u00f3s hiato [&hellip;]\" \/>\n<meta property=\"og:url\" content=\"https:\/\/www.radiomanchester.com.br\/fm\/procissao-do-fogareu-volta-a-ser-protagonista-na-cidade-de-goias-em-2022\/\" \/>\n<meta property=\"og:site_name\" content=\"Manchester FM 93,3\" \/>\n<meta property=\"article:published_time\" content=\"2022-04-12T19:00:00+00:00\" \/>\n<meta property=\"article:modified_time\" content=\"2022-04-12T00:38:46+00:00\" \/>\n<meta property=\"og:image\" content=\"https:\/\/www.radiomanchester.com.br\/fm\/wp-content\/uploads\/2022\/04\/FOGAREU-3-300x300.jpg\" \/>\n<meta name=\"twitter:card\" content=\"summary_large_image\" \/>\n<meta name=\"twitter:label1\" content=\"Escrito por\" \/>\n\t<meta name=\"twitter:data1\" content=\"admin\" \/>\n\t<meta name=\"twitter:label2\" content=\"Est. tempo de leitura\" \/>\n\t<meta name=\"twitter:data2\" content=\"4 minutos\" \/>\n<script type=\"application\/ld+json\" class=\"yoast-schema-graph\">{\"@context\":\"https:\/\/schema.org\",\"@graph\":[{\"@type\":\"WebSite\",\"@id\":\"https:\/\/www.radiomanchester.com.br\/fm\/#website\",\"url\":\"https:\/\/www.radiomanchester.com.br\/fm\/\",\"name\":\"Manchester FM 93,3\",\"description\":\"Todo Mundo Ouve!\",\"potentialAction\":[{\"@type\":\"SearchAction\",\"target\":{\"@type\":\"EntryPoint\",\"urlTemplate\":\"https:\/\/www.radiomanchester.com.br\/fm\/?s={search_term_string}\"},\"query-input\":\"required name=search_term_string\"}],\"inLanguage\":\"pt-BR\"},{\"@type\":\"ImageObject\",\"@id\":\"https:\/\/www.radiomanchester.com.br\/fm\/procissao-do-fogareu-volta-a-ser-protagonista-na-cidade-de-goias-em-2022\/#primaryimage\",\"inLanguage\":\"pt-BR\",\"url\":\"https:\/\/www.radiomanchester.com.br\/fm\/wp-content\/uploads\/2022\/04\/FOGAREU-3-300x300.jpg\",\"contentUrl\":\"https:\/\/www.radiomanchester.com.br\/fm\/wp-content\/uploads\/2022\/04\/FOGAREU-3-300x300.jpg\"},{\"@type\":\"WebPage\",\"@id\":\"https:\/\/www.radiomanchester.com.br\/fm\/procissao-do-fogareu-volta-a-ser-protagonista-na-cidade-de-goias-em-2022\/#webpage\",\"url\":\"https:\/\/www.radiomanchester.com.br\/fm\/procissao-do-fogareu-volta-a-ser-protagonista-na-cidade-de-goias-em-2022\/\",\"name\":\"Prociss\u00e3o do Fogar\u00e9u volta a ser protagonista na cidade de Goi\u00e1s em 2022 - Manchester FM 93,3\",\"isPartOf\":{\"@id\":\"https:\/\/www.radiomanchester.com.br\/fm\/#website\"},\"primaryImageOfPage\":{\"@id\":\"https:\/\/www.radiomanchester.com.br\/fm\/procissao-do-fogareu-volta-a-ser-protagonista-na-cidade-de-goias-em-2022\/#primaryimage\"},\"datePublished\":\"2022-04-12T19:00:00+00:00\",\"dateModified\":\"2022-04-12T00:38:46+00:00\",\"author\":{\"@id\":\"https:\/\/www.radiomanchester.com.br\/fm\/#\/schema\/person\/408a7b4d4e32cbebd90e2782852abca3\"},\"breadcrumb\":{\"@id\":\"https:\/\/www.radiomanchester.com.br\/fm\/procissao-do-fogareu-volta-a-ser-protagonista-na-cidade-de-goias-em-2022\/#breadcrumb\"},\"inLanguage\":\"pt-BR\",\"potentialAction\":[{\"@type\":\"ReadAction\",\"target\":[\"https:\/\/www.radiomanchester.com.br\/fm\/procissao-do-fogareu-volta-a-ser-protagonista-na-cidade-de-goias-em-2022\/\"]}]},{\"@type\":\"BreadcrumbList\",\"@id\":\"https:\/\/www.radiomanchester.com.br\/fm\/procissao-do-fogareu-volta-a-ser-protagonista-na-cidade-de-goias-em-2022\/#breadcrumb\",\"itemListElement\":[{\"@type\":\"ListItem\",\"position\":1,\"name\":\"Home\",\"item\":\"https:\/\/www.radiomanchester.com.br\/fm\/\"},{\"@type\":\"ListItem\",\"position\":2,\"name\":\"Prociss\u00e3o do Fogar\u00e9u volta a ser protagonista na cidade de Goi\u00e1s em 2022\"}]},{\"@type\":\"Person\",\"@id\":\"https:\/\/www.radiomanchester.com.br\/fm\/#\/schema\/person\/408a7b4d4e32cbebd90e2782852abca3\",\"name\":\"admin\",\"image\":{\"@type\":\"ImageObject\",\"@id\":\"https:\/\/www.radiomanchester.com.br\/fm\/#personlogo\",\"inLanguage\":\"pt-BR\",\"url\":\"https:\/\/secure.gravatar.com\/avatar\/115a974dba3376872eb3addeb276301c?s=96&d=mm&r=g\",\"contentUrl\":\"https:\/\/secure.gravatar.com\/avatar\/115a974dba3376872eb3addeb276301c?s=96&d=mm&r=g\",\"caption\":\"admin\"},\"url\":\"https:\/\/www.radiomanchester.com.br\/fm\/author\/admin\/\"}]}<\/script>\n<!-- \/ Yoast SEO plugin. -->","yoast_head_json":{"title":"Prociss\u00e3o do Fogar\u00e9u volta a ser protagonista na cidade de Goi\u00e1s em 2022 - Manchester FM 93,3","robots":{"index":"index","follow":"follow","max-snippet":"max-snippet:-1","max-image-preview":"max-image-preview:large","max-video-preview":"max-video-preview:-1"},"canonical":"https:\/\/www.radiomanchester.com.br\/fm\/procissao-do-fogareu-volta-a-ser-protagonista-na-cidade-de-goias-em-2022\/","og_locale":"pt_BR","og_type":"article","og_title":"Prociss\u00e3o do Fogar\u00e9u volta a ser protagonista na cidade de Goi\u00e1s em 2022 - Manchester FM 93,3","og_description":"Celebra\u00e7\u00e3o hist\u00f3rica recebe aporte financeiro por meio do Programa Goyazes. Estado acumula s\u00e9rie de investimentos na cultura e turismo da antiga Vila Boa, com destaque para o Fica, Caminho de Cora e reforma de pr\u00e9dios hist\u00f3ricos A realiza\u00e7\u00e3o da tradicional Prociss\u00e3o do Fogar\u00e9u da cidade de Goi\u00e1s est\u00e1 confirmada para a pr\u00f3xima semana, ap\u00f3s hiato [&hellip;]","og_url":"https:\/\/www.radiomanchester.com.br\/fm\/procissao-do-fogareu-volta-a-ser-protagonista-na-cidade-de-goias-em-2022\/","og_site_name":"Manchester FM 93,3","article_published_time":"2022-04-12T19:00:00+00:00","article_modified_time":"2022-04-12T00:38:46+00:00","og_image":[{"url":"https:\/\/www.radiomanchester.com.br\/fm\/wp-content\/uploads\/2022\/04\/FOGAREU-3-300x300.jpg"}],"twitter_card":"summary_large_image","twitter_misc":{"Escrito por":"admin","Est. tempo de leitura":"4 minutos"},"schema":{"@context":"https:\/\/schema.org","@graph":[{"@type":"WebSite","@id":"https:\/\/www.radiomanchester.com.br\/fm\/#website","url":"https:\/\/www.radiomanchester.com.br\/fm\/","name":"Manchester FM 93,3","description":"Todo Mundo Ouve!","potentialAction":[{"@type":"SearchAction","target":{"@type":"EntryPoint","urlTemplate":"https:\/\/www.radiomanchester.com.br\/fm\/?s={search_term_string}"},"query-input":"required name=search_term_string"}],"inLanguage":"pt-BR"},{"@type":"ImageObject","@id":"https:\/\/www.radiomanchester.com.br\/fm\/procissao-do-fogareu-volta-a-ser-protagonista-na-cidade-de-goias-em-2022\/#primaryimage","inLanguage":"pt-BR","url":"https:\/\/www.radiomanchester.com.br\/fm\/wp-content\/uploads\/2022\/04\/FOGAREU-3-300x300.jpg","contentUrl":"https:\/\/www.radiomanchester.com.br\/fm\/wp-content\/uploads\/2022\/04\/FOGAREU-3-300x300.jpg"},{"@type":"WebPage","@id":"https:\/\/www.radiomanchester.com.br\/fm\/procissao-do-fogareu-volta-a-ser-protagonista-na-cidade-de-goias-em-2022\/#webpage","url":"https:\/\/www.radiomanchester.com.br\/fm\/procissao-do-fogareu-volta-a-ser-protagonista-na-cidade-de-goias-em-2022\/","name":"Prociss\u00e3o do Fogar\u00e9u volta a ser protagonista na cidade de Goi\u00e1s em 2022 - Manchester FM 93,3","isPartOf":{"@id":"https:\/\/www.radiomanchester.com.br\/fm\/#website"},"primaryImageOfPage":{"@id":"https:\/\/www.radiomanchester.com.br\/fm\/procissao-do-fogareu-volta-a-ser-protagonista-na-cidade-de-goias-em-2022\/#primaryimage"},"datePublished":"2022-04-12T19:00:00+00:00","dateModified":"2022-04-12T00:38:46+00:00","author":{"@id":"https:\/\/www.radiomanchester.com.br\/fm\/#\/schema\/person\/408a7b4d4e32cbebd90e2782852abca3"},"breadcrumb":{"@id":"https:\/\/www.radiomanchester.com.br\/fm\/procissao-do-fogareu-volta-a-ser-protagonista-na-cidade-de-goias-em-2022\/#breadcrumb"},"inLanguage":"pt-BR","potentialAction":[{"@type":"ReadAction","target":["https:\/\/www.radiomanchester.com.br\/fm\/procissao-do-fogareu-volta-a-ser-protagonista-na-cidade-de-goias-em-2022\/"]}]},{"@type":"BreadcrumbList","@id":"https:\/\/www.radiomanchester.com.br\/fm\/procissao-do-fogareu-volta-a-ser-protagonista-na-cidade-de-goias-em-2022\/#breadcrumb","itemListElement":[{"@type":"ListItem","position":1,"name":"Home","item":"https:\/\/www.radiomanchester.com.br\/fm\/"},{"@type":"ListItem","position":2,"name":"Prociss\u00e3o do Fogar\u00e9u volta a ser protagonista na cidade de Goi\u00e1s em 2022"}]},{"@type":"Person","@id":"https:\/\/www.radiomanchester.com.br\/fm\/#\/schema\/person\/408a7b4d4e32cbebd90e2782852abca3","name":"admin","image":{"@type":"ImageObject","@id":"https:\/\/www.radiomanchester.com.br\/fm\/#personlogo","inLanguage":"pt-BR","url":"https:\/\/secure.gravatar.com\/avatar\/115a974dba3376872eb3addeb276301c?s=96&d=mm&r=g","contentUrl":"https:\/\/secure.gravatar.com\/avatar\/115a974dba3376872eb3addeb276301c?s=96&d=mm&r=g","caption":"admin"},"url":"https:\/\/www.radiomanchester.com.br\/fm\/author\/admin\/"}]}},"_links":{"self":[{"href":"https:\/\/www.radiomanchester.com.br\/fm\/wp-json\/wp\/v2\/posts\/7822"}],"collection":[{"href":"https:\/\/www.radiomanchester.com.br\/fm\/wp-json\/wp\/v2\/posts"}],"about":[{"href":"https:\/\/www.radiomanchester.com.br\/fm\/wp-json\/wp\/v2\/types\/post"}],"author":[{"embeddable":true,"href":"https:\/\/www.radiomanchester.com.br\/fm\/wp-json\/wp\/v2\/users\/1"}],"replies":[{"embeddable":true,"href":"https:\/\/www.radiomanchester.com.br\/fm\/wp-json\/wp\/v2\/comments?post=7822"}],"version-history":[{"count":1,"href":"https:\/\/www.radiomanchester.com.br\/fm\/wp-json\/wp\/v2\/posts\/7822\/revisions"}],"predecessor-version":[{"id":7824,"href":"https:\/\/www.radiomanchester.com.br\/fm\/wp-json\/wp\/v2\/posts\/7822\/revisions\/7824"}],"wp:attachment":[{"href":"https:\/\/www.radiomanchester.com.br\/fm\/wp-json\/wp\/v2\/media?parent=7822"}],"wp:term":[{"taxonomy":"category","embeddable":true,"href":"https:\/\/www.radiomanchester.com.br\/fm\/wp-json\/wp\/v2\/categories?post=7822"},{"taxonomy":"post_tag","embeddable":true,"href":"https:\/\/www.radiomanchester.com.br\/fm\/wp-json\/wp\/v2\/tags?post=7822"}],"curies":[{"name":"wp","href":"https:\/\/api.w.org\/{rel}","templated":true}]}}