{"id":7842,"date":"2022-04-15T11:30:00","date_gmt":"2022-04-15T14:30:00","guid":{"rendered":"https:\/\/www.radiomanchester.com.br\/fm\/?p=7842"},"modified":"2022-04-14T18:35:17","modified_gmt":"2022-04-14T21:35:17","slug":"whatsapp-anuncia-recurso-de-comunidades-com-varios-usuarios","status":"publish","type":"post","link":"https:\/\/www.radiomanchester.com.br\/fm\/whatsapp-anuncia-recurso-de-comunidades-com-varios-usuarios\/","title":{"rendered":"Whatsapp anuncia recurso de comunidades com v\u00e1rios usu\u00e1rios"},"content":{"rendered":"\n<p><em><strong>A funcionalidade ser\u00e1 disponibilizada ap\u00f3s as elei\u00e7\u00f5es<\/strong><\/em><\/p>\n\n\n\n<p>O Whatsapp anunciou nesta quinta-feira (14 de abril) um novo recurso de cria\u00e7\u00e3o de comunidades. Essa funcionalidade permitir\u00e1 grupos com mais pessoas do que o limite atual, de 256 usu\u00e1rios da plataforma.<\/p>\n\n\n\n<p>A ferramenta permitir\u00e1 a cria\u00e7\u00e3o de comunidades e de grupos desses universos. Administradores ter\u00e3o novos recursos, como envio de mensagens a todas as comunidades e gest\u00e3o da participa\u00e7\u00e3o nos grupos.<\/p>\n\n\n\n<p>A funcionalidade ser\u00e1 disponibilizada ap\u00f3s as elei\u00e7\u00f5es. Essa decis\u00e3o ocorreu ap\u00f3s a possibilidade ter enfrentado receio e cr\u00edticas do potencial para a dissemina\u00e7\u00e3o de desinforma\u00e7\u00e3o no pleito deste ano.<\/p>\n\n\n\n<p>Pesquisas mostraram como o <a href=\"https:\/\/agenciabrasil.ebc.com.br\/politica\/noticia\/2018-10\/pesquisa-constata-so-8-de-imagens-verdadeiras-em-grupos-de-whatsapp\">Whatsapp<\/a> foi um canal de difus\u00e3o de conte\u00fados falsos nas elei\u00e7\u00f5es de 2018. Esse fen\u00f4meno gerou preocupa\u00e7\u00f5es da <a href=\"https:\/\/agenciabrasil.ebc.com.br\/geral\/noticia\/2018-10\/conselho-do-tse-esta-preocupado-com-noticias-falsas-no-whatsapp\">Justi\u00e7a Eleitoral<\/a> naquela disputa.<\/p>\n\n\n\n<p>Uma den\u00fancia de disparo em massa na plataforma ensejou um inqu\u00e9rito no Tribunal Superior Eleitoral, que terminou por n\u00e3o encontrar evid\u00eancias da pr\u00e1tica. Diante da preocupa\u00e7\u00e3o da Justi\u00e7a Eleitoral, o Whatsapp informou que n\u00e3o lan\u00e7aria a nova ferramenta antes do processo eleitoral.<\/p>\n\n\n\n<p><strong>Grupos<br><\/strong>Tamb\u00e9m foram anunciadas mudan\u00e7as nos grupos j\u00e1 existentes. Uma ferramenta de rea\u00e7\u00f5es, como no Facebook, ser\u00e1 inserida para que pessoas possam se posicionar sobre mensagens. Administradores poder\u00e3o apagar mensagens.<\/p>\n\n\n\n<p>Al\u00e9m disso, ser\u00e1 poss\u00edvel compartilhar arquivos com at\u00e9 2 GB. Ser\u00e1 poss\u00edvel fazer salas de conversa em \u00e1udio com at\u00e9 32 pessoas.<\/p>\n\n\n\n<p>Segundo mensagem institucional no site do Whatsapp, apesar da cria\u00e7\u00e3o do recurso a comunidades ser\u00e3o \u201cnaturalmente privadas\u201d. Por essa raz\u00e3o, a criptografia ponta-a-ponta seguir\u00e1 sendo assegurada no aplicativo.<\/p>\n\n\n\n<figure class=\"wp-block-image size-medium\"><img loading=\"lazy\" width=\"300\" height=\"179\" src=\"https:\/\/www.radiomanchester.com.br\/fm\/wp-content\/uploads\/2022\/04\/whtpp-300x179.jpg\" alt=\"\" class=\"wp-image-7843\" srcset=\"https:\/\/www.radiomanchester.com.br\/fm\/wp-content\/uploads\/2022\/04\/whtpp-300x179.jpg 300w, https:\/\/www.radiomanchester.com.br\/fm\/wp-content\/uploads\/2022\/04\/whtpp-1024x613.jpg 1024w, https:\/\/www.radiomanchester.com.br\/fm\/wp-content\/uploads\/2022\/04\/whtpp-768x459.jpg 768w, https:\/\/www.radiomanchester.com.br\/fm\/wp-content\/uploads\/2022\/04\/whtpp.jpg 1170w\" sizes=\"(max-width: 300px) 100vw, 300px\" \/><figcaption>Recurso comunidades do Whatsapp<\/figcaption><\/figure>\n\n\n\n<p>por Ag\u00eancia Brasil &#8211; foto: reprodu\u00e7\u00e3o Ag\u00eancia Brasil<\/p>\n","protected":false},"excerpt":{"rendered":"<p class=\"excerpt\">A funcionalidade ser\u00e1 disponibilizada ap\u00f3s as elei\u00e7\u00f5es O Whatsapp anunciou nesta quinta-feira (14 de abril) um novo recurso de cria\u00e7\u00e3o de comunidades. Essa funcionalidade permitir\u00e1 grupos com mais pessoas do que o limite atual, de 256 usu\u00e1rios da plataforma. A ferramenta permitir\u00e1 a cria\u00e7\u00e3o de comunidades e de grupos desses universos. Administradores ter\u00e3o novos recursos, [&hellip;]<\/p>\n","protected":false},"author":1,"featured_media":0,"comment_status":"open","ping_status":"open","sticky":false,"template":"","format":"standard","meta":[],"categories":[8,17],"tags":[22,24,113,83,92],"yoast_head":"<!-- This site is optimized with the Yoast SEO plugin v18.3 - https:\/\/yoast.com\/wordpress\/plugins\/seo\/ -->\n<title>Whatsapp anuncia recurso de comunidades com v\u00e1rios usu\u00e1rios - Manchester FM 93,3<\/title>\n<meta name=\"robots\" content=\"index, follow, max-snippet:-1, max-image-preview:large, max-video-preview:-1\" \/>\n<link rel=\"canonical\" href=\"https:\/\/www.radiomanchester.com.br\/fm\/whatsapp-anuncia-recurso-de-comunidades-com-varios-usuarios\/\" \/>\n<meta property=\"og:locale\" content=\"pt_BR\" \/>\n<meta property=\"og:type\" content=\"article\" \/>\n<meta property=\"og:title\" content=\"Whatsapp anuncia recurso de comunidades com v\u00e1rios usu\u00e1rios - Manchester FM 93,3\" \/>\n<meta property=\"og:description\" content=\"A funcionalidade ser\u00e1 disponibilizada ap\u00f3s as elei\u00e7\u00f5es O Whatsapp anunciou nesta quinta-feira (14 de abril) um novo recurso de cria\u00e7\u00e3o de comunidades. Essa funcionalidade permitir\u00e1 grupos com mais pessoas do que o limite atual, de 256 usu\u00e1rios da plataforma. A ferramenta permitir\u00e1 a cria\u00e7\u00e3o de comunidades e de grupos desses universos. Administradores ter\u00e3o novos recursos, [&hellip;]\" \/>\n<meta property=\"og:url\" content=\"https:\/\/www.radiomanchester.com.br\/fm\/whatsapp-anuncia-recurso-de-comunidades-com-varios-usuarios\/\" \/>\n<meta property=\"og:site_name\" content=\"Manchester FM 93,3\" \/>\n<meta property=\"article:published_time\" content=\"2022-04-15T14:30:00+00:00\" \/>\n<meta property=\"article:modified_time\" content=\"2022-04-14T21:35:17+00:00\" \/>\n<meta property=\"og:image\" content=\"https:\/\/www.radiomanchester.com.br\/fm\/wp-content\/uploads\/2022\/04\/whtpp-300x179.jpg\" \/>\n<meta name=\"twitter:card\" content=\"summary_large_image\" \/>\n<meta name=\"twitter:label1\" content=\"Escrito por\" \/>\n\t<meta name=\"twitter:data1\" content=\"admin\" \/>\n\t<meta name=\"twitter:label2\" content=\"Est. tempo de leitura\" \/>\n\t<meta name=\"twitter:data2\" content=\"2 minutos\" \/>\n<script type=\"application\/ld+json\" class=\"yoast-schema-graph\">{\"@context\":\"https:\/\/schema.org\",\"@graph\":[{\"@type\":\"WebSite\",\"@id\":\"https:\/\/www.radiomanchester.com.br\/fm\/#website\",\"url\":\"https:\/\/www.radiomanchester.com.br\/fm\/\",\"name\":\"Manchester FM 93,3\",\"description\":\"Todo Mundo Ouve!\",\"potentialAction\":[{\"@type\":\"SearchAction\",\"target\":{\"@type\":\"EntryPoint\",\"urlTemplate\":\"https:\/\/www.radiomanchester.com.br\/fm\/?s={search_term_string}\"},\"query-input\":\"required name=search_term_string\"}],\"inLanguage\":\"pt-BR\"},{\"@type\":\"ImageObject\",\"@id\":\"https:\/\/www.radiomanchester.com.br\/fm\/whatsapp-anuncia-recurso-de-comunidades-com-varios-usuarios\/#primaryimage\",\"inLanguage\":\"pt-BR\",\"url\":\"https:\/\/www.radiomanchester.com.br\/fm\/wp-content\/uploads\/2022\/04\/whtpp.jpg\",\"contentUrl\":\"https:\/\/www.radiomanchester.com.br\/fm\/wp-content\/uploads\/2022\/04\/whtpp.jpg\",\"width\":1170,\"height\":700,\"caption\":\"Recurso comunidades do Whatsapp\"},{\"@type\":\"WebPage\",\"@id\":\"https:\/\/www.radiomanchester.com.br\/fm\/whatsapp-anuncia-recurso-de-comunidades-com-varios-usuarios\/#webpage\",\"url\":\"https:\/\/www.radiomanchester.com.br\/fm\/whatsapp-anuncia-recurso-de-comunidades-com-varios-usuarios\/\",\"name\":\"Whatsapp anuncia recurso de comunidades com v\u00e1rios usu\u00e1rios - Manchester FM 93,3\",\"isPartOf\":{\"@id\":\"https:\/\/www.radiomanchester.com.br\/fm\/#website\"},\"primaryImageOfPage\":{\"@id\":\"https:\/\/www.radiomanchester.com.br\/fm\/whatsapp-anuncia-recurso-de-comunidades-com-varios-usuarios\/#primaryimage\"},\"datePublished\":\"2022-04-15T14:30:00+00:00\",\"dateModified\":\"2022-04-14T21:35:17+00:00\",\"author\":{\"@id\":\"https:\/\/www.radiomanchester.com.br\/fm\/#\/schema\/person\/408a7b4d4e32cbebd90e2782852abca3\"},\"breadcrumb\":{\"@id\":\"https:\/\/www.radiomanchester.com.br\/fm\/whatsapp-anuncia-recurso-de-comunidades-com-varios-usuarios\/#breadcrumb\"},\"inLanguage\":\"pt-BR\",\"potentialAction\":[{\"@type\":\"ReadAction\",\"target\":[\"https:\/\/www.radiomanchester.com.br\/fm\/whatsapp-anuncia-recurso-de-comunidades-com-varios-usuarios\/\"]}]},{\"@type\":\"BreadcrumbList\",\"@id\":\"https:\/\/www.radiomanchester.com.br\/fm\/whatsapp-anuncia-recurso-de-comunidades-com-varios-usuarios\/#breadcrumb\",\"itemListElement\":[{\"@type\":\"ListItem\",\"position\":1,\"name\":\"Home\",\"item\":\"https:\/\/www.radiomanchester.com.br\/fm\/\"},{\"@type\":\"ListItem\",\"position\":2,\"name\":\"Whatsapp anuncia recurso de comunidades com v\u00e1rios usu\u00e1rios\"}]},{\"@type\":\"Person\",\"@id\":\"https:\/\/www.radiomanchester.com.br\/fm\/#\/schema\/person\/408a7b4d4e32cbebd90e2782852abca3\",\"name\":\"admin\",\"image\":{\"@type\":\"ImageObject\",\"@id\":\"https:\/\/www.radiomanchester.com.br\/fm\/#personlogo\",\"inLanguage\":\"pt-BR\",\"url\":\"https:\/\/secure.gravatar.com\/avatar\/115a974dba3376872eb3addeb276301c?s=96&d=mm&r=g\",\"contentUrl\":\"https:\/\/secure.gravatar.com\/avatar\/115a974dba3376872eb3addeb276301c?s=96&d=mm&r=g\",\"caption\":\"admin\"},\"url\":\"https:\/\/www.radiomanchester.com.br\/fm\/author\/admin\/\"}]}<\/script>\n<!-- \/ Yoast SEO plugin. -->","yoast_head_json":{"title":"Whatsapp anuncia recurso de comunidades com v\u00e1rios usu\u00e1rios - Manchester FM 93,3","robots":{"index":"index","follow":"follow","max-snippet":"max-snippet:-1","max-image-preview":"max-image-preview:large","max-video-preview":"max-video-preview:-1"},"canonical":"https:\/\/www.radiomanchester.com.br\/fm\/whatsapp-anuncia-recurso-de-comunidades-com-varios-usuarios\/","og_locale":"pt_BR","og_type":"article","og_title":"Whatsapp anuncia recurso de comunidades com v\u00e1rios usu\u00e1rios - Manchester FM 93,3","og_description":"A funcionalidade ser\u00e1 disponibilizada ap\u00f3s as elei\u00e7\u00f5es O Whatsapp anunciou nesta quinta-feira (14 de abril) um novo recurso de cria\u00e7\u00e3o de comunidades. Essa funcionalidade permitir\u00e1 grupos com mais pessoas do que o limite atual, de 256 usu\u00e1rios da plataforma. A ferramenta permitir\u00e1 a cria\u00e7\u00e3o de comunidades e de grupos desses universos. Administradores ter\u00e3o novos recursos, [&hellip;]","og_url":"https:\/\/www.radiomanchester.com.br\/fm\/whatsapp-anuncia-recurso-de-comunidades-com-varios-usuarios\/","og_site_name":"Manchester FM 93,3","article_published_time":"2022-04-15T14:30:00+00:00","article_modified_time":"2022-04-14T21:35:17+00:00","og_image":[{"url":"https:\/\/www.radiomanchester.com.br\/fm\/wp-content\/uploads\/2022\/04\/whtpp-300x179.jpg"}],"twitter_card":"summary_large_image","twitter_misc":{"Escrito por":"admin","Est. tempo de leitura":"2 minutos"},"schema":{"@context":"https:\/\/schema.org","@graph":[{"@type":"WebSite","@id":"https:\/\/www.radiomanchester.com.br\/fm\/#website","url":"https:\/\/www.radiomanchester.com.br\/fm\/","name":"Manchester FM 93,3","description":"Todo Mundo Ouve!","potentialAction":[{"@type":"SearchAction","target":{"@type":"EntryPoint","urlTemplate":"https:\/\/www.radiomanchester.com.br\/fm\/?s={search_term_string}"},"query-input":"required name=search_term_string"}],"inLanguage":"pt-BR"},{"@type":"ImageObject","@id":"https:\/\/www.radiomanchester.com.br\/fm\/whatsapp-anuncia-recurso-de-comunidades-com-varios-usuarios\/#primaryimage","inLanguage":"pt-BR","url":"https:\/\/www.radiomanchester.com.br\/fm\/wp-content\/uploads\/2022\/04\/whtpp.jpg","contentUrl":"https:\/\/www.radiomanchester.com.br\/fm\/wp-content\/uploads\/2022\/04\/whtpp.jpg","width":1170,"height":700,"caption":"Recurso comunidades do Whatsapp"},{"@type":"WebPage","@id":"https:\/\/www.radiomanchester.com.br\/fm\/whatsapp-anuncia-recurso-de-comunidades-com-varios-usuarios\/#webpage","url":"https:\/\/www.radiomanchester.com.br\/fm\/whatsapp-anuncia-recurso-de-comunidades-com-varios-usuarios\/","name":"Whatsapp anuncia recurso de comunidades com v\u00e1rios usu\u00e1rios - Manchester FM 93,3","isPartOf":{"@id":"https:\/\/www.radiomanchester.com.br\/fm\/#website"},"primaryImageOfPage":{"@id":"https:\/\/www.radiomanchester.com.br\/fm\/whatsapp-anuncia-recurso-de-comunidades-com-varios-usuarios\/#primaryimage"},"datePublished":"2022-04-15T14:30:00+00:00","dateModified":"2022-04-14T21:35:17+00:00","author":{"@id":"https:\/\/www.radiomanchester.com.br\/fm\/#\/schema\/person\/408a7b4d4e32cbebd90e2782852abca3"},"breadcrumb":{"@id":"https:\/\/www.radiomanchester.com.br\/fm\/whatsapp-anuncia-recurso-de-comunidades-com-varios-usuarios\/#breadcrumb"},"inLanguage":"pt-BR","potentialAction":[{"@type":"ReadAction","target":["https:\/\/www.radiomanchester.com.br\/fm\/whatsapp-anuncia-recurso-de-comunidades-com-varios-usuarios\/"]}]},{"@type":"BreadcrumbList","@id":"https:\/\/www.radiomanchester.com.br\/fm\/whatsapp-anuncia-recurso-de-comunidades-com-varios-usuarios\/#breadcrumb","itemListElement":[{"@type":"ListItem","position":1,"name":"Home","item":"https:\/\/www.radiomanchester.com.br\/fm\/"},{"@type":"ListItem","position":2,"name":"Whatsapp anuncia recurso de comunidades com v\u00e1rios usu\u00e1rios"}]},{"@type":"Person","@id":"https:\/\/www.radiomanchester.com.br\/fm\/#\/schema\/person\/408a7b4d4e32cbebd90e2782852abca3","name":"admin","image":{"@type":"ImageObject","@id":"https:\/\/www.radiomanchester.com.br\/fm\/#personlogo","inLanguage":"pt-BR","url":"https:\/\/secure.gravatar.com\/avatar\/115a974dba3376872eb3addeb276301c?s=96&d=mm&r=g","contentUrl":"https:\/\/secure.gravatar.com\/avatar\/115a974dba3376872eb3addeb276301c?s=96&d=mm&r=g","caption":"admin"},"url":"https:\/\/www.radiomanchester.com.br\/fm\/author\/admin\/"}]}},"_links":{"self":[{"href":"https:\/\/www.radiomanchester.com.br\/fm\/wp-json\/wp\/v2\/posts\/7842"}],"collection":[{"href":"https:\/\/www.radiomanchester.com.br\/fm\/wp-json\/wp\/v2\/posts"}],"about":[{"href":"https:\/\/www.radiomanchester.com.br\/fm\/wp-json\/wp\/v2\/types\/post"}],"author":[{"embeddable":true,"href":"https:\/\/www.radiomanchester.com.br\/fm\/wp-json\/wp\/v2\/users\/1"}],"replies":[{"embeddable":true,"href":"https:\/\/www.radiomanchester.com.br\/fm\/wp-json\/wp\/v2\/comments?post=7842"}],"version-history":[{"count":1,"href":"https:\/\/www.radiomanchester.com.br\/fm\/wp-json\/wp\/v2\/posts\/7842\/revisions"}],"predecessor-version":[{"id":7844,"href":"https:\/\/www.radiomanchester.com.br\/fm\/wp-json\/wp\/v2\/posts\/7842\/revisions\/7844"}],"wp:attachment":[{"href":"https:\/\/www.radiomanchester.com.br\/fm\/wp-json\/wp\/v2\/media?parent=7842"}],"wp:term":[{"taxonomy":"category","embeddable":true,"href":"https:\/\/www.radiomanchester.com.br\/fm\/wp-json\/wp\/v2\/categories?post=7842"},{"taxonomy":"post_tag","embeddable":true,"href":"https:\/\/www.radiomanchester.com.br\/fm\/wp-json\/wp\/v2\/tags?post=7842"}],"curies":[{"name":"wp","href":"https:\/\/api.w.org\/{rel}","templated":true}]}}