{"id":7845,"date":"2022-04-16T06:56:54","date_gmt":"2022-04-16T09:56:54","guid":{"rendered":"https:\/\/www.radiomanchester.com.br\/fm\/?p=7845"},"modified":"2022-04-16T06:56:57","modified_gmt":"2022-04-16T09:56:57","slug":"mundo-esta-em-alerta-apos-investida-ucraniana-contra-territorio-russo","status":"publish","type":"post","link":"https:\/\/www.radiomanchester.com.br\/fm\/mundo-esta-em-alerta-apos-investida-ucraniana-contra-territorio-russo\/","title":{"rendered":"Mundo est\u00e1 em alerta ap\u00f3s investida ucraniana contra territ\u00f3rio russo"},"content":{"rendered":"\n<p><\/p>\n\n\n\n<p><strong><em>Portugal e Canad\u00e1 j\u00e1 anunciaram que ir\u00e3o enviar tropas para o Leste Europeu. Uma sinaliza\u00e7\u00e3o do agravamento da crise<\/em><\/strong><\/p>\n\n\n\n<p>O mundo acompanha atento o desenrolar da\u00a0guerra no Leste Europeu\u00a0ap\u00f3s as recentes\u00a0investidas ucranianas contra o territ\u00f3rio russo. A principal preocupa\u00e7\u00e3o \u00e9 a defesa e esperar como o presidente da R\u00fassia,\u00a0Vladimir Putin, ir\u00e1 reagir.<\/p>\n\n\n\n<p>O maior cuidado parte da Europa e dos Estados Unidos. O presidente norte-americano,\u00a0Joe Biden, estuda, segundo a Casa Branca, enviar um representante para o conflito.<\/p>\n\n\n\n<p>Portugal e Canad\u00e1 j\u00e1 anunciaram que ir\u00e3o enviar tropas para o Leste Europeu. Uma sinaliza\u00e7\u00e3o do agravamento da crise na zona de conflito.<\/p>\n\n\n\n<p>Inicialmente, Pol\u00f4nia e Rom\u00eania, pa\u00edses que fazem fronteira com a Ucr\u00e2nia, receber\u00e3o os soldados. Eles ir\u00e3o ajudar na acolhida de refugiados em miss\u00e3o da Organiza\u00e7\u00e3o do Tratado do Atl\u00e2ntico Norte (Otan).<\/p>\n\n\n\n<p>A tens\u00e3o no Leste Europeu voltou a subir ap\u00f3s novos ataques ucranianos contra o territ\u00f3rio russo. O pa\u00eds liderado por Vladimir Putin, que havia prometido tr\u00e9gua a Kiev, sinalizou que vai voltar a bombardear a capital.<\/p>\n\n\n\n<p>Mais de 20 edif\u00edcios e uma escola foram alvos de m\u00edsseis ucranianos. A regi\u00e3o atacada fica em Belgorod, no sudeste da\u00a0R\u00fassia, pr\u00f3ximo \u00e0 fronteira entre os dois pa\u00edses. As informa\u00e7\u00f5es foram divulgadas nessa sexta-feira (15 de abril) pela ag\u00eancia russa de not\u00edcias Tass.<\/p>\n\n\n\n<p>A Ucr\u00e2nia admitiu que espera repres\u00e1lias. O\u00a0presidente da Ucr\u00e2nia, Volodymyr Zelensky, alertou at\u00e9 mesmo para a possibilidade de Putin usar armas nucleares. \u201cN\u00e3o s\u00f3 eu, acho que todo o mundo, todos os pa\u00edses t\u00eam que se preocupar\u201d, frisou.<\/p>\n\n\n\n<p>A escalada da viol\u00eancia tamb\u00e9m \u00e9 influenciada pelo\u00a0naufr\u00e1gio do navio militar Moskva, maior embarca\u00e7\u00e3o de guerra russa no Mar Morto. A Ucr\u00e2nia reivindicou o ataque.<\/p>\n\n\n\n<p>O Minist\u00e9rio da Defesa do Reino Unido divulgou que o afundamento obrigar\u00e1 a R\u00fassia a \u201crever a sua postura mar\u00edtima no Mar Negro\u201d.<\/p>\n\n\n\n<p><strong>Mortes em \u00f4nibus<\/strong><\/p>\n\n\n\n<p>O governo ucraniano afirmou que sete civis morreram e 27 ficaram feridos em um ataque russo contra um \u00f4nibus que retirava pessoas da regi\u00e3o de Kharkiv, no leste do pa\u00eds.<\/p>\n\n\n\n<p>A Ucr\u00e2nia acusa a\u00a0R\u00fassia\u00a0de matar cinco civis ao atacar Mykolayv com bombas de fragmenta\u00e7\u00e3o. O governador da cidade, Vitaliy Kim, afirmou que o bombardeio mirou n\u00e3o combatentes.<\/p>\n\n\n\n<p>Quando acionado, esse tipo de bomba libera proj\u00e9teis em alta velocidade por todas as dire\u00e7\u00f5es. Al\u00e9m de ferir e provocar mortes, esse tipo de bomba tem efeito \u201cpsicol\u00f3gico\u201d, por criar p\u00e2nico generalizado.<\/p>\n\n\n\n<p><strong>Combates<\/strong><\/p>\n\n\n\n<p>Os combates continuam na cidade portu\u00e1ria de Mariupol, onde tropas russas e ucranianas se enfrentam pelo controle do local. As batalhas se concentram em torno de uma sider\u00fargica e na \u00e1rea portu\u00e1ria.<\/p>\n\n\n\n<p>A R\u00fassia admitiu que usou m\u00edsseis de longo alcance para atacar. \u00c9 a primeira vez que esse tipo de armamento \u00e9 usado na cidade. A informa\u00e7\u00e3o foi divulgada pelo porta-voz do Minist\u00e9rio da Defesa da Ucr\u00e2nia, Oleksandr Motuzyanyk, nessa sexta.<\/p>\n\n\n\n<p>A vers\u00e3o do governo ucraniano \u00e9 de que as for\u00e7as russas ainda n\u00e3o conseguiram tomar completamente o controle de Mariupol. A R\u00fassia diz o inverso.<\/p>\n\n\n\n<figure class=\"wp-block-image size-medium\"><img loading=\"lazy\" width=\"300\" height=\"207\" src=\"https:\/\/www.radiomanchester.com.br\/fm\/wp-content\/uploads\/2022\/04\/4F3D6F30-E959-4548-A000-7D53AF26415C-300x207.jpeg\" alt=\"\" class=\"wp-image-7846\" srcset=\"https:\/\/www.radiomanchester.com.br\/fm\/wp-content\/uploads\/2022\/04\/4F3D6F30-E959-4548-A000-7D53AF26415C-300x207.jpeg 300w, https:\/\/www.radiomanchester.com.br\/fm\/wp-content\/uploads\/2022\/04\/4F3D6F30-E959-4548-A000-7D53AF26415C.jpeg 435w\" sizes=\"(max-width: 300px) 100vw, 300px\" \/><\/figure>\n\n\n\n<p>Por reprodu\u00e7\u00e3oMetropoles &#8211; Foto: montagem<\/p>\n","protected":false},"excerpt":{"rendered":"<p class=\"excerpt\">Portugal e Canad\u00e1 j\u00e1 anunciaram que ir\u00e3o enviar tropas para o Leste Europeu. Uma sinaliza\u00e7\u00e3o do agravamento da crise O mundo acompanha atento o desenrolar da\u00a0guerra no Leste Europeu\u00a0ap\u00f3s as recentes\u00a0investidas ucranianas contra o territ\u00f3rio russo. A principal preocupa\u00e7\u00e3o \u00e9 a defesa e esperar como o presidente da R\u00fassia,\u00a0Vladimir Putin, ir\u00e1 reagir. O maior cuidado [&hellip;]<\/p>\n","protected":false},"author":1,"featured_media":0,"comment_status":"open","ping_status":"open","sticky":false,"template":"","format":"standard","meta":[],"categories":[8,17],"tags":[22,24,113,83,92],"yoast_head":"<!-- This site is optimized with the Yoast SEO plugin v18.3 - https:\/\/yoast.com\/wordpress\/plugins\/seo\/ -->\n<title>Mundo est\u00e1 em alerta ap\u00f3s investida ucraniana contra territ\u00f3rio russo - Manchester FM 93,3<\/title>\n<meta name=\"robots\" content=\"index, follow, max-snippet:-1, max-image-preview:large, max-video-preview:-1\" \/>\n<link rel=\"canonical\" href=\"https:\/\/www.radiomanchester.com.br\/fm\/mundo-esta-em-alerta-apos-investida-ucraniana-contra-territorio-russo\/\" \/>\n<meta property=\"og:locale\" content=\"pt_BR\" \/>\n<meta property=\"og:type\" content=\"article\" \/>\n<meta property=\"og:title\" content=\"Mundo est\u00e1 em alerta ap\u00f3s investida ucraniana contra territ\u00f3rio russo - Manchester FM 93,3\" \/>\n<meta property=\"og:description\" content=\"Portugal e Canad\u00e1 j\u00e1 anunciaram que ir\u00e3o enviar tropas para o Leste Europeu. Uma sinaliza\u00e7\u00e3o do agravamento da crise O mundo acompanha atento o desenrolar da\u00a0guerra no Leste Europeu\u00a0ap\u00f3s as recentes\u00a0investidas ucranianas contra o territ\u00f3rio russo. A principal preocupa\u00e7\u00e3o \u00e9 a defesa e esperar como o presidente da R\u00fassia,\u00a0Vladimir Putin, ir\u00e1 reagir. O maior cuidado [&hellip;]\" \/>\n<meta property=\"og:url\" content=\"https:\/\/www.radiomanchester.com.br\/fm\/mundo-esta-em-alerta-apos-investida-ucraniana-contra-territorio-russo\/\" \/>\n<meta property=\"og:site_name\" content=\"Manchester FM 93,3\" \/>\n<meta property=\"article:published_time\" content=\"2022-04-16T09:56:54+00:00\" \/>\n<meta property=\"article:modified_time\" content=\"2022-04-16T09:56:57+00:00\" \/>\n<meta property=\"og:image\" content=\"https:\/\/www.radiomanchester.com.br\/fm\/wp-content\/uploads\/2022\/04\/4F3D6F30-E959-4548-A000-7D53AF26415C-300x207.jpeg\" \/>\n<meta name=\"twitter:card\" content=\"summary_large_image\" \/>\n<meta name=\"twitter:label1\" content=\"Escrito por\" \/>\n\t<meta name=\"twitter:data1\" content=\"admin\" \/>\n\t<meta name=\"twitter:label2\" content=\"Est. tempo de leitura\" \/>\n\t<meta name=\"twitter:data2\" content=\"3 minutos\" \/>\n<script type=\"application\/ld+json\" class=\"yoast-schema-graph\">{\"@context\":\"https:\/\/schema.org\",\"@graph\":[{\"@type\":\"WebSite\",\"@id\":\"https:\/\/www.radiomanchester.com.br\/fm\/#website\",\"url\":\"https:\/\/www.radiomanchester.com.br\/fm\/\",\"name\":\"Manchester FM 93,3\",\"description\":\"Todo Mundo Ouve!\",\"potentialAction\":[{\"@type\":\"SearchAction\",\"target\":{\"@type\":\"EntryPoint\",\"urlTemplate\":\"https:\/\/www.radiomanchester.com.br\/fm\/?s={search_term_string}\"},\"query-input\":\"required name=search_term_string\"}],\"inLanguage\":\"pt-BR\"},{\"@type\":\"ImageObject\",\"@id\":\"https:\/\/www.radiomanchester.com.br\/fm\/mundo-esta-em-alerta-apos-investida-ucraniana-contra-territorio-russo\/#primaryimage\",\"inLanguage\":\"pt-BR\",\"url\":\"https:\/\/www.radiomanchester.com.br\/fm\/wp-content\/uploads\/2022\/04\/4F3D6F30-E959-4548-A000-7D53AF26415C.jpeg\",\"contentUrl\":\"https:\/\/www.radiomanchester.com.br\/fm\/wp-content\/uploads\/2022\/04\/4F3D6F30-E959-4548-A000-7D53AF26415C.jpeg\",\"width\":435,\"height\":300},{\"@type\":\"WebPage\",\"@id\":\"https:\/\/www.radiomanchester.com.br\/fm\/mundo-esta-em-alerta-apos-investida-ucraniana-contra-territorio-russo\/#webpage\",\"url\":\"https:\/\/www.radiomanchester.com.br\/fm\/mundo-esta-em-alerta-apos-investida-ucraniana-contra-territorio-russo\/\",\"name\":\"Mundo est\u00e1 em alerta ap\u00f3s investida ucraniana contra territ\u00f3rio russo - Manchester FM 93,3\",\"isPartOf\":{\"@id\":\"https:\/\/www.radiomanchester.com.br\/fm\/#website\"},\"primaryImageOfPage\":{\"@id\":\"https:\/\/www.radiomanchester.com.br\/fm\/mundo-esta-em-alerta-apos-investida-ucraniana-contra-territorio-russo\/#primaryimage\"},\"datePublished\":\"2022-04-16T09:56:54+00:00\",\"dateModified\":\"2022-04-16T09:56:57+00:00\",\"author\":{\"@id\":\"https:\/\/www.radiomanchester.com.br\/fm\/#\/schema\/person\/408a7b4d4e32cbebd90e2782852abca3\"},\"breadcrumb\":{\"@id\":\"https:\/\/www.radiomanchester.com.br\/fm\/mundo-esta-em-alerta-apos-investida-ucraniana-contra-territorio-russo\/#breadcrumb\"},\"inLanguage\":\"pt-BR\",\"potentialAction\":[{\"@type\":\"ReadAction\",\"target\":[\"https:\/\/www.radiomanchester.com.br\/fm\/mundo-esta-em-alerta-apos-investida-ucraniana-contra-territorio-russo\/\"]}]},{\"@type\":\"BreadcrumbList\",\"@id\":\"https:\/\/www.radiomanchester.com.br\/fm\/mundo-esta-em-alerta-apos-investida-ucraniana-contra-territorio-russo\/#breadcrumb\",\"itemListElement\":[{\"@type\":\"ListItem\",\"position\":1,\"name\":\"Home\",\"item\":\"https:\/\/www.radiomanchester.com.br\/fm\/\"},{\"@type\":\"ListItem\",\"position\":2,\"name\":\"Mundo est\u00e1 em alerta ap\u00f3s investida ucraniana contra territ\u00f3rio russo\"}]},{\"@type\":\"Person\",\"@id\":\"https:\/\/www.radiomanchester.com.br\/fm\/#\/schema\/person\/408a7b4d4e32cbebd90e2782852abca3\",\"name\":\"admin\",\"image\":{\"@type\":\"ImageObject\",\"@id\":\"https:\/\/www.radiomanchester.com.br\/fm\/#personlogo\",\"inLanguage\":\"pt-BR\",\"url\":\"https:\/\/secure.gravatar.com\/avatar\/115a974dba3376872eb3addeb276301c?s=96&d=mm&r=g\",\"contentUrl\":\"https:\/\/secure.gravatar.com\/avatar\/115a974dba3376872eb3addeb276301c?s=96&d=mm&r=g\",\"caption\":\"admin\"},\"url\":\"https:\/\/www.radiomanchester.com.br\/fm\/author\/admin\/\"}]}<\/script>\n<!-- \/ Yoast SEO plugin. -->","yoast_head_json":{"title":"Mundo est\u00e1 em alerta ap\u00f3s investida ucraniana contra territ\u00f3rio russo - Manchester FM 93,3","robots":{"index":"index","follow":"follow","max-snippet":"max-snippet:-1","max-image-preview":"max-image-preview:large","max-video-preview":"max-video-preview:-1"},"canonical":"https:\/\/www.radiomanchester.com.br\/fm\/mundo-esta-em-alerta-apos-investida-ucraniana-contra-territorio-russo\/","og_locale":"pt_BR","og_type":"article","og_title":"Mundo est\u00e1 em alerta ap\u00f3s investida ucraniana contra territ\u00f3rio russo - Manchester FM 93,3","og_description":"Portugal e Canad\u00e1 j\u00e1 anunciaram que ir\u00e3o enviar tropas para o Leste Europeu. Uma sinaliza\u00e7\u00e3o do agravamento da crise O mundo acompanha atento o desenrolar da\u00a0guerra no Leste Europeu\u00a0ap\u00f3s as recentes\u00a0investidas ucranianas contra o territ\u00f3rio russo. A principal preocupa\u00e7\u00e3o \u00e9 a defesa e esperar como o presidente da R\u00fassia,\u00a0Vladimir Putin, ir\u00e1 reagir. O maior cuidado [&hellip;]","og_url":"https:\/\/www.radiomanchester.com.br\/fm\/mundo-esta-em-alerta-apos-investida-ucraniana-contra-territorio-russo\/","og_site_name":"Manchester FM 93,3","article_published_time":"2022-04-16T09:56:54+00:00","article_modified_time":"2022-04-16T09:56:57+00:00","og_image":[{"url":"https:\/\/www.radiomanchester.com.br\/fm\/wp-content\/uploads\/2022\/04\/4F3D6F30-E959-4548-A000-7D53AF26415C-300x207.jpeg"}],"twitter_card":"summary_large_image","twitter_misc":{"Escrito por":"admin","Est. tempo de leitura":"3 minutos"},"schema":{"@context":"https:\/\/schema.org","@graph":[{"@type":"WebSite","@id":"https:\/\/www.radiomanchester.com.br\/fm\/#website","url":"https:\/\/www.radiomanchester.com.br\/fm\/","name":"Manchester FM 93,3","description":"Todo Mundo Ouve!","potentialAction":[{"@type":"SearchAction","target":{"@type":"EntryPoint","urlTemplate":"https:\/\/www.radiomanchester.com.br\/fm\/?s={search_term_string}"},"query-input":"required name=search_term_string"}],"inLanguage":"pt-BR"},{"@type":"ImageObject","@id":"https:\/\/www.radiomanchester.com.br\/fm\/mundo-esta-em-alerta-apos-investida-ucraniana-contra-territorio-russo\/#primaryimage","inLanguage":"pt-BR","url":"https:\/\/www.radiomanchester.com.br\/fm\/wp-content\/uploads\/2022\/04\/4F3D6F30-E959-4548-A000-7D53AF26415C.jpeg","contentUrl":"https:\/\/www.radiomanchester.com.br\/fm\/wp-content\/uploads\/2022\/04\/4F3D6F30-E959-4548-A000-7D53AF26415C.jpeg","width":435,"height":300},{"@type":"WebPage","@id":"https:\/\/www.radiomanchester.com.br\/fm\/mundo-esta-em-alerta-apos-investida-ucraniana-contra-territorio-russo\/#webpage","url":"https:\/\/www.radiomanchester.com.br\/fm\/mundo-esta-em-alerta-apos-investida-ucraniana-contra-territorio-russo\/","name":"Mundo est\u00e1 em alerta ap\u00f3s investida ucraniana contra territ\u00f3rio russo - Manchester FM 93,3","isPartOf":{"@id":"https:\/\/www.radiomanchester.com.br\/fm\/#website"},"primaryImageOfPage":{"@id":"https:\/\/www.radiomanchester.com.br\/fm\/mundo-esta-em-alerta-apos-investida-ucraniana-contra-territorio-russo\/#primaryimage"},"datePublished":"2022-04-16T09:56:54+00:00","dateModified":"2022-04-16T09:56:57+00:00","author":{"@id":"https:\/\/www.radiomanchester.com.br\/fm\/#\/schema\/person\/408a7b4d4e32cbebd90e2782852abca3"},"breadcrumb":{"@id":"https:\/\/www.radiomanchester.com.br\/fm\/mundo-esta-em-alerta-apos-investida-ucraniana-contra-territorio-russo\/#breadcrumb"},"inLanguage":"pt-BR","potentialAction":[{"@type":"ReadAction","target":["https:\/\/www.radiomanchester.com.br\/fm\/mundo-esta-em-alerta-apos-investida-ucraniana-contra-territorio-russo\/"]}]},{"@type":"BreadcrumbList","@id":"https:\/\/www.radiomanchester.com.br\/fm\/mundo-esta-em-alerta-apos-investida-ucraniana-contra-territorio-russo\/#breadcrumb","itemListElement":[{"@type":"ListItem","position":1,"name":"Home","item":"https:\/\/www.radiomanchester.com.br\/fm\/"},{"@type":"ListItem","position":2,"name":"Mundo est\u00e1 em alerta ap\u00f3s investida ucraniana contra territ\u00f3rio russo"}]},{"@type":"Person","@id":"https:\/\/www.radiomanchester.com.br\/fm\/#\/schema\/person\/408a7b4d4e32cbebd90e2782852abca3","name":"admin","image":{"@type":"ImageObject","@id":"https:\/\/www.radiomanchester.com.br\/fm\/#personlogo","inLanguage":"pt-BR","url":"https:\/\/secure.gravatar.com\/avatar\/115a974dba3376872eb3addeb276301c?s=96&d=mm&r=g","contentUrl":"https:\/\/secure.gravatar.com\/avatar\/115a974dba3376872eb3addeb276301c?s=96&d=mm&r=g","caption":"admin"},"url":"https:\/\/www.radiomanchester.com.br\/fm\/author\/admin\/"}]}},"_links":{"self":[{"href":"https:\/\/www.radiomanchester.com.br\/fm\/wp-json\/wp\/v2\/posts\/7845"}],"collection":[{"href":"https:\/\/www.radiomanchester.com.br\/fm\/wp-json\/wp\/v2\/posts"}],"about":[{"href":"https:\/\/www.radiomanchester.com.br\/fm\/wp-json\/wp\/v2\/types\/post"}],"author":[{"embeddable":true,"href":"https:\/\/www.radiomanchester.com.br\/fm\/wp-json\/wp\/v2\/users\/1"}],"replies":[{"embeddable":true,"href":"https:\/\/www.radiomanchester.com.br\/fm\/wp-json\/wp\/v2\/comments?post=7845"}],"version-history":[{"count":1,"href":"https:\/\/www.radiomanchester.com.br\/fm\/wp-json\/wp\/v2\/posts\/7845\/revisions"}],"predecessor-version":[{"id":7847,"href":"https:\/\/www.radiomanchester.com.br\/fm\/wp-json\/wp\/v2\/posts\/7845\/revisions\/7847"}],"wp:attachment":[{"href":"https:\/\/www.radiomanchester.com.br\/fm\/wp-json\/wp\/v2\/media?parent=7845"}],"wp:term":[{"taxonomy":"category","embeddable":true,"href":"https:\/\/www.radiomanchester.com.br\/fm\/wp-json\/wp\/v2\/categories?post=7845"},{"taxonomy":"post_tag","embeddable":true,"href":"https:\/\/www.radiomanchester.com.br\/fm\/wp-json\/wp\/v2\/tags?post=7845"}],"curies":[{"name":"wp","href":"https:\/\/api.w.org\/{rel}","templated":true}]}}