{"id":7848,"date":"2022-04-16T17:02:03","date_gmt":"2022-04-16T20:02:03","guid":{"rendered":"https:\/\/www.radiomanchester.com.br\/fm\/?p=7848"},"modified":"2022-04-16T17:02:06","modified_gmt":"2022-04-16T20:02:06","slug":"editor-da-tv-globo-esfaqueado-gabriel-luiz-e-extubado-e-esta-lucido","status":"publish","type":"post","link":"https:\/\/www.radiomanchester.com.br\/fm\/editor-da-tv-globo-esfaqueado-gabriel-luiz-e-extubado-e-esta-lucido\/","title":{"rendered":"Editor da TV Globo esfaqueado, Gabriel Luiz \u00e9 extubado e est\u00e1 l\u00facido"},"content":{"rendered":"\n<p><\/p>\n\n\n\n<p><strong><em>O jornalista da TV Globo Gabriel Luiz, 28 anos, foi brutalmente esfaqueado por dois jovens no Sudoeste. Os suspeitos foram detidos<\/em><\/strong><\/p>\n\n\n\n<p>O\u00a0jornalista da TV Globo Bras\u00edlia brutalmente esfaqueado por dois jovens no Sudoeste, Gabriel Luiz, 28 anos, foi extubado na noite de sexta-feira (15 de abril). A coluna apurou que o editor est\u00e1 l\u00facido e conversando. O rep\u00f3rter chegou a perguntar se o rosto dele havia sido ferido no ataque cometido no fim da noite de quinta-feira.<\/p>\n\n\n\n<p>Gabriel Luiz passou a noite bem e n\u00e3o precisou de rem\u00e9dio para press\u00e3o. Ele continua internado na unidade de terapia intensiva (UTI) do Hospital Bras\u00edlia, no Lago Sul, porque o estado de sa\u00fade dele ainda requer cuidado e aten\u00e7\u00e3o, j\u00e1 que o p\u00e2ncreas foi dilacerado pelas facadas.<\/p>\n\n\n\n<p>A reportagem entrou em contato com a assessoria do Hospital Bras\u00edlia e aguarda retorno. O espa\u00e7o permanece aberto para eventuais manifesta\u00e7\u00f5es.<\/p>\n\n\n\n<p><strong>O crime<\/strong><\/p>\n\n\n\n<p>A Pol\u00edcia Civil do Distrito Federal (PCDF) prendeu os dois suspeitos de terem atacado Gabriel Luiz com pelo menos 10 facadas. Os criminosos foram levados \u00e0 delegacia na sexta-feira (15), menos de 24 horas ap\u00f3s o crime.\u00a0A corpora\u00e7\u00e3o confirmou que o caso trata-se de uma tentativa de latroc\u00ednio.<\/p>\n\n\n\n<p>Em entrevista coletiva, o delegado Petter Fischer Ranquetat, da 3\u00aa DP (Cruzeiro), disse que Jos\u00e9 Felipe Leite Tunholi, 19 anos, e o comparsa, de 17, viram no jornalista uma potencial v\u00edtima e decidiram assalt\u00e1-lo.<\/p>\n\n\n\n<p>Quando se aproximaram de Gabriel, o adolescente aplicou um golpe mata-le\u00e3o \u2013 que consiste em apertar o pesco\u00e7o da v\u00edtima com os bra\u00e7os \u2013, enquanto Jos\u00e9 Felipe desferiu ao menos 10 golpes com arma branca. A dupla fugiu levando o celular e a carteira da v\u00edtima, com R$ 250. Depois, eles retiraram o dinheiro e descartaram os objetos na rua.<\/p>\n\n\n\n<p>\u201cEles n\u00e3o conheciam o Gabriel. S\u00f3 depois viram quem era a v\u00edtima e a repercuss\u00e3o do caso. O maior fez planos de fugir para Paracatu (MG), mas conseguimos evitar e det\u00ea-lo\u201d, ressaltou Petter. Para fugir, Jos\u00e9 teria furtado 550 euros da m\u00e3e.<\/p>\n\n\n\n<figure class=\"wp-block-image size-medium\"><img loading=\"lazy\" width=\"300\" height=\"214\" src=\"https:\/\/www.radiomanchester.com.br\/fm\/wp-content\/uploads\/2022\/04\/F0DB9448-0778-456D-9684-B4A3E8AAA02B-300x214.jpeg\" alt=\"\" class=\"wp-image-7849\" srcset=\"https:\/\/www.radiomanchester.com.br\/fm\/wp-content\/uploads\/2022\/04\/F0DB9448-0778-456D-9684-B4A3E8AAA02B-300x214.jpeg 300w, https:\/\/www.radiomanchester.com.br\/fm\/wp-content\/uploads\/2022\/04\/F0DB9448-0778-456D-9684-B4A3E8AAA02B.jpeg 420w\" sizes=\"(max-width: 300px) 100vw, 300px\" \/><\/figure>\n\n\n\n<p>Por Metr\u00f3poles &#8211; foto: reprodu\u00e7\u00e3o&nbsp;<\/p>\n","protected":false},"excerpt":{"rendered":"<p class=\"excerpt\">O jornalista da TV Globo Gabriel Luiz, 28 anos, foi brutalmente esfaqueado por dois jovens no Sudoeste. Os suspeitos foram detidos O\u00a0jornalista da TV Globo Bras\u00edlia brutalmente esfaqueado por dois jovens no Sudoeste, Gabriel Luiz, 28 anos, foi extubado na noite de sexta-feira (15 de abril). A coluna apurou que o editor est\u00e1 l\u00facido e [&hellip;]<\/p>\n","protected":false},"author":1,"featured_media":0,"comment_status":"open","ping_status":"open","sticky":false,"template":"","format":"standard","meta":[],"categories":[8,17],"tags":[22,24,113,83,92],"yoast_head":"<!-- This site is optimized with the Yoast SEO plugin v18.3 - https:\/\/yoast.com\/wordpress\/plugins\/seo\/ -->\n<title>Editor da TV Globo esfaqueado, Gabriel Luiz \u00e9 extubado e est\u00e1 l\u00facido - Manchester FM 93,3<\/title>\n<meta name=\"robots\" content=\"index, follow, max-snippet:-1, max-image-preview:large, max-video-preview:-1\" \/>\n<link rel=\"canonical\" href=\"https:\/\/www.radiomanchester.com.br\/fm\/editor-da-tv-globo-esfaqueado-gabriel-luiz-e-extubado-e-esta-lucido\/\" \/>\n<meta property=\"og:locale\" content=\"pt_BR\" \/>\n<meta property=\"og:type\" content=\"article\" \/>\n<meta property=\"og:title\" content=\"Editor da TV Globo esfaqueado, Gabriel Luiz \u00e9 extubado e est\u00e1 l\u00facido - Manchester FM 93,3\" \/>\n<meta property=\"og:description\" content=\"O jornalista da TV Globo Gabriel Luiz, 28 anos, foi brutalmente esfaqueado por dois jovens no Sudoeste. Os suspeitos foram detidos O\u00a0jornalista da TV Globo Bras\u00edlia brutalmente esfaqueado por dois jovens no Sudoeste, Gabriel Luiz, 28 anos, foi extubado na noite de sexta-feira (15 de abril). A coluna apurou que o editor est\u00e1 l\u00facido e [&hellip;]\" \/>\n<meta property=\"og:url\" content=\"https:\/\/www.radiomanchester.com.br\/fm\/editor-da-tv-globo-esfaqueado-gabriel-luiz-e-extubado-e-esta-lucido\/\" \/>\n<meta property=\"og:site_name\" content=\"Manchester FM 93,3\" \/>\n<meta property=\"article:published_time\" content=\"2022-04-16T20:02:03+00:00\" \/>\n<meta property=\"article:modified_time\" content=\"2022-04-16T20:02:06+00:00\" \/>\n<meta property=\"og:image\" content=\"https:\/\/www.radiomanchester.com.br\/fm\/wp-content\/uploads\/2022\/04\/F0DB9448-0778-456D-9684-B4A3E8AAA02B-300x214.jpeg\" \/>\n<meta name=\"twitter:card\" content=\"summary_large_image\" \/>\n<meta name=\"twitter:label1\" content=\"Escrito por\" \/>\n\t<meta name=\"twitter:data1\" content=\"admin\" \/>\n\t<meta name=\"twitter:label2\" content=\"Est. tempo de leitura\" \/>\n\t<meta name=\"twitter:data2\" content=\"3 minutos\" \/>\n<script type=\"application\/ld+json\" class=\"yoast-schema-graph\">{\"@context\":\"https:\/\/schema.org\",\"@graph\":[{\"@type\":\"WebSite\",\"@id\":\"https:\/\/www.radiomanchester.com.br\/fm\/#website\",\"url\":\"https:\/\/www.radiomanchester.com.br\/fm\/\",\"name\":\"Manchester FM 93,3\",\"description\":\"Todo Mundo Ouve!\",\"potentialAction\":[{\"@type\":\"SearchAction\",\"target\":{\"@type\":\"EntryPoint\",\"urlTemplate\":\"https:\/\/www.radiomanchester.com.br\/fm\/?s={search_term_string}\"},\"query-input\":\"required name=search_term_string\"}],\"inLanguage\":\"pt-BR\"},{\"@type\":\"ImageObject\",\"@id\":\"https:\/\/www.radiomanchester.com.br\/fm\/editor-da-tv-globo-esfaqueado-gabriel-luiz-e-extubado-e-esta-lucido\/#primaryimage\",\"inLanguage\":\"pt-BR\",\"url\":\"https:\/\/www.radiomanchester.com.br\/fm\/wp-content\/uploads\/2022\/04\/F0DB9448-0778-456D-9684-B4A3E8AAA02B.jpeg\",\"contentUrl\":\"https:\/\/www.radiomanchester.com.br\/fm\/wp-content\/uploads\/2022\/04\/F0DB9448-0778-456D-9684-B4A3E8AAA02B.jpeg\",\"width\":420,\"height\":299},{\"@type\":\"WebPage\",\"@id\":\"https:\/\/www.radiomanchester.com.br\/fm\/editor-da-tv-globo-esfaqueado-gabriel-luiz-e-extubado-e-esta-lucido\/#webpage\",\"url\":\"https:\/\/www.radiomanchester.com.br\/fm\/editor-da-tv-globo-esfaqueado-gabriel-luiz-e-extubado-e-esta-lucido\/\",\"name\":\"Editor da TV Globo esfaqueado, Gabriel Luiz \u00e9 extubado e est\u00e1 l\u00facido - Manchester FM 93,3\",\"isPartOf\":{\"@id\":\"https:\/\/www.radiomanchester.com.br\/fm\/#website\"},\"primaryImageOfPage\":{\"@id\":\"https:\/\/www.radiomanchester.com.br\/fm\/editor-da-tv-globo-esfaqueado-gabriel-luiz-e-extubado-e-esta-lucido\/#primaryimage\"},\"datePublished\":\"2022-04-16T20:02:03+00:00\",\"dateModified\":\"2022-04-16T20:02:06+00:00\",\"author\":{\"@id\":\"https:\/\/www.radiomanchester.com.br\/fm\/#\/schema\/person\/408a7b4d4e32cbebd90e2782852abca3\"},\"breadcrumb\":{\"@id\":\"https:\/\/www.radiomanchester.com.br\/fm\/editor-da-tv-globo-esfaqueado-gabriel-luiz-e-extubado-e-esta-lucido\/#breadcrumb\"},\"inLanguage\":\"pt-BR\",\"potentialAction\":[{\"@type\":\"ReadAction\",\"target\":[\"https:\/\/www.radiomanchester.com.br\/fm\/editor-da-tv-globo-esfaqueado-gabriel-luiz-e-extubado-e-esta-lucido\/\"]}]},{\"@type\":\"BreadcrumbList\",\"@id\":\"https:\/\/www.radiomanchester.com.br\/fm\/editor-da-tv-globo-esfaqueado-gabriel-luiz-e-extubado-e-esta-lucido\/#breadcrumb\",\"itemListElement\":[{\"@type\":\"ListItem\",\"position\":1,\"name\":\"Home\",\"item\":\"https:\/\/www.radiomanchester.com.br\/fm\/\"},{\"@type\":\"ListItem\",\"position\":2,\"name\":\"Editor da TV Globo esfaqueado, Gabriel Luiz \u00e9 extubado e est\u00e1 l\u00facido\"}]},{\"@type\":\"Person\",\"@id\":\"https:\/\/www.radiomanchester.com.br\/fm\/#\/schema\/person\/408a7b4d4e32cbebd90e2782852abca3\",\"name\":\"admin\",\"image\":{\"@type\":\"ImageObject\",\"@id\":\"https:\/\/www.radiomanchester.com.br\/fm\/#personlogo\",\"inLanguage\":\"pt-BR\",\"url\":\"https:\/\/secure.gravatar.com\/avatar\/115a974dba3376872eb3addeb276301c?s=96&d=mm&r=g\",\"contentUrl\":\"https:\/\/secure.gravatar.com\/avatar\/115a974dba3376872eb3addeb276301c?s=96&d=mm&r=g\",\"caption\":\"admin\"},\"url\":\"https:\/\/www.radiomanchester.com.br\/fm\/author\/admin\/\"}]}<\/script>\n<!-- \/ Yoast SEO plugin. -->","yoast_head_json":{"title":"Editor da TV Globo esfaqueado, Gabriel Luiz \u00e9 extubado e est\u00e1 l\u00facido - Manchester FM 93,3","robots":{"index":"index","follow":"follow","max-snippet":"max-snippet:-1","max-image-preview":"max-image-preview:large","max-video-preview":"max-video-preview:-1"},"canonical":"https:\/\/www.radiomanchester.com.br\/fm\/editor-da-tv-globo-esfaqueado-gabriel-luiz-e-extubado-e-esta-lucido\/","og_locale":"pt_BR","og_type":"article","og_title":"Editor da TV Globo esfaqueado, Gabriel Luiz \u00e9 extubado e est\u00e1 l\u00facido - Manchester FM 93,3","og_description":"O jornalista da TV Globo Gabriel Luiz, 28 anos, foi brutalmente esfaqueado por dois jovens no Sudoeste. Os suspeitos foram detidos O\u00a0jornalista da TV Globo Bras\u00edlia brutalmente esfaqueado por dois jovens no Sudoeste, Gabriel Luiz, 28 anos, foi extubado na noite de sexta-feira (15 de abril). A coluna apurou que o editor est\u00e1 l\u00facido e [&hellip;]","og_url":"https:\/\/www.radiomanchester.com.br\/fm\/editor-da-tv-globo-esfaqueado-gabriel-luiz-e-extubado-e-esta-lucido\/","og_site_name":"Manchester FM 93,3","article_published_time":"2022-04-16T20:02:03+00:00","article_modified_time":"2022-04-16T20:02:06+00:00","og_image":[{"url":"https:\/\/www.radiomanchester.com.br\/fm\/wp-content\/uploads\/2022\/04\/F0DB9448-0778-456D-9684-B4A3E8AAA02B-300x214.jpeg"}],"twitter_card":"summary_large_image","twitter_misc":{"Escrito por":"admin","Est. tempo de leitura":"3 minutos"},"schema":{"@context":"https:\/\/schema.org","@graph":[{"@type":"WebSite","@id":"https:\/\/www.radiomanchester.com.br\/fm\/#website","url":"https:\/\/www.radiomanchester.com.br\/fm\/","name":"Manchester FM 93,3","description":"Todo Mundo Ouve!","potentialAction":[{"@type":"SearchAction","target":{"@type":"EntryPoint","urlTemplate":"https:\/\/www.radiomanchester.com.br\/fm\/?s={search_term_string}"},"query-input":"required name=search_term_string"}],"inLanguage":"pt-BR"},{"@type":"ImageObject","@id":"https:\/\/www.radiomanchester.com.br\/fm\/editor-da-tv-globo-esfaqueado-gabriel-luiz-e-extubado-e-esta-lucido\/#primaryimage","inLanguage":"pt-BR","url":"https:\/\/www.radiomanchester.com.br\/fm\/wp-content\/uploads\/2022\/04\/F0DB9448-0778-456D-9684-B4A3E8AAA02B.jpeg","contentUrl":"https:\/\/www.radiomanchester.com.br\/fm\/wp-content\/uploads\/2022\/04\/F0DB9448-0778-456D-9684-B4A3E8AAA02B.jpeg","width":420,"height":299},{"@type":"WebPage","@id":"https:\/\/www.radiomanchester.com.br\/fm\/editor-da-tv-globo-esfaqueado-gabriel-luiz-e-extubado-e-esta-lucido\/#webpage","url":"https:\/\/www.radiomanchester.com.br\/fm\/editor-da-tv-globo-esfaqueado-gabriel-luiz-e-extubado-e-esta-lucido\/","name":"Editor da TV Globo esfaqueado, Gabriel Luiz \u00e9 extubado e est\u00e1 l\u00facido - Manchester FM 93,3","isPartOf":{"@id":"https:\/\/www.radiomanchester.com.br\/fm\/#website"},"primaryImageOfPage":{"@id":"https:\/\/www.radiomanchester.com.br\/fm\/editor-da-tv-globo-esfaqueado-gabriel-luiz-e-extubado-e-esta-lucido\/#primaryimage"},"datePublished":"2022-04-16T20:02:03+00:00","dateModified":"2022-04-16T20:02:06+00:00","author":{"@id":"https:\/\/www.radiomanchester.com.br\/fm\/#\/schema\/person\/408a7b4d4e32cbebd90e2782852abca3"},"breadcrumb":{"@id":"https:\/\/www.radiomanchester.com.br\/fm\/editor-da-tv-globo-esfaqueado-gabriel-luiz-e-extubado-e-esta-lucido\/#breadcrumb"},"inLanguage":"pt-BR","potentialAction":[{"@type":"ReadAction","target":["https:\/\/www.radiomanchester.com.br\/fm\/editor-da-tv-globo-esfaqueado-gabriel-luiz-e-extubado-e-esta-lucido\/"]}]},{"@type":"BreadcrumbList","@id":"https:\/\/www.radiomanchester.com.br\/fm\/editor-da-tv-globo-esfaqueado-gabriel-luiz-e-extubado-e-esta-lucido\/#breadcrumb","itemListElement":[{"@type":"ListItem","position":1,"name":"Home","item":"https:\/\/www.radiomanchester.com.br\/fm\/"},{"@type":"ListItem","position":2,"name":"Editor da TV Globo esfaqueado, Gabriel Luiz \u00e9 extubado e est\u00e1 l\u00facido"}]},{"@type":"Person","@id":"https:\/\/www.radiomanchester.com.br\/fm\/#\/schema\/person\/408a7b4d4e32cbebd90e2782852abca3","name":"admin","image":{"@type":"ImageObject","@id":"https:\/\/www.radiomanchester.com.br\/fm\/#personlogo","inLanguage":"pt-BR","url":"https:\/\/secure.gravatar.com\/avatar\/115a974dba3376872eb3addeb276301c?s=96&d=mm&r=g","contentUrl":"https:\/\/secure.gravatar.com\/avatar\/115a974dba3376872eb3addeb276301c?s=96&d=mm&r=g","caption":"admin"},"url":"https:\/\/www.radiomanchester.com.br\/fm\/author\/admin\/"}]}},"_links":{"self":[{"href":"https:\/\/www.radiomanchester.com.br\/fm\/wp-json\/wp\/v2\/posts\/7848"}],"collection":[{"href":"https:\/\/www.radiomanchester.com.br\/fm\/wp-json\/wp\/v2\/posts"}],"about":[{"href":"https:\/\/www.radiomanchester.com.br\/fm\/wp-json\/wp\/v2\/types\/post"}],"author":[{"embeddable":true,"href":"https:\/\/www.radiomanchester.com.br\/fm\/wp-json\/wp\/v2\/users\/1"}],"replies":[{"embeddable":true,"href":"https:\/\/www.radiomanchester.com.br\/fm\/wp-json\/wp\/v2\/comments?post=7848"}],"version-history":[{"count":1,"href":"https:\/\/www.radiomanchester.com.br\/fm\/wp-json\/wp\/v2\/posts\/7848\/revisions"}],"predecessor-version":[{"id":7850,"href":"https:\/\/www.radiomanchester.com.br\/fm\/wp-json\/wp\/v2\/posts\/7848\/revisions\/7850"}],"wp:attachment":[{"href":"https:\/\/www.radiomanchester.com.br\/fm\/wp-json\/wp\/v2\/media?parent=7848"}],"wp:term":[{"taxonomy":"category","embeddable":true,"href":"https:\/\/www.radiomanchester.com.br\/fm\/wp-json\/wp\/v2\/categories?post=7848"},{"taxonomy":"post_tag","embeddable":true,"href":"https:\/\/www.radiomanchester.com.br\/fm\/wp-json\/wp\/v2\/tags?post=7848"}],"curies":[{"name":"wp","href":"https:\/\/api.w.org\/{rel}","templated":true}]}}