{"id":7851,"date":"2022-04-18T06:02:00","date_gmt":"2022-04-18T09:02:00","guid":{"rendered":"https:\/\/www.radiomanchester.com.br\/fm\/?p=7851"},"modified":"2022-04-17T20:06:53","modified_gmt":"2022-04-17T23:06:53","slug":"anvisa-proibe-importacao-e-venda-de-chocolates-kinder-da-belgica","status":"publish","type":"post","link":"https:\/\/www.radiomanchester.com.br\/fm\/anvisa-proibe-importacao-e-venda-de-chocolates-kinder-da-belgica\/","title":{"rendered":"Anvisa pro\u00edbe importa\u00e7\u00e3o e venda de chocolates Kinder da B\u00e9lgica"},"content":{"rendered":"\n<p><\/p>\n\n\n\n<p><strong><em>Empresa Ferrero foi notificada a prestar informa\u00e7\u00f5es sobre produtos<\/em><\/strong><\/p>\n\n\n\n<p>A Ag\u00eancia Nacional de Vigil\u00e2ncia Sanit\u00e1ria (Anvisa) emitiu, no quinta, dia (14 de abril), resolu\u00e7\u00e3o que pro\u00edbe a comercializa\u00e7\u00e3o, distribui\u00e7\u00e3o, importa\u00e7\u00e3o e uso de produtos da marca Kinder no Brasil. Segundo a ag\u00eancia, a medida vale para todos os produtos Ferreiro fabricados na B\u00e9lgica.<\/p>\n\n\n\n<p>\u201cEmbora o Brasil n\u00e3o esteja entre os pa\u00edses de destino dos produtos, conforme noticiado pela Anvisa, a Ag\u00eancia considerou prudente publicar a medida preventiva com o objetivo de informar \u00e0 sociedade e de evitar que o produto seja consumido ou trazido de fora do pa\u00eds por pessoas f\u00edsicas ou importadoras\u201d, informou a Anvisa no documento.<\/p>\n\n\n\n<p>A empresa Ferrero foi notificada a prestar informa\u00e7\u00f5es sobre importa\u00e7\u00f5es e controle de produtos no pa\u00eds. A medida, no entanto,&nbsp;<a href=\"https:\/\/agenciabrasil.ebc.com.br\/saude\/noticia\/2022-04\/anvisa-recebe-alerta-internacional-sobre-salmonela-em-kinder-ovo\"><strong>n\u00e3o afeta os produtos produzidos e comercializados nacionalmente<\/strong><\/a>.<\/p>\n\n\n\n<p>Na semana passada,&nbsp;<a href=\"https:\/\/agenciabrasil.ebc.com.br\/geral\/noticia\/2022-04\/ministerio-pede-retirada-do-kinder-ovo-apos-casos-de-contaminacao\"><strong>casos de salmonela foram registrados no Reino Unido<\/strong><\/a>, causados pelo consumo de produtos da marca Kinder. O Minist\u00e9rio da Justi\u00e7a e Seguran\u00e7a P\u00fablica notificou a fabricante Ferrero do Brasil. Por meio da Secretaria Nacional do Consumidor (Senacon), a pasta determinou que a Ferrero do Brasil formalize o recall do chocolate Kinder ou apresente esclarecimentos sobre a seguran\u00e7a do produto.<\/p>\n\n\n\n<p><strong>Nota da empresa<\/strong><\/p>\n\n\n\n<p>Em nota, a Ferrero do Brasil atualizou o posicionamento ap\u00f3s a publica\u00e7\u00e3o da resolu\u00e7\u00e3o da Anvisa. A manifesta\u00e7\u00e3o afirmou que os produtos em quest\u00e3o n\u00e3o s\u00e3o comercializados em solo nacional. Leia\u00a0na \u00edntegra:\u00a0<\/p>\n\n\n\n<blockquote class=\"wp-block-quote\"><p>A marca Kinder esclarece que proibi\u00e7\u00e3o da Anvisa n\u00e3o afeta produtos vendidos no Brasil<\/p><p>Companhia refor\u00e7a que os produtos que est\u00e3o em recall em outros pa\u00edses n\u00e3o s\u00e3o importados e distribu\u00eddos pela mesma no Brasil<\/p><p>S\u00e3o Paulo, 15 de abril de 2022 \u2013 A marca Kinder reitera que a \u00a0Resolu\u00e7\u00e3o-RE n\u00ba 1.233, divulgada pela Anvisa na noite de quinta-feira (14 de abril), refere-se exclusivamente aos produtos Kinder fabricados em Arlon, na B\u00e9lgica e que n\u00e3o s\u00e3o distribu\u00eddos pela Ferrero do Brasil.\u00a0<\/p><p>A marca Kinder informa que seus chocolates e ovos de P\u00e1scoa vendidos pela Ferrero do Brasil no Pa\u00eds s\u00e3o seguros para consumo.<\/p><p>Permanecemos \u00e0 disposi\u00e7\u00e3o pelos canais de atendimento: telefone\u00a0<a href=\"tel:0800-701-6595\">0800-701-6595<\/a>\u00a0e sacbrasil@ferrero.com<\/p><p><\/p><cite><br><\/cite><\/blockquote>\n\n\n\n<figure class=\"wp-block-image size-medium\"><img loading=\"lazy\" width=\"300\" height=\"192\" src=\"https:\/\/www.radiomanchester.com.br\/fm\/wp-content\/uploads\/2022\/04\/347808B2-8216-4A29-AD21-4FBC2ACC7CC4-300x192.jpeg\" alt=\"\" class=\"wp-image-7852\" srcset=\"https:\/\/www.radiomanchester.com.br\/fm\/wp-content\/uploads\/2022\/04\/347808B2-8216-4A29-AD21-4FBC2ACC7CC4-300x192.jpeg 300w, https:\/\/www.radiomanchester.com.br\/fm\/wp-content\/uploads\/2022\/04\/347808B2-8216-4A29-AD21-4FBC2ACC7CC4-1024x655.jpeg 1024w, https:\/\/www.radiomanchester.com.br\/fm\/wp-content\/uploads\/2022\/04\/347808B2-8216-4A29-AD21-4FBC2ACC7CC4-768x491.jpeg 768w, https:\/\/www.radiomanchester.com.br\/fm\/wp-content\/uploads\/2022\/04\/347808B2-8216-4A29-AD21-4FBC2ACC7CC4.jpeg 1094w\" sizes=\"(max-width: 300px) 100vw, 300px\" \/><\/figure>\n\n\n\n<p><br>Por Ag\u00eancia Brasil &#8211; foto: reprodu\u00e7\u00e3o<\/p>\n","protected":false},"excerpt":{"rendered":"<p class=\"excerpt\">Empresa Ferrero foi notificada a prestar informa\u00e7\u00f5es sobre produtos A Ag\u00eancia Nacional de Vigil\u00e2ncia Sanit\u00e1ria (Anvisa) emitiu, no quinta, dia (14 de abril), resolu\u00e7\u00e3o que pro\u00edbe a comercializa\u00e7\u00e3o, distribui\u00e7\u00e3o, importa\u00e7\u00e3o e uso de produtos da marca Kinder no Brasil. Segundo a ag\u00eancia, a medida vale para todos os produtos Ferreiro fabricados na B\u00e9lgica. \u201cEmbora o [&hellip;]<\/p>\n","protected":false},"author":1,"featured_media":0,"comment_status":"open","ping_status":"open","sticky":false,"template":"","format":"standard","meta":[],"categories":[8,17],"tags":[22,24,113,83,92],"yoast_head":"<!-- This site is optimized with the Yoast SEO plugin v18.3 - https:\/\/yoast.com\/wordpress\/plugins\/seo\/ -->\n<title>Anvisa pro\u00edbe importa\u00e7\u00e3o e venda de chocolates Kinder da B\u00e9lgica - Manchester FM 93,3<\/title>\n<meta name=\"robots\" content=\"index, follow, max-snippet:-1, max-image-preview:large, max-video-preview:-1\" \/>\n<link rel=\"canonical\" href=\"https:\/\/www.radiomanchester.com.br\/fm\/anvisa-proibe-importacao-e-venda-de-chocolates-kinder-da-belgica\/\" \/>\n<meta property=\"og:locale\" content=\"pt_BR\" \/>\n<meta property=\"og:type\" content=\"article\" \/>\n<meta property=\"og:title\" content=\"Anvisa pro\u00edbe importa\u00e7\u00e3o e venda de chocolates Kinder da B\u00e9lgica - Manchester FM 93,3\" \/>\n<meta property=\"og:description\" content=\"Empresa Ferrero foi notificada a prestar informa\u00e7\u00f5es sobre produtos A Ag\u00eancia Nacional de Vigil\u00e2ncia Sanit\u00e1ria (Anvisa) emitiu, no quinta, dia (14 de abril), resolu\u00e7\u00e3o que pro\u00edbe a comercializa\u00e7\u00e3o, distribui\u00e7\u00e3o, importa\u00e7\u00e3o e uso de produtos da marca Kinder no Brasil. Segundo a ag\u00eancia, a medida vale para todos os produtos Ferreiro fabricados na B\u00e9lgica. \u201cEmbora o [&hellip;]\" \/>\n<meta property=\"og:url\" content=\"https:\/\/www.radiomanchester.com.br\/fm\/anvisa-proibe-importacao-e-venda-de-chocolates-kinder-da-belgica\/\" \/>\n<meta property=\"og:site_name\" content=\"Manchester FM 93,3\" \/>\n<meta property=\"article:published_time\" content=\"2022-04-18T09:02:00+00:00\" \/>\n<meta property=\"article:modified_time\" content=\"2022-04-17T23:06:53+00:00\" \/>\n<meta property=\"og:image\" content=\"https:\/\/www.radiomanchester.com.br\/fm\/wp-content\/uploads\/2022\/04\/347808B2-8216-4A29-AD21-4FBC2ACC7CC4-300x192.jpeg\" \/>\n<meta name=\"twitter:card\" content=\"summary_large_image\" \/>\n<meta name=\"twitter:label1\" content=\"Escrito por\" \/>\n\t<meta name=\"twitter:data1\" content=\"admin\" \/>\n\t<meta name=\"twitter:label2\" content=\"Est. tempo de leitura\" \/>\n\t<meta name=\"twitter:data2\" content=\"3 minutos\" \/>\n<script type=\"application\/ld+json\" class=\"yoast-schema-graph\">{\"@context\":\"https:\/\/schema.org\",\"@graph\":[{\"@type\":\"WebSite\",\"@id\":\"https:\/\/www.radiomanchester.com.br\/fm\/#website\",\"url\":\"https:\/\/www.radiomanchester.com.br\/fm\/\",\"name\":\"Manchester FM 93,3\",\"description\":\"Todo Mundo Ouve!\",\"potentialAction\":[{\"@type\":\"SearchAction\",\"target\":{\"@type\":\"EntryPoint\",\"urlTemplate\":\"https:\/\/www.radiomanchester.com.br\/fm\/?s={search_term_string}\"},\"query-input\":\"required name=search_term_string\"}],\"inLanguage\":\"pt-BR\"},{\"@type\":\"ImageObject\",\"@id\":\"https:\/\/www.radiomanchester.com.br\/fm\/anvisa-proibe-importacao-e-venda-de-chocolates-kinder-da-belgica\/#primaryimage\",\"inLanguage\":\"pt-BR\",\"url\":\"https:\/\/www.radiomanchester.com.br\/fm\/wp-content\/uploads\/2022\/04\/347808B2-8216-4A29-AD21-4FBC2ACC7CC4.jpeg\",\"contentUrl\":\"https:\/\/www.radiomanchester.com.br\/fm\/wp-content\/uploads\/2022\/04\/347808B2-8216-4A29-AD21-4FBC2ACC7CC4.jpeg\",\"width\":1094,\"height\":700},{\"@type\":\"WebPage\",\"@id\":\"https:\/\/www.radiomanchester.com.br\/fm\/anvisa-proibe-importacao-e-venda-de-chocolates-kinder-da-belgica\/#webpage\",\"url\":\"https:\/\/www.radiomanchester.com.br\/fm\/anvisa-proibe-importacao-e-venda-de-chocolates-kinder-da-belgica\/\",\"name\":\"Anvisa pro\u00edbe importa\u00e7\u00e3o e venda de chocolates Kinder da B\u00e9lgica - Manchester FM 93,3\",\"isPartOf\":{\"@id\":\"https:\/\/www.radiomanchester.com.br\/fm\/#website\"},\"primaryImageOfPage\":{\"@id\":\"https:\/\/www.radiomanchester.com.br\/fm\/anvisa-proibe-importacao-e-venda-de-chocolates-kinder-da-belgica\/#primaryimage\"},\"datePublished\":\"2022-04-18T09:02:00+00:00\",\"dateModified\":\"2022-04-17T23:06:53+00:00\",\"author\":{\"@id\":\"https:\/\/www.radiomanchester.com.br\/fm\/#\/schema\/person\/408a7b4d4e32cbebd90e2782852abca3\"},\"breadcrumb\":{\"@id\":\"https:\/\/www.radiomanchester.com.br\/fm\/anvisa-proibe-importacao-e-venda-de-chocolates-kinder-da-belgica\/#breadcrumb\"},\"inLanguage\":\"pt-BR\",\"potentialAction\":[{\"@type\":\"ReadAction\",\"target\":[\"https:\/\/www.radiomanchester.com.br\/fm\/anvisa-proibe-importacao-e-venda-de-chocolates-kinder-da-belgica\/\"]}]},{\"@type\":\"BreadcrumbList\",\"@id\":\"https:\/\/www.radiomanchester.com.br\/fm\/anvisa-proibe-importacao-e-venda-de-chocolates-kinder-da-belgica\/#breadcrumb\",\"itemListElement\":[{\"@type\":\"ListItem\",\"position\":1,\"name\":\"Home\",\"item\":\"https:\/\/www.radiomanchester.com.br\/fm\/\"},{\"@type\":\"ListItem\",\"position\":2,\"name\":\"Anvisa pro\u00edbe importa\u00e7\u00e3o e venda de chocolates Kinder da B\u00e9lgica\"}]},{\"@type\":\"Person\",\"@id\":\"https:\/\/www.radiomanchester.com.br\/fm\/#\/schema\/person\/408a7b4d4e32cbebd90e2782852abca3\",\"name\":\"admin\",\"image\":{\"@type\":\"ImageObject\",\"@id\":\"https:\/\/www.radiomanchester.com.br\/fm\/#personlogo\",\"inLanguage\":\"pt-BR\",\"url\":\"https:\/\/secure.gravatar.com\/avatar\/115a974dba3376872eb3addeb276301c?s=96&d=mm&r=g\",\"contentUrl\":\"https:\/\/secure.gravatar.com\/avatar\/115a974dba3376872eb3addeb276301c?s=96&d=mm&r=g\",\"caption\":\"admin\"},\"url\":\"https:\/\/www.radiomanchester.com.br\/fm\/author\/admin\/\"}]}<\/script>\n<!-- \/ Yoast SEO plugin. -->","yoast_head_json":{"title":"Anvisa pro\u00edbe importa\u00e7\u00e3o e venda de chocolates Kinder da B\u00e9lgica - Manchester FM 93,3","robots":{"index":"index","follow":"follow","max-snippet":"max-snippet:-1","max-image-preview":"max-image-preview:large","max-video-preview":"max-video-preview:-1"},"canonical":"https:\/\/www.radiomanchester.com.br\/fm\/anvisa-proibe-importacao-e-venda-de-chocolates-kinder-da-belgica\/","og_locale":"pt_BR","og_type":"article","og_title":"Anvisa pro\u00edbe importa\u00e7\u00e3o e venda de chocolates Kinder da B\u00e9lgica - Manchester FM 93,3","og_description":"Empresa Ferrero foi notificada a prestar informa\u00e7\u00f5es sobre produtos A Ag\u00eancia Nacional de Vigil\u00e2ncia Sanit\u00e1ria (Anvisa) emitiu, no quinta, dia (14 de abril), resolu\u00e7\u00e3o que pro\u00edbe a comercializa\u00e7\u00e3o, distribui\u00e7\u00e3o, importa\u00e7\u00e3o e uso de produtos da marca Kinder no Brasil. Segundo a ag\u00eancia, a medida vale para todos os produtos Ferreiro fabricados na B\u00e9lgica. \u201cEmbora o [&hellip;]","og_url":"https:\/\/www.radiomanchester.com.br\/fm\/anvisa-proibe-importacao-e-venda-de-chocolates-kinder-da-belgica\/","og_site_name":"Manchester FM 93,3","article_published_time":"2022-04-18T09:02:00+00:00","article_modified_time":"2022-04-17T23:06:53+00:00","og_image":[{"url":"https:\/\/www.radiomanchester.com.br\/fm\/wp-content\/uploads\/2022\/04\/347808B2-8216-4A29-AD21-4FBC2ACC7CC4-300x192.jpeg"}],"twitter_card":"summary_large_image","twitter_misc":{"Escrito por":"admin","Est. tempo de leitura":"3 minutos"},"schema":{"@context":"https:\/\/schema.org","@graph":[{"@type":"WebSite","@id":"https:\/\/www.radiomanchester.com.br\/fm\/#website","url":"https:\/\/www.radiomanchester.com.br\/fm\/","name":"Manchester FM 93,3","description":"Todo Mundo Ouve!","potentialAction":[{"@type":"SearchAction","target":{"@type":"EntryPoint","urlTemplate":"https:\/\/www.radiomanchester.com.br\/fm\/?s={search_term_string}"},"query-input":"required name=search_term_string"}],"inLanguage":"pt-BR"},{"@type":"ImageObject","@id":"https:\/\/www.radiomanchester.com.br\/fm\/anvisa-proibe-importacao-e-venda-de-chocolates-kinder-da-belgica\/#primaryimage","inLanguage":"pt-BR","url":"https:\/\/www.radiomanchester.com.br\/fm\/wp-content\/uploads\/2022\/04\/347808B2-8216-4A29-AD21-4FBC2ACC7CC4.jpeg","contentUrl":"https:\/\/www.radiomanchester.com.br\/fm\/wp-content\/uploads\/2022\/04\/347808B2-8216-4A29-AD21-4FBC2ACC7CC4.jpeg","width":1094,"height":700},{"@type":"WebPage","@id":"https:\/\/www.radiomanchester.com.br\/fm\/anvisa-proibe-importacao-e-venda-de-chocolates-kinder-da-belgica\/#webpage","url":"https:\/\/www.radiomanchester.com.br\/fm\/anvisa-proibe-importacao-e-venda-de-chocolates-kinder-da-belgica\/","name":"Anvisa pro\u00edbe importa\u00e7\u00e3o e venda de chocolates Kinder da B\u00e9lgica - Manchester FM 93,3","isPartOf":{"@id":"https:\/\/www.radiomanchester.com.br\/fm\/#website"},"primaryImageOfPage":{"@id":"https:\/\/www.radiomanchester.com.br\/fm\/anvisa-proibe-importacao-e-venda-de-chocolates-kinder-da-belgica\/#primaryimage"},"datePublished":"2022-04-18T09:02:00+00:00","dateModified":"2022-04-17T23:06:53+00:00","author":{"@id":"https:\/\/www.radiomanchester.com.br\/fm\/#\/schema\/person\/408a7b4d4e32cbebd90e2782852abca3"},"breadcrumb":{"@id":"https:\/\/www.radiomanchester.com.br\/fm\/anvisa-proibe-importacao-e-venda-de-chocolates-kinder-da-belgica\/#breadcrumb"},"inLanguage":"pt-BR","potentialAction":[{"@type":"ReadAction","target":["https:\/\/www.radiomanchester.com.br\/fm\/anvisa-proibe-importacao-e-venda-de-chocolates-kinder-da-belgica\/"]}]},{"@type":"BreadcrumbList","@id":"https:\/\/www.radiomanchester.com.br\/fm\/anvisa-proibe-importacao-e-venda-de-chocolates-kinder-da-belgica\/#breadcrumb","itemListElement":[{"@type":"ListItem","position":1,"name":"Home","item":"https:\/\/www.radiomanchester.com.br\/fm\/"},{"@type":"ListItem","position":2,"name":"Anvisa pro\u00edbe importa\u00e7\u00e3o e venda de chocolates Kinder da B\u00e9lgica"}]},{"@type":"Person","@id":"https:\/\/www.radiomanchester.com.br\/fm\/#\/schema\/person\/408a7b4d4e32cbebd90e2782852abca3","name":"admin","image":{"@type":"ImageObject","@id":"https:\/\/www.radiomanchester.com.br\/fm\/#personlogo","inLanguage":"pt-BR","url":"https:\/\/secure.gravatar.com\/avatar\/115a974dba3376872eb3addeb276301c?s=96&d=mm&r=g","contentUrl":"https:\/\/secure.gravatar.com\/avatar\/115a974dba3376872eb3addeb276301c?s=96&d=mm&r=g","caption":"admin"},"url":"https:\/\/www.radiomanchester.com.br\/fm\/author\/admin\/"}]}},"_links":{"self":[{"href":"https:\/\/www.radiomanchester.com.br\/fm\/wp-json\/wp\/v2\/posts\/7851"}],"collection":[{"href":"https:\/\/www.radiomanchester.com.br\/fm\/wp-json\/wp\/v2\/posts"}],"about":[{"href":"https:\/\/www.radiomanchester.com.br\/fm\/wp-json\/wp\/v2\/types\/post"}],"author":[{"embeddable":true,"href":"https:\/\/www.radiomanchester.com.br\/fm\/wp-json\/wp\/v2\/users\/1"}],"replies":[{"embeddable":true,"href":"https:\/\/www.radiomanchester.com.br\/fm\/wp-json\/wp\/v2\/comments?post=7851"}],"version-history":[{"count":1,"href":"https:\/\/www.radiomanchester.com.br\/fm\/wp-json\/wp\/v2\/posts\/7851\/revisions"}],"predecessor-version":[{"id":7853,"href":"https:\/\/www.radiomanchester.com.br\/fm\/wp-json\/wp\/v2\/posts\/7851\/revisions\/7853"}],"wp:attachment":[{"href":"https:\/\/www.radiomanchester.com.br\/fm\/wp-json\/wp\/v2\/media?parent=7851"}],"wp:term":[{"taxonomy":"category","embeddable":true,"href":"https:\/\/www.radiomanchester.com.br\/fm\/wp-json\/wp\/v2\/categories?post=7851"},{"taxonomy":"post_tag","embeddable":true,"href":"https:\/\/www.radiomanchester.com.br\/fm\/wp-json\/wp\/v2\/tags?post=7851"}],"curies":[{"name":"wp","href":"https:\/\/api.w.org\/{rel}","templated":true}]}}