{"id":7863,"date":"2022-04-19T11:00:00","date_gmt":"2022-04-19T14:00:00","guid":{"rendered":"https:\/\/www.radiomanchester.com.br\/fm\/?p=7863"},"modified":"2022-04-18T21:58:24","modified_gmt":"2022-04-19T00:58:24","slug":"wesley-safadao-rompe-contrato-com-empresario-imensa-gratidao","status":"publish","type":"post","link":"https:\/\/www.radiomanchester.com.br\/fm\/wesley-safadao-rompe-contrato-com-empresario-imensa-gratidao\/","title":{"rendered":"Wesley Safad\u00e3o rompe contrato com empres\u00e1rio: &#8216;Imensa gratid\u00e3o&#8217;"},"content":{"rendered":"\n<p><\/p>\n\n\n\n<p>Wesley Safad\u00e3o rompeu com a Luan Promo\u00e7\u00f5es e Eventos, empresa que gerenciava sua carreira art\u00edstica. O an\u00fancio foi feito por Watila Safad\u00e3o, irm\u00e3o do cantor, em publica\u00e7\u00e3o nas redes sociais.<\/p>\n\n\n\n<p>A partir de hoje, a empresa respons\u00e1vel pela produ\u00e7\u00e3o dos grandes eventos e novos projetos de Safad\u00e3o ser\u00e1 a Camarote Shows (Grupo WS).<\/p>\n\n\n\n<p>&#8220;Registramos nossos agradecimentos a Luan Promo\u00e7\u00f5es e Eventos, assim como desejamos a cada um de seus colaboradores muito sucesso, paz e prosperidade. Aos nossos contratantes, patrocinadores, amigos e f\u00e3s, nossa imensa gratid\u00e3o pelo apoio, parceria e amizade!&#8221;, diz o comunicado.<\/p>\n\n\n\n<p>No \u00faltimo domingo, Wesley Safad\u00e3o contou j\u00e1 ter aprendido a lidar com as not\u00edcias falsas que s\u00e3o disseminadas sobre ele ao longo de sua carreira. Recentemente, ele teve seu twitter hackeado e conte\u00fado racista e pornogr\u00e1fico replicado.<\/p>\n\n\n\n<figure class=\"wp-block-image size-medium\"><img loading=\"lazy\" width=\"300\" height=\"160\" src=\"https:\/\/www.radiomanchester.com.br\/fm\/wp-content\/uploads\/2022\/04\/Sem-titulo-7-300x160.png\" alt=\"\" class=\"wp-image-7864\" srcset=\"https:\/\/www.radiomanchester.com.br\/fm\/wp-content\/uploads\/2022\/04\/Sem-titulo-7-300x160.png 300w, https:\/\/www.radiomanchester.com.br\/fm\/wp-content\/uploads\/2022\/04\/Sem-titulo-7-768x410.png 768w, https:\/\/www.radiomanchester.com.br\/fm\/wp-content\/uploads\/2022\/04\/Sem-titulo-7.png 805w\" sizes=\"(max-width: 300px) 100vw, 300px\" \/><\/figure>\n\n\n\n<p>por SplashReda\u00e7\u00e3o &#8211; foto: reprodu\u00e7\u00e3o<\/p>\n","protected":false},"excerpt":{"rendered":"<p class=\"excerpt\">Wesley Safad\u00e3o rompeu com a Luan Promo\u00e7\u00f5es e Eventos, empresa que gerenciava sua carreira art\u00edstica. O an\u00fancio foi feito por Watila Safad\u00e3o, irm\u00e3o do cantor, em publica\u00e7\u00e3o nas redes sociais. A partir de hoje, a empresa respons\u00e1vel pela produ\u00e7\u00e3o dos grandes eventos e novos projetos de Safad\u00e3o ser\u00e1 a Camarote Shows (Grupo WS). &#8220;Registramos nossos [&hellip;]<\/p>\n","protected":false},"author":1,"featured_media":0,"comment_status":"open","ping_status":"open","sticky":false,"template":"","format":"standard","meta":[],"categories":[8,17],"tags":[22,24,113,83,92],"yoast_head":"<!-- This site is optimized with the Yoast SEO plugin v18.3 - https:\/\/yoast.com\/wordpress\/plugins\/seo\/ -->\n<title>Wesley Safad\u00e3o rompe contrato com empres\u00e1rio: &#039;Imensa gratid\u00e3o&#039; - Manchester FM 93,3<\/title>\n<meta name=\"robots\" content=\"index, follow, max-snippet:-1, max-image-preview:large, max-video-preview:-1\" \/>\n<link rel=\"canonical\" href=\"https:\/\/www.radiomanchester.com.br\/fm\/wesley-safadao-rompe-contrato-com-empresario-imensa-gratidao\/\" \/>\n<meta property=\"og:locale\" content=\"pt_BR\" \/>\n<meta property=\"og:type\" content=\"article\" \/>\n<meta property=\"og:title\" content=\"Wesley Safad\u00e3o rompe contrato com empres\u00e1rio: &#039;Imensa gratid\u00e3o&#039; - Manchester FM 93,3\" \/>\n<meta property=\"og:description\" content=\"Wesley Safad\u00e3o rompeu com a Luan Promo\u00e7\u00f5es e Eventos, empresa que gerenciava sua carreira art\u00edstica. O an\u00fancio foi feito por Watila Safad\u00e3o, irm\u00e3o do cantor, em publica\u00e7\u00e3o nas redes sociais. A partir de hoje, a empresa respons\u00e1vel pela produ\u00e7\u00e3o dos grandes eventos e novos projetos de Safad\u00e3o ser\u00e1 a Camarote Shows (Grupo WS). &#8220;Registramos nossos [&hellip;]\" \/>\n<meta property=\"og:url\" content=\"https:\/\/www.radiomanchester.com.br\/fm\/wesley-safadao-rompe-contrato-com-empresario-imensa-gratidao\/\" \/>\n<meta property=\"og:site_name\" content=\"Manchester FM 93,3\" \/>\n<meta property=\"article:published_time\" content=\"2022-04-19T14:00:00+00:00\" \/>\n<meta property=\"article:modified_time\" content=\"2022-04-19T00:58:24+00:00\" \/>\n<meta property=\"og:image\" content=\"https:\/\/www.radiomanchester.com.br\/fm\/wp-content\/uploads\/2022\/04\/Sem-titulo-7-300x160.png\" \/>\n<meta name=\"twitter:card\" content=\"summary_large_image\" \/>\n<meta name=\"twitter:label1\" content=\"Escrito por\" \/>\n\t<meta name=\"twitter:data1\" content=\"admin\" \/>\n\t<meta name=\"twitter:label2\" content=\"Est. tempo de leitura\" \/>\n\t<meta name=\"twitter:data2\" content=\"1 minuto\" \/>\n<script type=\"application\/ld+json\" class=\"yoast-schema-graph\">{\"@context\":\"https:\/\/schema.org\",\"@graph\":[{\"@type\":\"WebSite\",\"@id\":\"https:\/\/www.radiomanchester.com.br\/fm\/#website\",\"url\":\"https:\/\/www.radiomanchester.com.br\/fm\/\",\"name\":\"Manchester FM 93,3\",\"description\":\"Todo Mundo Ouve!\",\"potentialAction\":[{\"@type\":\"SearchAction\",\"target\":{\"@type\":\"EntryPoint\",\"urlTemplate\":\"https:\/\/www.radiomanchester.com.br\/fm\/?s={search_term_string}\"},\"query-input\":\"required name=search_term_string\"}],\"inLanguage\":\"pt-BR\"},{\"@type\":\"ImageObject\",\"@id\":\"https:\/\/www.radiomanchester.com.br\/fm\/wesley-safadao-rompe-contrato-com-empresario-imensa-gratidao\/#primaryimage\",\"inLanguage\":\"pt-BR\",\"url\":\"https:\/\/www.radiomanchester.com.br\/fm\/wp-content\/uploads\/2022\/04\/Sem-titulo-7-300x160.png\",\"contentUrl\":\"https:\/\/www.radiomanchester.com.br\/fm\/wp-content\/uploads\/2022\/04\/Sem-titulo-7-300x160.png\"},{\"@type\":\"WebPage\",\"@id\":\"https:\/\/www.radiomanchester.com.br\/fm\/wesley-safadao-rompe-contrato-com-empresario-imensa-gratidao\/#webpage\",\"url\":\"https:\/\/www.radiomanchester.com.br\/fm\/wesley-safadao-rompe-contrato-com-empresario-imensa-gratidao\/\",\"name\":\"Wesley Safad\u00e3o rompe contrato com empres\u00e1rio: 'Imensa gratid\u00e3o' - Manchester FM 93,3\",\"isPartOf\":{\"@id\":\"https:\/\/www.radiomanchester.com.br\/fm\/#website\"},\"primaryImageOfPage\":{\"@id\":\"https:\/\/www.radiomanchester.com.br\/fm\/wesley-safadao-rompe-contrato-com-empresario-imensa-gratidao\/#primaryimage\"},\"datePublished\":\"2022-04-19T14:00:00+00:00\",\"dateModified\":\"2022-04-19T00:58:24+00:00\",\"author\":{\"@id\":\"https:\/\/www.radiomanchester.com.br\/fm\/#\/schema\/person\/408a7b4d4e32cbebd90e2782852abca3\"},\"breadcrumb\":{\"@id\":\"https:\/\/www.radiomanchester.com.br\/fm\/wesley-safadao-rompe-contrato-com-empresario-imensa-gratidao\/#breadcrumb\"},\"inLanguage\":\"pt-BR\",\"potentialAction\":[{\"@type\":\"ReadAction\",\"target\":[\"https:\/\/www.radiomanchester.com.br\/fm\/wesley-safadao-rompe-contrato-com-empresario-imensa-gratidao\/\"]}]},{\"@type\":\"BreadcrumbList\",\"@id\":\"https:\/\/www.radiomanchester.com.br\/fm\/wesley-safadao-rompe-contrato-com-empresario-imensa-gratidao\/#breadcrumb\",\"itemListElement\":[{\"@type\":\"ListItem\",\"position\":1,\"name\":\"Home\",\"item\":\"https:\/\/www.radiomanchester.com.br\/fm\/\"},{\"@type\":\"ListItem\",\"position\":2,\"name\":\"Wesley Safad\u00e3o rompe contrato com empres\u00e1rio: &#8216;Imensa gratid\u00e3o&#8217;\"}]},{\"@type\":\"Person\",\"@id\":\"https:\/\/www.radiomanchester.com.br\/fm\/#\/schema\/person\/408a7b4d4e32cbebd90e2782852abca3\",\"name\":\"admin\",\"image\":{\"@type\":\"ImageObject\",\"@id\":\"https:\/\/www.radiomanchester.com.br\/fm\/#personlogo\",\"inLanguage\":\"pt-BR\",\"url\":\"https:\/\/secure.gravatar.com\/avatar\/115a974dba3376872eb3addeb276301c?s=96&d=mm&r=g\",\"contentUrl\":\"https:\/\/secure.gravatar.com\/avatar\/115a974dba3376872eb3addeb276301c?s=96&d=mm&r=g\",\"caption\":\"admin\"},\"url\":\"https:\/\/www.radiomanchester.com.br\/fm\/author\/admin\/\"}]}<\/script>\n<!-- \/ Yoast SEO plugin. -->","yoast_head_json":{"title":"Wesley Safad\u00e3o rompe contrato com empres\u00e1rio: 'Imensa gratid\u00e3o' - Manchester FM 93,3","robots":{"index":"index","follow":"follow","max-snippet":"max-snippet:-1","max-image-preview":"max-image-preview:large","max-video-preview":"max-video-preview:-1"},"canonical":"https:\/\/www.radiomanchester.com.br\/fm\/wesley-safadao-rompe-contrato-com-empresario-imensa-gratidao\/","og_locale":"pt_BR","og_type":"article","og_title":"Wesley Safad\u00e3o rompe contrato com empres\u00e1rio: 'Imensa gratid\u00e3o' - Manchester FM 93,3","og_description":"Wesley Safad\u00e3o rompeu com a Luan Promo\u00e7\u00f5es e Eventos, empresa que gerenciava sua carreira art\u00edstica. O an\u00fancio foi feito por Watila Safad\u00e3o, irm\u00e3o do cantor, em publica\u00e7\u00e3o nas redes sociais. A partir de hoje, a empresa respons\u00e1vel pela produ\u00e7\u00e3o dos grandes eventos e novos projetos de Safad\u00e3o ser\u00e1 a Camarote Shows (Grupo WS). &#8220;Registramos nossos [&hellip;]","og_url":"https:\/\/www.radiomanchester.com.br\/fm\/wesley-safadao-rompe-contrato-com-empresario-imensa-gratidao\/","og_site_name":"Manchester FM 93,3","article_published_time":"2022-04-19T14:00:00+00:00","article_modified_time":"2022-04-19T00:58:24+00:00","og_image":[{"url":"https:\/\/www.radiomanchester.com.br\/fm\/wp-content\/uploads\/2022\/04\/Sem-titulo-7-300x160.png"}],"twitter_card":"summary_large_image","twitter_misc":{"Escrito por":"admin","Est. tempo de leitura":"1 minuto"},"schema":{"@context":"https:\/\/schema.org","@graph":[{"@type":"WebSite","@id":"https:\/\/www.radiomanchester.com.br\/fm\/#website","url":"https:\/\/www.radiomanchester.com.br\/fm\/","name":"Manchester FM 93,3","description":"Todo Mundo Ouve!","potentialAction":[{"@type":"SearchAction","target":{"@type":"EntryPoint","urlTemplate":"https:\/\/www.radiomanchester.com.br\/fm\/?s={search_term_string}"},"query-input":"required name=search_term_string"}],"inLanguage":"pt-BR"},{"@type":"ImageObject","@id":"https:\/\/www.radiomanchester.com.br\/fm\/wesley-safadao-rompe-contrato-com-empresario-imensa-gratidao\/#primaryimage","inLanguage":"pt-BR","url":"https:\/\/www.radiomanchester.com.br\/fm\/wp-content\/uploads\/2022\/04\/Sem-titulo-7-300x160.png","contentUrl":"https:\/\/www.radiomanchester.com.br\/fm\/wp-content\/uploads\/2022\/04\/Sem-titulo-7-300x160.png"},{"@type":"WebPage","@id":"https:\/\/www.radiomanchester.com.br\/fm\/wesley-safadao-rompe-contrato-com-empresario-imensa-gratidao\/#webpage","url":"https:\/\/www.radiomanchester.com.br\/fm\/wesley-safadao-rompe-contrato-com-empresario-imensa-gratidao\/","name":"Wesley Safad\u00e3o rompe contrato com empres\u00e1rio: 'Imensa gratid\u00e3o' - Manchester FM 93,3","isPartOf":{"@id":"https:\/\/www.radiomanchester.com.br\/fm\/#website"},"primaryImageOfPage":{"@id":"https:\/\/www.radiomanchester.com.br\/fm\/wesley-safadao-rompe-contrato-com-empresario-imensa-gratidao\/#primaryimage"},"datePublished":"2022-04-19T14:00:00+00:00","dateModified":"2022-04-19T00:58:24+00:00","author":{"@id":"https:\/\/www.radiomanchester.com.br\/fm\/#\/schema\/person\/408a7b4d4e32cbebd90e2782852abca3"},"breadcrumb":{"@id":"https:\/\/www.radiomanchester.com.br\/fm\/wesley-safadao-rompe-contrato-com-empresario-imensa-gratidao\/#breadcrumb"},"inLanguage":"pt-BR","potentialAction":[{"@type":"ReadAction","target":["https:\/\/www.radiomanchester.com.br\/fm\/wesley-safadao-rompe-contrato-com-empresario-imensa-gratidao\/"]}]},{"@type":"BreadcrumbList","@id":"https:\/\/www.radiomanchester.com.br\/fm\/wesley-safadao-rompe-contrato-com-empresario-imensa-gratidao\/#breadcrumb","itemListElement":[{"@type":"ListItem","position":1,"name":"Home","item":"https:\/\/www.radiomanchester.com.br\/fm\/"},{"@type":"ListItem","position":2,"name":"Wesley Safad\u00e3o rompe contrato com empres\u00e1rio: &#8216;Imensa gratid\u00e3o&#8217;"}]},{"@type":"Person","@id":"https:\/\/www.radiomanchester.com.br\/fm\/#\/schema\/person\/408a7b4d4e32cbebd90e2782852abca3","name":"admin","image":{"@type":"ImageObject","@id":"https:\/\/www.radiomanchester.com.br\/fm\/#personlogo","inLanguage":"pt-BR","url":"https:\/\/secure.gravatar.com\/avatar\/115a974dba3376872eb3addeb276301c?s=96&d=mm&r=g","contentUrl":"https:\/\/secure.gravatar.com\/avatar\/115a974dba3376872eb3addeb276301c?s=96&d=mm&r=g","caption":"admin"},"url":"https:\/\/www.radiomanchester.com.br\/fm\/author\/admin\/"}]}},"_links":{"self":[{"href":"https:\/\/www.radiomanchester.com.br\/fm\/wp-json\/wp\/v2\/posts\/7863"}],"collection":[{"href":"https:\/\/www.radiomanchester.com.br\/fm\/wp-json\/wp\/v2\/posts"}],"about":[{"href":"https:\/\/www.radiomanchester.com.br\/fm\/wp-json\/wp\/v2\/types\/post"}],"author":[{"embeddable":true,"href":"https:\/\/www.radiomanchester.com.br\/fm\/wp-json\/wp\/v2\/users\/1"}],"replies":[{"embeddable":true,"href":"https:\/\/www.radiomanchester.com.br\/fm\/wp-json\/wp\/v2\/comments?post=7863"}],"version-history":[{"count":1,"href":"https:\/\/www.radiomanchester.com.br\/fm\/wp-json\/wp\/v2\/posts\/7863\/revisions"}],"predecessor-version":[{"id":7865,"href":"https:\/\/www.radiomanchester.com.br\/fm\/wp-json\/wp\/v2\/posts\/7863\/revisions\/7865"}],"wp:attachment":[{"href":"https:\/\/www.radiomanchester.com.br\/fm\/wp-json\/wp\/v2\/media?parent=7863"}],"wp:term":[{"taxonomy":"category","embeddable":true,"href":"https:\/\/www.radiomanchester.com.br\/fm\/wp-json\/wp\/v2\/categories?post=7863"},{"taxonomy":"post_tag","embeddable":true,"href":"https:\/\/www.radiomanchester.com.br\/fm\/wp-json\/wp\/v2\/tags?post=7863"}],"curies":[{"name":"wp","href":"https:\/\/api.w.org\/{rel}","templated":true}]}}