{"id":7866,"date":"2022-04-19T16:03:00","date_gmt":"2022-04-19T19:03:00","guid":{"rendered":"https:\/\/www.radiomanchester.com.br\/fm\/?p=7866"},"modified":"2022-04-18T22:04:37","modified_gmt":"2022-04-19T01:04:37","slug":"fica-2022-leva-acoes-de-conscientizacao-e-protecao-ambiental-a-cidade-de-goias","status":"publish","type":"post","link":"https:\/\/www.radiomanchester.com.br\/fm\/fica-2022-leva-acoes-de-conscientizacao-e-protecao-ambiental-a-cidade-de-goias\/","title":{"rendered":"Fica 2022 leva a\u00e7\u00f5es de conscientiza\u00e7\u00e3o e prote\u00e7\u00e3o ambiental \u00e0 Cidade de Goi\u00e1s"},"content":{"rendered":"\n<p><em><strong>Secretaria de Estado de Meio Ambiente e Desenvolvimento Sustent\u00e1vel far\u00e1 a\u00e7\u00f5es e servi\u00e7os ambientais no munic\u00edpio durante o festival<\/strong><\/em><\/p>\n\n\n\n<p>A 23\u00aa edi\u00e7\u00e3o do Festival Internacional de Cinema e V\u00eddeo Ambiental (Fica) vai fomentar o audiovisual e tamb\u00e9m a\u00e7\u00f5es de prote\u00e7\u00e3o ao meio ambiente na cidade de Goi\u00e1s. A Secretaria de Estado de Meio Ambiente e Desenvolvimento Sustent\u00e1vel (Semad), em parceria com a Secretaria de Estado de Cultura (Secult), levar\u00e1 servi\u00e7os e a\u00e7\u00f5es ambientais para o evento, que ser\u00e1 realizado no munic\u00edpio entre os dias 24\/05 e 05\/06.<\/p>\n\n\n\n<p>As a\u00e7\u00f5es conjuntas prev\u00eaem a assinatura de Acordo de Coopera\u00e7\u00e3o T\u00e9cnica entre a Semad e o munic\u00edpio de Goi\u00e1s relacionado ao saneamento, conserva\u00e7\u00e3o de \u00e1gua e do solo, al\u00e9m da regulariza\u00e7\u00e3o de recursos h\u00eddricos.<\/p>\n\n\n\n<p>Tamb\u00e9m ser\u00e3o realizados o congresso t\u00e9cnico da 4\u00aa Etapa do Circuito Radical Parques de Goi\u00e1s; o Encontro Ambiental, com a participa\u00e7\u00e3o de servidores da pasta, al\u00e9m da discuss\u00e3o e elabora\u00e7\u00e3o da minuta da Carta Ambiental de Goi\u00e1s, com participa\u00e7\u00e3o de 10 representantes das macrorregi\u00f5es do Estado.<\/p>\n\n\n\n<p>A Semad promover\u00e1 ainda um curso de ecoturismo voltado para a regi\u00e3o, com visita t\u00e9cnica ao Parque Estadual da Serra Dourada. As atividades t\u00eam por objetivo promover conscientiza\u00e7\u00e3o da comunidade e firmar compromissos entre representantes dos governos municipal e estadual em prol da prote\u00e7\u00e3o e de interven\u00e7\u00f5es efetivas para reverter danos ambientais.<\/p>\n\n\n\n<p><strong>Di\u00e1logo sobre o futuro<br><\/strong>Com objetivo de abrir reflex\u00f5es e debates sobre o est\u00e1gio atual da humanidade e para onde caminharemos no p\u00f3s-pandemia, em sua 23\u00b0 edi\u00e7\u00e3o, o Fica ir\u00e1 abordar a tem\u00e1tica Meio Ambiente e Sa\u00fade: onde estamos e para onde vamos. O prop\u00f3sito \u00e9 reunir especialistas ambientais e sociedade para discutir a\u00e7\u00f5es que devem ser efetivadas no agora em nome da prote\u00e7\u00e3o do futuro.<\/p>\n\n\n\n<figure class=\"wp-block-image size-medium\"><img loading=\"lazy\" width=\"300\" height=\"203\" src=\"https:\/\/www.radiomanchester.com.br\/fm\/wp-content\/uploads\/2022\/04\/GOIAS-POR-ANDRE-BABILONIA-300x203.png\" alt=\"\" class=\"wp-image-7867\" srcset=\"https:\/\/www.radiomanchester.com.br\/fm\/wp-content\/uploads\/2022\/04\/GOIAS-POR-ANDRE-BABILONIA-300x203.png 300w, https:\/\/www.radiomanchester.com.br\/fm\/wp-content\/uploads\/2022\/04\/GOIAS-POR-ANDRE-BABILONIA.png 594w\" sizes=\"(max-width: 300px) 100vw, 300px\" \/><\/figure>\n\n\n\n<p>por Secom Governo de Goi\u00e1s &#8211; foto: Secom<\/p>\n","protected":false},"excerpt":{"rendered":"<p class=\"excerpt\">Secretaria de Estado de Meio Ambiente e Desenvolvimento Sustent\u00e1vel far\u00e1 a\u00e7\u00f5es e servi\u00e7os ambientais no munic\u00edpio durante o festival A 23\u00aa edi\u00e7\u00e3o do Festival Internacional de Cinema e V\u00eddeo Ambiental (Fica) vai fomentar o audiovisual e tamb\u00e9m a\u00e7\u00f5es de prote\u00e7\u00e3o ao meio ambiente na cidade de Goi\u00e1s. A Secretaria de Estado de Meio Ambiente e [&hellip;]<\/p>\n","protected":false},"author":1,"featured_media":0,"comment_status":"open","ping_status":"open","sticky":false,"template":"","format":"standard","meta":[],"categories":[8,17],"tags":[22,24,113,83,92],"yoast_head":"<!-- This site is optimized with the Yoast SEO plugin v18.3 - https:\/\/yoast.com\/wordpress\/plugins\/seo\/ -->\n<title>Fica 2022 leva a\u00e7\u00f5es de conscientiza\u00e7\u00e3o e prote\u00e7\u00e3o ambiental \u00e0 Cidade de Goi\u00e1s - Manchester FM 93,3<\/title>\n<meta name=\"robots\" content=\"index, follow, max-snippet:-1, max-image-preview:large, max-video-preview:-1\" \/>\n<link rel=\"canonical\" href=\"https:\/\/www.radiomanchester.com.br\/fm\/fica-2022-leva-acoes-de-conscientizacao-e-protecao-ambiental-a-cidade-de-goias\/\" \/>\n<meta property=\"og:locale\" content=\"pt_BR\" \/>\n<meta property=\"og:type\" content=\"article\" \/>\n<meta property=\"og:title\" content=\"Fica 2022 leva a\u00e7\u00f5es de conscientiza\u00e7\u00e3o e prote\u00e7\u00e3o ambiental \u00e0 Cidade de Goi\u00e1s - Manchester FM 93,3\" \/>\n<meta property=\"og:description\" content=\"Secretaria de Estado de Meio Ambiente e Desenvolvimento Sustent\u00e1vel far\u00e1 a\u00e7\u00f5es e servi\u00e7os ambientais no munic\u00edpio durante o festival A 23\u00aa edi\u00e7\u00e3o do Festival Internacional de Cinema e V\u00eddeo Ambiental (Fica) vai fomentar o audiovisual e tamb\u00e9m a\u00e7\u00f5es de prote\u00e7\u00e3o ao meio ambiente na cidade de Goi\u00e1s. A Secretaria de Estado de Meio Ambiente e [&hellip;]\" \/>\n<meta property=\"og:url\" content=\"https:\/\/www.radiomanchester.com.br\/fm\/fica-2022-leva-acoes-de-conscientizacao-e-protecao-ambiental-a-cidade-de-goias\/\" \/>\n<meta property=\"og:site_name\" content=\"Manchester FM 93,3\" \/>\n<meta property=\"article:published_time\" content=\"2022-04-19T19:03:00+00:00\" \/>\n<meta property=\"article:modified_time\" content=\"2022-04-19T01:04:37+00:00\" \/>\n<meta property=\"og:image\" content=\"https:\/\/www.radiomanchester.com.br\/fm\/wp-content\/uploads\/2022\/04\/GOIAS-POR-ANDRE-BABILONIA-300x203.png\" \/>\n<meta name=\"twitter:card\" content=\"summary_large_image\" \/>\n<meta name=\"twitter:label1\" content=\"Escrito por\" \/>\n\t<meta name=\"twitter:data1\" content=\"admin\" \/>\n\t<meta name=\"twitter:label2\" content=\"Est. tempo de leitura\" \/>\n\t<meta name=\"twitter:data2\" content=\"2 minutos\" \/>\n<script type=\"application\/ld+json\" class=\"yoast-schema-graph\">{\"@context\":\"https:\/\/schema.org\",\"@graph\":[{\"@type\":\"WebSite\",\"@id\":\"https:\/\/www.radiomanchester.com.br\/fm\/#website\",\"url\":\"https:\/\/www.radiomanchester.com.br\/fm\/\",\"name\":\"Manchester FM 93,3\",\"description\":\"Todo Mundo Ouve!\",\"potentialAction\":[{\"@type\":\"SearchAction\",\"target\":{\"@type\":\"EntryPoint\",\"urlTemplate\":\"https:\/\/www.radiomanchester.com.br\/fm\/?s={search_term_string}\"},\"query-input\":\"required name=search_term_string\"}],\"inLanguage\":\"pt-BR\"},{\"@type\":\"ImageObject\",\"@id\":\"https:\/\/www.radiomanchester.com.br\/fm\/fica-2022-leva-acoes-de-conscientizacao-e-protecao-ambiental-a-cidade-de-goias\/#primaryimage\",\"inLanguage\":\"pt-BR\",\"url\":\"https:\/\/www.radiomanchester.com.br\/fm\/wp-content\/uploads\/2022\/04\/GOIAS-POR-ANDRE-BABILONIA-300x203.png\",\"contentUrl\":\"https:\/\/www.radiomanchester.com.br\/fm\/wp-content\/uploads\/2022\/04\/GOIAS-POR-ANDRE-BABILONIA-300x203.png\"},{\"@type\":\"WebPage\",\"@id\":\"https:\/\/www.radiomanchester.com.br\/fm\/fica-2022-leva-acoes-de-conscientizacao-e-protecao-ambiental-a-cidade-de-goias\/#webpage\",\"url\":\"https:\/\/www.radiomanchester.com.br\/fm\/fica-2022-leva-acoes-de-conscientizacao-e-protecao-ambiental-a-cidade-de-goias\/\",\"name\":\"Fica 2022 leva a\u00e7\u00f5es de conscientiza\u00e7\u00e3o e prote\u00e7\u00e3o ambiental \u00e0 Cidade de Goi\u00e1s - Manchester FM 93,3\",\"isPartOf\":{\"@id\":\"https:\/\/www.radiomanchester.com.br\/fm\/#website\"},\"primaryImageOfPage\":{\"@id\":\"https:\/\/www.radiomanchester.com.br\/fm\/fica-2022-leva-acoes-de-conscientizacao-e-protecao-ambiental-a-cidade-de-goias\/#primaryimage\"},\"datePublished\":\"2022-04-19T19:03:00+00:00\",\"dateModified\":\"2022-04-19T01:04:37+00:00\",\"author\":{\"@id\":\"https:\/\/www.radiomanchester.com.br\/fm\/#\/schema\/person\/408a7b4d4e32cbebd90e2782852abca3\"},\"breadcrumb\":{\"@id\":\"https:\/\/www.radiomanchester.com.br\/fm\/fica-2022-leva-acoes-de-conscientizacao-e-protecao-ambiental-a-cidade-de-goias\/#breadcrumb\"},\"inLanguage\":\"pt-BR\",\"potentialAction\":[{\"@type\":\"ReadAction\",\"target\":[\"https:\/\/www.radiomanchester.com.br\/fm\/fica-2022-leva-acoes-de-conscientizacao-e-protecao-ambiental-a-cidade-de-goias\/\"]}]},{\"@type\":\"BreadcrumbList\",\"@id\":\"https:\/\/www.radiomanchester.com.br\/fm\/fica-2022-leva-acoes-de-conscientizacao-e-protecao-ambiental-a-cidade-de-goias\/#breadcrumb\",\"itemListElement\":[{\"@type\":\"ListItem\",\"position\":1,\"name\":\"Home\",\"item\":\"https:\/\/www.radiomanchester.com.br\/fm\/\"},{\"@type\":\"ListItem\",\"position\":2,\"name\":\"Fica 2022 leva a\u00e7\u00f5es de conscientiza\u00e7\u00e3o e prote\u00e7\u00e3o ambiental \u00e0 Cidade de Goi\u00e1s\"}]},{\"@type\":\"Person\",\"@id\":\"https:\/\/www.radiomanchester.com.br\/fm\/#\/schema\/person\/408a7b4d4e32cbebd90e2782852abca3\",\"name\":\"admin\",\"image\":{\"@type\":\"ImageObject\",\"@id\":\"https:\/\/www.radiomanchester.com.br\/fm\/#personlogo\",\"inLanguage\":\"pt-BR\",\"url\":\"https:\/\/secure.gravatar.com\/avatar\/115a974dba3376872eb3addeb276301c?s=96&d=mm&r=g\",\"contentUrl\":\"https:\/\/secure.gravatar.com\/avatar\/115a974dba3376872eb3addeb276301c?s=96&d=mm&r=g\",\"caption\":\"admin\"},\"url\":\"https:\/\/www.radiomanchester.com.br\/fm\/author\/admin\/\"}]}<\/script>\n<!-- \/ Yoast SEO plugin. -->","yoast_head_json":{"title":"Fica 2022 leva a\u00e7\u00f5es de conscientiza\u00e7\u00e3o e prote\u00e7\u00e3o ambiental \u00e0 Cidade de Goi\u00e1s - Manchester FM 93,3","robots":{"index":"index","follow":"follow","max-snippet":"max-snippet:-1","max-image-preview":"max-image-preview:large","max-video-preview":"max-video-preview:-1"},"canonical":"https:\/\/www.radiomanchester.com.br\/fm\/fica-2022-leva-acoes-de-conscientizacao-e-protecao-ambiental-a-cidade-de-goias\/","og_locale":"pt_BR","og_type":"article","og_title":"Fica 2022 leva a\u00e7\u00f5es de conscientiza\u00e7\u00e3o e prote\u00e7\u00e3o ambiental \u00e0 Cidade de Goi\u00e1s - Manchester FM 93,3","og_description":"Secretaria de Estado de Meio Ambiente e Desenvolvimento Sustent\u00e1vel far\u00e1 a\u00e7\u00f5es e servi\u00e7os ambientais no munic\u00edpio durante o festival A 23\u00aa edi\u00e7\u00e3o do Festival Internacional de Cinema e V\u00eddeo Ambiental (Fica) vai fomentar o audiovisual e tamb\u00e9m a\u00e7\u00f5es de prote\u00e7\u00e3o ao meio ambiente na cidade de Goi\u00e1s. A Secretaria de Estado de Meio Ambiente e [&hellip;]","og_url":"https:\/\/www.radiomanchester.com.br\/fm\/fica-2022-leva-acoes-de-conscientizacao-e-protecao-ambiental-a-cidade-de-goias\/","og_site_name":"Manchester FM 93,3","article_published_time":"2022-04-19T19:03:00+00:00","article_modified_time":"2022-04-19T01:04:37+00:00","og_image":[{"url":"https:\/\/www.radiomanchester.com.br\/fm\/wp-content\/uploads\/2022\/04\/GOIAS-POR-ANDRE-BABILONIA-300x203.png"}],"twitter_card":"summary_large_image","twitter_misc":{"Escrito por":"admin","Est. tempo de leitura":"2 minutos"},"schema":{"@context":"https:\/\/schema.org","@graph":[{"@type":"WebSite","@id":"https:\/\/www.radiomanchester.com.br\/fm\/#website","url":"https:\/\/www.radiomanchester.com.br\/fm\/","name":"Manchester FM 93,3","description":"Todo Mundo Ouve!","potentialAction":[{"@type":"SearchAction","target":{"@type":"EntryPoint","urlTemplate":"https:\/\/www.radiomanchester.com.br\/fm\/?s={search_term_string}"},"query-input":"required name=search_term_string"}],"inLanguage":"pt-BR"},{"@type":"ImageObject","@id":"https:\/\/www.radiomanchester.com.br\/fm\/fica-2022-leva-acoes-de-conscientizacao-e-protecao-ambiental-a-cidade-de-goias\/#primaryimage","inLanguage":"pt-BR","url":"https:\/\/www.radiomanchester.com.br\/fm\/wp-content\/uploads\/2022\/04\/GOIAS-POR-ANDRE-BABILONIA-300x203.png","contentUrl":"https:\/\/www.radiomanchester.com.br\/fm\/wp-content\/uploads\/2022\/04\/GOIAS-POR-ANDRE-BABILONIA-300x203.png"},{"@type":"WebPage","@id":"https:\/\/www.radiomanchester.com.br\/fm\/fica-2022-leva-acoes-de-conscientizacao-e-protecao-ambiental-a-cidade-de-goias\/#webpage","url":"https:\/\/www.radiomanchester.com.br\/fm\/fica-2022-leva-acoes-de-conscientizacao-e-protecao-ambiental-a-cidade-de-goias\/","name":"Fica 2022 leva a\u00e7\u00f5es de conscientiza\u00e7\u00e3o e prote\u00e7\u00e3o ambiental \u00e0 Cidade de Goi\u00e1s - Manchester FM 93,3","isPartOf":{"@id":"https:\/\/www.radiomanchester.com.br\/fm\/#website"},"primaryImageOfPage":{"@id":"https:\/\/www.radiomanchester.com.br\/fm\/fica-2022-leva-acoes-de-conscientizacao-e-protecao-ambiental-a-cidade-de-goias\/#primaryimage"},"datePublished":"2022-04-19T19:03:00+00:00","dateModified":"2022-04-19T01:04:37+00:00","author":{"@id":"https:\/\/www.radiomanchester.com.br\/fm\/#\/schema\/person\/408a7b4d4e32cbebd90e2782852abca3"},"breadcrumb":{"@id":"https:\/\/www.radiomanchester.com.br\/fm\/fica-2022-leva-acoes-de-conscientizacao-e-protecao-ambiental-a-cidade-de-goias\/#breadcrumb"},"inLanguage":"pt-BR","potentialAction":[{"@type":"ReadAction","target":["https:\/\/www.radiomanchester.com.br\/fm\/fica-2022-leva-acoes-de-conscientizacao-e-protecao-ambiental-a-cidade-de-goias\/"]}]},{"@type":"BreadcrumbList","@id":"https:\/\/www.radiomanchester.com.br\/fm\/fica-2022-leva-acoes-de-conscientizacao-e-protecao-ambiental-a-cidade-de-goias\/#breadcrumb","itemListElement":[{"@type":"ListItem","position":1,"name":"Home","item":"https:\/\/www.radiomanchester.com.br\/fm\/"},{"@type":"ListItem","position":2,"name":"Fica 2022 leva a\u00e7\u00f5es de conscientiza\u00e7\u00e3o e prote\u00e7\u00e3o ambiental \u00e0 Cidade de Goi\u00e1s"}]},{"@type":"Person","@id":"https:\/\/www.radiomanchester.com.br\/fm\/#\/schema\/person\/408a7b4d4e32cbebd90e2782852abca3","name":"admin","image":{"@type":"ImageObject","@id":"https:\/\/www.radiomanchester.com.br\/fm\/#personlogo","inLanguage":"pt-BR","url":"https:\/\/secure.gravatar.com\/avatar\/115a974dba3376872eb3addeb276301c?s=96&d=mm&r=g","contentUrl":"https:\/\/secure.gravatar.com\/avatar\/115a974dba3376872eb3addeb276301c?s=96&d=mm&r=g","caption":"admin"},"url":"https:\/\/www.radiomanchester.com.br\/fm\/author\/admin\/"}]}},"_links":{"self":[{"href":"https:\/\/www.radiomanchester.com.br\/fm\/wp-json\/wp\/v2\/posts\/7866"}],"collection":[{"href":"https:\/\/www.radiomanchester.com.br\/fm\/wp-json\/wp\/v2\/posts"}],"about":[{"href":"https:\/\/www.radiomanchester.com.br\/fm\/wp-json\/wp\/v2\/types\/post"}],"author":[{"embeddable":true,"href":"https:\/\/www.radiomanchester.com.br\/fm\/wp-json\/wp\/v2\/users\/1"}],"replies":[{"embeddable":true,"href":"https:\/\/www.radiomanchester.com.br\/fm\/wp-json\/wp\/v2\/comments?post=7866"}],"version-history":[{"count":1,"href":"https:\/\/www.radiomanchester.com.br\/fm\/wp-json\/wp\/v2\/posts\/7866\/revisions"}],"predecessor-version":[{"id":7868,"href":"https:\/\/www.radiomanchester.com.br\/fm\/wp-json\/wp\/v2\/posts\/7866\/revisions\/7868"}],"wp:attachment":[{"href":"https:\/\/www.radiomanchester.com.br\/fm\/wp-json\/wp\/v2\/media?parent=7866"}],"wp:term":[{"taxonomy":"category","embeddable":true,"href":"https:\/\/www.radiomanchester.com.br\/fm\/wp-json\/wp\/v2\/categories?post=7866"},{"taxonomy":"post_tag","embeddable":true,"href":"https:\/\/www.radiomanchester.com.br\/fm\/wp-json\/wp\/v2\/tags?post=7866"}],"curies":[{"name":"wp","href":"https:\/\/api.w.org\/{rel}","templated":true}]}}