{"id":7869,"date":"2022-04-20T05:50:00","date_gmt":"2022-04-20T08:50:00","guid":{"rendered":"https:\/\/www.radiomanchester.com.br\/fm\/?p=7869"},"modified":"2022-04-19T21:42:22","modified_gmt":"2022-04-20T00:42:22","slug":"consulta-ao-decimo-terceiro-do-inss-esta-aberta","status":"publish","type":"post","link":"https:\/\/www.radiomanchester.com.br\/fm\/consulta-ao-decimo-terceiro-do-inss-esta-aberta\/","title":{"rendered":"Consulta ao d\u00e9cimo terceiro do INSS est\u00e1 aberta"},"content":{"rendered":"\n<p><strong><em>Primeira parcela come\u00e7a a ser paga na pr\u00f3xima segunda-feira<\/em><\/strong><\/p>\n\n\n\n<p>Os aposentados e pensionistas do Instituto Nacional do Seguro Social (INSS) j\u00e1 podem consultar o extrato com os valores e as datas de pagamento do d\u00e9cimo terceiro. O procedimento pode ser feito tanto pelo aplicativo Meu INSS, dispon\u00edvel para celulares e tablets, como pelo site <a href=\"http:\/\/gov.br\/meuinss\">gov.br\/meuinss<\/a> .<\/p>\n\n\n\n<p>O <a href=\"https:\/\/agenciabrasil.ebc.com.br\/economia\/noticia\/2022-03\/aposentados-e-pensionistas-terao-decimo-terceiro-antecipado\">decreto<\/a> com a antecipa\u00e7\u00e3o do d\u00e9cimo terceiro foi assinado em mar\u00e7o. Este ser\u00e1 o terceiro ano seguido em que os segurados do INSS receber\u00e3o o d\u00e9cimo terceiro antes das datas tradicionais, em agosto e em dezembro. Em 2020 e 2021, o pagamento ocorreu mais cedo por causa da pandemia de covid-19.<\/p>\n\n\n\n<p>Segundo o Minist\u00e9rio do Trabalho e Previd\u00eancia, o pagamento do d\u00e9cimo terceiro antecipar\u00e1 a inje\u00e7\u00e3o de R$ 56,7 bilh\u00f5es na economia. Desse total, R$ 28,35 bilh\u00f5es correspondem \u00e0 primeira parcela, referente \u00e0 compet\u00eancia de abril, que ser\u00e1 paga entre o fim de abril e o in\u00edcio de maio. O restante corresponde \u00e0 segunda parcela, da compet\u00eancia de maio, a ser paga no fim de maio e in\u00edcio de junho.<\/p>\n\n\n\n<p>A maioria dos aposentados e pensionistas receber\u00e1 50% do d\u00e9cimo terceiro na primeira parcela. A exce\u00e7\u00e3o \u00e9 para quem passou a receber o benef\u00edcio depois de janeiro e ter\u00e1 o valor calculado proporcionalmente.<\/p>\n\n\n\n<p>O Minist\u00e9rio do Trabalho e Emprego esclarece que os segurados que recebem benef\u00edcio por incapacidade tempor\u00e1ria (antigo aux\u00edlio-doen\u00e7a) tamb\u00e9m t\u00eam direito a uma parcela menor do d\u00e9cimo terceiro, calculada de acordo com a dura\u00e7\u00e3o do benef\u00edcio. Por lei, os segurados que recebem benef\u00edcios assistenciais, como o Aux\u00edlio Brasil, n\u00e3o t\u00eam direito a d\u00e9cimo terceiro sal\u00e1rio.<\/p>\n\n\n\n<figure class=\"wp-block-image size-medium\"><img loading=\"lazy\" width=\"300\" height=\"179\" src=\"https:\/\/www.radiomanchester.com.br\/fm\/wp-content\/uploads\/2022\/04\/inss_rj_1409201583-300x179.jpg\" alt=\"\" class=\"wp-image-7870\" srcset=\"https:\/\/www.radiomanchester.com.br\/fm\/wp-content\/uploads\/2022\/04\/inss_rj_1409201583-300x179.jpg 300w, https:\/\/www.radiomanchester.com.br\/fm\/wp-content\/uploads\/2022\/04\/inss_rj_1409201583-1024x613.jpg 1024w, https:\/\/www.radiomanchester.com.br\/fm\/wp-content\/uploads\/2022\/04\/inss_rj_1409201583-768x459.jpg 768w, https:\/\/www.radiomanchester.com.br\/fm\/wp-content\/uploads\/2022\/04\/inss_rj_1409201583.jpg 1170w\" sizes=\"(max-width: 300px) 100vw, 300px\" \/><figcaption>Instituto Nacional do Seguro Social (INSS) volta atendimento presencial nas ag\u00eancias.<\/figcaption><\/figure>\n\n\n\n<p>por Ag\u00eancia Brasil &#8211; foto: Ag\u00eancia Brasil<\/p>\n","protected":false},"excerpt":{"rendered":"<p class=\"excerpt\">Primeira parcela come\u00e7a a ser paga na pr\u00f3xima segunda-feira Os aposentados e pensionistas do Instituto Nacional do Seguro Social (INSS) j\u00e1 podem consultar o extrato com os valores e as datas de pagamento do d\u00e9cimo terceiro. O procedimento pode ser feito tanto pelo aplicativo Meu INSS, dispon\u00edvel para celulares e tablets, como pelo site gov.br\/meuinss [&hellip;]<\/p>\n","protected":false},"author":1,"featured_media":0,"comment_status":"open","ping_status":"open","sticky":false,"template":"","format":"standard","meta":[],"categories":[8,17],"tags":[22,24,113,83,92],"yoast_head":"<!-- This site is optimized with the Yoast SEO plugin v18.3 - https:\/\/yoast.com\/wordpress\/plugins\/seo\/ -->\n<title>Consulta ao d\u00e9cimo terceiro do INSS est\u00e1 aberta - Manchester FM 93,3<\/title>\n<meta name=\"robots\" content=\"index, follow, max-snippet:-1, max-image-preview:large, max-video-preview:-1\" \/>\n<link rel=\"canonical\" href=\"https:\/\/www.radiomanchester.com.br\/fm\/consulta-ao-decimo-terceiro-do-inss-esta-aberta\/\" \/>\n<meta property=\"og:locale\" content=\"pt_BR\" \/>\n<meta property=\"og:type\" content=\"article\" \/>\n<meta property=\"og:title\" content=\"Consulta ao d\u00e9cimo terceiro do INSS est\u00e1 aberta - Manchester FM 93,3\" \/>\n<meta property=\"og:description\" content=\"Primeira parcela come\u00e7a a ser paga na pr\u00f3xima segunda-feira Os aposentados e pensionistas do Instituto Nacional do Seguro Social (INSS) j\u00e1 podem consultar o extrato com os valores e as datas de pagamento do d\u00e9cimo terceiro. O procedimento pode ser feito tanto pelo aplicativo Meu INSS, dispon\u00edvel para celulares e tablets, como pelo site gov.br\/meuinss [&hellip;]\" \/>\n<meta property=\"og:url\" content=\"https:\/\/www.radiomanchester.com.br\/fm\/consulta-ao-decimo-terceiro-do-inss-esta-aberta\/\" \/>\n<meta property=\"og:site_name\" content=\"Manchester FM 93,3\" \/>\n<meta property=\"article:published_time\" content=\"2022-04-20T08:50:00+00:00\" \/>\n<meta property=\"article:modified_time\" content=\"2022-04-20T00:42:22+00:00\" \/>\n<meta property=\"og:image\" content=\"https:\/\/www.radiomanchester.com.br\/fm\/wp-content\/uploads\/2022\/04\/inss_rj_1409201583-300x179.jpg\" \/>\n<meta name=\"twitter:card\" content=\"summary_large_image\" \/>\n<meta name=\"twitter:label1\" content=\"Escrito por\" \/>\n\t<meta name=\"twitter:data1\" content=\"admin\" \/>\n\t<meta name=\"twitter:label2\" content=\"Est. tempo de leitura\" \/>\n\t<meta name=\"twitter:data2\" content=\"2 minutos\" \/>\n<script type=\"application\/ld+json\" class=\"yoast-schema-graph\">{\"@context\":\"https:\/\/schema.org\",\"@graph\":[{\"@type\":\"WebSite\",\"@id\":\"https:\/\/www.radiomanchester.com.br\/fm\/#website\",\"url\":\"https:\/\/www.radiomanchester.com.br\/fm\/\",\"name\":\"Manchester FM 93,3\",\"description\":\"Todo Mundo Ouve!\",\"potentialAction\":[{\"@type\":\"SearchAction\",\"target\":{\"@type\":\"EntryPoint\",\"urlTemplate\":\"https:\/\/www.radiomanchester.com.br\/fm\/?s={search_term_string}\"},\"query-input\":\"required name=search_term_string\"}],\"inLanguage\":\"pt-BR\"},{\"@type\":\"ImageObject\",\"@id\":\"https:\/\/www.radiomanchester.com.br\/fm\/consulta-ao-decimo-terceiro-do-inss-esta-aberta\/#primaryimage\",\"inLanguage\":\"pt-BR\",\"url\":\"https:\/\/www.radiomanchester.com.br\/fm\/wp-content\/uploads\/2022\/04\/inss_rj_1409201583-300x179.jpg\",\"contentUrl\":\"https:\/\/www.radiomanchester.com.br\/fm\/wp-content\/uploads\/2022\/04\/inss_rj_1409201583-300x179.jpg\"},{\"@type\":\"WebPage\",\"@id\":\"https:\/\/www.radiomanchester.com.br\/fm\/consulta-ao-decimo-terceiro-do-inss-esta-aberta\/#webpage\",\"url\":\"https:\/\/www.radiomanchester.com.br\/fm\/consulta-ao-decimo-terceiro-do-inss-esta-aberta\/\",\"name\":\"Consulta ao d\u00e9cimo terceiro do INSS est\u00e1 aberta - Manchester FM 93,3\",\"isPartOf\":{\"@id\":\"https:\/\/www.radiomanchester.com.br\/fm\/#website\"},\"primaryImageOfPage\":{\"@id\":\"https:\/\/www.radiomanchester.com.br\/fm\/consulta-ao-decimo-terceiro-do-inss-esta-aberta\/#primaryimage\"},\"datePublished\":\"2022-04-20T08:50:00+00:00\",\"dateModified\":\"2022-04-20T00:42:22+00:00\",\"author\":{\"@id\":\"https:\/\/www.radiomanchester.com.br\/fm\/#\/schema\/person\/408a7b4d4e32cbebd90e2782852abca3\"},\"breadcrumb\":{\"@id\":\"https:\/\/www.radiomanchester.com.br\/fm\/consulta-ao-decimo-terceiro-do-inss-esta-aberta\/#breadcrumb\"},\"inLanguage\":\"pt-BR\",\"potentialAction\":[{\"@type\":\"ReadAction\",\"target\":[\"https:\/\/www.radiomanchester.com.br\/fm\/consulta-ao-decimo-terceiro-do-inss-esta-aberta\/\"]}]},{\"@type\":\"BreadcrumbList\",\"@id\":\"https:\/\/www.radiomanchester.com.br\/fm\/consulta-ao-decimo-terceiro-do-inss-esta-aberta\/#breadcrumb\",\"itemListElement\":[{\"@type\":\"ListItem\",\"position\":1,\"name\":\"Home\",\"item\":\"https:\/\/www.radiomanchester.com.br\/fm\/\"},{\"@type\":\"ListItem\",\"position\":2,\"name\":\"Consulta ao d\u00e9cimo terceiro do INSS est\u00e1 aberta\"}]},{\"@type\":\"Person\",\"@id\":\"https:\/\/www.radiomanchester.com.br\/fm\/#\/schema\/person\/408a7b4d4e32cbebd90e2782852abca3\",\"name\":\"admin\",\"image\":{\"@type\":\"ImageObject\",\"@id\":\"https:\/\/www.radiomanchester.com.br\/fm\/#personlogo\",\"inLanguage\":\"pt-BR\",\"url\":\"https:\/\/secure.gravatar.com\/avatar\/115a974dba3376872eb3addeb276301c?s=96&d=mm&r=g\",\"contentUrl\":\"https:\/\/secure.gravatar.com\/avatar\/115a974dba3376872eb3addeb276301c?s=96&d=mm&r=g\",\"caption\":\"admin\"},\"url\":\"https:\/\/www.radiomanchester.com.br\/fm\/author\/admin\/\"}]}<\/script>\n<!-- \/ Yoast SEO plugin. -->","yoast_head_json":{"title":"Consulta ao d\u00e9cimo terceiro do INSS est\u00e1 aberta - Manchester FM 93,3","robots":{"index":"index","follow":"follow","max-snippet":"max-snippet:-1","max-image-preview":"max-image-preview:large","max-video-preview":"max-video-preview:-1"},"canonical":"https:\/\/www.radiomanchester.com.br\/fm\/consulta-ao-decimo-terceiro-do-inss-esta-aberta\/","og_locale":"pt_BR","og_type":"article","og_title":"Consulta ao d\u00e9cimo terceiro do INSS est\u00e1 aberta - Manchester FM 93,3","og_description":"Primeira parcela come\u00e7a a ser paga na pr\u00f3xima segunda-feira Os aposentados e pensionistas do Instituto Nacional do Seguro Social (INSS) j\u00e1 podem consultar o extrato com os valores e as datas de pagamento do d\u00e9cimo terceiro. O procedimento pode ser feito tanto pelo aplicativo Meu INSS, dispon\u00edvel para celulares e tablets, como pelo site gov.br\/meuinss [&hellip;]","og_url":"https:\/\/www.radiomanchester.com.br\/fm\/consulta-ao-decimo-terceiro-do-inss-esta-aberta\/","og_site_name":"Manchester FM 93,3","article_published_time":"2022-04-20T08:50:00+00:00","article_modified_time":"2022-04-20T00:42:22+00:00","og_image":[{"url":"https:\/\/www.radiomanchester.com.br\/fm\/wp-content\/uploads\/2022\/04\/inss_rj_1409201583-300x179.jpg"}],"twitter_card":"summary_large_image","twitter_misc":{"Escrito por":"admin","Est. tempo de leitura":"2 minutos"},"schema":{"@context":"https:\/\/schema.org","@graph":[{"@type":"WebSite","@id":"https:\/\/www.radiomanchester.com.br\/fm\/#website","url":"https:\/\/www.radiomanchester.com.br\/fm\/","name":"Manchester FM 93,3","description":"Todo Mundo Ouve!","potentialAction":[{"@type":"SearchAction","target":{"@type":"EntryPoint","urlTemplate":"https:\/\/www.radiomanchester.com.br\/fm\/?s={search_term_string}"},"query-input":"required name=search_term_string"}],"inLanguage":"pt-BR"},{"@type":"ImageObject","@id":"https:\/\/www.radiomanchester.com.br\/fm\/consulta-ao-decimo-terceiro-do-inss-esta-aberta\/#primaryimage","inLanguage":"pt-BR","url":"https:\/\/www.radiomanchester.com.br\/fm\/wp-content\/uploads\/2022\/04\/inss_rj_1409201583-300x179.jpg","contentUrl":"https:\/\/www.radiomanchester.com.br\/fm\/wp-content\/uploads\/2022\/04\/inss_rj_1409201583-300x179.jpg"},{"@type":"WebPage","@id":"https:\/\/www.radiomanchester.com.br\/fm\/consulta-ao-decimo-terceiro-do-inss-esta-aberta\/#webpage","url":"https:\/\/www.radiomanchester.com.br\/fm\/consulta-ao-decimo-terceiro-do-inss-esta-aberta\/","name":"Consulta ao d\u00e9cimo terceiro do INSS est\u00e1 aberta - Manchester FM 93,3","isPartOf":{"@id":"https:\/\/www.radiomanchester.com.br\/fm\/#website"},"primaryImageOfPage":{"@id":"https:\/\/www.radiomanchester.com.br\/fm\/consulta-ao-decimo-terceiro-do-inss-esta-aberta\/#primaryimage"},"datePublished":"2022-04-20T08:50:00+00:00","dateModified":"2022-04-20T00:42:22+00:00","author":{"@id":"https:\/\/www.radiomanchester.com.br\/fm\/#\/schema\/person\/408a7b4d4e32cbebd90e2782852abca3"},"breadcrumb":{"@id":"https:\/\/www.radiomanchester.com.br\/fm\/consulta-ao-decimo-terceiro-do-inss-esta-aberta\/#breadcrumb"},"inLanguage":"pt-BR","potentialAction":[{"@type":"ReadAction","target":["https:\/\/www.radiomanchester.com.br\/fm\/consulta-ao-decimo-terceiro-do-inss-esta-aberta\/"]}]},{"@type":"BreadcrumbList","@id":"https:\/\/www.radiomanchester.com.br\/fm\/consulta-ao-decimo-terceiro-do-inss-esta-aberta\/#breadcrumb","itemListElement":[{"@type":"ListItem","position":1,"name":"Home","item":"https:\/\/www.radiomanchester.com.br\/fm\/"},{"@type":"ListItem","position":2,"name":"Consulta ao d\u00e9cimo terceiro do INSS est\u00e1 aberta"}]},{"@type":"Person","@id":"https:\/\/www.radiomanchester.com.br\/fm\/#\/schema\/person\/408a7b4d4e32cbebd90e2782852abca3","name":"admin","image":{"@type":"ImageObject","@id":"https:\/\/www.radiomanchester.com.br\/fm\/#personlogo","inLanguage":"pt-BR","url":"https:\/\/secure.gravatar.com\/avatar\/115a974dba3376872eb3addeb276301c?s=96&d=mm&r=g","contentUrl":"https:\/\/secure.gravatar.com\/avatar\/115a974dba3376872eb3addeb276301c?s=96&d=mm&r=g","caption":"admin"},"url":"https:\/\/www.radiomanchester.com.br\/fm\/author\/admin\/"}]}},"_links":{"self":[{"href":"https:\/\/www.radiomanchester.com.br\/fm\/wp-json\/wp\/v2\/posts\/7869"}],"collection":[{"href":"https:\/\/www.radiomanchester.com.br\/fm\/wp-json\/wp\/v2\/posts"}],"about":[{"href":"https:\/\/www.radiomanchester.com.br\/fm\/wp-json\/wp\/v2\/types\/post"}],"author":[{"embeddable":true,"href":"https:\/\/www.radiomanchester.com.br\/fm\/wp-json\/wp\/v2\/users\/1"}],"replies":[{"embeddable":true,"href":"https:\/\/www.radiomanchester.com.br\/fm\/wp-json\/wp\/v2\/comments?post=7869"}],"version-history":[{"count":1,"href":"https:\/\/www.radiomanchester.com.br\/fm\/wp-json\/wp\/v2\/posts\/7869\/revisions"}],"predecessor-version":[{"id":7871,"href":"https:\/\/www.radiomanchester.com.br\/fm\/wp-json\/wp\/v2\/posts\/7869\/revisions\/7871"}],"wp:attachment":[{"href":"https:\/\/www.radiomanchester.com.br\/fm\/wp-json\/wp\/v2\/media?parent=7869"}],"wp:term":[{"taxonomy":"category","embeddable":true,"href":"https:\/\/www.radiomanchester.com.br\/fm\/wp-json\/wp\/v2\/categories?post=7869"},{"taxonomy":"post_tag","embeddable":true,"href":"https:\/\/www.radiomanchester.com.br\/fm\/wp-json\/wp\/v2\/tags?post=7869"}],"curies":[{"name":"wp","href":"https:\/\/api.w.org\/{rel}","templated":true}]}}