{"id":7885,"date":"2022-04-21T15:00:00","date_gmt":"2022-04-21T18:00:00","guid":{"rendered":"https:\/\/www.radiomanchester.com.br\/fm\/?p=7885"},"modified":"2022-04-21T11:38:52","modified_gmt":"2022-04-21T14:38:52","slug":"cnh-social-prazo-para-assegurar-vaga-na-6a-etapa-termina-dia-25","status":"publish","type":"post","link":"https:\/\/www.radiomanchester.com.br\/fm\/cnh-social-prazo-para-assegurar-vaga-na-6a-etapa-termina-dia-25\/","title":{"rendered":"CNH Social: prazo para assegurar vaga na 6\u00aa etapa termina dia 25"},"content":{"rendered":"\n<p><strong><em>Para garantir a vaga, os selecionados t\u00eam de entregar a documenta\u00e7\u00e3o em um posto de atendimento presencial at\u00e9 a pr\u00f3xima segunda-feira, dia 25. Lista com convocados em segunda chamada deve ser divulgada no dia 29 de abril<\/em><\/strong><\/p>\n\n\n\n<p>Na pr\u00f3xima segunda-feira (25 de abril), termina o prazo para os contemplados na 6\u00aa etapa do programa CNH Social iniciarem o processo de habilita\u00e7\u00e3o, adi\u00e7\u00e3o ou mudan\u00e7a de categoria. Eles devem procurar uma unidade de atendimento presencial do Departamento Estadual de Tr\u00e2nsito (Detran-GO) ou Vapt Vupt para entregar a documenta\u00e7\u00e3o exigida para a abertura do Registro Nacional de Carteira de Habilita\u00e7\u00e3o (Renach). Conforme edital, o candidato que perder o prazo ser\u00e1 desclassificado. A segunda chamada com as vagas remanescentes deve ser divulgada no dia 29 de abril.<\/p>\n\n\n\n<p>Nesta etapa est\u00e3o sendo oferecidas 11.010 vagas para que a popula\u00e7\u00e3o de baixa renda possa obter a primeira habilita\u00e7\u00e3o, mudar ou adicionar categoria gratuitamente. O programa, criado pelo Governo de Goi\u00e1s em 2019, \u00e9 dividido nas modalidades Estudantil, Urbana e Rural e, desde a cria\u00e7\u00e3o, j\u00e1 beneficiou mais de 17 mil pessoas. Podem participar moradores do Estado com idade igual ou superior a 18 anos que saibam ler e escrever e cumpram os crit\u00e9rios estabelecidos no edital.<\/p>\n\n\n\n<p>Os candidatos que perderem o prazo ou deixarem de apresentar a documenta\u00e7\u00e3o compat\u00edvel com as informa\u00e7\u00f5es prestadas, no momento da inscri\u00e7\u00e3o, ser\u00e3o automaticamente desclassificados. \u201cOs inscritos devem ficar atentos e acompanhar o cronograma e publica\u00e7\u00f5es do programa,\u201d alerta a coordenadora Ednalva Garcia.<\/p>\n\n\n\n<p>Os contemplados recebem isen\u00e7\u00e3o de taxas como inclus\u00e3o no Renach, Licen\u00e7a de Aprendizagem de Dire\u00e7\u00e3o Veicular, agendamento de prova te\u00f3rica, agendamento de exame pr\u00e1tico, exame m\u00e9dico e psicol\u00f3gico. Por meio de parcerias com os Centros de Forma\u00e7\u00e3o de Condutores (CFCs), s\u00e3o oferecidos ainda o curso te\u00f3rico de legisla\u00e7\u00e3o de tr\u00e2nsito, as aulas pr\u00e1ticas de dire\u00e7\u00e3o e at\u00e9 tr\u00eas retestes gratuitos.<\/p>\n\n\n\n<p>Cronograma<\/p>\n\n\n\n<ul><li>25\/04\/22 \u2013 Prazo final para entrega da documenta\u00e7\u00e3o e abertura do Renach.<\/li><li>29\/04\/22 \u2013 Data prevista para divulga\u00e7\u00e3o da segunda chamada.<\/li><\/ul>\n\n\n\n<figure class=\"wp-block-image size-medium\"><img loading=\"lazy\" width=\"300\" height=\"181\" src=\"https:\/\/www.radiomanchester.com.br\/fm\/wp-content\/uploads\/2022\/04\/CNH_Social_a-300x181.jpg\" alt=\"\" class=\"wp-image-7886\" srcset=\"https:\/\/www.radiomanchester.com.br\/fm\/wp-content\/uploads\/2022\/04\/CNH_Social_a-300x181.jpg 300w, https:\/\/www.radiomanchester.com.br\/fm\/wp-content\/uploads\/2022\/04\/CNH_Social_a-768x464.jpg 768w, https:\/\/www.radiomanchester.com.br\/fm\/wp-content\/uploads\/2022\/04\/CNH_Social_a.jpg 960w\" sizes=\"(max-width: 300px) 100vw, 300px\" \/><\/figure>\n\n\n\n<p>por Detran-GO &#8211; foto: Detran<\/p>\n","protected":false},"excerpt":{"rendered":"<p class=\"excerpt\">Para garantir a vaga, os selecionados t\u00eam de entregar a documenta\u00e7\u00e3o em um posto de atendimento presencial at\u00e9 a pr\u00f3xima segunda-feira, dia 25. Lista com convocados em segunda chamada deve ser divulgada no dia 29 de abril Na pr\u00f3xima segunda-feira (25 de abril), termina o prazo para os contemplados na 6\u00aa etapa do programa CNH [&hellip;]<\/p>\n","protected":false},"author":1,"featured_media":0,"comment_status":"open","ping_status":"open","sticky":false,"template":"","format":"standard","meta":[],"categories":[8,17],"tags":[22,24,113,83,92],"yoast_head":"<!-- This site is optimized with the Yoast SEO plugin v18.3 - https:\/\/yoast.com\/wordpress\/plugins\/seo\/ -->\n<title>CNH Social: prazo para assegurar vaga na 6\u00aa etapa termina dia 25 - Manchester FM 93,3<\/title>\n<meta name=\"robots\" content=\"index, follow, max-snippet:-1, max-image-preview:large, max-video-preview:-1\" \/>\n<link rel=\"canonical\" href=\"https:\/\/www.radiomanchester.com.br\/fm\/cnh-social-prazo-para-assegurar-vaga-na-6a-etapa-termina-dia-25\/\" \/>\n<meta property=\"og:locale\" content=\"pt_BR\" \/>\n<meta property=\"og:type\" content=\"article\" \/>\n<meta property=\"og:title\" content=\"CNH Social: prazo para assegurar vaga na 6\u00aa etapa termina dia 25 - Manchester FM 93,3\" \/>\n<meta property=\"og:description\" content=\"Para garantir a vaga, os selecionados t\u00eam de entregar a documenta\u00e7\u00e3o em um posto de atendimento presencial at\u00e9 a pr\u00f3xima segunda-feira, dia 25. Lista com convocados em segunda chamada deve ser divulgada no dia 29 de abril Na pr\u00f3xima segunda-feira (25 de abril), termina o prazo para os contemplados na 6\u00aa etapa do programa CNH [&hellip;]\" \/>\n<meta property=\"og:url\" content=\"https:\/\/www.radiomanchester.com.br\/fm\/cnh-social-prazo-para-assegurar-vaga-na-6a-etapa-termina-dia-25\/\" \/>\n<meta property=\"og:site_name\" content=\"Manchester FM 93,3\" \/>\n<meta property=\"article:published_time\" content=\"2022-04-21T18:00:00+00:00\" \/>\n<meta property=\"article:modified_time\" content=\"2022-04-21T14:38:52+00:00\" \/>\n<meta property=\"og:image\" content=\"https:\/\/www.radiomanchester.com.br\/fm\/wp-content\/uploads\/2022\/04\/CNH_Social_a-300x181.jpg\" \/>\n<meta name=\"twitter:card\" content=\"summary_large_image\" \/>\n<meta name=\"twitter:label1\" content=\"Escrito por\" \/>\n\t<meta name=\"twitter:data1\" content=\"admin\" \/>\n\t<meta name=\"twitter:label2\" content=\"Est. tempo de leitura\" \/>\n\t<meta name=\"twitter:data2\" content=\"3 minutos\" \/>\n<script type=\"application\/ld+json\" class=\"yoast-schema-graph\">{\"@context\":\"https:\/\/schema.org\",\"@graph\":[{\"@type\":\"WebSite\",\"@id\":\"https:\/\/www.radiomanchester.com.br\/fm\/#website\",\"url\":\"https:\/\/www.radiomanchester.com.br\/fm\/\",\"name\":\"Manchester FM 93,3\",\"description\":\"Todo Mundo Ouve!\",\"potentialAction\":[{\"@type\":\"SearchAction\",\"target\":{\"@type\":\"EntryPoint\",\"urlTemplate\":\"https:\/\/www.radiomanchester.com.br\/fm\/?s={search_term_string}\"},\"query-input\":\"required name=search_term_string\"}],\"inLanguage\":\"pt-BR\"},{\"@type\":\"ImageObject\",\"@id\":\"https:\/\/www.radiomanchester.com.br\/fm\/cnh-social-prazo-para-assegurar-vaga-na-6a-etapa-termina-dia-25\/#primaryimage\",\"inLanguage\":\"pt-BR\",\"url\":\"https:\/\/www.radiomanchester.com.br\/fm\/wp-content\/uploads\/2022\/04\/CNH_Social_a-300x181.jpg\",\"contentUrl\":\"https:\/\/www.radiomanchester.com.br\/fm\/wp-content\/uploads\/2022\/04\/CNH_Social_a-300x181.jpg\"},{\"@type\":\"WebPage\",\"@id\":\"https:\/\/www.radiomanchester.com.br\/fm\/cnh-social-prazo-para-assegurar-vaga-na-6a-etapa-termina-dia-25\/#webpage\",\"url\":\"https:\/\/www.radiomanchester.com.br\/fm\/cnh-social-prazo-para-assegurar-vaga-na-6a-etapa-termina-dia-25\/\",\"name\":\"CNH Social: prazo para assegurar vaga na 6\u00aa etapa termina dia 25 - Manchester FM 93,3\",\"isPartOf\":{\"@id\":\"https:\/\/www.radiomanchester.com.br\/fm\/#website\"},\"primaryImageOfPage\":{\"@id\":\"https:\/\/www.radiomanchester.com.br\/fm\/cnh-social-prazo-para-assegurar-vaga-na-6a-etapa-termina-dia-25\/#primaryimage\"},\"datePublished\":\"2022-04-21T18:00:00+00:00\",\"dateModified\":\"2022-04-21T14:38:52+00:00\",\"author\":{\"@id\":\"https:\/\/www.radiomanchester.com.br\/fm\/#\/schema\/person\/408a7b4d4e32cbebd90e2782852abca3\"},\"breadcrumb\":{\"@id\":\"https:\/\/www.radiomanchester.com.br\/fm\/cnh-social-prazo-para-assegurar-vaga-na-6a-etapa-termina-dia-25\/#breadcrumb\"},\"inLanguage\":\"pt-BR\",\"potentialAction\":[{\"@type\":\"ReadAction\",\"target\":[\"https:\/\/www.radiomanchester.com.br\/fm\/cnh-social-prazo-para-assegurar-vaga-na-6a-etapa-termina-dia-25\/\"]}]},{\"@type\":\"BreadcrumbList\",\"@id\":\"https:\/\/www.radiomanchester.com.br\/fm\/cnh-social-prazo-para-assegurar-vaga-na-6a-etapa-termina-dia-25\/#breadcrumb\",\"itemListElement\":[{\"@type\":\"ListItem\",\"position\":1,\"name\":\"Home\",\"item\":\"https:\/\/www.radiomanchester.com.br\/fm\/\"},{\"@type\":\"ListItem\",\"position\":2,\"name\":\"CNH Social: prazo para assegurar vaga na 6\u00aa etapa termina dia 25\"}]},{\"@type\":\"Person\",\"@id\":\"https:\/\/www.radiomanchester.com.br\/fm\/#\/schema\/person\/408a7b4d4e32cbebd90e2782852abca3\",\"name\":\"admin\",\"image\":{\"@type\":\"ImageObject\",\"@id\":\"https:\/\/www.radiomanchester.com.br\/fm\/#personlogo\",\"inLanguage\":\"pt-BR\",\"url\":\"https:\/\/secure.gravatar.com\/avatar\/115a974dba3376872eb3addeb276301c?s=96&d=mm&r=g\",\"contentUrl\":\"https:\/\/secure.gravatar.com\/avatar\/115a974dba3376872eb3addeb276301c?s=96&d=mm&r=g\",\"caption\":\"admin\"},\"url\":\"https:\/\/www.radiomanchester.com.br\/fm\/author\/admin\/\"}]}<\/script>\n<!-- \/ Yoast SEO plugin. -->","yoast_head_json":{"title":"CNH Social: prazo para assegurar vaga na 6\u00aa etapa termina dia 25 - Manchester FM 93,3","robots":{"index":"index","follow":"follow","max-snippet":"max-snippet:-1","max-image-preview":"max-image-preview:large","max-video-preview":"max-video-preview:-1"},"canonical":"https:\/\/www.radiomanchester.com.br\/fm\/cnh-social-prazo-para-assegurar-vaga-na-6a-etapa-termina-dia-25\/","og_locale":"pt_BR","og_type":"article","og_title":"CNH Social: prazo para assegurar vaga na 6\u00aa etapa termina dia 25 - Manchester FM 93,3","og_description":"Para garantir a vaga, os selecionados t\u00eam de entregar a documenta\u00e7\u00e3o em um posto de atendimento presencial at\u00e9 a pr\u00f3xima segunda-feira, dia 25. Lista com convocados em segunda chamada deve ser divulgada no dia 29 de abril Na pr\u00f3xima segunda-feira (25 de abril), termina o prazo para os contemplados na 6\u00aa etapa do programa CNH [&hellip;]","og_url":"https:\/\/www.radiomanchester.com.br\/fm\/cnh-social-prazo-para-assegurar-vaga-na-6a-etapa-termina-dia-25\/","og_site_name":"Manchester FM 93,3","article_published_time":"2022-04-21T18:00:00+00:00","article_modified_time":"2022-04-21T14:38:52+00:00","og_image":[{"url":"https:\/\/www.radiomanchester.com.br\/fm\/wp-content\/uploads\/2022\/04\/CNH_Social_a-300x181.jpg"}],"twitter_card":"summary_large_image","twitter_misc":{"Escrito por":"admin","Est. tempo de leitura":"3 minutos"},"schema":{"@context":"https:\/\/schema.org","@graph":[{"@type":"WebSite","@id":"https:\/\/www.radiomanchester.com.br\/fm\/#website","url":"https:\/\/www.radiomanchester.com.br\/fm\/","name":"Manchester FM 93,3","description":"Todo Mundo Ouve!","potentialAction":[{"@type":"SearchAction","target":{"@type":"EntryPoint","urlTemplate":"https:\/\/www.radiomanchester.com.br\/fm\/?s={search_term_string}"},"query-input":"required name=search_term_string"}],"inLanguage":"pt-BR"},{"@type":"ImageObject","@id":"https:\/\/www.radiomanchester.com.br\/fm\/cnh-social-prazo-para-assegurar-vaga-na-6a-etapa-termina-dia-25\/#primaryimage","inLanguage":"pt-BR","url":"https:\/\/www.radiomanchester.com.br\/fm\/wp-content\/uploads\/2022\/04\/CNH_Social_a-300x181.jpg","contentUrl":"https:\/\/www.radiomanchester.com.br\/fm\/wp-content\/uploads\/2022\/04\/CNH_Social_a-300x181.jpg"},{"@type":"WebPage","@id":"https:\/\/www.radiomanchester.com.br\/fm\/cnh-social-prazo-para-assegurar-vaga-na-6a-etapa-termina-dia-25\/#webpage","url":"https:\/\/www.radiomanchester.com.br\/fm\/cnh-social-prazo-para-assegurar-vaga-na-6a-etapa-termina-dia-25\/","name":"CNH Social: prazo para assegurar vaga na 6\u00aa etapa termina dia 25 - Manchester FM 93,3","isPartOf":{"@id":"https:\/\/www.radiomanchester.com.br\/fm\/#website"},"primaryImageOfPage":{"@id":"https:\/\/www.radiomanchester.com.br\/fm\/cnh-social-prazo-para-assegurar-vaga-na-6a-etapa-termina-dia-25\/#primaryimage"},"datePublished":"2022-04-21T18:00:00+00:00","dateModified":"2022-04-21T14:38:52+00:00","author":{"@id":"https:\/\/www.radiomanchester.com.br\/fm\/#\/schema\/person\/408a7b4d4e32cbebd90e2782852abca3"},"breadcrumb":{"@id":"https:\/\/www.radiomanchester.com.br\/fm\/cnh-social-prazo-para-assegurar-vaga-na-6a-etapa-termina-dia-25\/#breadcrumb"},"inLanguage":"pt-BR","potentialAction":[{"@type":"ReadAction","target":["https:\/\/www.radiomanchester.com.br\/fm\/cnh-social-prazo-para-assegurar-vaga-na-6a-etapa-termina-dia-25\/"]}]},{"@type":"BreadcrumbList","@id":"https:\/\/www.radiomanchester.com.br\/fm\/cnh-social-prazo-para-assegurar-vaga-na-6a-etapa-termina-dia-25\/#breadcrumb","itemListElement":[{"@type":"ListItem","position":1,"name":"Home","item":"https:\/\/www.radiomanchester.com.br\/fm\/"},{"@type":"ListItem","position":2,"name":"CNH Social: prazo para assegurar vaga na 6\u00aa etapa termina dia 25"}]},{"@type":"Person","@id":"https:\/\/www.radiomanchester.com.br\/fm\/#\/schema\/person\/408a7b4d4e32cbebd90e2782852abca3","name":"admin","image":{"@type":"ImageObject","@id":"https:\/\/www.radiomanchester.com.br\/fm\/#personlogo","inLanguage":"pt-BR","url":"https:\/\/secure.gravatar.com\/avatar\/115a974dba3376872eb3addeb276301c?s=96&d=mm&r=g","contentUrl":"https:\/\/secure.gravatar.com\/avatar\/115a974dba3376872eb3addeb276301c?s=96&d=mm&r=g","caption":"admin"},"url":"https:\/\/www.radiomanchester.com.br\/fm\/author\/admin\/"}]}},"_links":{"self":[{"href":"https:\/\/www.radiomanchester.com.br\/fm\/wp-json\/wp\/v2\/posts\/7885"}],"collection":[{"href":"https:\/\/www.radiomanchester.com.br\/fm\/wp-json\/wp\/v2\/posts"}],"about":[{"href":"https:\/\/www.radiomanchester.com.br\/fm\/wp-json\/wp\/v2\/types\/post"}],"author":[{"embeddable":true,"href":"https:\/\/www.radiomanchester.com.br\/fm\/wp-json\/wp\/v2\/users\/1"}],"replies":[{"embeddable":true,"href":"https:\/\/www.radiomanchester.com.br\/fm\/wp-json\/wp\/v2\/comments?post=7885"}],"version-history":[{"count":1,"href":"https:\/\/www.radiomanchester.com.br\/fm\/wp-json\/wp\/v2\/posts\/7885\/revisions"}],"predecessor-version":[{"id":7887,"href":"https:\/\/www.radiomanchester.com.br\/fm\/wp-json\/wp\/v2\/posts\/7885\/revisions\/7887"}],"wp:attachment":[{"href":"https:\/\/www.radiomanchester.com.br\/fm\/wp-json\/wp\/v2\/media?parent=7885"}],"wp:term":[{"taxonomy":"category","embeddable":true,"href":"https:\/\/www.radiomanchester.com.br\/fm\/wp-json\/wp\/v2\/categories?post=7885"},{"taxonomy":"post_tag","embeddable":true,"href":"https:\/\/www.radiomanchester.com.br\/fm\/wp-json\/wp\/v2\/tags?post=7885"}],"curies":[{"name":"wp","href":"https:\/\/api.w.org\/{rel}","templated":true}]}}