{"id":7929,"date":"2022-04-30T19:16:35","date_gmt":"2022-04-30T22:16:35","guid":{"rendered":"https:\/\/www.radiomanchester.com.br\/fm\/?p=7929"},"modified":"2022-04-30T19:16:39","modified_gmt":"2022-04-30T22:16:39","slug":"familias-e-estudantes-da-rede-municipal-participam-do-reconecte-projeto-do-governo-federal","status":"publish","type":"post","link":"https:\/\/www.radiomanchester.com.br\/fm\/familias-e-estudantes-da-rede-municipal-participam-do-reconecte-projeto-do-governo-federal\/","title":{"rendered":"Fam\u00edlias e estudantes da rede municipal participam do Reconecte, projeto do governo federal"},"content":{"rendered":"\n<p><\/p>\n\n\n\n<p><em><strong>Iniciativa reflete sobre uso da tecnologia que aproxima pessoas no mundo virtual, mas pode afetar v\u00ednculos familiares<\/strong><\/em><\/p>\n\n\n\n<p>Nesta semana, 60 fam\u00edlias participaram do encerramento das turmas do Reconecte, na Escola Municipal Pedro Ludovico Teixeira. O projeto \u00e9 uma iniciativa do governo federal, realizado pelo Minist\u00e9rio da Mulher, da Fam\u00edlia e dos Direitos Humanos, em parceria com a Escola de Pais do Brasil, a Base A\u00e9rea de An\u00e1polis e a Prefeitura, por meio da Secretaria de Educa\u00e7\u00e3o com a participa\u00e7\u00e3o das escolas da rede municipal.<\/p>\n\n\n\n<p>A iniciativa beneficiar\u00e1 mais de 400 fam\u00edlias de An\u00e1polis e tem como intuito ressignificar o uso da tecnologia, fazendo dela uma facilitadora nas rela\u00e7\u00f5es familiares, \u201creconectando\u201d relacionamentos sociais. \u201cA tecnologia, ao mesmo tempo em que aproxima indiv\u00edduos ao redor do mundo, pode tamb\u00e9m segregar pessoas em um n\u00facleo familiar. Crian\u00e7as e adolescentes est\u00e3o cada vez mais conectados no mundo digital e, por sua vez, desconectados dos la\u00e7os e v\u00ednculos que s\u00e3o fundamentais dentro de casa\u201d, comenta Eerizania de Freitas, secret\u00e1ria de Educa\u00e7\u00e3o.<\/p>\n\n\n\n<p>O programa tem cinco eixos: tecnologia e dignidade humana; responsabilidade digital; tecnologia e sa\u00fade; seguran\u00e7a digital; e cultura digital e \u00e9 realizado em grupos de at\u00e9 20 fam\u00edlias por turma, com a participa\u00e7\u00e3o de pais ou respons\u00e1veis acompanhados de filhos de 9 a 14 anos, divididos em quatro oficinas semanais.<\/p>\n\n\n\n<p>\u201cEstamos propondo a\u00e7\u00f5es que v\u00e3o desde a educa\u00e7\u00e3o nos diversos aspectos da dignidade humana, visando uma reeduca\u00e7\u00e3o tecnol\u00f3gica, para o fortalecimento das rela\u00e7\u00f5es sociais reais, em especial a fam\u00edlia, promovendo assim um uso dos recursos tecnol\u00f3gicos de maneira inteligente\u201d, explica Francisco Carlos Costa, coordenador da a\u00e7\u00e3o em An\u00e1polis.<\/p>\n\n\n\n<p>Para Daniel Celestino, diretor da Secretaria Nacional da Fam\u00edlia, do Minist\u00e9rio da Mulher, Fam\u00edlia e Direitos Humanos, que esteve presente no evento, o fortalecimento de v\u00ednculos familiares \u00e9 o grande objetivo das a\u00e7\u00f5es. \u201cPensar na fam\u00edlia como o local em que podemos atuar com pol\u00edticas p\u00fablicas \u00e9 o que nos move quando identificamos a import\u00e2ncia de uma fam\u00edlia funcional. Transtornos do mundo moderno, como a ansiedade e a quebra de v\u00ednculos causados pelo mundo virtual, devem ser combatidos\u201d, disse.<\/p>\n\n\n\n<p>\u201cEu aprendi muito com esse curso. Eu at\u00e9 mudei a rotina do meu trabalho para poder ficar mais com a minha filha. Inclusive, ela deixou um pouco o celular, melhorou muito em casa\u201d, avaliou Ana Paulina Marques, m\u00e3e da estudante Mariany Marques, do 5\u00ba ano da Escola Municipal Pedro Ludovico Teixeira.<\/p>\n\n\n\n<p>Em An\u00e1polis, o programa teve in\u00edcio neste ano com turmas realizadas nas escolas municipais Dona Alexandrina, Jer\u00f4nimo Vaz e agora, Pedro Ludovico Teixeira. At\u00e9 setembro, outras 14 turmas ser\u00e3o formadas. A cerim\u00f4nia desta semana ainda contou com a presen\u00e7a da coordenadora geral do Projeto Reconecte no Brasil, Susy Ara\u00fajo, e de Felipe Victor Neves, supervisor de desafios sociais da Secretaria Nacional da Fam\u00edlia.<\/p>\n\n\n\n<figure class=\"wp-block-image size-medium\"><img loading=\"lazy\" width=\"300\" height=\"170\" src=\"https:\/\/www.radiomanchester.com.br\/fm\/wp-content\/uploads\/2022\/04\/21575E6E-208B-4789-BA25-F8FCA4B24233-300x170.jpeg\" alt=\"\" class=\"wp-image-7930\" srcset=\"https:\/\/www.radiomanchester.com.br\/fm\/wp-content\/uploads\/2022\/04\/21575E6E-208B-4789-BA25-F8FCA4B24233-300x170.jpeg 300w, https:\/\/www.radiomanchester.com.br\/fm\/wp-content\/uploads\/2022\/04\/21575E6E-208B-4789-BA25-F8FCA4B24233-1024x579.jpeg 1024w, https:\/\/www.radiomanchester.com.br\/fm\/wp-content\/uploads\/2022\/04\/21575E6E-208B-4789-BA25-F8FCA4B24233-768x434.jpeg 768w, https:\/\/www.radiomanchester.com.br\/fm\/wp-content\/uploads\/2022\/04\/21575E6E-208B-4789-BA25-F8FCA4B24233.jpeg 1168w\" sizes=\"(max-width: 300px) 100vw, 300px\" \/><\/figure>\n\n\n\n<p>por Prefeitura de An\u00e1polis &#8211; foto: Secom <\/p>\n","protected":false},"excerpt":{"rendered":"<p class=\"excerpt\">Iniciativa reflete sobre uso da tecnologia que aproxima pessoas no mundo virtual, mas pode afetar v\u00ednculos familiares Nesta semana, 60 fam\u00edlias participaram do encerramento das turmas do Reconecte, na Escola Municipal Pedro Ludovico Teixeira. O projeto \u00e9 uma iniciativa do governo federal, realizado pelo Minist\u00e9rio da Mulher, da Fam\u00edlia e dos Direitos Humanos, em parceria [&hellip;]<\/p>\n","protected":false},"author":1,"featured_media":0,"comment_status":"open","ping_status":"open","sticky":false,"template":"","format":"standard","meta":[],"categories":[8,17],"tags":[22,24,113,83,92],"yoast_head":"<!-- This site is optimized with the Yoast SEO plugin v18.3 - https:\/\/yoast.com\/wordpress\/plugins\/seo\/ -->\n<title>Fam\u00edlias e estudantes da rede municipal participam do Reconecte, projeto do governo federal - Manchester FM 93,3<\/title>\n<meta name=\"robots\" content=\"index, follow, max-snippet:-1, max-image-preview:large, max-video-preview:-1\" \/>\n<link rel=\"canonical\" href=\"https:\/\/www.radiomanchester.com.br\/fm\/familias-e-estudantes-da-rede-municipal-participam-do-reconecte-projeto-do-governo-federal\/\" \/>\n<meta property=\"og:locale\" content=\"pt_BR\" \/>\n<meta property=\"og:type\" content=\"article\" \/>\n<meta property=\"og:title\" content=\"Fam\u00edlias e estudantes da rede municipal participam do Reconecte, projeto do governo federal - Manchester FM 93,3\" \/>\n<meta property=\"og:description\" content=\"Iniciativa reflete sobre uso da tecnologia que aproxima pessoas no mundo virtual, mas pode afetar v\u00ednculos familiares Nesta semana, 60 fam\u00edlias participaram do encerramento das turmas do Reconecte, na Escola Municipal Pedro Ludovico Teixeira. O projeto \u00e9 uma iniciativa do governo federal, realizado pelo Minist\u00e9rio da Mulher, da Fam\u00edlia e dos Direitos Humanos, em parceria [&hellip;]\" \/>\n<meta property=\"og:url\" content=\"https:\/\/www.radiomanchester.com.br\/fm\/familias-e-estudantes-da-rede-municipal-participam-do-reconecte-projeto-do-governo-federal\/\" \/>\n<meta property=\"og:site_name\" content=\"Manchester FM 93,3\" \/>\n<meta property=\"article:published_time\" content=\"2022-04-30T22:16:35+00:00\" \/>\n<meta property=\"article:modified_time\" content=\"2022-04-30T22:16:39+00:00\" \/>\n<meta property=\"og:image\" content=\"https:\/\/www.radiomanchester.com.br\/fm\/wp-content\/uploads\/2022\/04\/21575E6E-208B-4789-BA25-F8FCA4B24233-300x170.jpeg\" \/>\n<meta name=\"twitter:card\" content=\"summary_large_image\" \/>\n<meta name=\"twitter:label1\" content=\"Escrito por\" \/>\n\t<meta name=\"twitter:data1\" content=\"admin\" \/>\n\t<meta name=\"twitter:label2\" content=\"Est. tempo de leitura\" \/>\n\t<meta name=\"twitter:data2\" content=\"3 minutos\" \/>\n<script type=\"application\/ld+json\" class=\"yoast-schema-graph\">{\"@context\":\"https:\/\/schema.org\",\"@graph\":[{\"@type\":\"WebSite\",\"@id\":\"https:\/\/www.radiomanchester.com.br\/fm\/#website\",\"url\":\"https:\/\/www.radiomanchester.com.br\/fm\/\",\"name\":\"Manchester FM 93,3\",\"description\":\"Todo Mundo Ouve!\",\"potentialAction\":[{\"@type\":\"SearchAction\",\"target\":{\"@type\":\"EntryPoint\",\"urlTemplate\":\"https:\/\/www.radiomanchester.com.br\/fm\/?s={search_term_string}\"},\"query-input\":\"required name=search_term_string\"}],\"inLanguage\":\"pt-BR\"},{\"@type\":\"ImageObject\",\"@id\":\"https:\/\/www.radiomanchester.com.br\/fm\/familias-e-estudantes-da-rede-municipal-participam-do-reconecte-projeto-do-governo-federal\/#primaryimage\",\"inLanguage\":\"pt-BR\",\"url\":\"https:\/\/www.radiomanchester.com.br\/fm\/wp-content\/uploads\/2022\/04\/21575E6E-208B-4789-BA25-F8FCA4B24233-300x170.jpeg\",\"contentUrl\":\"https:\/\/www.radiomanchester.com.br\/fm\/wp-content\/uploads\/2022\/04\/21575E6E-208B-4789-BA25-F8FCA4B24233-300x170.jpeg\"},{\"@type\":\"WebPage\",\"@id\":\"https:\/\/www.radiomanchester.com.br\/fm\/familias-e-estudantes-da-rede-municipal-participam-do-reconecte-projeto-do-governo-federal\/#webpage\",\"url\":\"https:\/\/www.radiomanchester.com.br\/fm\/familias-e-estudantes-da-rede-municipal-participam-do-reconecte-projeto-do-governo-federal\/\",\"name\":\"Fam\u00edlias e estudantes da rede municipal participam do Reconecte, projeto do governo federal - Manchester FM 93,3\",\"isPartOf\":{\"@id\":\"https:\/\/www.radiomanchester.com.br\/fm\/#website\"},\"primaryImageOfPage\":{\"@id\":\"https:\/\/www.radiomanchester.com.br\/fm\/familias-e-estudantes-da-rede-municipal-participam-do-reconecte-projeto-do-governo-federal\/#primaryimage\"},\"datePublished\":\"2022-04-30T22:16:35+00:00\",\"dateModified\":\"2022-04-30T22:16:39+00:00\",\"author\":{\"@id\":\"https:\/\/www.radiomanchester.com.br\/fm\/#\/schema\/person\/408a7b4d4e32cbebd90e2782852abca3\"},\"breadcrumb\":{\"@id\":\"https:\/\/www.radiomanchester.com.br\/fm\/familias-e-estudantes-da-rede-municipal-participam-do-reconecte-projeto-do-governo-federal\/#breadcrumb\"},\"inLanguage\":\"pt-BR\",\"potentialAction\":[{\"@type\":\"ReadAction\",\"target\":[\"https:\/\/www.radiomanchester.com.br\/fm\/familias-e-estudantes-da-rede-municipal-participam-do-reconecte-projeto-do-governo-federal\/\"]}]},{\"@type\":\"BreadcrumbList\",\"@id\":\"https:\/\/www.radiomanchester.com.br\/fm\/familias-e-estudantes-da-rede-municipal-participam-do-reconecte-projeto-do-governo-federal\/#breadcrumb\",\"itemListElement\":[{\"@type\":\"ListItem\",\"position\":1,\"name\":\"Home\",\"item\":\"https:\/\/www.radiomanchester.com.br\/fm\/\"},{\"@type\":\"ListItem\",\"position\":2,\"name\":\"Fam\u00edlias e estudantes da rede municipal participam do Reconecte, projeto do governo federal\"}]},{\"@type\":\"Person\",\"@id\":\"https:\/\/www.radiomanchester.com.br\/fm\/#\/schema\/person\/408a7b4d4e32cbebd90e2782852abca3\",\"name\":\"admin\",\"image\":{\"@type\":\"ImageObject\",\"@id\":\"https:\/\/www.radiomanchester.com.br\/fm\/#personlogo\",\"inLanguage\":\"pt-BR\",\"url\":\"https:\/\/secure.gravatar.com\/avatar\/115a974dba3376872eb3addeb276301c?s=96&d=mm&r=g\",\"contentUrl\":\"https:\/\/secure.gravatar.com\/avatar\/115a974dba3376872eb3addeb276301c?s=96&d=mm&r=g\",\"caption\":\"admin\"},\"url\":\"https:\/\/www.radiomanchester.com.br\/fm\/author\/admin\/\"}]}<\/script>\n<!-- \/ Yoast SEO plugin. -->","yoast_head_json":{"title":"Fam\u00edlias e estudantes da rede municipal participam do Reconecte, projeto do governo federal - Manchester FM 93,3","robots":{"index":"index","follow":"follow","max-snippet":"max-snippet:-1","max-image-preview":"max-image-preview:large","max-video-preview":"max-video-preview:-1"},"canonical":"https:\/\/www.radiomanchester.com.br\/fm\/familias-e-estudantes-da-rede-municipal-participam-do-reconecte-projeto-do-governo-federal\/","og_locale":"pt_BR","og_type":"article","og_title":"Fam\u00edlias e estudantes da rede municipal participam do Reconecte, projeto do governo federal - Manchester FM 93,3","og_description":"Iniciativa reflete sobre uso da tecnologia que aproxima pessoas no mundo virtual, mas pode afetar v\u00ednculos familiares Nesta semana, 60 fam\u00edlias participaram do encerramento das turmas do Reconecte, na Escola Municipal Pedro Ludovico Teixeira. O projeto \u00e9 uma iniciativa do governo federal, realizado pelo Minist\u00e9rio da Mulher, da Fam\u00edlia e dos Direitos Humanos, em parceria [&hellip;]","og_url":"https:\/\/www.radiomanchester.com.br\/fm\/familias-e-estudantes-da-rede-municipal-participam-do-reconecte-projeto-do-governo-federal\/","og_site_name":"Manchester FM 93,3","article_published_time":"2022-04-30T22:16:35+00:00","article_modified_time":"2022-04-30T22:16:39+00:00","og_image":[{"url":"https:\/\/www.radiomanchester.com.br\/fm\/wp-content\/uploads\/2022\/04\/21575E6E-208B-4789-BA25-F8FCA4B24233-300x170.jpeg"}],"twitter_card":"summary_large_image","twitter_misc":{"Escrito por":"admin","Est. tempo de leitura":"3 minutos"},"schema":{"@context":"https:\/\/schema.org","@graph":[{"@type":"WebSite","@id":"https:\/\/www.radiomanchester.com.br\/fm\/#website","url":"https:\/\/www.radiomanchester.com.br\/fm\/","name":"Manchester FM 93,3","description":"Todo Mundo Ouve!","potentialAction":[{"@type":"SearchAction","target":{"@type":"EntryPoint","urlTemplate":"https:\/\/www.radiomanchester.com.br\/fm\/?s={search_term_string}"},"query-input":"required name=search_term_string"}],"inLanguage":"pt-BR"},{"@type":"ImageObject","@id":"https:\/\/www.radiomanchester.com.br\/fm\/familias-e-estudantes-da-rede-municipal-participam-do-reconecte-projeto-do-governo-federal\/#primaryimage","inLanguage":"pt-BR","url":"https:\/\/www.radiomanchester.com.br\/fm\/wp-content\/uploads\/2022\/04\/21575E6E-208B-4789-BA25-F8FCA4B24233-300x170.jpeg","contentUrl":"https:\/\/www.radiomanchester.com.br\/fm\/wp-content\/uploads\/2022\/04\/21575E6E-208B-4789-BA25-F8FCA4B24233-300x170.jpeg"},{"@type":"WebPage","@id":"https:\/\/www.radiomanchester.com.br\/fm\/familias-e-estudantes-da-rede-municipal-participam-do-reconecte-projeto-do-governo-federal\/#webpage","url":"https:\/\/www.radiomanchester.com.br\/fm\/familias-e-estudantes-da-rede-municipal-participam-do-reconecte-projeto-do-governo-federal\/","name":"Fam\u00edlias e estudantes da rede municipal participam do Reconecte, projeto do governo federal - Manchester FM 93,3","isPartOf":{"@id":"https:\/\/www.radiomanchester.com.br\/fm\/#website"},"primaryImageOfPage":{"@id":"https:\/\/www.radiomanchester.com.br\/fm\/familias-e-estudantes-da-rede-municipal-participam-do-reconecte-projeto-do-governo-federal\/#primaryimage"},"datePublished":"2022-04-30T22:16:35+00:00","dateModified":"2022-04-30T22:16:39+00:00","author":{"@id":"https:\/\/www.radiomanchester.com.br\/fm\/#\/schema\/person\/408a7b4d4e32cbebd90e2782852abca3"},"breadcrumb":{"@id":"https:\/\/www.radiomanchester.com.br\/fm\/familias-e-estudantes-da-rede-municipal-participam-do-reconecte-projeto-do-governo-federal\/#breadcrumb"},"inLanguage":"pt-BR","potentialAction":[{"@type":"ReadAction","target":["https:\/\/www.radiomanchester.com.br\/fm\/familias-e-estudantes-da-rede-municipal-participam-do-reconecte-projeto-do-governo-federal\/"]}]},{"@type":"BreadcrumbList","@id":"https:\/\/www.radiomanchester.com.br\/fm\/familias-e-estudantes-da-rede-municipal-participam-do-reconecte-projeto-do-governo-federal\/#breadcrumb","itemListElement":[{"@type":"ListItem","position":1,"name":"Home","item":"https:\/\/www.radiomanchester.com.br\/fm\/"},{"@type":"ListItem","position":2,"name":"Fam\u00edlias e estudantes da rede municipal participam do Reconecte, projeto do governo federal"}]},{"@type":"Person","@id":"https:\/\/www.radiomanchester.com.br\/fm\/#\/schema\/person\/408a7b4d4e32cbebd90e2782852abca3","name":"admin","image":{"@type":"ImageObject","@id":"https:\/\/www.radiomanchester.com.br\/fm\/#personlogo","inLanguage":"pt-BR","url":"https:\/\/secure.gravatar.com\/avatar\/115a974dba3376872eb3addeb276301c?s=96&d=mm&r=g","contentUrl":"https:\/\/secure.gravatar.com\/avatar\/115a974dba3376872eb3addeb276301c?s=96&d=mm&r=g","caption":"admin"},"url":"https:\/\/www.radiomanchester.com.br\/fm\/author\/admin\/"}]}},"_links":{"self":[{"href":"https:\/\/www.radiomanchester.com.br\/fm\/wp-json\/wp\/v2\/posts\/7929"}],"collection":[{"href":"https:\/\/www.radiomanchester.com.br\/fm\/wp-json\/wp\/v2\/posts"}],"about":[{"href":"https:\/\/www.radiomanchester.com.br\/fm\/wp-json\/wp\/v2\/types\/post"}],"author":[{"embeddable":true,"href":"https:\/\/www.radiomanchester.com.br\/fm\/wp-json\/wp\/v2\/users\/1"}],"replies":[{"embeddable":true,"href":"https:\/\/www.radiomanchester.com.br\/fm\/wp-json\/wp\/v2\/comments?post=7929"}],"version-history":[{"count":1,"href":"https:\/\/www.radiomanchester.com.br\/fm\/wp-json\/wp\/v2\/posts\/7929\/revisions"}],"predecessor-version":[{"id":7931,"href":"https:\/\/www.radiomanchester.com.br\/fm\/wp-json\/wp\/v2\/posts\/7929\/revisions\/7931"}],"wp:attachment":[{"href":"https:\/\/www.radiomanchester.com.br\/fm\/wp-json\/wp\/v2\/media?parent=7929"}],"wp:term":[{"taxonomy":"category","embeddable":true,"href":"https:\/\/www.radiomanchester.com.br\/fm\/wp-json\/wp\/v2\/categories?post=7929"},{"taxonomy":"post_tag","embeddable":true,"href":"https:\/\/www.radiomanchester.com.br\/fm\/wp-json\/wp\/v2\/tags?post=7929"}],"curies":[{"name":"wp","href":"https:\/\/api.w.org\/{rel}","templated":true}]}}