{"id":7945,"date":"2022-05-02T11:00:00","date_gmt":"2022-05-02T14:00:00","guid":{"rendered":"https:\/\/www.radiomanchester.com.br\/fm\/?p=7945"},"modified":"2022-05-01T20:25:32","modified_gmt":"2022-05-01T23:25:32","slug":"expoana-2022-prova-de-laco-e-cavalgada-do-bastiao-agitam-o-fim-de-semana-em-anapolis","status":"publish","type":"post","link":"https:\/\/www.radiomanchester.com.br\/fm\/expoana-2022-prova-de-laco-e-cavalgada-do-bastiao-agitam-o-fim-de-semana-em-anapolis\/","title":{"rendered":"Expoana 2022: Prova de La\u00e7o e Cavalgada do Basti\u00e3o agitam o fim de semana em An\u00e1polis"},"content":{"rendered":"\n<p><\/p>\n\n\n\n<p>Dezenas de cavaleiros e amazonas participaram da Cavalgada do Basti\u00e3o, oficial da 63\u00aa Exposi\u00e7\u00e3o Agropecu\u00e1ria de An\u00e1polis (Expoana) neste domingo (1\u00ba de maio). A concentra\u00e7\u00e3o foi na Vila Jaiara, pr\u00f3ximo a Avenida Fernando Costa. O grupo percorreu alguns quil\u00f4metros at\u00e9 chegar no Parque de Exposi\u00e7\u00f5es Agropecu\u00e1rias de An\u00e1polis do Sindicato Rural. A tarde foi animada com muita m\u00fasica, dan\u00e7a e apresenta\u00e7\u00f5es de duplas sertanejas.<\/p>\n\n\n\n<p>A Cavalgada do Basti\u00e3o, organizada pelo produtor rural e ex-BBB, Caio Afi\u00fane movimentou a cidade neste domingo. Dezenas de cavaleiros e amazonas se reuniram para participar da tradicional cavalgada dentro da programa\u00e7\u00e3o da Expoana. Amantes do mundo country e da rotina da ro\u00e7a fizeram quest\u00e3o de selar os equinos e muares para o passeio.<\/p>\n\n\n\n<p>Ao chegar no Parque de Exposi\u00e7\u00f5es, a festa j\u00e1 estava pronta com muita m\u00fasica ao som automotivo, mas n\u00e3o parou por a\u00ed n\u00e3o. Al\u00e9m do DJ Star Ouver, subiram ao palco, a dupla Gregory e Matheus e logo em seguida, Caio Afi\u00fane chamou ao palco, Diego e Arnaldo. Dupla que levou o p\u00fablico ao del\u00edrio e que botou todo mundo pra dan\u00e7ar. Entre os sucesso, Diego e Arnaldo cantaram &#8216;len\u00e7ol dobrado&#8217;, que foi uma dos hits que levou a dupla ao topo das m\u00fasicas mais executadas no Brasil, e claro, a dupla cantou hinos do mod\u00e3o como &#8216;galopeira&#8217;.<\/p>\n\n\n\n<p><strong>S\u00e1bado<br><\/strong>O primeiro s\u00e1bado (30 de abril), da Expoana 2022 tamb\u00e9m foi agitado. A prova de la\u00e7o em dupla levou dezenas de pessoas ao parque. A prova de La\u00e7o em Dupla (ou Team Roping) \u00e9 bastante tradicional contando com um n\u00famero elevado de adeptos e expectadores. O la\u00e7ador posicionado no lado esquerdo recebe o nome de \u2018Cabeceiro\u2019 pelo fato de la\u00e7ar a cabe\u00e7a do animal. J\u00e1 o competidor do lado direito recebe o nome de \u2018Peseiro\u2019 por la\u00e7ar as patas do boi. O juiz para o cron\u00f4metro da prova assim que o boi estiver devidamente la\u00e7ado e esticado. Nesse momento o boi \u00e9 solto e est\u00e1 livre para ir at\u00e9 o final da pista.<\/p>\n\n\n\n<p><strong>Programa\u00e7\u00e3o<br><\/strong>Como o foco um dos focos \u00e9 voltado para o Agroneg\u00f3cio, o Sindicato Rural, com o apoio do FAEG\/SENAR\/IFAG, Sebrae Goi\u00e1s, SICOOB v\u00e3o promover durante os dias 30 de abril at\u00e9 7 de maio o Encontro de Agroneg\u00f3cios, na ocasi\u00e3o ser\u00e1 disponibilizado linhas de cr\u00e9dito especiais para os produtores rurais, workshops, semin\u00e1rios e as rodadas de neg\u00f3cios. Vale lembrar que tudo ser\u00e1 realizado no Parque de Exposi\u00e7\u00f5es Agropecu\u00e1rias. Tamb\u00e9m ser\u00e3o disponibilizados v\u00e1rios cursos, totalmente gratuitos e com certificados que valem em todo territ\u00f3rio nacional. Esses eventos ser\u00e3o realizados a partir das 9h, dos dias 29 de abril a 7 de maio. Al\u00e9m disso, as provas equestres prometem agitar quem gosta da adrenalina com cavalos manga-larga, etapas realizadas durante o dia, que tem entrada franca.<\/p>\n\n\n\n<p>De acordo com Jos\u00e9 Caixeta, presidente do Sindicato Rural, a Expoana 2022 est\u00e1 preparada para proporcionar novamente grandes oportunidades de investimentos para os empres\u00e1rios. &#8220;O Feir\u00e3o Agro, ser\u00e1 um espa\u00e7o para os produtores negociarem direto com as empresas fornecedoras de produtos, insumos e maquin\u00e1rios agr\u00edcolas, al\u00e9m de ter acesso \u00e0s institui\u00e7\u00f5es banc\u00e1rias com linhas de cr\u00e9dito especiais para o agroneg\u00f3cio da regi\u00e3o&#8221;, afirma o presidente.<\/p>\n\n\n\n<p><strong>Tradi\u00e7\u00e3o<br><\/strong>Na \u00faltima edi\u00e7\u00e3o da pecu\u00e1ria, s\u00f3 com o feir\u00e3o agro, foram movimentados R$ 15 milh\u00f5es, nos espa\u00e7os criados especialmente para as rodadas de agroneg\u00f3cios, de onde sa\u00edram diversas negocia\u00e7\u00f5es com muitos benef\u00edcios tanto para compradores quanto para as empresas, concession\u00e1rias, bancos e produtores que estavam presentes. <strong>Durante o dia, a entrada \u00e9 franca.<\/strong><\/p>\n\n\n\n<p><strong>Atra\u00e7\u00f5es noturnas:<br><\/strong>04\/05 \u2014 Matogrosso &amp; Mathias + rodeio (ingresso 1 kg de alimento n\u00e3o perec\u00edvel)<br>05\/05 \u2014 Guilherme &amp; Benutto + rodeio (ingresso 1 kg de alimento n\u00e3o perec\u00edvel)<br>06\/05 \u2014 Leonardo + rodeio (ingresso 2 kg de alimento n\u00e3o perec\u00edvel)<br>07\/05 \u2014 Bruno &amp; Marrone + rodeio (ingresso 1 kg de alimento n\u00e3o perec\u00edvel + meia entrada<\/p>\n\n\n\n<figure class=\"wp-block-image size-medium\"><img loading=\"lazy\" width=\"300\" height=\"200\" src=\"https:\/\/www.radiomanchester.com.br\/fm\/wp-content\/uploads\/2022\/05\/1-94-300x200.jpeg\" alt=\"\" class=\"wp-image-7946\" srcset=\"https:\/\/www.radiomanchester.com.br\/fm\/wp-content\/uploads\/2022\/05\/1-94-300x200.jpeg 300w, https:\/\/www.radiomanchester.com.br\/fm\/wp-content\/uploads\/2022\/05\/1-94-1024x683.jpeg 1024w, https:\/\/www.radiomanchester.com.br\/fm\/wp-content\/uploads\/2022\/05\/1-94-768x512.jpeg 768w, https:\/\/www.radiomanchester.com.br\/fm\/wp-content\/uploads\/2022\/05\/1-94.jpeg 1296w\" sizes=\"(max-width: 300px) 100vw, 300px\" \/><\/figure>\n\n\n\n<figure class=\"wp-block-image size-medium\"><img loading=\"lazy\" width=\"300\" height=\"200\" src=\"https:\/\/www.radiomanchester.com.br\/fm\/wp-content\/uploads\/2022\/05\/1-207-300x200.jpeg\" alt=\"\" class=\"wp-image-7947\" srcset=\"https:\/\/www.radiomanchester.com.br\/fm\/wp-content\/uploads\/2022\/05\/1-207-300x200.jpeg 300w, https:\/\/www.radiomanchester.com.br\/fm\/wp-content\/uploads\/2022\/05\/1-207-1024x683.jpeg 1024w, https:\/\/www.radiomanchester.com.br\/fm\/wp-content\/uploads\/2022\/05\/1-207-768x512.jpeg 768w, https:\/\/www.radiomanchester.com.br\/fm\/wp-content\/uploads\/2022\/05\/1-207.jpeg 1296w\" sizes=\"(max-width: 300px) 100vw, 300px\" \/><\/figure>\n\n\n\n<figure class=\"wp-block-image size-medium\"><img loading=\"lazy\" width=\"300\" height=\"200\" src=\"https:\/\/www.radiomanchester.com.br\/fm\/wp-content\/uploads\/2022\/05\/1-153-300x200.jpeg\" alt=\"\" class=\"wp-image-7948\" srcset=\"https:\/\/www.radiomanchester.com.br\/fm\/wp-content\/uploads\/2022\/05\/1-153-300x200.jpeg 300w, https:\/\/www.radiomanchester.com.br\/fm\/wp-content\/uploads\/2022\/05\/1-153-1024x683.jpeg 1024w, https:\/\/www.radiomanchester.com.br\/fm\/wp-content\/uploads\/2022\/05\/1-153-768x512.jpeg 768w, https:\/\/www.radiomanchester.com.br\/fm\/wp-content\/uploads\/2022\/05\/1-153.jpeg 1296w\" sizes=\"(max-width: 300px) 100vw, 300px\" \/><\/figure>\n\n\n\n<figure class=\"wp-block-image size-medium\"><img loading=\"lazy\" width=\"300\" height=\"200\" src=\"https:\/\/www.radiomanchester.com.br\/fm\/wp-content\/uploads\/2022\/05\/1-78-300x200.jpeg\" alt=\"\" class=\"wp-image-7949\" srcset=\"https:\/\/www.radiomanchester.com.br\/fm\/wp-content\/uploads\/2022\/05\/1-78-300x200.jpeg 300w, https:\/\/www.radiomanchester.com.br\/fm\/wp-content\/uploads\/2022\/05\/1-78-1024x683.jpeg 1024w, https:\/\/www.radiomanchester.com.br\/fm\/wp-content\/uploads\/2022\/05\/1-78-768x512.jpeg 768w, https:\/\/www.radiomanchester.com.br\/fm\/wp-content\/uploads\/2022\/05\/1-78.jpeg 1296w\" sizes=\"(max-width: 300px) 100vw, 300px\" \/><\/figure>\n\n\n\n<figure class=\"wp-block-image size-medium\"><img loading=\"lazy\" width=\"300\" height=\"200\" src=\"https:\/\/www.radiomanchester.com.br\/fm\/wp-content\/uploads\/2022\/05\/WhatsApp-Image-2022-05-01-at-20.08.53-300x200.jpeg\" alt=\"\" class=\"wp-image-7950\" srcset=\"https:\/\/www.radiomanchester.com.br\/fm\/wp-content\/uploads\/2022\/05\/WhatsApp-Image-2022-05-01-at-20.08.53-300x200.jpeg 300w, https:\/\/www.radiomanchester.com.br\/fm\/wp-content\/uploads\/2022\/05\/WhatsApp-Image-2022-05-01-at-20.08.53-1024x683.jpeg 1024w, https:\/\/www.radiomanchester.com.br\/fm\/wp-content\/uploads\/2022\/05\/WhatsApp-Image-2022-05-01-at-20.08.53-768x512.jpeg 768w, https:\/\/www.radiomanchester.com.br\/fm\/wp-content\/uploads\/2022\/05\/WhatsApp-Image-2022-05-01-at-20.08.53.jpeg 1296w\" sizes=\"(max-width: 300px) 100vw, 300px\" \/><\/figure>\n\n\n\n<figure class=\"wp-block-image size-medium\"><img loading=\"lazy\" width=\"300\" height=\"200\" src=\"https:\/\/www.radiomanchester.com.br\/fm\/wp-content\/uploads\/2022\/05\/WhatsApp-Image-2022-05-01-at-20.08.55-300x200.jpeg\" alt=\"\" class=\"wp-image-7951\" srcset=\"https:\/\/www.radiomanchester.com.br\/fm\/wp-content\/uploads\/2022\/05\/WhatsApp-Image-2022-05-01-at-20.08.55-300x200.jpeg 300w, https:\/\/www.radiomanchester.com.br\/fm\/wp-content\/uploads\/2022\/05\/WhatsApp-Image-2022-05-01-at-20.08.55-1024x683.jpeg 1024w, https:\/\/www.radiomanchester.com.br\/fm\/wp-content\/uploads\/2022\/05\/WhatsApp-Image-2022-05-01-at-20.08.55-768x512.jpeg 768w, https:\/\/www.radiomanchester.com.br\/fm\/wp-content\/uploads\/2022\/05\/WhatsApp-Image-2022-05-01-at-20.08.55.jpeg 1296w\" sizes=\"(max-width: 300px) 100vw, 300px\" \/><\/figure>\n\n\n\n<figure class=\"wp-block-image size-medium\"><img loading=\"lazy\" width=\"300\" height=\"200\" src=\"https:\/\/www.radiomanchester.com.br\/fm\/wp-content\/uploads\/2022\/05\/WhatsApp-Image-2022-05-01-at-20.08.54-300x200.jpeg\" alt=\"\" class=\"wp-image-7952\" srcset=\"https:\/\/www.radiomanchester.com.br\/fm\/wp-content\/uploads\/2022\/05\/WhatsApp-Image-2022-05-01-at-20.08.54-300x200.jpeg 300w, https:\/\/www.radiomanchester.com.br\/fm\/wp-content\/uploads\/2022\/05\/WhatsApp-Image-2022-05-01-at-20.08.54-1024x683.jpeg 1024w, https:\/\/www.radiomanchester.com.br\/fm\/wp-content\/uploads\/2022\/05\/WhatsApp-Image-2022-05-01-at-20.08.54-768x512.jpeg 768w, https:\/\/www.radiomanchester.com.br\/fm\/wp-content\/uploads\/2022\/05\/WhatsApp-Image-2022-05-01-at-20.08.54.jpeg 1296w\" sizes=\"(max-width: 300px) 100vw, 300px\" \/><\/figure>\n\n\n\n<p>por Leonardo Gon\u00e7alves e Bruna Ariadne &#8211; fotos: Bruna Ariadne<\/p>\n","protected":false},"excerpt":{"rendered":"<p class=\"excerpt\">Dezenas de cavaleiros e amazonas participaram da Cavalgada do Basti\u00e3o, oficial da 63\u00aa Exposi\u00e7\u00e3o Agropecu\u00e1ria de An\u00e1polis (Expoana) neste domingo (1\u00ba de maio). A concentra\u00e7\u00e3o foi na Vila Jaiara, pr\u00f3ximo a Avenida Fernando Costa. O grupo percorreu alguns quil\u00f4metros at\u00e9 chegar no Parque de Exposi\u00e7\u00f5es Agropecu\u00e1rias de An\u00e1polis do Sindicato Rural. A tarde foi animada [&hellip;]<\/p>\n","protected":false},"author":1,"featured_media":0,"comment_status":"open","ping_status":"open","sticky":false,"template":"","format":"standard","meta":[],"categories":[8,17],"tags":[22,24,113,83,92],"yoast_head":"<!-- This site is optimized with the Yoast SEO plugin v18.3 - https:\/\/yoast.com\/wordpress\/plugins\/seo\/ -->\n<title>Expoana 2022: Prova de La\u00e7o e Cavalgada do Basti\u00e3o agitam o fim de semana em An\u00e1polis - Manchester FM 93,3<\/title>\n<meta name=\"robots\" content=\"index, follow, max-snippet:-1, max-image-preview:large, max-video-preview:-1\" \/>\n<link rel=\"canonical\" href=\"https:\/\/www.radiomanchester.com.br\/fm\/expoana-2022-prova-de-laco-e-cavalgada-do-bastiao-agitam-o-fim-de-semana-em-anapolis\/\" \/>\n<meta property=\"og:locale\" content=\"pt_BR\" \/>\n<meta property=\"og:type\" content=\"article\" \/>\n<meta property=\"og:title\" content=\"Expoana 2022: Prova de La\u00e7o e Cavalgada do Basti\u00e3o agitam o fim de semana em An\u00e1polis - Manchester FM 93,3\" \/>\n<meta property=\"og:description\" content=\"Dezenas de cavaleiros e amazonas participaram da Cavalgada do Basti\u00e3o, oficial da 63\u00aa Exposi\u00e7\u00e3o Agropecu\u00e1ria de An\u00e1polis (Expoana) neste domingo (1\u00ba de maio). A concentra\u00e7\u00e3o foi na Vila Jaiara, pr\u00f3ximo a Avenida Fernando Costa. O grupo percorreu alguns quil\u00f4metros at\u00e9 chegar no Parque de Exposi\u00e7\u00f5es Agropecu\u00e1rias de An\u00e1polis do Sindicato Rural. A tarde foi animada [&hellip;]\" \/>\n<meta property=\"og:url\" content=\"https:\/\/www.radiomanchester.com.br\/fm\/expoana-2022-prova-de-laco-e-cavalgada-do-bastiao-agitam-o-fim-de-semana-em-anapolis\/\" \/>\n<meta property=\"og:site_name\" content=\"Manchester FM 93,3\" \/>\n<meta property=\"article:published_time\" content=\"2022-05-02T14:00:00+00:00\" \/>\n<meta property=\"article:modified_time\" content=\"2022-05-01T23:25:32+00:00\" \/>\n<meta property=\"og:image\" content=\"https:\/\/www.radiomanchester.com.br\/fm\/wp-content\/uploads\/2022\/05\/1-94-300x200.jpeg\" \/>\n<meta name=\"twitter:card\" content=\"summary_large_image\" \/>\n<meta name=\"twitter:label1\" content=\"Escrito por\" \/>\n\t<meta name=\"twitter:data1\" content=\"admin\" \/>\n\t<meta name=\"twitter:label2\" content=\"Est. tempo de leitura\" \/>\n\t<meta name=\"twitter:data2\" content=\"5 minutos\" \/>\n<script type=\"application\/ld+json\" class=\"yoast-schema-graph\">{\"@context\":\"https:\/\/schema.org\",\"@graph\":[{\"@type\":\"WebSite\",\"@id\":\"https:\/\/www.radiomanchester.com.br\/fm\/#website\",\"url\":\"https:\/\/www.radiomanchester.com.br\/fm\/\",\"name\":\"Manchester FM 93,3\",\"description\":\"Todo Mundo Ouve!\",\"potentialAction\":[{\"@type\":\"SearchAction\",\"target\":{\"@type\":\"EntryPoint\",\"urlTemplate\":\"https:\/\/www.radiomanchester.com.br\/fm\/?s={search_term_string}\"},\"query-input\":\"required name=search_term_string\"}],\"inLanguage\":\"pt-BR\"},{\"@type\":\"ImageObject\",\"@id\":\"https:\/\/www.radiomanchester.com.br\/fm\/expoana-2022-prova-de-laco-e-cavalgada-do-bastiao-agitam-o-fim-de-semana-em-anapolis\/#primaryimage\",\"inLanguage\":\"pt-BR\",\"url\":\"https:\/\/www.radiomanchester.com.br\/fm\/wp-content\/uploads\/2022\/05\/1-94.jpeg\",\"contentUrl\":\"https:\/\/www.radiomanchester.com.br\/fm\/wp-content\/uploads\/2022\/05\/1-94.jpeg\",\"width\":1296,\"height\":864},{\"@type\":\"WebPage\",\"@id\":\"https:\/\/www.radiomanchester.com.br\/fm\/expoana-2022-prova-de-laco-e-cavalgada-do-bastiao-agitam-o-fim-de-semana-em-anapolis\/#webpage\",\"url\":\"https:\/\/www.radiomanchester.com.br\/fm\/expoana-2022-prova-de-laco-e-cavalgada-do-bastiao-agitam-o-fim-de-semana-em-anapolis\/\",\"name\":\"Expoana 2022: Prova de La\u00e7o e Cavalgada do Basti\u00e3o agitam o fim de semana em An\u00e1polis - Manchester FM 93,3\",\"isPartOf\":{\"@id\":\"https:\/\/www.radiomanchester.com.br\/fm\/#website\"},\"primaryImageOfPage\":{\"@id\":\"https:\/\/www.radiomanchester.com.br\/fm\/expoana-2022-prova-de-laco-e-cavalgada-do-bastiao-agitam-o-fim-de-semana-em-anapolis\/#primaryimage\"},\"datePublished\":\"2022-05-02T14:00:00+00:00\",\"dateModified\":\"2022-05-01T23:25:32+00:00\",\"author\":{\"@id\":\"https:\/\/www.radiomanchester.com.br\/fm\/#\/schema\/person\/408a7b4d4e32cbebd90e2782852abca3\"},\"breadcrumb\":{\"@id\":\"https:\/\/www.radiomanchester.com.br\/fm\/expoana-2022-prova-de-laco-e-cavalgada-do-bastiao-agitam-o-fim-de-semana-em-anapolis\/#breadcrumb\"},\"inLanguage\":\"pt-BR\",\"potentialAction\":[{\"@type\":\"ReadAction\",\"target\":[\"https:\/\/www.radiomanchester.com.br\/fm\/expoana-2022-prova-de-laco-e-cavalgada-do-bastiao-agitam-o-fim-de-semana-em-anapolis\/\"]}]},{\"@type\":\"BreadcrumbList\",\"@id\":\"https:\/\/www.radiomanchester.com.br\/fm\/expoana-2022-prova-de-laco-e-cavalgada-do-bastiao-agitam-o-fim-de-semana-em-anapolis\/#breadcrumb\",\"itemListElement\":[{\"@type\":\"ListItem\",\"position\":1,\"name\":\"Home\",\"item\":\"https:\/\/www.radiomanchester.com.br\/fm\/\"},{\"@type\":\"ListItem\",\"position\":2,\"name\":\"Expoana 2022: Prova de La\u00e7o e Cavalgada do Basti\u00e3o agitam o fim de semana em An\u00e1polis\"}]},{\"@type\":\"Person\",\"@id\":\"https:\/\/www.radiomanchester.com.br\/fm\/#\/schema\/person\/408a7b4d4e32cbebd90e2782852abca3\",\"name\":\"admin\",\"image\":{\"@type\":\"ImageObject\",\"@id\":\"https:\/\/www.radiomanchester.com.br\/fm\/#personlogo\",\"inLanguage\":\"pt-BR\",\"url\":\"https:\/\/secure.gravatar.com\/avatar\/115a974dba3376872eb3addeb276301c?s=96&d=mm&r=g\",\"contentUrl\":\"https:\/\/secure.gravatar.com\/avatar\/115a974dba3376872eb3addeb276301c?s=96&d=mm&r=g\",\"caption\":\"admin\"},\"url\":\"https:\/\/www.radiomanchester.com.br\/fm\/author\/admin\/\"}]}<\/script>\n<!-- \/ Yoast SEO plugin. -->","yoast_head_json":{"title":"Expoana 2022: Prova de La\u00e7o e Cavalgada do Basti\u00e3o agitam o fim de semana em An\u00e1polis - Manchester FM 93,3","robots":{"index":"index","follow":"follow","max-snippet":"max-snippet:-1","max-image-preview":"max-image-preview:large","max-video-preview":"max-video-preview:-1"},"canonical":"https:\/\/www.radiomanchester.com.br\/fm\/expoana-2022-prova-de-laco-e-cavalgada-do-bastiao-agitam-o-fim-de-semana-em-anapolis\/","og_locale":"pt_BR","og_type":"article","og_title":"Expoana 2022: Prova de La\u00e7o e Cavalgada do Basti\u00e3o agitam o fim de semana em An\u00e1polis - Manchester FM 93,3","og_description":"Dezenas de cavaleiros e amazonas participaram da Cavalgada do Basti\u00e3o, oficial da 63\u00aa Exposi\u00e7\u00e3o Agropecu\u00e1ria de An\u00e1polis (Expoana) neste domingo (1\u00ba de maio). A concentra\u00e7\u00e3o foi na Vila Jaiara, pr\u00f3ximo a Avenida Fernando Costa. O grupo percorreu alguns quil\u00f4metros at\u00e9 chegar no Parque de Exposi\u00e7\u00f5es Agropecu\u00e1rias de An\u00e1polis do Sindicato Rural. A tarde foi animada [&hellip;]","og_url":"https:\/\/www.radiomanchester.com.br\/fm\/expoana-2022-prova-de-laco-e-cavalgada-do-bastiao-agitam-o-fim-de-semana-em-anapolis\/","og_site_name":"Manchester FM 93,3","article_published_time":"2022-05-02T14:00:00+00:00","article_modified_time":"2022-05-01T23:25:32+00:00","og_image":[{"url":"https:\/\/www.radiomanchester.com.br\/fm\/wp-content\/uploads\/2022\/05\/1-94-300x200.jpeg"}],"twitter_card":"summary_large_image","twitter_misc":{"Escrito por":"admin","Est. tempo de leitura":"5 minutos"},"schema":{"@context":"https:\/\/schema.org","@graph":[{"@type":"WebSite","@id":"https:\/\/www.radiomanchester.com.br\/fm\/#website","url":"https:\/\/www.radiomanchester.com.br\/fm\/","name":"Manchester FM 93,3","description":"Todo Mundo Ouve!","potentialAction":[{"@type":"SearchAction","target":{"@type":"EntryPoint","urlTemplate":"https:\/\/www.radiomanchester.com.br\/fm\/?s={search_term_string}"},"query-input":"required name=search_term_string"}],"inLanguage":"pt-BR"},{"@type":"ImageObject","@id":"https:\/\/www.radiomanchester.com.br\/fm\/expoana-2022-prova-de-laco-e-cavalgada-do-bastiao-agitam-o-fim-de-semana-em-anapolis\/#primaryimage","inLanguage":"pt-BR","url":"https:\/\/www.radiomanchester.com.br\/fm\/wp-content\/uploads\/2022\/05\/1-94.jpeg","contentUrl":"https:\/\/www.radiomanchester.com.br\/fm\/wp-content\/uploads\/2022\/05\/1-94.jpeg","width":1296,"height":864},{"@type":"WebPage","@id":"https:\/\/www.radiomanchester.com.br\/fm\/expoana-2022-prova-de-laco-e-cavalgada-do-bastiao-agitam-o-fim-de-semana-em-anapolis\/#webpage","url":"https:\/\/www.radiomanchester.com.br\/fm\/expoana-2022-prova-de-laco-e-cavalgada-do-bastiao-agitam-o-fim-de-semana-em-anapolis\/","name":"Expoana 2022: Prova de La\u00e7o e Cavalgada do Basti\u00e3o agitam o fim de semana em An\u00e1polis - Manchester FM 93,3","isPartOf":{"@id":"https:\/\/www.radiomanchester.com.br\/fm\/#website"},"primaryImageOfPage":{"@id":"https:\/\/www.radiomanchester.com.br\/fm\/expoana-2022-prova-de-laco-e-cavalgada-do-bastiao-agitam-o-fim-de-semana-em-anapolis\/#primaryimage"},"datePublished":"2022-05-02T14:00:00+00:00","dateModified":"2022-05-01T23:25:32+00:00","author":{"@id":"https:\/\/www.radiomanchester.com.br\/fm\/#\/schema\/person\/408a7b4d4e32cbebd90e2782852abca3"},"breadcrumb":{"@id":"https:\/\/www.radiomanchester.com.br\/fm\/expoana-2022-prova-de-laco-e-cavalgada-do-bastiao-agitam-o-fim-de-semana-em-anapolis\/#breadcrumb"},"inLanguage":"pt-BR","potentialAction":[{"@type":"ReadAction","target":["https:\/\/www.radiomanchester.com.br\/fm\/expoana-2022-prova-de-laco-e-cavalgada-do-bastiao-agitam-o-fim-de-semana-em-anapolis\/"]}]},{"@type":"BreadcrumbList","@id":"https:\/\/www.radiomanchester.com.br\/fm\/expoana-2022-prova-de-laco-e-cavalgada-do-bastiao-agitam-o-fim-de-semana-em-anapolis\/#breadcrumb","itemListElement":[{"@type":"ListItem","position":1,"name":"Home","item":"https:\/\/www.radiomanchester.com.br\/fm\/"},{"@type":"ListItem","position":2,"name":"Expoana 2022: Prova de La\u00e7o e Cavalgada do Basti\u00e3o agitam o fim de semana em An\u00e1polis"}]},{"@type":"Person","@id":"https:\/\/www.radiomanchester.com.br\/fm\/#\/schema\/person\/408a7b4d4e32cbebd90e2782852abca3","name":"admin","image":{"@type":"ImageObject","@id":"https:\/\/www.radiomanchester.com.br\/fm\/#personlogo","inLanguage":"pt-BR","url":"https:\/\/secure.gravatar.com\/avatar\/115a974dba3376872eb3addeb276301c?s=96&d=mm&r=g","contentUrl":"https:\/\/secure.gravatar.com\/avatar\/115a974dba3376872eb3addeb276301c?s=96&d=mm&r=g","caption":"admin"},"url":"https:\/\/www.radiomanchester.com.br\/fm\/author\/admin\/"}]}},"_links":{"self":[{"href":"https:\/\/www.radiomanchester.com.br\/fm\/wp-json\/wp\/v2\/posts\/7945"}],"collection":[{"href":"https:\/\/www.radiomanchester.com.br\/fm\/wp-json\/wp\/v2\/posts"}],"about":[{"href":"https:\/\/www.radiomanchester.com.br\/fm\/wp-json\/wp\/v2\/types\/post"}],"author":[{"embeddable":true,"href":"https:\/\/www.radiomanchester.com.br\/fm\/wp-json\/wp\/v2\/users\/1"}],"replies":[{"embeddable":true,"href":"https:\/\/www.radiomanchester.com.br\/fm\/wp-json\/wp\/v2\/comments?post=7945"}],"version-history":[{"count":1,"href":"https:\/\/www.radiomanchester.com.br\/fm\/wp-json\/wp\/v2\/posts\/7945\/revisions"}],"predecessor-version":[{"id":7953,"href":"https:\/\/www.radiomanchester.com.br\/fm\/wp-json\/wp\/v2\/posts\/7945\/revisions\/7953"}],"wp:attachment":[{"href":"https:\/\/www.radiomanchester.com.br\/fm\/wp-json\/wp\/v2\/media?parent=7945"}],"wp:term":[{"taxonomy":"category","embeddable":true,"href":"https:\/\/www.radiomanchester.com.br\/fm\/wp-json\/wp\/v2\/categories?post=7945"},{"taxonomy":"post_tag","embeddable":true,"href":"https:\/\/www.radiomanchester.com.br\/fm\/wp-json\/wp\/v2\/tags?post=7945"}],"curies":[{"name":"wp","href":"https:\/\/api.w.org\/{rel}","templated":true}]}}