{"id":7981,"date":"2022-05-06T11:30:00","date_gmt":"2022-05-06T14:30:00","guid":{"rendered":"https:\/\/www.radiomanchester.com.br\/fm\/?p=7981"},"modified":"2022-05-05T22:33:49","modified_gmt":"2022-05-06T01:33:49","slug":"whatsapp-anuncia-atualizacao-com-restricoes-para-o-brasil","status":"publish","type":"post","link":"https:\/\/www.radiomanchester.com.br\/fm\/whatsapp-anuncia-atualizacao-com-restricoes-para-o-brasil\/","title":{"rendered":"WhatsApp anuncia atualiza\u00e7\u00e3o com restri\u00e7\u00f5es para o Brasil"},"content":{"rendered":"\n<p><strong><em>Segundo comunicado, a\u00e7\u00e3o faz parte de estrat\u00e9gia de longo prazo<\/em><\/strong><\/p>\n\n\n\n<p>A rede social de troca de mensagens instant\u00e2neas WhatsApp, que pertence \u00e0 Meta (antiga Facebook), publicou nesta quinta, (5 de maio), em seu blog oficial que algumas <a href=\"https:\/\/agenciabrasil.ebc.com.br\/geral\/noticia\/2022-04\/whatsapp-anuncia-recurso-de-comunidades-com-varios-usuarios\">mudan\u00e7as anunciadas no m\u00eas passado<\/a> j\u00e1 est\u00e3o dispon\u00edveis na vers\u00e3o atualizada do aplicativo. Entre as novidades, a possibilidade de enviar arquivos de at\u00e9 2 gigabytes (GB) protegidos por criptografia de ponta a ponta. Anteriormente, apenas arquivos de at\u00e9 100 megabytes (MB) podiam ser enviados ou recebidos com a ferramenta.<\/p>\n\n\n\n<p>Outro recurso da nova atualiza\u00e7\u00e3o \u00e9 a possibilidade de reagir a mensagens enviadas por outros usu\u00e1rios usando seis tipos diferentes de emojis. S\u00e3o eles: ???????.<\/p>\n\n\n\n<p>\u201cConforme anunciamos, estamos desenvolvendo novos recursos para que organiza\u00e7\u00f5es, empresas e outras pequenas comunidades se comuniquem com seguran\u00e7a e realizem tarefas usando o WhatsApp. Os coment\u00e1rios que recebemos at\u00e9 agora t\u00eam sido muito positivos, e mal podemos esperar para disponibilizar mais recursos para voc\u00eas\u201d, disse a empresa em comunicado.<\/p>\n\n\n\n<p>O WhatsApp tamb\u00e9m informou que a amplia\u00e7\u00e3o de grupos para at\u00e9 512 usu\u00e1rios e a fun\u00e7\u00e3o \u201ccomunidades\u201d n\u00e3o ser\u00e3o disponibilizadas no momento no mercado brasileiro. De acordo com a empresa, a justificativa \u00e9 a \u201cestrat\u00e9gia de longo prazo para o Brasil\u201d, que n\u00e3o est\u00e1 entre os mercados priorit\u00e1rios para a novidade.<\/p>\n\n\n\n<figure class=\"wp-block-image size-medium\"><img loading=\"lazy\" width=\"300\" height=\"179\" src=\"https:\/\/www.radiomanchester.com.br\/fm\/wp-content\/uploads\/2022\/05\/2020-10-22t134657z_1_lynxmpeg9l15l_rtroptp_4_tech-whatsapp-pagamento-300x179.jpg\" alt=\"\" class=\"wp-image-7982\" srcset=\"https:\/\/www.radiomanchester.com.br\/fm\/wp-content\/uploads\/2022\/05\/2020-10-22t134657z_1_lynxmpeg9l15l_rtroptp_4_tech-whatsapp-pagamento-300x179.jpg 300w, https:\/\/www.radiomanchester.com.br\/fm\/wp-content\/uploads\/2022\/05\/2020-10-22t134657z_1_lynxmpeg9l15l_rtroptp_4_tech-whatsapp-pagamento-1024x613.jpg 1024w, https:\/\/www.radiomanchester.com.br\/fm\/wp-content\/uploads\/2022\/05\/2020-10-22t134657z_1_lynxmpeg9l15l_rtroptp_4_tech-whatsapp-pagamento-768x459.jpg 768w, https:\/\/www.radiomanchester.com.br\/fm\/wp-content\/uploads\/2022\/05\/2020-10-22t134657z_1_lynxmpeg9l15l_rtroptp_4_tech-whatsapp-pagamento.jpg 1170w\" sizes=\"(max-width: 300px) 100vw, 300px\" \/><\/figure>\n\n\n\n<p>por Ag\u00eancia Brasil &#8211; foto: Ag\u00eancia Brasil<\/p>\n","protected":false},"excerpt":{"rendered":"<p class=\"excerpt\">Segundo comunicado, a\u00e7\u00e3o faz parte de estrat\u00e9gia de longo prazo A rede social de troca de mensagens instant\u00e2neas WhatsApp, que pertence \u00e0 Meta (antiga Facebook), publicou nesta quinta, (5 de maio), em seu blog oficial que algumas mudan\u00e7as anunciadas no m\u00eas passado j\u00e1 est\u00e3o dispon\u00edveis na vers\u00e3o atualizada do aplicativo. Entre as novidades, a possibilidade [&hellip;]<\/p>\n","protected":false},"author":1,"featured_media":0,"comment_status":"open","ping_status":"open","sticky":false,"template":"","format":"standard","meta":[],"categories":[8,17],"tags":[22,24,113,83,92],"yoast_head":"<!-- This site is optimized with the Yoast SEO plugin v18.3 - https:\/\/yoast.com\/wordpress\/plugins\/seo\/ -->\n<title>WhatsApp anuncia atualiza\u00e7\u00e3o com restri\u00e7\u00f5es para o Brasil - Manchester FM 93,3<\/title>\n<meta name=\"robots\" content=\"index, follow, max-snippet:-1, max-image-preview:large, max-video-preview:-1\" \/>\n<link rel=\"canonical\" href=\"https:\/\/www.radiomanchester.com.br\/fm\/whatsapp-anuncia-atualizacao-com-restricoes-para-o-brasil\/\" \/>\n<meta property=\"og:locale\" content=\"pt_BR\" \/>\n<meta property=\"og:type\" content=\"article\" \/>\n<meta property=\"og:title\" content=\"WhatsApp anuncia atualiza\u00e7\u00e3o com restri\u00e7\u00f5es para o Brasil - Manchester FM 93,3\" \/>\n<meta property=\"og:description\" content=\"Segundo comunicado, a\u00e7\u00e3o faz parte de estrat\u00e9gia de longo prazo A rede social de troca de mensagens instant\u00e2neas WhatsApp, que pertence \u00e0 Meta (antiga Facebook), publicou nesta quinta, (5 de maio), em seu blog oficial que algumas mudan\u00e7as anunciadas no m\u00eas passado j\u00e1 est\u00e3o dispon\u00edveis na vers\u00e3o atualizada do aplicativo. Entre as novidades, a possibilidade [&hellip;]\" \/>\n<meta property=\"og:url\" content=\"https:\/\/www.radiomanchester.com.br\/fm\/whatsapp-anuncia-atualizacao-com-restricoes-para-o-brasil\/\" \/>\n<meta property=\"og:site_name\" content=\"Manchester FM 93,3\" \/>\n<meta property=\"article:published_time\" content=\"2022-05-06T14:30:00+00:00\" \/>\n<meta property=\"article:modified_time\" content=\"2022-05-06T01:33:49+00:00\" \/>\n<meta property=\"og:image\" content=\"https:\/\/www.radiomanchester.com.br\/fm\/wp-content\/uploads\/2022\/05\/2020-10-22t134657z_1_lynxmpeg9l15l_rtroptp_4_tech-whatsapp-pagamento-300x179.jpg\" \/>\n<meta name=\"twitter:card\" content=\"summary_large_image\" \/>\n<meta name=\"twitter:label1\" content=\"Escrito por\" \/>\n\t<meta name=\"twitter:data1\" content=\"admin\" \/>\n\t<meta name=\"twitter:label2\" content=\"Est. tempo de leitura\" \/>\n\t<meta name=\"twitter:data2\" content=\"2 minutos\" \/>\n<script type=\"application\/ld+json\" class=\"yoast-schema-graph\">{\"@context\":\"https:\/\/schema.org\",\"@graph\":[{\"@type\":\"WebSite\",\"@id\":\"https:\/\/www.radiomanchester.com.br\/fm\/#website\",\"url\":\"https:\/\/www.radiomanchester.com.br\/fm\/\",\"name\":\"Manchester FM 93,3\",\"description\":\"Todo Mundo Ouve!\",\"potentialAction\":[{\"@type\":\"SearchAction\",\"target\":{\"@type\":\"EntryPoint\",\"urlTemplate\":\"https:\/\/www.radiomanchester.com.br\/fm\/?s={search_term_string}\"},\"query-input\":\"required name=search_term_string\"}],\"inLanguage\":\"pt-BR\"},{\"@type\":\"ImageObject\",\"@id\":\"https:\/\/www.radiomanchester.com.br\/fm\/whatsapp-anuncia-atualizacao-com-restricoes-para-o-brasil\/#primaryimage\",\"inLanguage\":\"pt-BR\",\"url\":\"https:\/\/www.radiomanchester.com.br\/fm\/wp-content\/uploads\/2022\/05\/2020-10-22t134657z_1_lynxmpeg9l15l_rtroptp_4_tech-whatsapp-pagamento.jpg\",\"contentUrl\":\"https:\/\/www.radiomanchester.com.br\/fm\/wp-content\/uploads\/2022\/05\/2020-10-22t134657z_1_lynxmpeg9l15l_rtroptp_4_tech-whatsapp-pagamento.jpg\",\"width\":1170,\"height\":700,\"caption\":\"15\/09\/2017 REUTERS\/Dado Ruvic\"},{\"@type\":\"WebPage\",\"@id\":\"https:\/\/www.radiomanchester.com.br\/fm\/whatsapp-anuncia-atualizacao-com-restricoes-para-o-brasil\/#webpage\",\"url\":\"https:\/\/www.radiomanchester.com.br\/fm\/whatsapp-anuncia-atualizacao-com-restricoes-para-o-brasil\/\",\"name\":\"WhatsApp anuncia atualiza\u00e7\u00e3o com restri\u00e7\u00f5es para o Brasil - Manchester FM 93,3\",\"isPartOf\":{\"@id\":\"https:\/\/www.radiomanchester.com.br\/fm\/#website\"},\"primaryImageOfPage\":{\"@id\":\"https:\/\/www.radiomanchester.com.br\/fm\/whatsapp-anuncia-atualizacao-com-restricoes-para-o-brasil\/#primaryimage\"},\"datePublished\":\"2022-05-06T14:30:00+00:00\",\"dateModified\":\"2022-05-06T01:33:49+00:00\",\"author\":{\"@id\":\"https:\/\/www.radiomanchester.com.br\/fm\/#\/schema\/person\/408a7b4d4e32cbebd90e2782852abca3\"},\"breadcrumb\":{\"@id\":\"https:\/\/www.radiomanchester.com.br\/fm\/whatsapp-anuncia-atualizacao-com-restricoes-para-o-brasil\/#breadcrumb\"},\"inLanguage\":\"pt-BR\",\"potentialAction\":[{\"@type\":\"ReadAction\",\"target\":[\"https:\/\/www.radiomanchester.com.br\/fm\/whatsapp-anuncia-atualizacao-com-restricoes-para-o-brasil\/\"]}]},{\"@type\":\"BreadcrumbList\",\"@id\":\"https:\/\/www.radiomanchester.com.br\/fm\/whatsapp-anuncia-atualizacao-com-restricoes-para-o-brasil\/#breadcrumb\",\"itemListElement\":[{\"@type\":\"ListItem\",\"position\":1,\"name\":\"Home\",\"item\":\"https:\/\/www.radiomanchester.com.br\/fm\/\"},{\"@type\":\"ListItem\",\"position\":2,\"name\":\"WhatsApp anuncia atualiza\u00e7\u00e3o com restri\u00e7\u00f5es para o Brasil\"}]},{\"@type\":\"Person\",\"@id\":\"https:\/\/www.radiomanchester.com.br\/fm\/#\/schema\/person\/408a7b4d4e32cbebd90e2782852abca3\",\"name\":\"admin\",\"image\":{\"@type\":\"ImageObject\",\"@id\":\"https:\/\/www.radiomanchester.com.br\/fm\/#personlogo\",\"inLanguage\":\"pt-BR\",\"url\":\"https:\/\/secure.gravatar.com\/avatar\/115a974dba3376872eb3addeb276301c?s=96&d=mm&r=g\",\"contentUrl\":\"https:\/\/secure.gravatar.com\/avatar\/115a974dba3376872eb3addeb276301c?s=96&d=mm&r=g\",\"caption\":\"admin\"},\"url\":\"https:\/\/www.radiomanchester.com.br\/fm\/author\/admin\/\"}]}<\/script>\n<!-- \/ Yoast SEO plugin. -->","yoast_head_json":{"title":"WhatsApp anuncia atualiza\u00e7\u00e3o com restri\u00e7\u00f5es para o Brasil - Manchester FM 93,3","robots":{"index":"index","follow":"follow","max-snippet":"max-snippet:-1","max-image-preview":"max-image-preview:large","max-video-preview":"max-video-preview:-1"},"canonical":"https:\/\/www.radiomanchester.com.br\/fm\/whatsapp-anuncia-atualizacao-com-restricoes-para-o-brasil\/","og_locale":"pt_BR","og_type":"article","og_title":"WhatsApp anuncia atualiza\u00e7\u00e3o com restri\u00e7\u00f5es para o Brasil - Manchester FM 93,3","og_description":"Segundo comunicado, a\u00e7\u00e3o faz parte de estrat\u00e9gia de longo prazo A rede social de troca de mensagens instant\u00e2neas WhatsApp, que pertence \u00e0 Meta (antiga Facebook), publicou nesta quinta, (5 de maio), em seu blog oficial que algumas mudan\u00e7as anunciadas no m\u00eas passado j\u00e1 est\u00e3o dispon\u00edveis na vers\u00e3o atualizada do aplicativo. Entre as novidades, a possibilidade [&hellip;]","og_url":"https:\/\/www.radiomanchester.com.br\/fm\/whatsapp-anuncia-atualizacao-com-restricoes-para-o-brasil\/","og_site_name":"Manchester FM 93,3","article_published_time":"2022-05-06T14:30:00+00:00","article_modified_time":"2022-05-06T01:33:49+00:00","og_image":[{"url":"https:\/\/www.radiomanchester.com.br\/fm\/wp-content\/uploads\/2022\/05\/2020-10-22t134657z_1_lynxmpeg9l15l_rtroptp_4_tech-whatsapp-pagamento-300x179.jpg"}],"twitter_card":"summary_large_image","twitter_misc":{"Escrito por":"admin","Est. tempo de leitura":"2 minutos"},"schema":{"@context":"https:\/\/schema.org","@graph":[{"@type":"WebSite","@id":"https:\/\/www.radiomanchester.com.br\/fm\/#website","url":"https:\/\/www.radiomanchester.com.br\/fm\/","name":"Manchester FM 93,3","description":"Todo Mundo Ouve!","potentialAction":[{"@type":"SearchAction","target":{"@type":"EntryPoint","urlTemplate":"https:\/\/www.radiomanchester.com.br\/fm\/?s={search_term_string}"},"query-input":"required name=search_term_string"}],"inLanguage":"pt-BR"},{"@type":"ImageObject","@id":"https:\/\/www.radiomanchester.com.br\/fm\/whatsapp-anuncia-atualizacao-com-restricoes-para-o-brasil\/#primaryimage","inLanguage":"pt-BR","url":"https:\/\/www.radiomanchester.com.br\/fm\/wp-content\/uploads\/2022\/05\/2020-10-22t134657z_1_lynxmpeg9l15l_rtroptp_4_tech-whatsapp-pagamento.jpg","contentUrl":"https:\/\/www.radiomanchester.com.br\/fm\/wp-content\/uploads\/2022\/05\/2020-10-22t134657z_1_lynxmpeg9l15l_rtroptp_4_tech-whatsapp-pagamento.jpg","width":1170,"height":700,"caption":"15\/09\/2017 REUTERS\/Dado Ruvic"},{"@type":"WebPage","@id":"https:\/\/www.radiomanchester.com.br\/fm\/whatsapp-anuncia-atualizacao-com-restricoes-para-o-brasil\/#webpage","url":"https:\/\/www.radiomanchester.com.br\/fm\/whatsapp-anuncia-atualizacao-com-restricoes-para-o-brasil\/","name":"WhatsApp anuncia atualiza\u00e7\u00e3o com restri\u00e7\u00f5es para o Brasil - Manchester FM 93,3","isPartOf":{"@id":"https:\/\/www.radiomanchester.com.br\/fm\/#website"},"primaryImageOfPage":{"@id":"https:\/\/www.radiomanchester.com.br\/fm\/whatsapp-anuncia-atualizacao-com-restricoes-para-o-brasil\/#primaryimage"},"datePublished":"2022-05-06T14:30:00+00:00","dateModified":"2022-05-06T01:33:49+00:00","author":{"@id":"https:\/\/www.radiomanchester.com.br\/fm\/#\/schema\/person\/408a7b4d4e32cbebd90e2782852abca3"},"breadcrumb":{"@id":"https:\/\/www.radiomanchester.com.br\/fm\/whatsapp-anuncia-atualizacao-com-restricoes-para-o-brasil\/#breadcrumb"},"inLanguage":"pt-BR","potentialAction":[{"@type":"ReadAction","target":["https:\/\/www.radiomanchester.com.br\/fm\/whatsapp-anuncia-atualizacao-com-restricoes-para-o-brasil\/"]}]},{"@type":"BreadcrumbList","@id":"https:\/\/www.radiomanchester.com.br\/fm\/whatsapp-anuncia-atualizacao-com-restricoes-para-o-brasil\/#breadcrumb","itemListElement":[{"@type":"ListItem","position":1,"name":"Home","item":"https:\/\/www.radiomanchester.com.br\/fm\/"},{"@type":"ListItem","position":2,"name":"WhatsApp anuncia atualiza\u00e7\u00e3o com restri\u00e7\u00f5es para o Brasil"}]},{"@type":"Person","@id":"https:\/\/www.radiomanchester.com.br\/fm\/#\/schema\/person\/408a7b4d4e32cbebd90e2782852abca3","name":"admin","image":{"@type":"ImageObject","@id":"https:\/\/www.radiomanchester.com.br\/fm\/#personlogo","inLanguage":"pt-BR","url":"https:\/\/secure.gravatar.com\/avatar\/115a974dba3376872eb3addeb276301c?s=96&d=mm&r=g","contentUrl":"https:\/\/secure.gravatar.com\/avatar\/115a974dba3376872eb3addeb276301c?s=96&d=mm&r=g","caption":"admin"},"url":"https:\/\/www.radiomanchester.com.br\/fm\/author\/admin\/"}]}},"_links":{"self":[{"href":"https:\/\/www.radiomanchester.com.br\/fm\/wp-json\/wp\/v2\/posts\/7981"}],"collection":[{"href":"https:\/\/www.radiomanchester.com.br\/fm\/wp-json\/wp\/v2\/posts"}],"about":[{"href":"https:\/\/www.radiomanchester.com.br\/fm\/wp-json\/wp\/v2\/types\/post"}],"author":[{"embeddable":true,"href":"https:\/\/www.radiomanchester.com.br\/fm\/wp-json\/wp\/v2\/users\/1"}],"replies":[{"embeddable":true,"href":"https:\/\/www.radiomanchester.com.br\/fm\/wp-json\/wp\/v2\/comments?post=7981"}],"version-history":[{"count":1,"href":"https:\/\/www.radiomanchester.com.br\/fm\/wp-json\/wp\/v2\/posts\/7981\/revisions"}],"predecessor-version":[{"id":7983,"href":"https:\/\/www.radiomanchester.com.br\/fm\/wp-json\/wp\/v2\/posts\/7981\/revisions\/7983"}],"wp:attachment":[{"href":"https:\/\/www.radiomanchester.com.br\/fm\/wp-json\/wp\/v2\/media?parent=7981"}],"wp:term":[{"taxonomy":"category","embeddable":true,"href":"https:\/\/www.radiomanchester.com.br\/fm\/wp-json\/wp\/v2\/categories?post=7981"},{"taxonomy":"post_tag","embeddable":true,"href":"https:\/\/www.radiomanchester.com.br\/fm\/wp-json\/wp\/v2\/tags?post=7981"}],"curies":[{"name":"wp","href":"https:\/\/api.w.org\/{rel}","templated":true}]}}