{"id":7984,"date":"2022-05-06T16:52:20","date_gmt":"2022-05-06T19:52:20","guid":{"rendered":"https:\/\/www.radiomanchester.com.br\/fm\/?p=7984"},"modified":"2022-05-06T16:52:23","modified_gmt":"2022-05-06T19:52:23","slug":"nasa-divulga-sonificacao-de-buraco-negro-ouca","status":"publish","type":"post","link":"https:\/\/www.radiomanchester.com.br\/fm\/nasa-divulga-sonificacao-de-buraco-negro-ouca\/","title":{"rendered":"Nasa divulga sonifica\u00e7\u00e3o de buraco negro. Ou\u00e7a"},"content":{"rendered":"\n<p><\/p>\n\n\n\n<p><strong><em>Ondas sonoras foram captadas no aglomerado de Perseu, conjunto de milhares de gal\u00e1xias. Descoberta ajuda a entender melhor o fen\u00f4meno<\/em><\/strong><\/p>\n\n\n\n<p>A\u00a0Ag\u00eancia Espacial estadunidense\u00a0(NASA)\u00a0divulgou um v\u00eddeo em seu canal no\u00a0Youtube\u00a0que revela o som\u00a0de\u00a0um buraco negro. Foram captados dois \u00e1udios de dois buracos espaciais diferentes. Um deles do aglomerado de Perseu, a um dist\u00e2ncia de 240 milh\u00f5es da Terra e o outro foi gravado da gal\u00e1xia M87, a 53 milh\u00f5es de anos-luz do nosso planeta.<\/p>\n\n\n\n<p>Os&nbsp;clipes foram feitos&nbsp;atrav\u00e9s do processo de sonifica\u00e7\u00e3o, em que as ondas emitidas s\u00e3o transformadas em frequ\u00eancias sonoras.<\/p>\n\n\n\n<p>Uma descoberta feita em 2003 mostrou que as ondas emitidas pelo buraco negro causava altera\u00e7\u00f5es no g\u00e1s em volta da regi\u00e3o no espa\u00e7o e que era poss\u00edvel traduzir as ondula\u00e7\u00f5es para notas musicais.<\/p>\n\n\n\n<figure class=\"wp-block-video\"><video controls src=\"https:\/\/www.radiomanchester.com.br\/fm\/wp-content\/uploads\/2022\/05\/trim.9F581004-7A73-4EAF-BA52-3A88F466C162.mov\"><\/video><\/figure>\n\n\n\n<p>Por reda\u00e7\u00e3o &#8211; imagem: Nasa&nbsp;<\/p>\n","protected":false},"excerpt":{"rendered":"<p class=\"excerpt\">Ondas sonoras foram captadas no aglomerado de Perseu, conjunto de milhares de gal\u00e1xias. Descoberta ajuda a entender melhor o fen\u00f4meno A\u00a0Ag\u00eancia Espacial estadunidense\u00a0(NASA)\u00a0divulgou um v\u00eddeo em seu canal no\u00a0Youtube\u00a0que revela o som\u00a0de\u00a0um buraco negro. Foram captados dois \u00e1udios de dois buracos espaciais diferentes. Um deles do aglomerado de Perseu, a um dist\u00e2ncia de 240 milh\u00f5es [&hellip;]<\/p>\n","protected":false},"author":1,"featured_media":0,"comment_status":"open","ping_status":"open","sticky":false,"template":"","format":"standard","meta":[],"categories":[8,17],"tags":[22,24,113,83,92],"yoast_head":"<!-- This site is optimized with the Yoast SEO plugin v18.3 - https:\/\/yoast.com\/wordpress\/plugins\/seo\/ -->\n<title>Nasa divulga sonifica\u00e7\u00e3o de buraco negro. Ou\u00e7a - Manchester FM 93,3<\/title>\n<meta name=\"robots\" content=\"index, follow, max-snippet:-1, max-image-preview:large, max-video-preview:-1\" \/>\n<link rel=\"canonical\" href=\"https:\/\/www.radiomanchester.com.br\/fm\/nasa-divulga-sonificacao-de-buraco-negro-ouca\/\" \/>\n<meta property=\"og:locale\" content=\"pt_BR\" \/>\n<meta property=\"og:type\" content=\"article\" \/>\n<meta property=\"og:title\" content=\"Nasa divulga sonifica\u00e7\u00e3o de buraco negro. Ou\u00e7a - Manchester FM 93,3\" \/>\n<meta property=\"og:description\" content=\"Ondas sonoras foram captadas no aglomerado de Perseu, conjunto de milhares de gal\u00e1xias. Descoberta ajuda a entender melhor o fen\u00f4meno A\u00a0Ag\u00eancia Espacial estadunidense\u00a0(NASA)\u00a0divulgou um v\u00eddeo em seu canal no\u00a0Youtube\u00a0que revela o som\u00a0de\u00a0um buraco negro. Foram captados dois \u00e1udios de dois buracos espaciais diferentes. Um deles do aglomerado de Perseu, a um dist\u00e2ncia de 240 milh\u00f5es [&hellip;]\" \/>\n<meta property=\"og:url\" content=\"https:\/\/www.radiomanchester.com.br\/fm\/nasa-divulga-sonificacao-de-buraco-negro-ouca\/\" \/>\n<meta property=\"og:site_name\" content=\"Manchester FM 93,3\" \/>\n<meta property=\"article:published_time\" content=\"2022-05-06T19:52:20+00:00\" \/>\n<meta property=\"article:modified_time\" content=\"2022-05-06T19:52:23+00:00\" \/>\n<meta name=\"twitter:card\" content=\"summary_large_image\" \/>\n<meta name=\"twitter:label1\" content=\"Escrito por\" \/>\n\t<meta name=\"twitter:data1\" content=\"admin\" \/>\n\t<meta name=\"twitter:label2\" content=\"Est. tempo de leitura\" \/>\n\t<meta name=\"twitter:data2\" content=\"1 minuto\" \/>\n<script type=\"application\/ld+json\" class=\"yoast-schema-graph\">{\"@context\":\"https:\/\/schema.org\",\"@graph\":[{\"@type\":\"WebSite\",\"@id\":\"https:\/\/www.radiomanchester.com.br\/fm\/#website\",\"url\":\"https:\/\/www.radiomanchester.com.br\/fm\/\",\"name\":\"Manchester FM 93,3\",\"description\":\"Todo Mundo Ouve!\",\"potentialAction\":[{\"@type\":\"SearchAction\",\"target\":{\"@type\":\"EntryPoint\",\"urlTemplate\":\"https:\/\/www.radiomanchester.com.br\/fm\/?s={search_term_string}\"},\"query-input\":\"required name=search_term_string\"}],\"inLanguage\":\"pt-BR\"},{\"@type\":\"WebPage\",\"@id\":\"https:\/\/www.radiomanchester.com.br\/fm\/nasa-divulga-sonificacao-de-buraco-negro-ouca\/#webpage\",\"url\":\"https:\/\/www.radiomanchester.com.br\/fm\/nasa-divulga-sonificacao-de-buraco-negro-ouca\/\",\"name\":\"Nasa divulga sonifica\u00e7\u00e3o de buraco negro. Ou\u00e7a - Manchester FM 93,3\",\"isPartOf\":{\"@id\":\"https:\/\/www.radiomanchester.com.br\/fm\/#website\"},\"datePublished\":\"2022-05-06T19:52:20+00:00\",\"dateModified\":\"2022-05-06T19:52:23+00:00\",\"author\":{\"@id\":\"https:\/\/www.radiomanchester.com.br\/fm\/#\/schema\/person\/408a7b4d4e32cbebd90e2782852abca3\"},\"breadcrumb\":{\"@id\":\"https:\/\/www.radiomanchester.com.br\/fm\/nasa-divulga-sonificacao-de-buraco-negro-ouca\/#breadcrumb\"},\"inLanguage\":\"pt-BR\",\"potentialAction\":[{\"@type\":\"ReadAction\",\"target\":[\"https:\/\/www.radiomanchester.com.br\/fm\/nasa-divulga-sonificacao-de-buraco-negro-ouca\/\"]}]},{\"@type\":\"BreadcrumbList\",\"@id\":\"https:\/\/www.radiomanchester.com.br\/fm\/nasa-divulga-sonificacao-de-buraco-negro-ouca\/#breadcrumb\",\"itemListElement\":[{\"@type\":\"ListItem\",\"position\":1,\"name\":\"Home\",\"item\":\"https:\/\/www.radiomanchester.com.br\/fm\/\"},{\"@type\":\"ListItem\",\"position\":2,\"name\":\"Nasa divulga sonifica\u00e7\u00e3o de buraco negro. Ou\u00e7a\"}]},{\"@type\":\"Person\",\"@id\":\"https:\/\/www.radiomanchester.com.br\/fm\/#\/schema\/person\/408a7b4d4e32cbebd90e2782852abca3\",\"name\":\"admin\",\"image\":{\"@type\":\"ImageObject\",\"@id\":\"https:\/\/www.radiomanchester.com.br\/fm\/#personlogo\",\"inLanguage\":\"pt-BR\",\"url\":\"https:\/\/secure.gravatar.com\/avatar\/115a974dba3376872eb3addeb276301c?s=96&d=mm&r=g\",\"contentUrl\":\"https:\/\/secure.gravatar.com\/avatar\/115a974dba3376872eb3addeb276301c?s=96&d=mm&r=g\",\"caption\":\"admin\"},\"url\":\"https:\/\/www.radiomanchester.com.br\/fm\/author\/admin\/\"}]}<\/script>\n<!-- \/ Yoast SEO plugin. -->","yoast_head_json":{"title":"Nasa divulga sonifica\u00e7\u00e3o de buraco negro. Ou\u00e7a - Manchester FM 93,3","robots":{"index":"index","follow":"follow","max-snippet":"max-snippet:-1","max-image-preview":"max-image-preview:large","max-video-preview":"max-video-preview:-1"},"canonical":"https:\/\/www.radiomanchester.com.br\/fm\/nasa-divulga-sonificacao-de-buraco-negro-ouca\/","og_locale":"pt_BR","og_type":"article","og_title":"Nasa divulga sonifica\u00e7\u00e3o de buraco negro. Ou\u00e7a - Manchester FM 93,3","og_description":"Ondas sonoras foram captadas no aglomerado de Perseu, conjunto de milhares de gal\u00e1xias. Descoberta ajuda a entender melhor o fen\u00f4meno A\u00a0Ag\u00eancia Espacial estadunidense\u00a0(NASA)\u00a0divulgou um v\u00eddeo em seu canal no\u00a0Youtube\u00a0que revela o som\u00a0de\u00a0um buraco negro. Foram captados dois \u00e1udios de dois buracos espaciais diferentes. Um deles do aglomerado de Perseu, a um dist\u00e2ncia de 240 milh\u00f5es [&hellip;]","og_url":"https:\/\/www.radiomanchester.com.br\/fm\/nasa-divulga-sonificacao-de-buraco-negro-ouca\/","og_site_name":"Manchester FM 93,3","article_published_time":"2022-05-06T19:52:20+00:00","article_modified_time":"2022-05-06T19:52:23+00:00","twitter_card":"summary_large_image","twitter_misc":{"Escrito por":"admin","Est. tempo de leitura":"1 minuto"},"schema":{"@context":"https:\/\/schema.org","@graph":[{"@type":"WebSite","@id":"https:\/\/www.radiomanchester.com.br\/fm\/#website","url":"https:\/\/www.radiomanchester.com.br\/fm\/","name":"Manchester FM 93,3","description":"Todo Mundo Ouve!","potentialAction":[{"@type":"SearchAction","target":{"@type":"EntryPoint","urlTemplate":"https:\/\/www.radiomanchester.com.br\/fm\/?s={search_term_string}"},"query-input":"required name=search_term_string"}],"inLanguage":"pt-BR"},{"@type":"WebPage","@id":"https:\/\/www.radiomanchester.com.br\/fm\/nasa-divulga-sonificacao-de-buraco-negro-ouca\/#webpage","url":"https:\/\/www.radiomanchester.com.br\/fm\/nasa-divulga-sonificacao-de-buraco-negro-ouca\/","name":"Nasa divulga sonifica\u00e7\u00e3o de buraco negro. Ou\u00e7a - Manchester FM 93,3","isPartOf":{"@id":"https:\/\/www.radiomanchester.com.br\/fm\/#website"},"datePublished":"2022-05-06T19:52:20+00:00","dateModified":"2022-05-06T19:52:23+00:00","author":{"@id":"https:\/\/www.radiomanchester.com.br\/fm\/#\/schema\/person\/408a7b4d4e32cbebd90e2782852abca3"},"breadcrumb":{"@id":"https:\/\/www.radiomanchester.com.br\/fm\/nasa-divulga-sonificacao-de-buraco-negro-ouca\/#breadcrumb"},"inLanguage":"pt-BR","potentialAction":[{"@type":"ReadAction","target":["https:\/\/www.radiomanchester.com.br\/fm\/nasa-divulga-sonificacao-de-buraco-negro-ouca\/"]}]},{"@type":"BreadcrumbList","@id":"https:\/\/www.radiomanchester.com.br\/fm\/nasa-divulga-sonificacao-de-buraco-negro-ouca\/#breadcrumb","itemListElement":[{"@type":"ListItem","position":1,"name":"Home","item":"https:\/\/www.radiomanchester.com.br\/fm\/"},{"@type":"ListItem","position":2,"name":"Nasa divulga sonifica\u00e7\u00e3o de buraco negro. Ou\u00e7a"}]},{"@type":"Person","@id":"https:\/\/www.radiomanchester.com.br\/fm\/#\/schema\/person\/408a7b4d4e32cbebd90e2782852abca3","name":"admin","image":{"@type":"ImageObject","@id":"https:\/\/www.radiomanchester.com.br\/fm\/#personlogo","inLanguage":"pt-BR","url":"https:\/\/secure.gravatar.com\/avatar\/115a974dba3376872eb3addeb276301c?s=96&d=mm&r=g","contentUrl":"https:\/\/secure.gravatar.com\/avatar\/115a974dba3376872eb3addeb276301c?s=96&d=mm&r=g","caption":"admin"},"url":"https:\/\/www.radiomanchester.com.br\/fm\/author\/admin\/"}]}},"_links":{"self":[{"href":"https:\/\/www.radiomanchester.com.br\/fm\/wp-json\/wp\/v2\/posts\/7984"}],"collection":[{"href":"https:\/\/www.radiomanchester.com.br\/fm\/wp-json\/wp\/v2\/posts"}],"about":[{"href":"https:\/\/www.radiomanchester.com.br\/fm\/wp-json\/wp\/v2\/types\/post"}],"author":[{"embeddable":true,"href":"https:\/\/www.radiomanchester.com.br\/fm\/wp-json\/wp\/v2\/users\/1"}],"replies":[{"embeddable":true,"href":"https:\/\/www.radiomanchester.com.br\/fm\/wp-json\/wp\/v2\/comments?post=7984"}],"version-history":[{"count":1,"href":"https:\/\/www.radiomanchester.com.br\/fm\/wp-json\/wp\/v2\/posts\/7984\/revisions"}],"predecessor-version":[{"id":7986,"href":"https:\/\/www.radiomanchester.com.br\/fm\/wp-json\/wp\/v2\/posts\/7984\/revisions\/7986"}],"wp:attachment":[{"href":"https:\/\/www.radiomanchester.com.br\/fm\/wp-json\/wp\/v2\/media?parent=7984"}],"wp:term":[{"taxonomy":"category","embeddable":true,"href":"https:\/\/www.radiomanchester.com.br\/fm\/wp-json\/wp\/v2\/categories?post=7984"},{"taxonomy":"post_tag","embeddable":true,"href":"https:\/\/www.radiomanchester.com.br\/fm\/wp-json\/wp\/v2\/tags?post=7984"}],"curies":[{"name":"wp","href":"https:\/\/api.w.org\/{rel}","templated":true}]}}