{"id":8001,"date":"2022-05-10T06:00:00","date_gmt":"2022-05-10T09:00:00","guid":{"rendered":"https:\/\/www.radiomanchester.com.br\/fm\/?p=8001"},"modified":"2022-05-09T23:38:02","modified_gmt":"2022-05-10T02:38:02","slug":"quase-57-mil-recem-nascidos-foram-registrados-sem-o-nome-do-pai","status":"publish","type":"post","link":"https:\/\/www.radiomanchester.com.br\/fm\/quase-57-mil-recem-nascidos-foram-registrados-sem-o-nome-do-pai\/","title":{"rendered":"Quase 57 mil rec\u00e9m-nascidos foram registrados sem o nome do pai"},"content":{"rendered":"\n<p><strong>N\u00famero \u00e9 o maior j\u00e1 identificado para o acumulado do ano<\/strong><\/p>\n\n\n\n<p>Os cart\u00f3rios brasileiros registraram, no in\u00edcio deste ano, o maior n\u00famero de rec\u00e9m-nascidos identificados somente com o nome da m\u00e3e. De janeiro a abril, foram registrados 56,9 mil beb\u00eas por m\u00e3es solo, o maior n\u00famero em compara\u00e7\u00e3o com o mesmo per\u00edodo de anos anteriores.<\/p>\n\n\n\n<p>De acordo com o levantamento, em 2018, foram registrados 51,1 mil rec\u00e9m-nascidos somente como o nome materno. No ano seguinte, foram 56,3 mil. Em 2020, o n\u00famero diminuiu e passou para 52,1 mil. Em 2021, 53,9 mil crian\u00e7as n\u00e3o tiveram o pai reconhecido na certid\u00e3o de nascimento.<\/p>\n\n\n\n<p>O estudo tamb\u00e9m aponta diminui\u00e7\u00e3o do total de nascimentos de rec\u00e9m-nascidos neste ano, totalizando 858 mil. Em 2018, foram 954,9 mil.<\/p>\n\n\n\n<p>Os dados foram divulgados pela Associa\u00e7\u00e3o Nacional dos Registradores de Pessoas Naturais (Arpen-Brasil) e obtidos a partir do Portal da Transpar\u00eancia do Registro Civil. Na plataforma, \u00e9 poss\u00edvel acessar o m\u00f3dulo Pais Ausentes, que mostra os registros realizados nos 7,6 mil cart\u00f3rios do Brasil.<\/p>\n\n\n\n<p>De acordo com regras determinadas pelo Conselho Nacional de Justi\u00e7a (CNJ), caso o pai n\u00e3o queira reconhecer o filho, a m\u00e3e pode indic\u00e1-lo com genitor no cart\u00f3rio, que dever\u00e1 comunicar o fato aos \u00f3rg\u00e3os competentes para in\u00edcio do processo de investiga\u00e7\u00e3o de paternidade.<\/p>\n\n\n\n<figure class=\"wp-block-image size-medium\"><img loading=\"lazy\" width=\"300\" height=\"179\" src=\"https:\/\/www.radiomanchester.com.br\/fm\/wp-content\/uploads\/2022\/05\/certidao_de_nascimento_registro_civil_mcajr_abr_0403221131-300x179.jpg\" alt=\"\" class=\"wp-image-8002\" srcset=\"https:\/\/www.radiomanchester.com.br\/fm\/wp-content\/uploads\/2022\/05\/certidao_de_nascimento_registro_civil_mcajr_abr_0403221131-300x179.jpg 300w, https:\/\/www.radiomanchester.com.br\/fm\/wp-content\/uploads\/2022\/05\/certidao_de_nascimento_registro_civil_mcajr_abr_0403221131-1024x613.jpg 1024w, https:\/\/www.radiomanchester.com.br\/fm\/wp-content\/uploads\/2022\/05\/certidao_de_nascimento_registro_civil_mcajr_abr_0403221131-768x459.jpg 768w, https:\/\/www.radiomanchester.com.br\/fm\/wp-content\/uploads\/2022\/05\/certidao_de_nascimento_registro_civil_mcajr_abr_0403221131.jpg 1170w\" sizes=\"(max-width: 300px) 100vw, 300px\" \/><figcaption>Certid\u00e3o de Nascimento<\/figcaption><\/figure>\n\n\n\n<p>por Ag\u00eancia Brasil &#8211; foto: Ag\u00eancia Brasil<\/p>\n","protected":false},"excerpt":{"rendered":"<p class=\"excerpt\">N\u00famero \u00e9 o maior j\u00e1 identificado para o acumulado do ano Os cart\u00f3rios brasileiros registraram, no in\u00edcio deste ano, o maior n\u00famero de rec\u00e9m-nascidos identificados somente com o nome da m\u00e3e. De janeiro a abril, foram registrados 56,9 mil beb\u00eas por m\u00e3es solo, o maior n\u00famero em compara\u00e7\u00e3o com o mesmo per\u00edodo de anos anteriores. [&hellip;]<\/p>\n","protected":false},"author":1,"featured_media":0,"comment_status":"open","ping_status":"open","sticky":false,"template":"","format":"standard","meta":[],"categories":[8,17],"tags":[22,113,83,92],"yoast_head":"<!-- This site is optimized with the Yoast SEO plugin v18.3 - https:\/\/yoast.com\/wordpress\/plugins\/seo\/ -->\n<title>Quase 57 mil rec\u00e9m-nascidos foram registrados sem o nome do pai - Manchester FM 93,3<\/title>\n<meta name=\"robots\" content=\"index, follow, max-snippet:-1, max-image-preview:large, max-video-preview:-1\" \/>\n<link rel=\"canonical\" href=\"https:\/\/www.radiomanchester.com.br\/fm\/quase-57-mil-recem-nascidos-foram-registrados-sem-o-nome-do-pai\/\" \/>\n<meta property=\"og:locale\" content=\"pt_BR\" \/>\n<meta property=\"og:type\" content=\"article\" \/>\n<meta property=\"og:title\" content=\"Quase 57 mil rec\u00e9m-nascidos foram registrados sem o nome do pai - Manchester FM 93,3\" \/>\n<meta property=\"og:description\" content=\"N\u00famero \u00e9 o maior j\u00e1 identificado para o acumulado do ano Os cart\u00f3rios brasileiros registraram, no in\u00edcio deste ano, o maior n\u00famero de rec\u00e9m-nascidos identificados somente com o nome da m\u00e3e. De janeiro a abril, foram registrados 56,9 mil beb\u00eas por m\u00e3es solo, o maior n\u00famero em compara\u00e7\u00e3o com o mesmo per\u00edodo de anos anteriores. [&hellip;]\" \/>\n<meta property=\"og:url\" content=\"https:\/\/www.radiomanchester.com.br\/fm\/quase-57-mil-recem-nascidos-foram-registrados-sem-o-nome-do-pai\/\" \/>\n<meta property=\"og:site_name\" content=\"Manchester FM 93,3\" \/>\n<meta property=\"article:published_time\" content=\"2022-05-10T09:00:00+00:00\" \/>\n<meta property=\"article:modified_time\" content=\"2022-05-10T02:38:02+00:00\" \/>\n<meta property=\"og:image\" content=\"https:\/\/www.radiomanchester.com.br\/fm\/wp-content\/uploads\/2022\/05\/certidao_de_nascimento_registro_civil_mcajr_abr_0403221131-300x179.jpg\" \/>\n<meta name=\"twitter:card\" content=\"summary_large_image\" \/>\n<meta name=\"twitter:label1\" content=\"Escrito por\" \/>\n\t<meta name=\"twitter:data1\" content=\"admin\" \/>\n\t<meta name=\"twitter:label2\" content=\"Est. tempo de leitura\" \/>\n\t<meta name=\"twitter:data2\" content=\"2 minutos\" \/>\n<script type=\"application\/ld+json\" class=\"yoast-schema-graph\">{\"@context\":\"https:\/\/schema.org\",\"@graph\":[{\"@type\":\"WebSite\",\"@id\":\"https:\/\/www.radiomanchester.com.br\/fm\/#website\",\"url\":\"https:\/\/www.radiomanchester.com.br\/fm\/\",\"name\":\"Manchester FM 93,3\",\"description\":\"Todo Mundo Ouve!\",\"potentialAction\":[{\"@type\":\"SearchAction\",\"target\":{\"@type\":\"EntryPoint\",\"urlTemplate\":\"https:\/\/www.radiomanchester.com.br\/fm\/?s={search_term_string}\"},\"query-input\":\"required name=search_term_string\"}],\"inLanguage\":\"pt-BR\"},{\"@type\":\"ImageObject\",\"@id\":\"https:\/\/www.radiomanchester.com.br\/fm\/quase-57-mil-recem-nascidos-foram-registrados-sem-o-nome-do-pai\/#primaryimage\",\"inLanguage\":\"pt-BR\",\"url\":\"https:\/\/www.radiomanchester.com.br\/fm\/wp-content\/uploads\/2022\/05\/certidao_de_nascimento_registro_civil_mcajr_abr_0403221131-300x179.jpg\",\"contentUrl\":\"https:\/\/www.radiomanchester.com.br\/fm\/wp-content\/uploads\/2022\/05\/certidao_de_nascimento_registro_civil_mcajr_abr_0403221131-300x179.jpg\"},{\"@type\":\"WebPage\",\"@id\":\"https:\/\/www.radiomanchester.com.br\/fm\/quase-57-mil-recem-nascidos-foram-registrados-sem-o-nome-do-pai\/#webpage\",\"url\":\"https:\/\/www.radiomanchester.com.br\/fm\/quase-57-mil-recem-nascidos-foram-registrados-sem-o-nome-do-pai\/\",\"name\":\"Quase 57 mil rec\u00e9m-nascidos foram registrados sem o nome do pai - Manchester FM 93,3\",\"isPartOf\":{\"@id\":\"https:\/\/www.radiomanchester.com.br\/fm\/#website\"},\"primaryImageOfPage\":{\"@id\":\"https:\/\/www.radiomanchester.com.br\/fm\/quase-57-mil-recem-nascidos-foram-registrados-sem-o-nome-do-pai\/#primaryimage\"},\"datePublished\":\"2022-05-10T09:00:00+00:00\",\"dateModified\":\"2022-05-10T02:38:02+00:00\",\"author\":{\"@id\":\"https:\/\/www.radiomanchester.com.br\/fm\/#\/schema\/person\/408a7b4d4e32cbebd90e2782852abca3\"},\"breadcrumb\":{\"@id\":\"https:\/\/www.radiomanchester.com.br\/fm\/quase-57-mil-recem-nascidos-foram-registrados-sem-o-nome-do-pai\/#breadcrumb\"},\"inLanguage\":\"pt-BR\",\"potentialAction\":[{\"@type\":\"ReadAction\",\"target\":[\"https:\/\/www.radiomanchester.com.br\/fm\/quase-57-mil-recem-nascidos-foram-registrados-sem-o-nome-do-pai\/\"]}]},{\"@type\":\"BreadcrumbList\",\"@id\":\"https:\/\/www.radiomanchester.com.br\/fm\/quase-57-mil-recem-nascidos-foram-registrados-sem-o-nome-do-pai\/#breadcrumb\",\"itemListElement\":[{\"@type\":\"ListItem\",\"position\":1,\"name\":\"Home\",\"item\":\"https:\/\/www.radiomanchester.com.br\/fm\/\"},{\"@type\":\"ListItem\",\"position\":2,\"name\":\"Quase 57 mil rec\u00e9m-nascidos foram registrados sem o nome do pai\"}]},{\"@type\":\"Person\",\"@id\":\"https:\/\/www.radiomanchester.com.br\/fm\/#\/schema\/person\/408a7b4d4e32cbebd90e2782852abca3\",\"name\":\"admin\",\"image\":{\"@type\":\"ImageObject\",\"@id\":\"https:\/\/www.radiomanchester.com.br\/fm\/#personlogo\",\"inLanguage\":\"pt-BR\",\"url\":\"https:\/\/secure.gravatar.com\/avatar\/115a974dba3376872eb3addeb276301c?s=96&d=mm&r=g\",\"contentUrl\":\"https:\/\/secure.gravatar.com\/avatar\/115a974dba3376872eb3addeb276301c?s=96&d=mm&r=g\",\"caption\":\"admin\"},\"url\":\"https:\/\/www.radiomanchester.com.br\/fm\/author\/admin\/\"}]}<\/script>\n<!-- \/ Yoast SEO plugin. -->","yoast_head_json":{"title":"Quase 57 mil rec\u00e9m-nascidos foram registrados sem o nome do pai - Manchester FM 93,3","robots":{"index":"index","follow":"follow","max-snippet":"max-snippet:-1","max-image-preview":"max-image-preview:large","max-video-preview":"max-video-preview:-1"},"canonical":"https:\/\/www.radiomanchester.com.br\/fm\/quase-57-mil-recem-nascidos-foram-registrados-sem-o-nome-do-pai\/","og_locale":"pt_BR","og_type":"article","og_title":"Quase 57 mil rec\u00e9m-nascidos foram registrados sem o nome do pai - Manchester FM 93,3","og_description":"N\u00famero \u00e9 o maior j\u00e1 identificado para o acumulado do ano Os cart\u00f3rios brasileiros registraram, no in\u00edcio deste ano, o maior n\u00famero de rec\u00e9m-nascidos identificados somente com o nome da m\u00e3e. De janeiro a abril, foram registrados 56,9 mil beb\u00eas por m\u00e3es solo, o maior n\u00famero em compara\u00e7\u00e3o com o mesmo per\u00edodo de anos anteriores. [&hellip;]","og_url":"https:\/\/www.radiomanchester.com.br\/fm\/quase-57-mil-recem-nascidos-foram-registrados-sem-o-nome-do-pai\/","og_site_name":"Manchester FM 93,3","article_published_time":"2022-05-10T09:00:00+00:00","article_modified_time":"2022-05-10T02:38:02+00:00","og_image":[{"url":"https:\/\/www.radiomanchester.com.br\/fm\/wp-content\/uploads\/2022\/05\/certidao_de_nascimento_registro_civil_mcajr_abr_0403221131-300x179.jpg"}],"twitter_card":"summary_large_image","twitter_misc":{"Escrito por":"admin","Est. tempo de leitura":"2 minutos"},"schema":{"@context":"https:\/\/schema.org","@graph":[{"@type":"WebSite","@id":"https:\/\/www.radiomanchester.com.br\/fm\/#website","url":"https:\/\/www.radiomanchester.com.br\/fm\/","name":"Manchester FM 93,3","description":"Todo Mundo Ouve!","potentialAction":[{"@type":"SearchAction","target":{"@type":"EntryPoint","urlTemplate":"https:\/\/www.radiomanchester.com.br\/fm\/?s={search_term_string}"},"query-input":"required name=search_term_string"}],"inLanguage":"pt-BR"},{"@type":"ImageObject","@id":"https:\/\/www.radiomanchester.com.br\/fm\/quase-57-mil-recem-nascidos-foram-registrados-sem-o-nome-do-pai\/#primaryimage","inLanguage":"pt-BR","url":"https:\/\/www.radiomanchester.com.br\/fm\/wp-content\/uploads\/2022\/05\/certidao_de_nascimento_registro_civil_mcajr_abr_0403221131-300x179.jpg","contentUrl":"https:\/\/www.radiomanchester.com.br\/fm\/wp-content\/uploads\/2022\/05\/certidao_de_nascimento_registro_civil_mcajr_abr_0403221131-300x179.jpg"},{"@type":"WebPage","@id":"https:\/\/www.radiomanchester.com.br\/fm\/quase-57-mil-recem-nascidos-foram-registrados-sem-o-nome-do-pai\/#webpage","url":"https:\/\/www.radiomanchester.com.br\/fm\/quase-57-mil-recem-nascidos-foram-registrados-sem-o-nome-do-pai\/","name":"Quase 57 mil rec\u00e9m-nascidos foram registrados sem o nome do pai - Manchester FM 93,3","isPartOf":{"@id":"https:\/\/www.radiomanchester.com.br\/fm\/#website"},"primaryImageOfPage":{"@id":"https:\/\/www.radiomanchester.com.br\/fm\/quase-57-mil-recem-nascidos-foram-registrados-sem-o-nome-do-pai\/#primaryimage"},"datePublished":"2022-05-10T09:00:00+00:00","dateModified":"2022-05-10T02:38:02+00:00","author":{"@id":"https:\/\/www.radiomanchester.com.br\/fm\/#\/schema\/person\/408a7b4d4e32cbebd90e2782852abca3"},"breadcrumb":{"@id":"https:\/\/www.radiomanchester.com.br\/fm\/quase-57-mil-recem-nascidos-foram-registrados-sem-o-nome-do-pai\/#breadcrumb"},"inLanguage":"pt-BR","potentialAction":[{"@type":"ReadAction","target":["https:\/\/www.radiomanchester.com.br\/fm\/quase-57-mil-recem-nascidos-foram-registrados-sem-o-nome-do-pai\/"]}]},{"@type":"BreadcrumbList","@id":"https:\/\/www.radiomanchester.com.br\/fm\/quase-57-mil-recem-nascidos-foram-registrados-sem-o-nome-do-pai\/#breadcrumb","itemListElement":[{"@type":"ListItem","position":1,"name":"Home","item":"https:\/\/www.radiomanchester.com.br\/fm\/"},{"@type":"ListItem","position":2,"name":"Quase 57 mil rec\u00e9m-nascidos foram registrados sem o nome do pai"}]},{"@type":"Person","@id":"https:\/\/www.radiomanchester.com.br\/fm\/#\/schema\/person\/408a7b4d4e32cbebd90e2782852abca3","name":"admin","image":{"@type":"ImageObject","@id":"https:\/\/www.radiomanchester.com.br\/fm\/#personlogo","inLanguage":"pt-BR","url":"https:\/\/secure.gravatar.com\/avatar\/115a974dba3376872eb3addeb276301c?s=96&d=mm&r=g","contentUrl":"https:\/\/secure.gravatar.com\/avatar\/115a974dba3376872eb3addeb276301c?s=96&d=mm&r=g","caption":"admin"},"url":"https:\/\/www.radiomanchester.com.br\/fm\/author\/admin\/"}]}},"_links":{"self":[{"href":"https:\/\/www.radiomanchester.com.br\/fm\/wp-json\/wp\/v2\/posts\/8001"}],"collection":[{"href":"https:\/\/www.radiomanchester.com.br\/fm\/wp-json\/wp\/v2\/posts"}],"about":[{"href":"https:\/\/www.radiomanchester.com.br\/fm\/wp-json\/wp\/v2\/types\/post"}],"author":[{"embeddable":true,"href":"https:\/\/www.radiomanchester.com.br\/fm\/wp-json\/wp\/v2\/users\/1"}],"replies":[{"embeddable":true,"href":"https:\/\/www.radiomanchester.com.br\/fm\/wp-json\/wp\/v2\/comments?post=8001"}],"version-history":[{"count":1,"href":"https:\/\/www.radiomanchester.com.br\/fm\/wp-json\/wp\/v2\/posts\/8001\/revisions"}],"predecessor-version":[{"id":8003,"href":"https:\/\/www.radiomanchester.com.br\/fm\/wp-json\/wp\/v2\/posts\/8001\/revisions\/8003"}],"wp:attachment":[{"href":"https:\/\/www.radiomanchester.com.br\/fm\/wp-json\/wp\/v2\/media?parent=8001"}],"wp:term":[{"taxonomy":"category","embeddable":true,"href":"https:\/\/www.radiomanchester.com.br\/fm\/wp-json\/wp\/v2\/categories?post=8001"},{"taxonomy":"post_tag","embeddable":true,"href":"https:\/\/www.radiomanchester.com.br\/fm\/wp-json\/wp\/v2\/tags?post=8001"}],"curies":[{"name":"wp","href":"https:\/\/api.w.org\/{rel}","templated":true}]}}