{"id":8052,"date":"2022-05-17T07:20:42","date_gmt":"2022-05-17T10:20:42","guid":{"rendered":"https:\/\/www.radiomanchester.com.br\/fm\/?p=8052"},"modified":"2022-05-17T07:20:45","modified_gmt":"2022-05-17T10:20:45","slug":"mentiras-e-verdades-sobre-a-onda-de-frio-que-chegou-ao-brasil","status":"publish","type":"post","link":"https:\/\/www.radiomanchester.com.br\/fm\/mentiras-e-verdades-sobre-a-onda-de-frio-que-chegou-ao-brasil\/","title":{"rendered":"Mentiras e verdades sobre a onda de frio que chegou ao Brasil"},"content":{"rendered":"\n<p><\/p>\n\n\n\n<p><em><strong>A massa de ar frio polar deve atingir grande parte do pa\u00eds e derrubar as temperaturas; em Anapolis a m\u00ednima pode ser de 5\u00b0C nesta quarta<\/strong><\/em><\/p>\n\n\n\n<p><\/p>\n\n\n\n<p>Diante de informa\u00e7\u00f5es de origem duvidosa ou bastante exageradas que t\u00eam circulado nas redes sociais e aplicativos de mensagens sobre\u00a0a onda de frio que chega ao Brasil nos pr\u00f3ximos dias, o Instituto Nacional de Meteorologia (Inmet) decidiu explicar o que \u00e9 mentira e verdade sobre o fen\u00f4meno.<\/p>\n\n\n\n<p>Segundo o \u00f3rg\u00e3o, a massa de ar frio polar vai provocar uma queda acentuada da temperatura na Regi\u00e3o Centro-Sul do pa\u00eds, mas n\u00e3o de forma exagerada.<\/p>\n\n\n\n<p>Ela \u00e9 uma massa de ar at\u00edpica pelo seu posicionamento e dimens\u00e3o, mas n\u00e3o pela intensidade. Os ventos podem superar os 100 km\/h no litoral do Rio Grande do Sul.\u00a0H\u00e1 tamb\u00e9m a possibilidade de ciclone subtropical na costa da Regi\u00e3o Sul.<\/p>\n\n\n\n<p>De acordo com o Inmet, podem acontecer ainda epis\u00f3dios de chuva congelada. A previs\u00e3o de neve \u00e9 apenas para a Regi\u00e3o Sul do pa\u00eds, j\u00e1 geada pode ocorrer em Minas Gerais, nos estados de Santa Catarina, Rio Grande do Sul, Paran\u00e1, Mato Grosso do Sul, S\u00e3o Paulo, Goi\u00e1s e Mato Grosso.<\/p>\n\n\n\n<p>O instituto alerta que n\u00e3o existe o termo erup\u00e7\u00e3o polar hist\u00f3rica e que a onda de frio n\u00e3o \u00e9 a maior dos \u00faltimos 100 anos no Brasil, embora, em alguns lugares, as temperaturas m\u00ednimas possam atingir recordes.<\/p>\n\n\n\n<p>Al\u00e9m disso, a massa de ar frio polar n\u00e3o deve chegar \u00e0 Regi\u00e3o Nordeste do pa\u00eds e as temperaturas n\u00e3o v\u00e3o atingir -10\u00baC. Chance de neve em Goi\u00e1s, no Distrito Federal e demais regi\u00f5es centrais do Brasil tamb\u00e9m est\u00e3o descartadas.<\/p>\n\n\n\n<p>O Inmet lembra que frentes frias, frio e calor intenso continuar\u00e3o a acontecer. &#8220;O que geralmente pode ser falso em uma &#8216;not\u00edcia duvidosa&#8217; de clima, s\u00e3o valores extremamente exagerados e sem embasamento cient\u00edfico.&#8221;<\/p>\n\n\n\n<p>Em caso de d\u00favidas, o instituto pede ainda que as pessoas acessem o site ou as redes sociais do \u00f3rg\u00e3o para confirmar informa\u00e7\u00f5es e n\u00e3o compartilhem not\u00edcias falsas.<\/p>\n\n\n\n<figure class=\"wp-block-image size-medium is-resized is-style-default\"><img loading=\"lazy\" src=\"https:\/\/www.radiomanchester.com.br\/fm\/wp-content\/uploads\/2022\/05\/A7155536-B1E3-4DA2-970D-21DEDDD028D3-300x199.webp\" alt=\"\" class=\"wp-image-8054\" width=\"287\" height=\"190\" srcset=\"https:\/\/www.radiomanchester.com.br\/fm\/wp-content\/uploads\/2022\/05\/A7155536-B1E3-4DA2-970D-21DEDDD028D3-300x199.webp 300w, https:\/\/www.radiomanchester.com.br\/fm\/wp-content\/uploads\/2022\/05\/A7155536-B1E3-4DA2-970D-21DEDDD028D3.webp 400w\" sizes=\"(max-width: 287px) 100vw, 287px\" \/><\/figure>\n\n\n\n<figure class=\"wp-block-image size-medium\"><img loading=\"lazy\" width=\"300\" height=\"200\" src=\"https:\/\/www.radiomanchester.com.br\/fm\/wp-content\/uploads\/2022\/05\/62DF010C-DB4C-4E47-B54E-A8AA1583EA1B-300x200.webp\" alt=\"\" class=\"wp-image-8053\" srcset=\"https:\/\/www.radiomanchester.com.br\/fm\/wp-content\/uploads\/2022\/05\/62DF010C-DB4C-4E47-B54E-A8AA1583EA1B-300x200.webp 300w, https:\/\/www.radiomanchester.com.br\/fm\/wp-content\/uploads\/2022\/05\/62DF010C-DB4C-4E47-B54E-A8AA1583EA1B.webp 675w\" sizes=\"(max-width: 300px) 100vw, 300px\" \/><\/figure>\n\n\n\n<p>Por CMinas &#8211; foto: reprodu\u00e7\u00e3o internet<\/p>\n","protected":false},"excerpt":{"rendered":"<p class=\"excerpt\">A massa de ar frio polar deve atingir grande parte do pa\u00eds e derrubar as temperaturas; em Anapolis a m\u00ednima pode ser de 5\u00b0C nesta quarta Diante de informa\u00e7\u00f5es de origem duvidosa ou bastante exageradas que t\u00eam circulado nas redes sociais e aplicativos de mensagens sobre\u00a0a onda de frio que chega ao Brasil nos pr\u00f3ximos [&hellip;]<\/p>\n","protected":false},"author":1,"featured_media":0,"comment_status":"open","ping_status":"open","sticky":false,"template":"","format":"standard","meta":[],"categories":[8,17],"tags":[22,24,113,83,92],"yoast_head":"<!-- This site is optimized with the Yoast SEO plugin v18.3 - https:\/\/yoast.com\/wordpress\/plugins\/seo\/ -->\n<title>Mentiras e verdades sobre a onda de frio que chegou ao Brasil - Manchester FM 93,3<\/title>\n<meta name=\"robots\" content=\"index, follow, max-snippet:-1, max-image-preview:large, max-video-preview:-1\" \/>\n<link rel=\"canonical\" href=\"https:\/\/www.radiomanchester.com.br\/fm\/mentiras-e-verdades-sobre-a-onda-de-frio-que-chegou-ao-brasil\/\" \/>\n<meta property=\"og:locale\" content=\"pt_BR\" \/>\n<meta property=\"og:type\" content=\"article\" \/>\n<meta property=\"og:title\" content=\"Mentiras e verdades sobre a onda de frio que chegou ao Brasil - Manchester FM 93,3\" \/>\n<meta property=\"og:description\" content=\"A massa de ar frio polar deve atingir grande parte do pa\u00eds e derrubar as temperaturas; em Anapolis a m\u00ednima pode ser de 5\u00b0C nesta quarta Diante de informa\u00e7\u00f5es de origem duvidosa ou bastante exageradas que t\u00eam circulado nas redes sociais e aplicativos de mensagens sobre\u00a0a onda de frio que chega ao Brasil nos pr\u00f3ximos [&hellip;]\" \/>\n<meta property=\"og:url\" content=\"https:\/\/www.radiomanchester.com.br\/fm\/mentiras-e-verdades-sobre-a-onda-de-frio-que-chegou-ao-brasil\/\" \/>\n<meta property=\"og:site_name\" content=\"Manchester FM 93,3\" \/>\n<meta property=\"article:published_time\" content=\"2022-05-17T10:20:42+00:00\" \/>\n<meta property=\"article:modified_time\" content=\"2022-05-17T10:20:45+00:00\" \/>\n<meta property=\"og:image\" content=\"https:\/\/www.radiomanchester.com.br\/fm\/wp-content\/uploads\/2022\/05\/A7155536-B1E3-4DA2-970D-21DEDDD028D3-300x199.webp\" \/>\n<meta name=\"twitter:card\" content=\"summary_large_image\" \/>\n<meta name=\"twitter:label1\" content=\"Escrito por\" \/>\n\t<meta name=\"twitter:data1\" content=\"admin\" \/>\n\t<meta name=\"twitter:label2\" content=\"Est. tempo de leitura\" \/>\n\t<meta name=\"twitter:data2\" content=\"3 minutos\" \/>\n<script type=\"application\/ld+json\" class=\"yoast-schema-graph\">{\"@context\":\"https:\/\/schema.org\",\"@graph\":[{\"@type\":\"WebSite\",\"@id\":\"https:\/\/www.radiomanchester.com.br\/fm\/#website\",\"url\":\"https:\/\/www.radiomanchester.com.br\/fm\/\",\"name\":\"Manchester FM 93,3\",\"description\":\"Todo Mundo Ouve!\",\"potentialAction\":[{\"@type\":\"SearchAction\",\"target\":{\"@type\":\"EntryPoint\",\"urlTemplate\":\"https:\/\/www.radiomanchester.com.br\/fm\/?s={search_term_string}\"},\"query-input\":\"required name=search_term_string\"}],\"inLanguage\":\"pt-BR\"},{\"@type\":\"ImageObject\",\"@id\":\"https:\/\/www.radiomanchester.com.br\/fm\/mentiras-e-verdades-sobre-a-onda-de-frio-que-chegou-ao-brasil\/#primaryimage\",\"inLanguage\":\"pt-BR\",\"url\":\"https:\/\/www.radiomanchester.com.br\/fm\/wp-content\/uploads\/2022\/05\/A7155536-B1E3-4DA2-970D-21DEDDD028D3-300x199.webp\",\"contentUrl\":\"https:\/\/www.radiomanchester.com.br\/fm\/wp-content\/uploads\/2022\/05\/A7155536-B1E3-4DA2-970D-21DEDDD028D3-300x199.webp\"},{\"@type\":\"WebPage\",\"@id\":\"https:\/\/www.radiomanchester.com.br\/fm\/mentiras-e-verdades-sobre-a-onda-de-frio-que-chegou-ao-brasil\/#webpage\",\"url\":\"https:\/\/www.radiomanchester.com.br\/fm\/mentiras-e-verdades-sobre-a-onda-de-frio-que-chegou-ao-brasil\/\",\"name\":\"Mentiras e verdades sobre a onda de frio que chegou ao Brasil - Manchester FM 93,3\",\"isPartOf\":{\"@id\":\"https:\/\/www.radiomanchester.com.br\/fm\/#website\"},\"primaryImageOfPage\":{\"@id\":\"https:\/\/www.radiomanchester.com.br\/fm\/mentiras-e-verdades-sobre-a-onda-de-frio-que-chegou-ao-brasil\/#primaryimage\"},\"datePublished\":\"2022-05-17T10:20:42+00:00\",\"dateModified\":\"2022-05-17T10:20:45+00:00\",\"author\":{\"@id\":\"https:\/\/www.radiomanchester.com.br\/fm\/#\/schema\/person\/408a7b4d4e32cbebd90e2782852abca3\"},\"breadcrumb\":{\"@id\":\"https:\/\/www.radiomanchester.com.br\/fm\/mentiras-e-verdades-sobre-a-onda-de-frio-que-chegou-ao-brasil\/#breadcrumb\"},\"inLanguage\":\"pt-BR\",\"potentialAction\":[{\"@type\":\"ReadAction\",\"target\":[\"https:\/\/www.radiomanchester.com.br\/fm\/mentiras-e-verdades-sobre-a-onda-de-frio-que-chegou-ao-brasil\/\"]}]},{\"@type\":\"BreadcrumbList\",\"@id\":\"https:\/\/www.radiomanchester.com.br\/fm\/mentiras-e-verdades-sobre-a-onda-de-frio-que-chegou-ao-brasil\/#breadcrumb\",\"itemListElement\":[{\"@type\":\"ListItem\",\"position\":1,\"name\":\"Home\",\"item\":\"https:\/\/www.radiomanchester.com.br\/fm\/\"},{\"@type\":\"ListItem\",\"position\":2,\"name\":\"Mentiras e verdades sobre a onda de frio que chegou ao Brasil\"}]},{\"@type\":\"Person\",\"@id\":\"https:\/\/www.radiomanchester.com.br\/fm\/#\/schema\/person\/408a7b4d4e32cbebd90e2782852abca3\",\"name\":\"admin\",\"image\":{\"@type\":\"ImageObject\",\"@id\":\"https:\/\/www.radiomanchester.com.br\/fm\/#personlogo\",\"inLanguage\":\"pt-BR\",\"url\":\"https:\/\/secure.gravatar.com\/avatar\/115a974dba3376872eb3addeb276301c?s=96&d=mm&r=g\",\"contentUrl\":\"https:\/\/secure.gravatar.com\/avatar\/115a974dba3376872eb3addeb276301c?s=96&d=mm&r=g\",\"caption\":\"admin\"},\"url\":\"https:\/\/www.radiomanchester.com.br\/fm\/author\/admin\/\"}]}<\/script>\n<!-- \/ Yoast SEO plugin. -->","yoast_head_json":{"title":"Mentiras e verdades sobre a onda de frio que chegou ao Brasil - Manchester FM 93,3","robots":{"index":"index","follow":"follow","max-snippet":"max-snippet:-1","max-image-preview":"max-image-preview:large","max-video-preview":"max-video-preview:-1"},"canonical":"https:\/\/www.radiomanchester.com.br\/fm\/mentiras-e-verdades-sobre-a-onda-de-frio-que-chegou-ao-brasil\/","og_locale":"pt_BR","og_type":"article","og_title":"Mentiras e verdades sobre a onda de frio que chegou ao Brasil - Manchester FM 93,3","og_description":"A massa de ar frio polar deve atingir grande parte do pa\u00eds e derrubar as temperaturas; em Anapolis a m\u00ednima pode ser de 5\u00b0C nesta quarta Diante de informa\u00e7\u00f5es de origem duvidosa ou bastante exageradas que t\u00eam circulado nas redes sociais e aplicativos de mensagens sobre\u00a0a onda de frio que chega ao Brasil nos pr\u00f3ximos [&hellip;]","og_url":"https:\/\/www.radiomanchester.com.br\/fm\/mentiras-e-verdades-sobre-a-onda-de-frio-que-chegou-ao-brasil\/","og_site_name":"Manchester FM 93,3","article_published_time":"2022-05-17T10:20:42+00:00","article_modified_time":"2022-05-17T10:20:45+00:00","og_image":[{"url":"https:\/\/www.radiomanchester.com.br\/fm\/wp-content\/uploads\/2022\/05\/A7155536-B1E3-4DA2-970D-21DEDDD028D3-300x199.webp"}],"twitter_card":"summary_large_image","twitter_misc":{"Escrito por":"admin","Est. tempo de leitura":"3 minutos"},"schema":{"@context":"https:\/\/schema.org","@graph":[{"@type":"WebSite","@id":"https:\/\/www.radiomanchester.com.br\/fm\/#website","url":"https:\/\/www.radiomanchester.com.br\/fm\/","name":"Manchester FM 93,3","description":"Todo Mundo Ouve!","potentialAction":[{"@type":"SearchAction","target":{"@type":"EntryPoint","urlTemplate":"https:\/\/www.radiomanchester.com.br\/fm\/?s={search_term_string}"},"query-input":"required name=search_term_string"}],"inLanguage":"pt-BR"},{"@type":"ImageObject","@id":"https:\/\/www.radiomanchester.com.br\/fm\/mentiras-e-verdades-sobre-a-onda-de-frio-que-chegou-ao-brasil\/#primaryimage","inLanguage":"pt-BR","url":"https:\/\/www.radiomanchester.com.br\/fm\/wp-content\/uploads\/2022\/05\/A7155536-B1E3-4DA2-970D-21DEDDD028D3-300x199.webp","contentUrl":"https:\/\/www.radiomanchester.com.br\/fm\/wp-content\/uploads\/2022\/05\/A7155536-B1E3-4DA2-970D-21DEDDD028D3-300x199.webp"},{"@type":"WebPage","@id":"https:\/\/www.radiomanchester.com.br\/fm\/mentiras-e-verdades-sobre-a-onda-de-frio-que-chegou-ao-brasil\/#webpage","url":"https:\/\/www.radiomanchester.com.br\/fm\/mentiras-e-verdades-sobre-a-onda-de-frio-que-chegou-ao-brasil\/","name":"Mentiras e verdades sobre a onda de frio que chegou ao Brasil - Manchester FM 93,3","isPartOf":{"@id":"https:\/\/www.radiomanchester.com.br\/fm\/#website"},"primaryImageOfPage":{"@id":"https:\/\/www.radiomanchester.com.br\/fm\/mentiras-e-verdades-sobre-a-onda-de-frio-que-chegou-ao-brasil\/#primaryimage"},"datePublished":"2022-05-17T10:20:42+00:00","dateModified":"2022-05-17T10:20:45+00:00","author":{"@id":"https:\/\/www.radiomanchester.com.br\/fm\/#\/schema\/person\/408a7b4d4e32cbebd90e2782852abca3"},"breadcrumb":{"@id":"https:\/\/www.radiomanchester.com.br\/fm\/mentiras-e-verdades-sobre-a-onda-de-frio-que-chegou-ao-brasil\/#breadcrumb"},"inLanguage":"pt-BR","potentialAction":[{"@type":"ReadAction","target":["https:\/\/www.radiomanchester.com.br\/fm\/mentiras-e-verdades-sobre-a-onda-de-frio-que-chegou-ao-brasil\/"]}]},{"@type":"BreadcrumbList","@id":"https:\/\/www.radiomanchester.com.br\/fm\/mentiras-e-verdades-sobre-a-onda-de-frio-que-chegou-ao-brasil\/#breadcrumb","itemListElement":[{"@type":"ListItem","position":1,"name":"Home","item":"https:\/\/www.radiomanchester.com.br\/fm\/"},{"@type":"ListItem","position":2,"name":"Mentiras e verdades sobre a onda de frio que chegou ao Brasil"}]},{"@type":"Person","@id":"https:\/\/www.radiomanchester.com.br\/fm\/#\/schema\/person\/408a7b4d4e32cbebd90e2782852abca3","name":"admin","image":{"@type":"ImageObject","@id":"https:\/\/www.radiomanchester.com.br\/fm\/#personlogo","inLanguage":"pt-BR","url":"https:\/\/secure.gravatar.com\/avatar\/115a974dba3376872eb3addeb276301c?s=96&d=mm&r=g","contentUrl":"https:\/\/secure.gravatar.com\/avatar\/115a974dba3376872eb3addeb276301c?s=96&d=mm&r=g","caption":"admin"},"url":"https:\/\/www.radiomanchester.com.br\/fm\/author\/admin\/"}]}},"_links":{"self":[{"href":"https:\/\/www.radiomanchester.com.br\/fm\/wp-json\/wp\/v2\/posts\/8052"}],"collection":[{"href":"https:\/\/www.radiomanchester.com.br\/fm\/wp-json\/wp\/v2\/posts"}],"about":[{"href":"https:\/\/www.radiomanchester.com.br\/fm\/wp-json\/wp\/v2\/types\/post"}],"author":[{"embeddable":true,"href":"https:\/\/www.radiomanchester.com.br\/fm\/wp-json\/wp\/v2\/users\/1"}],"replies":[{"embeddable":true,"href":"https:\/\/www.radiomanchester.com.br\/fm\/wp-json\/wp\/v2\/comments?post=8052"}],"version-history":[{"count":1,"href":"https:\/\/www.radiomanchester.com.br\/fm\/wp-json\/wp\/v2\/posts\/8052\/revisions"}],"predecessor-version":[{"id":8055,"href":"https:\/\/www.radiomanchester.com.br\/fm\/wp-json\/wp\/v2\/posts\/8052\/revisions\/8055"}],"wp:attachment":[{"href":"https:\/\/www.radiomanchester.com.br\/fm\/wp-json\/wp\/v2\/media?parent=8052"}],"wp:term":[{"taxonomy":"category","embeddable":true,"href":"https:\/\/www.radiomanchester.com.br\/fm\/wp-json\/wp\/v2\/categories?post=8052"},{"taxonomy":"post_tag","embeddable":true,"href":"https:\/\/www.radiomanchester.com.br\/fm\/wp-json\/wp\/v2\/tags?post=8052"}],"curies":[{"name":"wp","href":"https:\/\/api.w.org\/{rel}","templated":true}]}}