{"id":8056,"date":"2022-05-17T10:29:35","date_gmt":"2022-05-17T13:29:35","guid":{"rendered":"https:\/\/www.radiomanchester.com.br\/fm\/?p=8056"},"modified":"2022-05-17T10:29:38","modified_gmt":"2022-05-17T13:29:38","slug":"queda-de-balao-tripulado-deixa-feridos-no-interior-de-sp","status":"publish","type":"post","link":"https:\/\/www.radiomanchester.com.br\/fm\/queda-de-balao-tripulado-deixa-feridos-no-interior-de-sp\/","title":{"rendered":"Queda de bal\u00e3o tripulado deixa feridos no interior de SP"},"content":{"rendered":"\n<p><\/p>\n\n\n\n<p><strong><em>Situa\u00e7\u00e3o ocorreu na manh\u00e3 desta ter\u00e7a-feira em Porto Feliz, estado de SP<\/em><\/strong><\/p>\n\n\n\n<p>Ao menos nove pessoas ficaram feridas em um acidente com um bal\u00e3o tripulado em Porto Feliz, no interior de S\u00e3o Paulo, na manh\u00e3 desta ter\u00e7a-feira (17 de maio). A queda ocorreu nas margens da rodovia Presidente Castelo Branco, pr\u00f3ximo ao Km 104.<\/p>\n\n\n\n<p>Segundo o Corpo de Bombeiros, nove das 10 pessoas que estavam no bal\u00e3o ficaram feridas. A corpora\u00e7\u00e3o informou que ao menos sete viaturas foram enviadas para o local. Testemunhas afirmam que a causa da queda foi uma rajada de vento.<\/p>\n\n\n\n<p>A Secretaria de Sa\u00fade do Estado informou que as v\u00edtimas foram encaminhadas para a Santa Casa de Porto Feliz, Hospitais Adib Jatene e municipal de Boituva, al\u00e9m do Conjunto Hospitalar de Sorocaba.<\/p>\n\n\n\n<figure class=\"wp-block-image size-medium\"><img loading=\"lazy\" width=\"300\" height=\"189\" src=\"https:\/\/www.radiomanchester.com.br\/fm\/wp-content\/uploads\/2022\/05\/balao-300x189.jpeg\" alt=\"\" class=\"wp-image-8057\" srcset=\"https:\/\/www.radiomanchester.com.br\/fm\/wp-content\/uploads\/2022\/05\/balao-300x189.jpeg 300w, https:\/\/www.radiomanchester.com.br\/fm\/wp-content\/uploads\/2022\/05\/balao.jpeg 634w\" sizes=\"(max-width: 300px) 100vw, 300px\" \/><\/figure>\n\n\n\n<p>por reda\u00e7\u00e3o &#8211; foto: Bombeiros SP<\/p>\n","protected":false},"excerpt":{"rendered":"<p class=\"excerpt\">Situa\u00e7\u00e3o ocorreu na manh\u00e3 desta ter\u00e7a-feira em Porto Feliz, estado de SP Ao menos nove pessoas ficaram feridas em um acidente com um bal\u00e3o tripulado em Porto Feliz, no interior de S\u00e3o Paulo, na manh\u00e3 desta ter\u00e7a-feira (17 de maio). A queda ocorreu nas margens da rodovia Presidente Castelo Branco, pr\u00f3ximo ao Km 104. Segundo [&hellip;]<\/p>\n","protected":false},"author":1,"featured_media":0,"comment_status":"open","ping_status":"open","sticky":false,"template":"","format":"standard","meta":[],"categories":[8,17],"tags":[22,24,113,83,92],"yoast_head":"<!-- This site is optimized with the Yoast SEO plugin v18.3 - https:\/\/yoast.com\/wordpress\/plugins\/seo\/ -->\n<title>Queda de bal\u00e3o tripulado deixa feridos no interior de SP - Manchester FM 93,3<\/title>\n<meta name=\"robots\" content=\"index, follow, max-snippet:-1, max-image-preview:large, max-video-preview:-1\" \/>\n<link rel=\"canonical\" href=\"https:\/\/www.radiomanchester.com.br\/fm\/queda-de-balao-tripulado-deixa-feridos-no-interior-de-sp\/\" \/>\n<meta property=\"og:locale\" content=\"pt_BR\" \/>\n<meta property=\"og:type\" content=\"article\" \/>\n<meta property=\"og:title\" content=\"Queda de bal\u00e3o tripulado deixa feridos no interior de SP - Manchester FM 93,3\" \/>\n<meta property=\"og:description\" content=\"Situa\u00e7\u00e3o ocorreu na manh\u00e3 desta ter\u00e7a-feira em Porto Feliz, estado de SP Ao menos nove pessoas ficaram feridas em um acidente com um bal\u00e3o tripulado em Porto Feliz, no interior de S\u00e3o Paulo, na manh\u00e3 desta ter\u00e7a-feira (17 de maio). A queda ocorreu nas margens da rodovia Presidente Castelo Branco, pr\u00f3ximo ao Km 104. Segundo [&hellip;]\" \/>\n<meta property=\"og:url\" content=\"https:\/\/www.radiomanchester.com.br\/fm\/queda-de-balao-tripulado-deixa-feridos-no-interior-de-sp\/\" \/>\n<meta property=\"og:site_name\" content=\"Manchester FM 93,3\" \/>\n<meta property=\"article:published_time\" content=\"2022-05-17T13:29:35+00:00\" \/>\n<meta property=\"article:modified_time\" content=\"2022-05-17T13:29:38+00:00\" \/>\n<meta property=\"og:image\" content=\"https:\/\/www.radiomanchester.com.br\/fm\/wp-content\/uploads\/2022\/05\/balao-300x189.jpeg\" \/>\n<meta name=\"twitter:card\" content=\"summary_large_image\" \/>\n<meta name=\"twitter:label1\" content=\"Escrito por\" \/>\n\t<meta name=\"twitter:data1\" content=\"admin\" \/>\n\t<meta name=\"twitter:label2\" content=\"Est. tempo de leitura\" \/>\n\t<meta name=\"twitter:data2\" content=\"1 minuto\" \/>\n<script type=\"application\/ld+json\" class=\"yoast-schema-graph\">{\"@context\":\"https:\/\/schema.org\",\"@graph\":[{\"@type\":\"WebSite\",\"@id\":\"https:\/\/www.radiomanchester.com.br\/fm\/#website\",\"url\":\"https:\/\/www.radiomanchester.com.br\/fm\/\",\"name\":\"Manchester FM 93,3\",\"description\":\"Todo Mundo Ouve!\",\"potentialAction\":[{\"@type\":\"SearchAction\",\"target\":{\"@type\":\"EntryPoint\",\"urlTemplate\":\"https:\/\/www.radiomanchester.com.br\/fm\/?s={search_term_string}\"},\"query-input\":\"required name=search_term_string\"}],\"inLanguage\":\"pt-BR\"},{\"@type\":\"ImageObject\",\"@id\":\"https:\/\/www.radiomanchester.com.br\/fm\/queda-de-balao-tripulado-deixa-feridos-no-interior-de-sp\/#primaryimage\",\"inLanguage\":\"pt-BR\",\"url\":\"https:\/\/www.radiomanchester.com.br\/fm\/wp-content\/uploads\/2022\/05\/balao.jpeg\",\"contentUrl\":\"https:\/\/www.radiomanchester.com.br\/fm\/wp-content\/uploads\/2022\/05\/balao.jpeg\",\"width\":634,\"height\":400},{\"@type\":\"WebPage\",\"@id\":\"https:\/\/www.radiomanchester.com.br\/fm\/queda-de-balao-tripulado-deixa-feridos-no-interior-de-sp\/#webpage\",\"url\":\"https:\/\/www.radiomanchester.com.br\/fm\/queda-de-balao-tripulado-deixa-feridos-no-interior-de-sp\/\",\"name\":\"Queda de bal\u00e3o tripulado deixa feridos no interior de SP - Manchester FM 93,3\",\"isPartOf\":{\"@id\":\"https:\/\/www.radiomanchester.com.br\/fm\/#website\"},\"primaryImageOfPage\":{\"@id\":\"https:\/\/www.radiomanchester.com.br\/fm\/queda-de-balao-tripulado-deixa-feridos-no-interior-de-sp\/#primaryimage\"},\"datePublished\":\"2022-05-17T13:29:35+00:00\",\"dateModified\":\"2022-05-17T13:29:38+00:00\",\"author\":{\"@id\":\"https:\/\/www.radiomanchester.com.br\/fm\/#\/schema\/person\/408a7b4d4e32cbebd90e2782852abca3\"},\"breadcrumb\":{\"@id\":\"https:\/\/www.radiomanchester.com.br\/fm\/queda-de-balao-tripulado-deixa-feridos-no-interior-de-sp\/#breadcrumb\"},\"inLanguage\":\"pt-BR\",\"potentialAction\":[{\"@type\":\"ReadAction\",\"target\":[\"https:\/\/www.radiomanchester.com.br\/fm\/queda-de-balao-tripulado-deixa-feridos-no-interior-de-sp\/\"]}]},{\"@type\":\"BreadcrumbList\",\"@id\":\"https:\/\/www.radiomanchester.com.br\/fm\/queda-de-balao-tripulado-deixa-feridos-no-interior-de-sp\/#breadcrumb\",\"itemListElement\":[{\"@type\":\"ListItem\",\"position\":1,\"name\":\"Home\",\"item\":\"https:\/\/www.radiomanchester.com.br\/fm\/\"},{\"@type\":\"ListItem\",\"position\":2,\"name\":\"Queda de bal\u00e3o tripulado deixa feridos no interior de SP\"}]},{\"@type\":\"Person\",\"@id\":\"https:\/\/www.radiomanchester.com.br\/fm\/#\/schema\/person\/408a7b4d4e32cbebd90e2782852abca3\",\"name\":\"admin\",\"image\":{\"@type\":\"ImageObject\",\"@id\":\"https:\/\/www.radiomanchester.com.br\/fm\/#personlogo\",\"inLanguage\":\"pt-BR\",\"url\":\"https:\/\/secure.gravatar.com\/avatar\/115a974dba3376872eb3addeb276301c?s=96&d=mm&r=g\",\"contentUrl\":\"https:\/\/secure.gravatar.com\/avatar\/115a974dba3376872eb3addeb276301c?s=96&d=mm&r=g\",\"caption\":\"admin\"},\"url\":\"https:\/\/www.radiomanchester.com.br\/fm\/author\/admin\/\"}]}<\/script>\n<!-- \/ Yoast SEO plugin. -->","yoast_head_json":{"title":"Queda de bal\u00e3o tripulado deixa feridos no interior de SP - Manchester FM 93,3","robots":{"index":"index","follow":"follow","max-snippet":"max-snippet:-1","max-image-preview":"max-image-preview:large","max-video-preview":"max-video-preview:-1"},"canonical":"https:\/\/www.radiomanchester.com.br\/fm\/queda-de-balao-tripulado-deixa-feridos-no-interior-de-sp\/","og_locale":"pt_BR","og_type":"article","og_title":"Queda de bal\u00e3o tripulado deixa feridos no interior de SP - Manchester FM 93,3","og_description":"Situa\u00e7\u00e3o ocorreu na manh\u00e3 desta ter\u00e7a-feira em Porto Feliz, estado de SP Ao menos nove pessoas ficaram feridas em um acidente com um bal\u00e3o tripulado em Porto Feliz, no interior de S\u00e3o Paulo, na manh\u00e3 desta ter\u00e7a-feira (17 de maio). A queda ocorreu nas margens da rodovia Presidente Castelo Branco, pr\u00f3ximo ao Km 104. Segundo [&hellip;]","og_url":"https:\/\/www.radiomanchester.com.br\/fm\/queda-de-balao-tripulado-deixa-feridos-no-interior-de-sp\/","og_site_name":"Manchester FM 93,3","article_published_time":"2022-05-17T13:29:35+00:00","article_modified_time":"2022-05-17T13:29:38+00:00","og_image":[{"url":"https:\/\/www.radiomanchester.com.br\/fm\/wp-content\/uploads\/2022\/05\/balao-300x189.jpeg"}],"twitter_card":"summary_large_image","twitter_misc":{"Escrito por":"admin","Est. tempo de leitura":"1 minuto"},"schema":{"@context":"https:\/\/schema.org","@graph":[{"@type":"WebSite","@id":"https:\/\/www.radiomanchester.com.br\/fm\/#website","url":"https:\/\/www.radiomanchester.com.br\/fm\/","name":"Manchester FM 93,3","description":"Todo Mundo Ouve!","potentialAction":[{"@type":"SearchAction","target":{"@type":"EntryPoint","urlTemplate":"https:\/\/www.radiomanchester.com.br\/fm\/?s={search_term_string}"},"query-input":"required name=search_term_string"}],"inLanguage":"pt-BR"},{"@type":"ImageObject","@id":"https:\/\/www.radiomanchester.com.br\/fm\/queda-de-balao-tripulado-deixa-feridos-no-interior-de-sp\/#primaryimage","inLanguage":"pt-BR","url":"https:\/\/www.radiomanchester.com.br\/fm\/wp-content\/uploads\/2022\/05\/balao.jpeg","contentUrl":"https:\/\/www.radiomanchester.com.br\/fm\/wp-content\/uploads\/2022\/05\/balao.jpeg","width":634,"height":400},{"@type":"WebPage","@id":"https:\/\/www.radiomanchester.com.br\/fm\/queda-de-balao-tripulado-deixa-feridos-no-interior-de-sp\/#webpage","url":"https:\/\/www.radiomanchester.com.br\/fm\/queda-de-balao-tripulado-deixa-feridos-no-interior-de-sp\/","name":"Queda de bal\u00e3o tripulado deixa feridos no interior de SP - Manchester FM 93,3","isPartOf":{"@id":"https:\/\/www.radiomanchester.com.br\/fm\/#website"},"primaryImageOfPage":{"@id":"https:\/\/www.radiomanchester.com.br\/fm\/queda-de-balao-tripulado-deixa-feridos-no-interior-de-sp\/#primaryimage"},"datePublished":"2022-05-17T13:29:35+00:00","dateModified":"2022-05-17T13:29:38+00:00","author":{"@id":"https:\/\/www.radiomanchester.com.br\/fm\/#\/schema\/person\/408a7b4d4e32cbebd90e2782852abca3"},"breadcrumb":{"@id":"https:\/\/www.radiomanchester.com.br\/fm\/queda-de-balao-tripulado-deixa-feridos-no-interior-de-sp\/#breadcrumb"},"inLanguage":"pt-BR","potentialAction":[{"@type":"ReadAction","target":["https:\/\/www.radiomanchester.com.br\/fm\/queda-de-balao-tripulado-deixa-feridos-no-interior-de-sp\/"]}]},{"@type":"BreadcrumbList","@id":"https:\/\/www.radiomanchester.com.br\/fm\/queda-de-balao-tripulado-deixa-feridos-no-interior-de-sp\/#breadcrumb","itemListElement":[{"@type":"ListItem","position":1,"name":"Home","item":"https:\/\/www.radiomanchester.com.br\/fm\/"},{"@type":"ListItem","position":2,"name":"Queda de bal\u00e3o tripulado deixa feridos no interior de SP"}]},{"@type":"Person","@id":"https:\/\/www.radiomanchester.com.br\/fm\/#\/schema\/person\/408a7b4d4e32cbebd90e2782852abca3","name":"admin","image":{"@type":"ImageObject","@id":"https:\/\/www.radiomanchester.com.br\/fm\/#personlogo","inLanguage":"pt-BR","url":"https:\/\/secure.gravatar.com\/avatar\/115a974dba3376872eb3addeb276301c?s=96&d=mm&r=g","contentUrl":"https:\/\/secure.gravatar.com\/avatar\/115a974dba3376872eb3addeb276301c?s=96&d=mm&r=g","caption":"admin"},"url":"https:\/\/www.radiomanchester.com.br\/fm\/author\/admin\/"}]}},"_links":{"self":[{"href":"https:\/\/www.radiomanchester.com.br\/fm\/wp-json\/wp\/v2\/posts\/8056"}],"collection":[{"href":"https:\/\/www.radiomanchester.com.br\/fm\/wp-json\/wp\/v2\/posts"}],"about":[{"href":"https:\/\/www.radiomanchester.com.br\/fm\/wp-json\/wp\/v2\/types\/post"}],"author":[{"embeddable":true,"href":"https:\/\/www.radiomanchester.com.br\/fm\/wp-json\/wp\/v2\/users\/1"}],"replies":[{"embeddable":true,"href":"https:\/\/www.radiomanchester.com.br\/fm\/wp-json\/wp\/v2\/comments?post=8056"}],"version-history":[{"count":1,"href":"https:\/\/www.radiomanchester.com.br\/fm\/wp-json\/wp\/v2\/posts\/8056\/revisions"}],"predecessor-version":[{"id":8058,"href":"https:\/\/www.radiomanchester.com.br\/fm\/wp-json\/wp\/v2\/posts\/8056\/revisions\/8058"}],"wp:attachment":[{"href":"https:\/\/www.radiomanchester.com.br\/fm\/wp-json\/wp\/v2\/media?parent=8056"}],"wp:term":[{"taxonomy":"category","embeddable":true,"href":"https:\/\/www.radiomanchester.com.br\/fm\/wp-json\/wp\/v2\/categories?post=8056"},{"taxonomy":"post_tag","embeddable":true,"href":"https:\/\/www.radiomanchester.com.br\/fm\/wp-json\/wp\/v2\/tags?post=8056"}],"curies":[{"name":"wp","href":"https:\/\/api.w.org\/{rel}","templated":true}]}}