{"id":8062,"date":"2022-05-18T06:00:00","date_gmt":"2022-05-18T09:00:00","guid":{"rendered":"https:\/\/www.radiomanchester.com.br\/fm\/?p=8062"},"modified":"2022-05-17T19:36:56","modified_gmt":"2022-05-17T22:36:56","slug":"prefeitura-de-anapolis-lanca-campanha-do-agasalho-2022","status":"publish","type":"post","link":"https:\/\/www.radiomanchester.com.br\/fm\/prefeitura-de-anapolis-lanca-campanha-do-agasalho-2022\/","title":{"rendered":"Prefeitura de An\u00e1polis lan\u00e7a Campanha do Agasalho 2022"},"content":{"rendered":"\n<p><\/p>\n\n\n\n<p><em><strong>Arrecada\u00e7\u00e3o de cobertores e agasalhos para fam\u00edlias em vulnerabilidade social e pessoas em situa\u00e7\u00e3o de rua pode ser feita em dez pontos de coleta<\/strong><\/em><\/p>\n\n\n\n<p>Para amenizar os efeitos do frio, a Prefeitura de An\u00e1polis lan\u00e7ou nesta ter\u00e7a-feira, (17 de maio), a Campanha do Agasalho 2022. De in\u00edcio, mais de tr\u00eas mil cobertores arrecadados j\u00e1 come\u00e7aram a ser entregues para pessoas em vulnerabilidade social e em situa\u00e7\u00e3o de rua. O servi\u00e7o \u00e9 coordenado pelo programa Volunt\u00e1rios de Cora\u00e7\u00e3o, da Secretaria Municipal de Integra\u00e7\u00e3o Social, Esporte e Cultura, que conta com apoiadores.<\/p>\n\n\n\n<p>\u201cO poder p\u00fablico n\u00e3o \u00e9 capaz de cuidar de todo mundo, mas quando juntamos as pessoas que querem o bem da nossa cidade, isso fica muito mais f\u00e1cil. Ent\u00e3o, deixo aqui tamb\u00e9m um convite a todos. Se voc\u00ea tem um moletom em bom estado, um cobertor que n\u00e3o usa, doe. Leve at\u00e9 a Secretaria de Integra\u00e7\u00e3o Social, procure um dos postos de coletas da Prefeitura, para que a gente possa realmente fazer com que esse agasalho chegue a quem precisa\u201d, disse o prefeito Roberto Naves durante o lan\u00e7amento da a\u00e7\u00e3o.<\/p>\n\n\n\n<p>A primeira-dama, Vivian Naves, tamb\u00e9m alertou da import\u00e2ncia da ajuda de empresas e institui\u00e7\u00f5es sociais. \u201cA Prefeitura faz a compra desses cobertores e agasalhos, mas a uni\u00e3o de todos \u00e9 fundamental para que mais pessoas possam ser atendidas\u201d, explicou. No ano passado, a campanha arrecadou mais de 4,5 mil agasalhos e cobertores, que foram entregues para fam\u00edlias e institui\u00e7\u00f5es filantr\u00f3picas da cidade de An\u00e1polis.<\/p>\n\n\n\n<p>De acordo com a secret\u00e1ria municipal de Integra\u00e7\u00e3o Social, Esporte e Cultura, Andrea Lins, a solidariedade e o envolvimento da sociedade na campanha ser\u00e1 fundamental na vida de muitas pessoas. \u201cSomos muito gratos a todos os parceiros envolvidos na Campanha do Agasalho 2022, que se torna fundamental nesse per\u00edodo do ano. A uni\u00e3o de todos n\u00f3s ir\u00e1 aquecer muitos cora\u00e7\u00f5es\u201d, disse.<\/p>\n\n\n\n<p>\u201cAquecendo Cora\u00e7\u00f5es: Um agasalho pode aquecer algu\u00e9m, a sua solidariedade tamb\u00e9m!\u201d \u00e9 o tema deste ano. Voc\u00ea pode participar indo a um dos dez pontos de coleta espalhados pela cidade levando roupas de frio e cobertores.<\/p>\n\n\n\n<p><em>Pontos de coleta da Campanha do Agasalho 2022:<\/em><\/p>\n\n\n\n<p>\u2022 Base A\u00e9rea de An\u00e1polis<br>\u2022 UniEvang\u00e9lica<br>\u2022 Hospital de Urg\u00eancias Dr. Henrique Santillo (Heana)<br>\u2022 CMTT<br>\u2022 Supermercado Rio Vermelho (unidade do Jundia\u00ed)<br>\u2022 Academia S\u00e9rgio Borges<br>\u2022 Senai<br>\u2022 Secretaria de Integra\u00e7\u00e3o Social, Esporte e Cultura<br>\u2022 C\u00e2mara Municipal de An\u00e1polis<br>\u2022 156 (Centro Administrativo)<\/p>\n\n\n\n<figure class=\"wp-block-image size-medium is-resized\"><img loading=\"lazy\" src=\"https:\/\/www.radiomanchester.com.br\/fm\/wp-content\/uploads\/2022\/05\/B83B46E9-A9A2-4EBF-BC7D-E8D3FFF5E395-300x200.jpeg\" alt=\"\" class=\"wp-image-8063\" width=\"293\" height=\"195\" srcset=\"https:\/\/www.radiomanchester.com.br\/fm\/wp-content\/uploads\/2022\/05\/B83B46E9-A9A2-4EBF-BC7D-E8D3FFF5E395-300x200.jpeg 300w, https:\/\/www.radiomanchester.com.br\/fm\/wp-content\/uploads\/2022\/05\/B83B46E9-A9A2-4EBF-BC7D-E8D3FFF5E395-1024x682.jpeg 1024w, https:\/\/www.radiomanchester.com.br\/fm\/wp-content\/uploads\/2022\/05\/B83B46E9-A9A2-4EBF-BC7D-E8D3FFF5E395-768x512.jpeg 768w, https:\/\/www.radiomanchester.com.br\/fm\/wp-content\/uploads\/2022\/05\/B83B46E9-A9A2-4EBF-BC7D-E8D3FFF5E395.jpeg 1280w\" sizes=\"(max-width: 293px) 100vw, 293px\" \/><\/figure>\n\n\n\n<p>Por Prefeitura de An\u00e1polis &#8211; Foto:  Secom <\/p>\n","protected":false},"excerpt":{"rendered":"<p class=\"excerpt\">Arrecada\u00e7\u00e3o de cobertores e agasalhos para fam\u00edlias em vulnerabilidade social e pessoas em situa\u00e7\u00e3o de rua pode ser feita em dez pontos de coleta Para amenizar os efeitos do frio, a Prefeitura de An\u00e1polis lan\u00e7ou nesta ter\u00e7a-feira, (17 de maio), a Campanha do Agasalho 2022. De in\u00edcio, mais de tr\u00eas mil cobertores arrecadados j\u00e1 come\u00e7aram [&hellip;]<\/p>\n","protected":false},"author":1,"featured_media":0,"comment_status":"open","ping_status":"open","sticky":false,"template":"","format":"standard","meta":[],"categories":[8,17],"tags":[22,24,113,83,129,92],"yoast_head":"<!-- This site is optimized with the Yoast SEO plugin v18.3 - https:\/\/yoast.com\/wordpress\/plugins\/seo\/ -->\n<title>Prefeitura de An\u00e1polis lan\u00e7a Campanha do Agasalho 2022 - Manchester FM 93,3<\/title>\n<meta name=\"robots\" content=\"index, follow, max-snippet:-1, max-image-preview:large, max-video-preview:-1\" \/>\n<link rel=\"canonical\" href=\"https:\/\/www.radiomanchester.com.br\/fm\/prefeitura-de-anapolis-lanca-campanha-do-agasalho-2022\/\" \/>\n<meta property=\"og:locale\" content=\"pt_BR\" \/>\n<meta property=\"og:type\" content=\"article\" \/>\n<meta property=\"og:title\" content=\"Prefeitura de An\u00e1polis lan\u00e7a Campanha do Agasalho 2022 - Manchester FM 93,3\" \/>\n<meta property=\"og:description\" content=\"Arrecada\u00e7\u00e3o de cobertores e agasalhos para fam\u00edlias em vulnerabilidade social e pessoas em situa\u00e7\u00e3o de rua pode ser feita em dez pontos de coleta Para amenizar os efeitos do frio, a Prefeitura de An\u00e1polis lan\u00e7ou nesta ter\u00e7a-feira, (17 de maio), a Campanha do Agasalho 2022. De in\u00edcio, mais de tr\u00eas mil cobertores arrecadados j\u00e1 come\u00e7aram [&hellip;]\" \/>\n<meta property=\"og:url\" content=\"https:\/\/www.radiomanchester.com.br\/fm\/prefeitura-de-anapolis-lanca-campanha-do-agasalho-2022\/\" \/>\n<meta property=\"og:site_name\" content=\"Manchester FM 93,3\" \/>\n<meta property=\"article:published_time\" content=\"2022-05-18T09:00:00+00:00\" \/>\n<meta property=\"article:modified_time\" content=\"2022-05-17T22:36:56+00:00\" \/>\n<meta property=\"og:image\" content=\"https:\/\/www.radiomanchester.com.br\/fm\/wp-content\/uploads\/2022\/05\/B83B46E9-A9A2-4EBF-BC7D-E8D3FFF5E395-300x200.jpeg\" \/>\n<meta name=\"twitter:card\" content=\"summary_large_image\" \/>\n<meta name=\"twitter:label1\" content=\"Escrito por\" \/>\n\t<meta name=\"twitter:data1\" content=\"admin\" \/>\n\t<meta name=\"twitter:label2\" content=\"Est. tempo de leitura\" \/>\n\t<meta name=\"twitter:data2\" content=\"3 minutos\" \/>\n<script type=\"application\/ld+json\" class=\"yoast-schema-graph\">{\"@context\":\"https:\/\/schema.org\",\"@graph\":[{\"@type\":\"WebSite\",\"@id\":\"https:\/\/www.radiomanchester.com.br\/fm\/#website\",\"url\":\"https:\/\/www.radiomanchester.com.br\/fm\/\",\"name\":\"Manchester FM 93,3\",\"description\":\"Todo Mundo Ouve!\",\"potentialAction\":[{\"@type\":\"SearchAction\",\"target\":{\"@type\":\"EntryPoint\",\"urlTemplate\":\"https:\/\/www.radiomanchester.com.br\/fm\/?s={search_term_string}\"},\"query-input\":\"required name=search_term_string\"}],\"inLanguage\":\"pt-BR\"},{\"@type\":\"ImageObject\",\"@id\":\"https:\/\/www.radiomanchester.com.br\/fm\/prefeitura-de-anapolis-lanca-campanha-do-agasalho-2022\/#primaryimage\",\"inLanguage\":\"pt-BR\",\"url\":\"https:\/\/www.radiomanchester.com.br\/fm\/wp-content\/uploads\/2022\/05\/B83B46E9-A9A2-4EBF-BC7D-E8D3FFF5E395-300x200.jpeg\",\"contentUrl\":\"https:\/\/www.radiomanchester.com.br\/fm\/wp-content\/uploads\/2022\/05\/B83B46E9-A9A2-4EBF-BC7D-E8D3FFF5E395-300x200.jpeg\"},{\"@type\":\"WebPage\",\"@id\":\"https:\/\/www.radiomanchester.com.br\/fm\/prefeitura-de-anapolis-lanca-campanha-do-agasalho-2022\/#webpage\",\"url\":\"https:\/\/www.radiomanchester.com.br\/fm\/prefeitura-de-anapolis-lanca-campanha-do-agasalho-2022\/\",\"name\":\"Prefeitura de An\u00e1polis lan\u00e7a Campanha do Agasalho 2022 - Manchester FM 93,3\",\"isPartOf\":{\"@id\":\"https:\/\/www.radiomanchester.com.br\/fm\/#website\"},\"primaryImageOfPage\":{\"@id\":\"https:\/\/www.radiomanchester.com.br\/fm\/prefeitura-de-anapolis-lanca-campanha-do-agasalho-2022\/#primaryimage\"},\"datePublished\":\"2022-05-18T09:00:00+00:00\",\"dateModified\":\"2022-05-17T22:36:56+00:00\",\"author\":{\"@id\":\"https:\/\/www.radiomanchester.com.br\/fm\/#\/schema\/person\/408a7b4d4e32cbebd90e2782852abca3\"},\"breadcrumb\":{\"@id\":\"https:\/\/www.radiomanchester.com.br\/fm\/prefeitura-de-anapolis-lanca-campanha-do-agasalho-2022\/#breadcrumb\"},\"inLanguage\":\"pt-BR\",\"potentialAction\":[{\"@type\":\"ReadAction\",\"target\":[\"https:\/\/www.radiomanchester.com.br\/fm\/prefeitura-de-anapolis-lanca-campanha-do-agasalho-2022\/\"]}]},{\"@type\":\"BreadcrumbList\",\"@id\":\"https:\/\/www.radiomanchester.com.br\/fm\/prefeitura-de-anapolis-lanca-campanha-do-agasalho-2022\/#breadcrumb\",\"itemListElement\":[{\"@type\":\"ListItem\",\"position\":1,\"name\":\"Home\",\"item\":\"https:\/\/www.radiomanchester.com.br\/fm\/\"},{\"@type\":\"ListItem\",\"position\":2,\"name\":\"Prefeitura de An\u00e1polis lan\u00e7a Campanha do Agasalho 2022\"}]},{\"@type\":\"Person\",\"@id\":\"https:\/\/www.radiomanchester.com.br\/fm\/#\/schema\/person\/408a7b4d4e32cbebd90e2782852abca3\",\"name\":\"admin\",\"image\":{\"@type\":\"ImageObject\",\"@id\":\"https:\/\/www.radiomanchester.com.br\/fm\/#personlogo\",\"inLanguage\":\"pt-BR\",\"url\":\"https:\/\/secure.gravatar.com\/avatar\/115a974dba3376872eb3addeb276301c?s=96&d=mm&r=g\",\"contentUrl\":\"https:\/\/secure.gravatar.com\/avatar\/115a974dba3376872eb3addeb276301c?s=96&d=mm&r=g\",\"caption\":\"admin\"},\"url\":\"https:\/\/www.radiomanchester.com.br\/fm\/author\/admin\/\"}]}<\/script>\n<!-- \/ Yoast SEO plugin. -->","yoast_head_json":{"title":"Prefeitura de An\u00e1polis lan\u00e7a Campanha do Agasalho 2022 - Manchester FM 93,3","robots":{"index":"index","follow":"follow","max-snippet":"max-snippet:-1","max-image-preview":"max-image-preview:large","max-video-preview":"max-video-preview:-1"},"canonical":"https:\/\/www.radiomanchester.com.br\/fm\/prefeitura-de-anapolis-lanca-campanha-do-agasalho-2022\/","og_locale":"pt_BR","og_type":"article","og_title":"Prefeitura de An\u00e1polis lan\u00e7a Campanha do Agasalho 2022 - Manchester FM 93,3","og_description":"Arrecada\u00e7\u00e3o de cobertores e agasalhos para fam\u00edlias em vulnerabilidade social e pessoas em situa\u00e7\u00e3o de rua pode ser feita em dez pontos de coleta Para amenizar os efeitos do frio, a Prefeitura de An\u00e1polis lan\u00e7ou nesta ter\u00e7a-feira, (17 de maio), a Campanha do Agasalho 2022. De in\u00edcio, mais de tr\u00eas mil cobertores arrecadados j\u00e1 come\u00e7aram [&hellip;]","og_url":"https:\/\/www.radiomanchester.com.br\/fm\/prefeitura-de-anapolis-lanca-campanha-do-agasalho-2022\/","og_site_name":"Manchester FM 93,3","article_published_time":"2022-05-18T09:00:00+00:00","article_modified_time":"2022-05-17T22:36:56+00:00","og_image":[{"url":"https:\/\/www.radiomanchester.com.br\/fm\/wp-content\/uploads\/2022\/05\/B83B46E9-A9A2-4EBF-BC7D-E8D3FFF5E395-300x200.jpeg"}],"twitter_card":"summary_large_image","twitter_misc":{"Escrito por":"admin","Est. tempo de leitura":"3 minutos"},"schema":{"@context":"https:\/\/schema.org","@graph":[{"@type":"WebSite","@id":"https:\/\/www.radiomanchester.com.br\/fm\/#website","url":"https:\/\/www.radiomanchester.com.br\/fm\/","name":"Manchester FM 93,3","description":"Todo Mundo Ouve!","potentialAction":[{"@type":"SearchAction","target":{"@type":"EntryPoint","urlTemplate":"https:\/\/www.radiomanchester.com.br\/fm\/?s={search_term_string}"},"query-input":"required name=search_term_string"}],"inLanguage":"pt-BR"},{"@type":"ImageObject","@id":"https:\/\/www.radiomanchester.com.br\/fm\/prefeitura-de-anapolis-lanca-campanha-do-agasalho-2022\/#primaryimage","inLanguage":"pt-BR","url":"https:\/\/www.radiomanchester.com.br\/fm\/wp-content\/uploads\/2022\/05\/B83B46E9-A9A2-4EBF-BC7D-E8D3FFF5E395-300x200.jpeg","contentUrl":"https:\/\/www.radiomanchester.com.br\/fm\/wp-content\/uploads\/2022\/05\/B83B46E9-A9A2-4EBF-BC7D-E8D3FFF5E395-300x200.jpeg"},{"@type":"WebPage","@id":"https:\/\/www.radiomanchester.com.br\/fm\/prefeitura-de-anapolis-lanca-campanha-do-agasalho-2022\/#webpage","url":"https:\/\/www.radiomanchester.com.br\/fm\/prefeitura-de-anapolis-lanca-campanha-do-agasalho-2022\/","name":"Prefeitura de An\u00e1polis lan\u00e7a Campanha do Agasalho 2022 - Manchester FM 93,3","isPartOf":{"@id":"https:\/\/www.radiomanchester.com.br\/fm\/#website"},"primaryImageOfPage":{"@id":"https:\/\/www.radiomanchester.com.br\/fm\/prefeitura-de-anapolis-lanca-campanha-do-agasalho-2022\/#primaryimage"},"datePublished":"2022-05-18T09:00:00+00:00","dateModified":"2022-05-17T22:36:56+00:00","author":{"@id":"https:\/\/www.radiomanchester.com.br\/fm\/#\/schema\/person\/408a7b4d4e32cbebd90e2782852abca3"},"breadcrumb":{"@id":"https:\/\/www.radiomanchester.com.br\/fm\/prefeitura-de-anapolis-lanca-campanha-do-agasalho-2022\/#breadcrumb"},"inLanguage":"pt-BR","potentialAction":[{"@type":"ReadAction","target":["https:\/\/www.radiomanchester.com.br\/fm\/prefeitura-de-anapolis-lanca-campanha-do-agasalho-2022\/"]}]},{"@type":"BreadcrumbList","@id":"https:\/\/www.radiomanchester.com.br\/fm\/prefeitura-de-anapolis-lanca-campanha-do-agasalho-2022\/#breadcrumb","itemListElement":[{"@type":"ListItem","position":1,"name":"Home","item":"https:\/\/www.radiomanchester.com.br\/fm\/"},{"@type":"ListItem","position":2,"name":"Prefeitura de An\u00e1polis lan\u00e7a Campanha do Agasalho 2022"}]},{"@type":"Person","@id":"https:\/\/www.radiomanchester.com.br\/fm\/#\/schema\/person\/408a7b4d4e32cbebd90e2782852abca3","name":"admin","image":{"@type":"ImageObject","@id":"https:\/\/www.radiomanchester.com.br\/fm\/#personlogo","inLanguage":"pt-BR","url":"https:\/\/secure.gravatar.com\/avatar\/115a974dba3376872eb3addeb276301c?s=96&d=mm&r=g","contentUrl":"https:\/\/secure.gravatar.com\/avatar\/115a974dba3376872eb3addeb276301c?s=96&d=mm&r=g","caption":"admin"},"url":"https:\/\/www.radiomanchester.com.br\/fm\/author\/admin\/"}]}},"_links":{"self":[{"href":"https:\/\/www.radiomanchester.com.br\/fm\/wp-json\/wp\/v2\/posts\/8062"}],"collection":[{"href":"https:\/\/www.radiomanchester.com.br\/fm\/wp-json\/wp\/v2\/posts"}],"about":[{"href":"https:\/\/www.radiomanchester.com.br\/fm\/wp-json\/wp\/v2\/types\/post"}],"author":[{"embeddable":true,"href":"https:\/\/www.radiomanchester.com.br\/fm\/wp-json\/wp\/v2\/users\/1"}],"replies":[{"embeddable":true,"href":"https:\/\/www.radiomanchester.com.br\/fm\/wp-json\/wp\/v2\/comments?post=8062"}],"version-history":[{"count":1,"href":"https:\/\/www.radiomanchester.com.br\/fm\/wp-json\/wp\/v2\/posts\/8062\/revisions"}],"predecessor-version":[{"id":8064,"href":"https:\/\/www.radiomanchester.com.br\/fm\/wp-json\/wp\/v2\/posts\/8062\/revisions\/8064"}],"wp:attachment":[{"href":"https:\/\/www.radiomanchester.com.br\/fm\/wp-json\/wp\/v2\/media?parent=8062"}],"wp:term":[{"taxonomy":"category","embeddable":true,"href":"https:\/\/www.radiomanchester.com.br\/fm\/wp-json\/wp\/v2\/categories?post=8062"},{"taxonomy":"post_tag","embeddable":true,"href":"https:\/\/www.radiomanchester.com.br\/fm\/wp-json\/wp\/v2\/tags?post=8062"}],"curies":[{"name":"wp","href":"https:\/\/api.w.org\/{rel}","templated":true}]}}