{"id":8127,"date":"2022-05-25T13:42:42","date_gmt":"2022-05-25T16:42:42","guid":{"rendered":"https:\/\/www.radiomanchester.com.br\/fm\/?p=8127"},"modified":"2022-05-25T13:42:48","modified_gmt":"2022-05-25T16:42:48","slug":"globo-inverte-horarios-do-mais-voce-e-encontro","status":"publish","type":"post","link":"https:\/\/www.radiomanchester.com.br\/fm\/globo-inverte-horarios-do-mais-voce-e-encontro\/","title":{"rendered":"Globo inverte hor\u00e1rios do Mais Voc\u00ea e Encontro"},"content":{"rendered":"\n<p><\/p>\n\n\n\n<p><strong><em>A mudan\u00e7a valer\u00e1 a partir de 4 de julho, quando Patr\u00edcia Poeta e Manoel Soares estreiam no Encontro<\/em><\/strong><\/p>\n\n\n\n<p>Ap\u00f3s a Globo promover uma dan\u00e7a das cadeiras em sua programa\u00e7\u00e3o, a emissora decidiu mudar os hor\u00e1rios do Mais Voc\u00ea e do Encontro. A mudan\u00e7a valer\u00e1 a partir de 4 de julho.<\/p>\n\n\n\n<p>A partir da data, quando estreia sob o comando de Patricia Poeta, ao lado de Manoel Soares, o Encontro passa a ser exibido mais cedo, logo ap\u00f3s o Bom Dia Brasil, direto de S\u00e3o Paulo, repercutindo as principais not\u00edcias do dia com mat\u00e9rias, bate-papos e convidados, al\u00e9m das atra\u00e7\u00f5es musicais.<\/p>\n\n\n\n<p>A mudan\u00e7a do local de transmiss\u00e3o do programa possibilitar\u00e1 maior sinergia com a produ\u00e7\u00e3o do Mais Voc\u00ea, em busca de uma pauta matinal mais integrada. \u201cCom isso, estamos refor\u00e7ando a complementaridade dessas produ\u00e7\u00f5es, cujas equipes poder\u00e3o trabalhar ainda mais entrosadas\u201d, destaca o diretor de g\u00eanero de variedades, Mariano Boni.<\/p>\n\n\n\n<figure class=\"wp-block-image size-medium\"><img loading=\"lazy\" width=\"300\" height=\"150\" src=\"https:\/\/www.radiomanchester.com.br\/fm\/wp-content\/uploads\/2022\/05\/CE3FA5A9-9D8A-40C6-9BD0-93D4E08F744C-300x150.jpeg\" alt=\"\" class=\"wp-image-8128\" srcset=\"https:\/\/www.radiomanchester.com.br\/fm\/wp-content\/uploads\/2022\/05\/CE3FA5A9-9D8A-40C6-9BD0-93D4E08F744C-300x150.jpeg 300w, https:\/\/www.radiomanchester.com.br\/fm\/wp-content\/uploads\/2022\/05\/CE3FA5A9-9D8A-40C6-9BD0-93D4E08F744C-768x384.jpeg 768w, https:\/\/www.radiomanchester.com.br\/fm\/wp-content\/uploads\/2022\/05\/CE3FA5A9-9D8A-40C6-9BD0-93D4E08F744C.jpeg 783w\" sizes=\"(max-width: 300px) 100vw, 300px\" \/><\/figure>\n\n\n\n<p>Por reda\u00e7\u00e3o &#8211; foto: redes sociais&nbsp;<\/p>\n","protected":false},"excerpt":{"rendered":"<p class=\"excerpt\">A mudan\u00e7a valer\u00e1 a partir de 4 de julho, quando Patr\u00edcia Poeta e Manoel Soares estreiam no Encontro Ap\u00f3s a Globo promover uma dan\u00e7a das cadeiras em sua programa\u00e7\u00e3o, a emissora decidiu mudar os hor\u00e1rios do Mais Voc\u00ea e do Encontro. A mudan\u00e7a valer\u00e1 a partir de 4 de julho. A partir da data, quando [&hellip;]<\/p>\n","protected":false},"author":1,"featured_media":0,"comment_status":"open","ping_status":"open","sticky":false,"template":"","format":"standard","meta":[],"categories":[8,17],"tags":[22,24,113,83,92],"yoast_head":"<!-- This site is optimized with the Yoast SEO plugin v18.3 - https:\/\/yoast.com\/wordpress\/plugins\/seo\/ -->\n<title>Globo inverte hor\u00e1rios do Mais Voc\u00ea e Encontro - Manchester FM 93,3<\/title>\n<meta name=\"robots\" content=\"index, follow, max-snippet:-1, max-image-preview:large, max-video-preview:-1\" \/>\n<link rel=\"canonical\" href=\"https:\/\/www.radiomanchester.com.br\/fm\/globo-inverte-horarios-do-mais-voce-e-encontro\/\" \/>\n<meta property=\"og:locale\" content=\"pt_BR\" \/>\n<meta property=\"og:type\" content=\"article\" \/>\n<meta property=\"og:title\" content=\"Globo inverte hor\u00e1rios do Mais Voc\u00ea e Encontro - Manchester FM 93,3\" \/>\n<meta property=\"og:description\" content=\"A mudan\u00e7a valer\u00e1 a partir de 4 de julho, quando Patr\u00edcia Poeta e Manoel Soares estreiam no Encontro Ap\u00f3s a Globo promover uma dan\u00e7a das cadeiras em sua programa\u00e7\u00e3o, a emissora decidiu mudar os hor\u00e1rios do Mais Voc\u00ea e do Encontro. A mudan\u00e7a valer\u00e1 a partir de 4 de julho. A partir da data, quando [&hellip;]\" \/>\n<meta property=\"og:url\" content=\"https:\/\/www.radiomanchester.com.br\/fm\/globo-inverte-horarios-do-mais-voce-e-encontro\/\" \/>\n<meta property=\"og:site_name\" content=\"Manchester FM 93,3\" \/>\n<meta property=\"article:published_time\" content=\"2022-05-25T16:42:42+00:00\" \/>\n<meta property=\"article:modified_time\" content=\"2022-05-25T16:42:48+00:00\" \/>\n<meta property=\"og:image\" content=\"https:\/\/www.radiomanchester.com.br\/fm\/wp-content\/uploads\/2022\/05\/CE3FA5A9-9D8A-40C6-9BD0-93D4E08F744C-300x150.jpeg\" \/>\n<meta name=\"twitter:card\" content=\"summary_large_image\" \/>\n<meta name=\"twitter:label1\" content=\"Escrito por\" \/>\n\t<meta name=\"twitter:data1\" content=\"admin\" \/>\n\t<meta name=\"twitter:label2\" content=\"Est. tempo de leitura\" \/>\n\t<meta name=\"twitter:data2\" content=\"2 minutos\" \/>\n<script type=\"application\/ld+json\" class=\"yoast-schema-graph\">{\"@context\":\"https:\/\/schema.org\",\"@graph\":[{\"@type\":\"WebSite\",\"@id\":\"https:\/\/www.radiomanchester.com.br\/fm\/#website\",\"url\":\"https:\/\/www.radiomanchester.com.br\/fm\/\",\"name\":\"Manchester FM 93,3\",\"description\":\"Todo Mundo Ouve!\",\"potentialAction\":[{\"@type\":\"SearchAction\",\"target\":{\"@type\":\"EntryPoint\",\"urlTemplate\":\"https:\/\/www.radiomanchester.com.br\/fm\/?s={search_term_string}\"},\"query-input\":\"required name=search_term_string\"}],\"inLanguage\":\"pt-BR\"},{\"@type\":\"ImageObject\",\"@id\":\"https:\/\/www.radiomanchester.com.br\/fm\/globo-inverte-horarios-do-mais-voce-e-encontro\/#primaryimage\",\"inLanguage\":\"pt-BR\",\"url\":\"https:\/\/www.radiomanchester.com.br\/fm\/wp-content\/uploads\/2022\/05\/CE3FA5A9-9D8A-40C6-9BD0-93D4E08F744C-300x150.jpeg\",\"contentUrl\":\"https:\/\/www.radiomanchester.com.br\/fm\/wp-content\/uploads\/2022\/05\/CE3FA5A9-9D8A-40C6-9BD0-93D4E08F744C-300x150.jpeg\"},{\"@type\":\"WebPage\",\"@id\":\"https:\/\/www.radiomanchester.com.br\/fm\/globo-inverte-horarios-do-mais-voce-e-encontro\/#webpage\",\"url\":\"https:\/\/www.radiomanchester.com.br\/fm\/globo-inverte-horarios-do-mais-voce-e-encontro\/\",\"name\":\"Globo inverte hor\u00e1rios do Mais Voc\u00ea e Encontro - Manchester FM 93,3\",\"isPartOf\":{\"@id\":\"https:\/\/www.radiomanchester.com.br\/fm\/#website\"},\"primaryImageOfPage\":{\"@id\":\"https:\/\/www.radiomanchester.com.br\/fm\/globo-inverte-horarios-do-mais-voce-e-encontro\/#primaryimage\"},\"datePublished\":\"2022-05-25T16:42:42+00:00\",\"dateModified\":\"2022-05-25T16:42:48+00:00\",\"author\":{\"@id\":\"https:\/\/www.radiomanchester.com.br\/fm\/#\/schema\/person\/408a7b4d4e32cbebd90e2782852abca3\"},\"breadcrumb\":{\"@id\":\"https:\/\/www.radiomanchester.com.br\/fm\/globo-inverte-horarios-do-mais-voce-e-encontro\/#breadcrumb\"},\"inLanguage\":\"pt-BR\",\"potentialAction\":[{\"@type\":\"ReadAction\",\"target\":[\"https:\/\/www.radiomanchester.com.br\/fm\/globo-inverte-horarios-do-mais-voce-e-encontro\/\"]}]},{\"@type\":\"BreadcrumbList\",\"@id\":\"https:\/\/www.radiomanchester.com.br\/fm\/globo-inverte-horarios-do-mais-voce-e-encontro\/#breadcrumb\",\"itemListElement\":[{\"@type\":\"ListItem\",\"position\":1,\"name\":\"Home\",\"item\":\"https:\/\/www.radiomanchester.com.br\/fm\/\"},{\"@type\":\"ListItem\",\"position\":2,\"name\":\"Globo inverte hor\u00e1rios do Mais Voc\u00ea e Encontro\"}]},{\"@type\":\"Person\",\"@id\":\"https:\/\/www.radiomanchester.com.br\/fm\/#\/schema\/person\/408a7b4d4e32cbebd90e2782852abca3\",\"name\":\"admin\",\"image\":{\"@type\":\"ImageObject\",\"@id\":\"https:\/\/www.radiomanchester.com.br\/fm\/#personlogo\",\"inLanguage\":\"pt-BR\",\"url\":\"https:\/\/secure.gravatar.com\/avatar\/115a974dba3376872eb3addeb276301c?s=96&d=mm&r=g\",\"contentUrl\":\"https:\/\/secure.gravatar.com\/avatar\/115a974dba3376872eb3addeb276301c?s=96&d=mm&r=g\",\"caption\":\"admin\"},\"url\":\"https:\/\/www.radiomanchester.com.br\/fm\/author\/admin\/\"}]}<\/script>\n<!-- \/ Yoast SEO plugin. -->","yoast_head_json":{"title":"Globo inverte hor\u00e1rios do Mais Voc\u00ea e Encontro - Manchester FM 93,3","robots":{"index":"index","follow":"follow","max-snippet":"max-snippet:-1","max-image-preview":"max-image-preview:large","max-video-preview":"max-video-preview:-1"},"canonical":"https:\/\/www.radiomanchester.com.br\/fm\/globo-inverte-horarios-do-mais-voce-e-encontro\/","og_locale":"pt_BR","og_type":"article","og_title":"Globo inverte hor\u00e1rios do Mais Voc\u00ea e Encontro - Manchester FM 93,3","og_description":"A mudan\u00e7a valer\u00e1 a partir de 4 de julho, quando Patr\u00edcia Poeta e Manoel Soares estreiam no Encontro Ap\u00f3s a Globo promover uma dan\u00e7a das cadeiras em sua programa\u00e7\u00e3o, a emissora decidiu mudar os hor\u00e1rios do Mais Voc\u00ea e do Encontro. A mudan\u00e7a valer\u00e1 a partir de 4 de julho. A partir da data, quando [&hellip;]","og_url":"https:\/\/www.radiomanchester.com.br\/fm\/globo-inverte-horarios-do-mais-voce-e-encontro\/","og_site_name":"Manchester FM 93,3","article_published_time":"2022-05-25T16:42:42+00:00","article_modified_time":"2022-05-25T16:42:48+00:00","og_image":[{"url":"https:\/\/www.radiomanchester.com.br\/fm\/wp-content\/uploads\/2022\/05\/CE3FA5A9-9D8A-40C6-9BD0-93D4E08F744C-300x150.jpeg"}],"twitter_card":"summary_large_image","twitter_misc":{"Escrito por":"admin","Est. tempo de leitura":"2 minutos"},"schema":{"@context":"https:\/\/schema.org","@graph":[{"@type":"WebSite","@id":"https:\/\/www.radiomanchester.com.br\/fm\/#website","url":"https:\/\/www.radiomanchester.com.br\/fm\/","name":"Manchester FM 93,3","description":"Todo Mundo Ouve!","potentialAction":[{"@type":"SearchAction","target":{"@type":"EntryPoint","urlTemplate":"https:\/\/www.radiomanchester.com.br\/fm\/?s={search_term_string}"},"query-input":"required name=search_term_string"}],"inLanguage":"pt-BR"},{"@type":"ImageObject","@id":"https:\/\/www.radiomanchester.com.br\/fm\/globo-inverte-horarios-do-mais-voce-e-encontro\/#primaryimage","inLanguage":"pt-BR","url":"https:\/\/www.radiomanchester.com.br\/fm\/wp-content\/uploads\/2022\/05\/CE3FA5A9-9D8A-40C6-9BD0-93D4E08F744C-300x150.jpeg","contentUrl":"https:\/\/www.radiomanchester.com.br\/fm\/wp-content\/uploads\/2022\/05\/CE3FA5A9-9D8A-40C6-9BD0-93D4E08F744C-300x150.jpeg"},{"@type":"WebPage","@id":"https:\/\/www.radiomanchester.com.br\/fm\/globo-inverte-horarios-do-mais-voce-e-encontro\/#webpage","url":"https:\/\/www.radiomanchester.com.br\/fm\/globo-inverte-horarios-do-mais-voce-e-encontro\/","name":"Globo inverte hor\u00e1rios do Mais Voc\u00ea e Encontro - Manchester FM 93,3","isPartOf":{"@id":"https:\/\/www.radiomanchester.com.br\/fm\/#website"},"primaryImageOfPage":{"@id":"https:\/\/www.radiomanchester.com.br\/fm\/globo-inverte-horarios-do-mais-voce-e-encontro\/#primaryimage"},"datePublished":"2022-05-25T16:42:42+00:00","dateModified":"2022-05-25T16:42:48+00:00","author":{"@id":"https:\/\/www.radiomanchester.com.br\/fm\/#\/schema\/person\/408a7b4d4e32cbebd90e2782852abca3"},"breadcrumb":{"@id":"https:\/\/www.radiomanchester.com.br\/fm\/globo-inverte-horarios-do-mais-voce-e-encontro\/#breadcrumb"},"inLanguage":"pt-BR","potentialAction":[{"@type":"ReadAction","target":["https:\/\/www.radiomanchester.com.br\/fm\/globo-inverte-horarios-do-mais-voce-e-encontro\/"]}]},{"@type":"BreadcrumbList","@id":"https:\/\/www.radiomanchester.com.br\/fm\/globo-inverte-horarios-do-mais-voce-e-encontro\/#breadcrumb","itemListElement":[{"@type":"ListItem","position":1,"name":"Home","item":"https:\/\/www.radiomanchester.com.br\/fm\/"},{"@type":"ListItem","position":2,"name":"Globo inverte hor\u00e1rios do Mais Voc\u00ea e Encontro"}]},{"@type":"Person","@id":"https:\/\/www.radiomanchester.com.br\/fm\/#\/schema\/person\/408a7b4d4e32cbebd90e2782852abca3","name":"admin","image":{"@type":"ImageObject","@id":"https:\/\/www.radiomanchester.com.br\/fm\/#personlogo","inLanguage":"pt-BR","url":"https:\/\/secure.gravatar.com\/avatar\/115a974dba3376872eb3addeb276301c?s=96&d=mm&r=g","contentUrl":"https:\/\/secure.gravatar.com\/avatar\/115a974dba3376872eb3addeb276301c?s=96&d=mm&r=g","caption":"admin"},"url":"https:\/\/www.radiomanchester.com.br\/fm\/author\/admin\/"}]}},"_links":{"self":[{"href":"https:\/\/www.radiomanchester.com.br\/fm\/wp-json\/wp\/v2\/posts\/8127"}],"collection":[{"href":"https:\/\/www.radiomanchester.com.br\/fm\/wp-json\/wp\/v2\/posts"}],"about":[{"href":"https:\/\/www.radiomanchester.com.br\/fm\/wp-json\/wp\/v2\/types\/post"}],"author":[{"embeddable":true,"href":"https:\/\/www.radiomanchester.com.br\/fm\/wp-json\/wp\/v2\/users\/1"}],"replies":[{"embeddable":true,"href":"https:\/\/www.radiomanchester.com.br\/fm\/wp-json\/wp\/v2\/comments?post=8127"}],"version-history":[{"count":1,"href":"https:\/\/www.radiomanchester.com.br\/fm\/wp-json\/wp\/v2\/posts\/8127\/revisions"}],"predecessor-version":[{"id":8129,"href":"https:\/\/www.radiomanchester.com.br\/fm\/wp-json\/wp\/v2\/posts\/8127\/revisions\/8129"}],"wp:attachment":[{"href":"https:\/\/www.radiomanchester.com.br\/fm\/wp-json\/wp\/v2\/media?parent=8127"}],"wp:term":[{"taxonomy":"category","embeddable":true,"href":"https:\/\/www.radiomanchester.com.br\/fm\/wp-json\/wp\/v2\/categories?post=8127"},{"taxonomy":"post_tag","embeddable":true,"href":"https:\/\/www.radiomanchester.com.br\/fm\/wp-json\/wp\/v2\/tags?post=8127"}],"curies":[{"name":"wp","href":"https:\/\/api.w.org\/{rel}","templated":true}]}}