{"id":8243,"date":"2022-06-11T15:37:14","date_gmt":"2022-06-11T18:37:14","guid":{"rendered":"https:\/\/www.radiomanchester.com.br\/fm\/?p=8243"},"modified":"2022-06-11T15:37:17","modified_gmt":"2022-06-11T18:37:17","slug":"carneiro-e-condenado-a-tres-anos-de-prisao-por-chifrar-e-matar-mulher","status":"publish","type":"post","link":"https:\/\/www.radiomanchester.com.br\/fm\/carneiro-e-condenado-a-tres-anos-de-prisao-por-chifrar-e-matar-mulher\/","title":{"rendered":"Carneiro \u00e9 condenado a tr\u00eas anos de pris\u00e3o por chifrar e matar mulher"},"content":{"rendered":"\n<p><\/p>\n\n\n\n<p><strong><em>Caso bizarro foi registrado no Sud\u00e3o do Sul; o dono do animal ainda ter\u00e1 que indenizar a fam\u00edlia da v\u00edtima com cinco vacas<\/em><\/strong><\/p>\n\n\n\n<p>Um tribunal do Sud\u00e3o do Sul\u00a0condenou um carneiro\u00a0a tr\u00eas anos de pris\u00e3o por matar uma mulher no pa\u00eds. O animal deu diversas chifradas na v\u00edtima e foi detido logo depois.<\/p>\n\n\n\n<p>O caso bizarro foi registrado no in\u00edcio de maio, na prov\u00edncia de Rumbek East. O\u00a0carneiro atacou violentamente\u00a0Adhieu Chaping, de 45 anos, e quebrou tr\u00eas costelas dela.<\/p>\n\n\n\n<p>A v\u00edtima, infelizmente, faleceu no local, antes de receber o devido atendimento m\u00e9dico. J\u00e1 o bov\u00eddeo assassino foi levado para uma delegacia local.<\/p>\n\n\n\n<p>&#8220;O propriet\u00e1rio \u00e9 inocente, foi o carneiro\u00a0que cometeu o crime, ent\u00e3o ele merece ser preso. Posteriormente, o caso ser\u00e1 encaminhado ao tribunal&#8221;, afirmou um comunicado da pol\u00edcia, divulgado pelo canal indiano NDTV.<\/p>\n\n\n\n<p>O animal agora ficar\u00e1 detido em uma instala\u00e7\u00e3o militar regional. J\u00e1 o dono do carneiro,&nbsp;Duony Manyang Dhal, ter\u00e1 que dar cinco vacas \u00e0 fam\u00edlia da v\u00edtima, como forma de compensa\u00e7\u00e3o.<\/p>\n\n\n\n<p>Segundo a NDTV, o dono do carneiro e a fam\u00edlia da v\u00edtima s\u00e3o parentes e formalizaram o acordo com l\u00edderes comunit\u00e1rios. De acordo com as tradi\u00e7\u00f5es do pa\u00eds, o animal assassino tamb\u00e9m ser\u00e1 dado aos familiares da v\u00edtima.<\/p>\n\n\n\n<figure class=\"wp-block-image size-medium\"><img loading=\"lazy\" width=\"300\" height=\"163\" src=\"https:\/\/www.radiomanchester.com.br\/fm\/wp-content\/uploads\/2022\/06\/B79B51E6-1A81-40A3-8EB8-E0B10F3B6205-300x163.jpeg\" alt=\"\" class=\"wp-image-8244\" srcset=\"https:\/\/www.radiomanchester.com.br\/fm\/wp-content\/uploads\/2022\/06\/B79B51E6-1A81-40A3-8EB8-E0B10F3B6205-300x163.jpeg 300w, https:\/\/www.radiomanchester.com.br\/fm\/wp-content\/uploads\/2022\/06\/B79B51E6-1A81-40A3-8EB8-E0B10F3B6205-768x418.jpeg 768w, https:\/\/www.radiomanchester.com.br\/fm\/wp-content\/uploads\/2022\/06\/B79B51E6-1A81-40A3-8EB8-E0B10F3B6205.jpeg 771w\" sizes=\"(max-width: 300px) 100vw, 300px\" \/><\/figure>\n\n\n\n<p><\/p>\n\n\n\n<p>Por reda\u00e7\u00e3o  &#8211; foto:  divulga\u00e7\u00e3o <\/p>\n","protected":false},"excerpt":{"rendered":"<p class=\"excerpt\">Caso bizarro foi registrado no Sud\u00e3o do Sul; o dono do animal ainda ter\u00e1 que indenizar a fam\u00edlia da v\u00edtima com cinco vacas Um tribunal do Sud\u00e3o do Sul\u00a0condenou um carneiro\u00a0a tr\u00eas anos de pris\u00e3o por matar uma mulher no pa\u00eds. O animal deu diversas chifradas na v\u00edtima e foi detido logo depois. O caso [&hellip;]<\/p>\n","protected":false},"author":1,"featured_media":0,"comment_status":"open","ping_status":"open","sticky":false,"template":"","format":"standard","meta":[],"categories":[8,17],"tags":[22,24,113,83,92],"yoast_head":"<!-- This site is optimized with the Yoast SEO plugin v18.3 - https:\/\/yoast.com\/wordpress\/plugins\/seo\/ -->\n<title>Carneiro \u00e9 condenado a tr\u00eas anos de pris\u00e3o por chifrar e matar mulher - Manchester FM 93,3<\/title>\n<meta name=\"robots\" content=\"index, follow, max-snippet:-1, max-image-preview:large, max-video-preview:-1\" \/>\n<link rel=\"canonical\" href=\"https:\/\/www.radiomanchester.com.br\/fm\/carneiro-e-condenado-a-tres-anos-de-prisao-por-chifrar-e-matar-mulher\/\" \/>\n<meta property=\"og:locale\" content=\"pt_BR\" \/>\n<meta property=\"og:type\" content=\"article\" \/>\n<meta property=\"og:title\" content=\"Carneiro \u00e9 condenado a tr\u00eas anos de pris\u00e3o por chifrar e matar mulher - Manchester FM 93,3\" \/>\n<meta property=\"og:description\" content=\"Caso bizarro foi registrado no Sud\u00e3o do Sul; o dono do animal ainda ter\u00e1 que indenizar a fam\u00edlia da v\u00edtima com cinco vacas Um tribunal do Sud\u00e3o do Sul\u00a0condenou um carneiro\u00a0a tr\u00eas anos de pris\u00e3o por matar uma mulher no pa\u00eds. O animal deu diversas chifradas na v\u00edtima e foi detido logo depois. O caso [&hellip;]\" \/>\n<meta property=\"og:url\" content=\"https:\/\/www.radiomanchester.com.br\/fm\/carneiro-e-condenado-a-tres-anos-de-prisao-por-chifrar-e-matar-mulher\/\" \/>\n<meta property=\"og:site_name\" content=\"Manchester FM 93,3\" \/>\n<meta property=\"article:published_time\" content=\"2022-06-11T18:37:14+00:00\" \/>\n<meta property=\"article:modified_time\" content=\"2022-06-11T18:37:17+00:00\" \/>\n<meta property=\"og:image\" content=\"https:\/\/www.radiomanchester.com.br\/fm\/wp-content\/uploads\/2022\/06\/B79B51E6-1A81-40A3-8EB8-E0B10F3B6205-300x163.jpeg\" \/>\n<meta name=\"twitter:card\" content=\"summary_large_image\" \/>\n<meta name=\"twitter:label1\" content=\"Escrito por\" \/>\n\t<meta name=\"twitter:data1\" content=\"admin\" \/>\n\t<meta name=\"twitter:label2\" content=\"Est. tempo de leitura\" \/>\n\t<meta name=\"twitter:data2\" content=\"2 minutos\" \/>\n<script type=\"application\/ld+json\" class=\"yoast-schema-graph\">{\"@context\":\"https:\/\/schema.org\",\"@graph\":[{\"@type\":\"WebSite\",\"@id\":\"https:\/\/www.radiomanchester.com.br\/fm\/#website\",\"url\":\"https:\/\/www.radiomanchester.com.br\/fm\/\",\"name\":\"Manchester FM 93,3\",\"description\":\"Todo Mundo Ouve!\",\"potentialAction\":[{\"@type\":\"SearchAction\",\"target\":{\"@type\":\"EntryPoint\",\"urlTemplate\":\"https:\/\/www.radiomanchester.com.br\/fm\/?s={search_term_string}\"},\"query-input\":\"required name=search_term_string\"}],\"inLanguage\":\"pt-BR\"},{\"@type\":\"ImageObject\",\"@id\":\"https:\/\/www.radiomanchester.com.br\/fm\/carneiro-e-condenado-a-tres-anos-de-prisao-por-chifrar-e-matar-mulher\/#primaryimage\",\"inLanguage\":\"pt-BR\",\"url\":\"https:\/\/www.radiomanchester.com.br\/fm\/wp-content\/uploads\/2022\/06\/B79B51E6-1A81-40A3-8EB8-E0B10F3B6205.jpeg\",\"contentUrl\":\"https:\/\/www.radiomanchester.com.br\/fm\/wp-content\/uploads\/2022\/06\/B79B51E6-1A81-40A3-8EB8-E0B10F3B6205.jpeg\",\"width\":771,\"height\":420},{\"@type\":\"WebPage\",\"@id\":\"https:\/\/www.radiomanchester.com.br\/fm\/carneiro-e-condenado-a-tres-anos-de-prisao-por-chifrar-e-matar-mulher\/#webpage\",\"url\":\"https:\/\/www.radiomanchester.com.br\/fm\/carneiro-e-condenado-a-tres-anos-de-prisao-por-chifrar-e-matar-mulher\/\",\"name\":\"Carneiro \u00e9 condenado a tr\u00eas anos de pris\u00e3o por chifrar e matar mulher - Manchester FM 93,3\",\"isPartOf\":{\"@id\":\"https:\/\/www.radiomanchester.com.br\/fm\/#website\"},\"primaryImageOfPage\":{\"@id\":\"https:\/\/www.radiomanchester.com.br\/fm\/carneiro-e-condenado-a-tres-anos-de-prisao-por-chifrar-e-matar-mulher\/#primaryimage\"},\"datePublished\":\"2022-06-11T18:37:14+00:00\",\"dateModified\":\"2022-06-11T18:37:17+00:00\",\"author\":{\"@id\":\"https:\/\/www.radiomanchester.com.br\/fm\/#\/schema\/person\/408a7b4d4e32cbebd90e2782852abca3\"},\"breadcrumb\":{\"@id\":\"https:\/\/www.radiomanchester.com.br\/fm\/carneiro-e-condenado-a-tres-anos-de-prisao-por-chifrar-e-matar-mulher\/#breadcrumb\"},\"inLanguage\":\"pt-BR\",\"potentialAction\":[{\"@type\":\"ReadAction\",\"target\":[\"https:\/\/www.radiomanchester.com.br\/fm\/carneiro-e-condenado-a-tres-anos-de-prisao-por-chifrar-e-matar-mulher\/\"]}]},{\"@type\":\"BreadcrumbList\",\"@id\":\"https:\/\/www.radiomanchester.com.br\/fm\/carneiro-e-condenado-a-tres-anos-de-prisao-por-chifrar-e-matar-mulher\/#breadcrumb\",\"itemListElement\":[{\"@type\":\"ListItem\",\"position\":1,\"name\":\"Home\",\"item\":\"https:\/\/www.radiomanchester.com.br\/fm\/\"},{\"@type\":\"ListItem\",\"position\":2,\"name\":\"Carneiro \u00e9 condenado a tr\u00eas anos de pris\u00e3o por chifrar e matar mulher\"}]},{\"@type\":\"Person\",\"@id\":\"https:\/\/www.radiomanchester.com.br\/fm\/#\/schema\/person\/408a7b4d4e32cbebd90e2782852abca3\",\"name\":\"admin\",\"image\":{\"@type\":\"ImageObject\",\"@id\":\"https:\/\/www.radiomanchester.com.br\/fm\/#personlogo\",\"inLanguage\":\"pt-BR\",\"url\":\"https:\/\/secure.gravatar.com\/avatar\/115a974dba3376872eb3addeb276301c?s=96&d=mm&r=g\",\"contentUrl\":\"https:\/\/secure.gravatar.com\/avatar\/115a974dba3376872eb3addeb276301c?s=96&d=mm&r=g\",\"caption\":\"admin\"},\"url\":\"https:\/\/www.radiomanchester.com.br\/fm\/author\/admin\/\"}]}<\/script>\n<!-- \/ Yoast SEO plugin. -->","yoast_head_json":{"title":"Carneiro \u00e9 condenado a tr\u00eas anos de pris\u00e3o por chifrar e matar mulher - Manchester FM 93,3","robots":{"index":"index","follow":"follow","max-snippet":"max-snippet:-1","max-image-preview":"max-image-preview:large","max-video-preview":"max-video-preview:-1"},"canonical":"https:\/\/www.radiomanchester.com.br\/fm\/carneiro-e-condenado-a-tres-anos-de-prisao-por-chifrar-e-matar-mulher\/","og_locale":"pt_BR","og_type":"article","og_title":"Carneiro \u00e9 condenado a tr\u00eas anos de pris\u00e3o por chifrar e matar mulher - Manchester FM 93,3","og_description":"Caso bizarro foi registrado no Sud\u00e3o do Sul; o dono do animal ainda ter\u00e1 que indenizar a fam\u00edlia da v\u00edtima com cinco vacas Um tribunal do Sud\u00e3o do Sul\u00a0condenou um carneiro\u00a0a tr\u00eas anos de pris\u00e3o por matar uma mulher no pa\u00eds. O animal deu diversas chifradas na v\u00edtima e foi detido logo depois. O caso [&hellip;]","og_url":"https:\/\/www.radiomanchester.com.br\/fm\/carneiro-e-condenado-a-tres-anos-de-prisao-por-chifrar-e-matar-mulher\/","og_site_name":"Manchester FM 93,3","article_published_time":"2022-06-11T18:37:14+00:00","article_modified_time":"2022-06-11T18:37:17+00:00","og_image":[{"url":"https:\/\/www.radiomanchester.com.br\/fm\/wp-content\/uploads\/2022\/06\/B79B51E6-1A81-40A3-8EB8-E0B10F3B6205-300x163.jpeg"}],"twitter_card":"summary_large_image","twitter_misc":{"Escrito por":"admin","Est. tempo de leitura":"2 minutos"},"schema":{"@context":"https:\/\/schema.org","@graph":[{"@type":"WebSite","@id":"https:\/\/www.radiomanchester.com.br\/fm\/#website","url":"https:\/\/www.radiomanchester.com.br\/fm\/","name":"Manchester FM 93,3","description":"Todo Mundo Ouve!","potentialAction":[{"@type":"SearchAction","target":{"@type":"EntryPoint","urlTemplate":"https:\/\/www.radiomanchester.com.br\/fm\/?s={search_term_string}"},"query-input":"required name=search_term_string"}],"inLanguage":"pt-BR"},{"@type":"ImageObject","@id":"https:\/\/www.radiomanchester.com.br\/fm\/carneiro-e-condenado-a-tres-anos-de-prisao-por-chifrar-e-matar-mulher\/#primaryimage","inLanguage":"pt-BR","url":"https:\/\/www.radiomanchester.com.br\/fm\/wp-content\/uploads\/2022\/06\/B79B51E6-1A81-40A3-8EB8-E0B10F3B6205.jpeg","contentUrl":"https:\/\/www.radiomanchester.com.br\/fm\/wp-content\/uploads\/2022\/06\/B79B51E6-1A81-40A3-8EB8-E0B10F3B6205.jpeg","width":771,"height":420},{"@type":"WebPage","@id":"https:\/\/www.radiomanchester.com.br\/fm\/carneiro-e-condenado-a-tres-anos-de-prisao-por-chifrar-e-matar-mulher\/#webpage","url":"https:\/\/www.radiomanchester.com.br\/fm\/carneiro-e-condenado-a-tres-anos-de-prisao-por-chifrar-e-matar-mulher\/","name":"Carneiro \u00e9 condenado a tr\u00eas anos de pris\u00e3o por chifrar e matar mulher - Manchester FM 93,3","isPartOf":{"@id":"https:\/\/www.radiomanchester.com.br\/fm\/#website"},"primaryImageOfPage":{"@id":"https:\/\/www.radiomanchester.com.br\/fm\/carneiro-e-condenado-a-tres-anos-de-prisao-por-chifrar-e-matar-mulher\/#primaryimage"},"datePublished":"2022-06-11T18:37:14+00:00","dateModified":"2022-06-11T18:37:17+00:00","author":{"@id":"https:\/\/www.radiomanchester.com.br\/fm\/#\/schema\/person\/408a7b4d4e32cbebd90e2782852abca3"},"breadcrumb":{"@id":"https:\/\/www.radiomanchester.com.br\/fm\/carneiro-e-condenado-a-tres-anos-de-prisao-por-chifrar-e-matar-mulher\/#breadcrumb"},"inLanguage":"pt-BR","potentialAction":[{"@type":"ReadAction","target":["https:\/\/www.radiomanchester.com.br\/fm\/carneiro-e-condenado-a-tres-anos-de-prisao-por-chifrar-e-matar-mulher\/"]}]},{"@type":"BreadcrumbList","@id":"https:\/\/www.radiomanchester.com.br\/fm\/carneiro-e-condenado-a-tres-anos-de-prisao-por-chifrar-e-matar-mulher\/#breadcrumb","itemListElement":[{"@type":"ListItem","position":1,"name":"Home","item":"https:\/\/www.radiomanchester.com.br\/fm\/"},{"@type":"ListItem","position":2,"name":"Carneiro \u00e9 condenado a tr\u00eas anos de pris\u00e3o por chifrar e matar mulher"}]},{"@type":"Person","@id":"https:\/\/www.radiomanchester.com.br\/fm\/#\/schema\/person\/408a7b4d4e32cbebd90e2782852abca3","name":"admin","image":{"@type":"ImageObject","@id":"https:\/\/www.radiomanchester.com.br\/fm\/#personlogo","inLanguage":"pt-BR","url":"https:\/\/secure.gravatar.com\/avatar\/115a974dba3376872eb3addeb276301c?s=96&d=mm&r=g","contentUrl":"https:\/\/secure.gravatar.com\/avatar\/115a974dba3376872eb3addeb276301c?s=96&d=mm&r=g","caption":"admin"},"url":"https:\/\/www.radiomanchester.com.br\/fm\/author\/admin\/"}]}},"_links":{"self":[{"href":"https:\/\/www.radiomanchester.com.br\/fm\/wp-json\/wp\/v2\/posts\/8243"}],"collection":[{"href":"https:\/\/www.radiomanchester.com.br\/fm\/wp-json\/wp\/v2\/posts"}],"about":[{"href":"https:\/\/www.radiomanchester.com.br\/fm\/wp-json\/wp\/v2\/types\/post"}],"author":[{"embeddable":true,"href":"https:\/\/www.radiomanchester.com.br\/fm\/wp-json\/wp\/v2\/users\/1"}],"replies":[{"embeddable":true,"href":"https:\/\/www.radiomanchester.com.br\/fm\/wp-json\/wp\/v2\/comments?post=8243"}],"version-history":[{"count":1,"href":"https:\/\/www.radiomanchester.com.br\/fm\/wp-json\/wp\/v2\/posts\/8243\/revisions"}],"predecessor-version":[{"id":8245,"href":"https:\/\/www.radiomanchester.com.br\/fm\/wp-json\/wp\/v2\/posts\/8243\/revisions\/8245"}],"wp:attachment":[{"href":"https:\/\/www.radiomanchester.com.br\/fm\/wp-json\/wp\/v2\/media?parent=8243"}],"wp:term":[{"taxonomy":"category","embeddable":true,"href":"https:\/\/www.radiomanchester.com.br\/fm\/wp-json\/wp\/v2\/categories?post=8243"},{"taxonomy":"post_tag","embeddable":true,"href":"https:\/\/www.radiomanchester.com.br\/fm\/wp-json\/wp\/v2\/tags?post=8243"}],"curies":[{"name":"wp","href":"https:\/\/api.w.org\/{rel}","templated":true}]}}