{"id":8297,"date":"2022-06-19T09:07:38","date_gmt":"2022-06-19T12:07:38","guid":{"rendered":"https:\/\/www.radiomanchester.com.br\/fm\/?p=8297"},"modified":"2022-06-19T09:07:41","modified_gmt":"2022-06-19T12:07:41","slug":"10-filmes-imperdiveis-para-assistir-neste-dia-do-cinema-brasileiro","status":"publish","type":"post","link":"https:\/\/www.radiomanchester.com.br\/fm\/10-filmes-imperdiveis-para-assistir-neste-dia-do-cinema-brasileiro\/","title":{"rendered":"10 filmes imperd\u00edveis para assistir neste Dia do Cinema Brasileiro"},"content":{"rendered":"\n<p><\/p>\n\n\n\n<p><em><strong>As op\u00e7\u00f5es est\u00e3o dispon\u00edveis em diversas plataformas de streaming<\/strong><\/em><\/p>\n\n\n\n<p>O Dia do Cinema Brasileiro \u00e9 celebrado neste domingo (19\/6). A data tem como objetivo prestigiar as produ\u00e7\u00f5es nacionais e a cultura local. De filmes mais \u201cart\u00edsticos\u201d a produ\u00e7\u00f5es pop, o auidiovisual do p\u00e1is tem ganhado cada vez mais destaque no cen\u00e1rio.<\/p>\n\n\n\n<blockquote class=\"wp-block-quote\"><p><strong><em>A data \u00e9 comemorada em homenagem ao dia em que o \u00edtalo-brasileiro Afonso Segreto, primeiro cinegrafista e diretor do pa\u00eds, que registrou as primeiras imagens em movimento no territ\u00f3rio brasileiro, em 1898.<\/em><\/strong><\/p><\/blockquote>\n\n\n\n<p>Para comemorar este dia especial, o Metr\u00f3poles separou 10 produ\u00e7\u00f5es nacionais imperd\u00edveis que est\u00e3o dispon\u00edveis para assistir nas plataformas de streaming.<\/p>\n\n\n\n<p><strong>Netflix:<\/strong><\/p>\n\n\n\n<p><strong>Que Horas Ela Volta?<\/strong> (2015): No cl\u00e1ssico e premiado filme, Val (Regina Caz\u00e9) \u00e9 uma empregada dom\u00e9stica que se mudou para S\u00e3o Paulo com o intuito de proporcionar melhores condi\u00e7\u00f5es de vida para a filha, J\u00e9ssica. Anos depois, a garota lhe telefona, dizendo que quer ir para a cidade prestar vestibular. Os chefes de Val recebem a menina, por\u00e9m o seu comportamento complica as rela\u00e7\u00f5es na casa.<a href=\"https:\/\/www.netflix.com\/br\/title\/80039527\">&nbsp;Clique aqui para assistir.<\/a><\/p>\n\n\n\n<p><strong>Alem\u00e3o<\/strong> (2014): Cinco policiais infiltrados no Complexo do Alem\u00e3o precisam encontrar uma forma de escapar quando s\u00e3o desmascarados e impiedosamente perseguidos pelos traficantes. O filme conta com a participa\u00e7\u00e3o de atores como Caio Blat, Cau\u00e3 Reymond e Marcelo Melo Junior.&nbsp;<a href=\"https:\/\/www.netflix.com\/br\/title\/81383253\">Clique aqui para assistir<\/a>.<\/p>\n\n\n\n<p><strong>Lulli<\/strong> (2021): Com a atriz Larissa Manoela como protagonista, Lulli \u00e9 uma jovem e ambiciosa estudante de medicina que sonha em ser a melhor cirurgi\u00e3 do mundo, n\u00e3o deixando nada nem ningu\u00e9m a atrapalhar \u2013 nem mesmo o seu rec\u00e9m-ex-namorado. Mas o seu mundo vira de cabe\u00e7a pra baixo quando ela \u00e9 eletrocutada por um aparelho de resson\u00e2ncia eletromagn\u00e9tica e come\u00e7a \u2013 ironicamente \u2013 a ouvir pensamentos alheios. Agora, a garota que at\u00e9 ent\u00e3o era incapaz de ouvir as pessoas ao seu redor precisar\u00e1 aprender sobre as maravilhas e os perigos de saber o que os outros est\u00e3o pensando.&nbsp;<a href=\"https:\/\/www.netflix.com\/br\/title\/81008142\">Clique aqui para assistir.<\/a><\/p>\n\n\n\n<p><strong>Star+:<\/strong><\/p>\n\n\n\n<p><strong>O Auto da Boa Mentira<\/strong> (2021): Em quatro hist\u00f3rias inspiradas em contos bem-humorados de Ariano Suassuna, cada uma criada a partir de frases do poeta paraibano, conhecemos Helder (Leandro Hassum), Fabiano (Renato G\u00f3es), Pierce (Chris Mason) e Lorena (Cac\u00e1 Ottoni), vivendo diferentes situa\u00e7\u00f5es em que, ironicamente, a mentira \u00e9 sempre a protagonista.&nbsp;<a href=\"https:\/\/www.starplus.com\/movies\/o-auto-da-boa-mentira\/4rxatVBJGOMr\">Clique aqui para assistir<\/a>.<\/p>\n\n\n\n<p><strong>Vale Night<\/strong> (2022): Um \u201cvale night\u201d \u00e9 o sonho de consumo de todo casal com filho pequeno. E com Daiana e Vini, um casal da periferia paulista, n\u00e3o \u00e9 diferente. Cansada de lidar com as responsabilidades do primeiro filho, Daiana (Gabriela Dias) resolve pegar um \u201cvale night\u201d para passar a noite com as amigas, mas, para isso, precisa deixar o filho com o pai da crian\u00e7a. Vini (Pedro Ottoni), tamb\u00e9m entediado, decide levar o beb\u00ea para o baile funk, onde tudo vai bem at\u00e9 que ele perde o menino e parte em busca da crian\u00e7a por toda a comunidade, se colocando em situa\u00e7\u00f5es inusitadas e divertidas para que Daiana n\u00e3o perceba nada. O filme ainda conta com Linn da Quebrada, Yuri Mar\u00e7al, Tia M\u00e1, Jonathan Haagensen e grandes nomes no elenco.<a href=\"https:\/\/www.starplus.com\/pt-br\/movies\/vale-night\/3hrumMUgWuvY\">&nbsp;Clique aqui para assistir.<\/a><\/p>\n\n\n\n<p><strong>Amazon Prime Video:<\/strong><\/p>\n\n\n\n<p><strong>\u00c9 Proibido Fumar <\/strong>(2009): Baby (Gl\u00f3ria Pires) vive sozinha no apartamento que herdou da m\u00e3e. Ela d\u00e1 aulas de viol\u00e3o para alguns alunos e vive em atrito com as irm\u00e3s. Quando o m\u00fasico Max (Paulo Miklos) se muda para o apartamento vizinho, Baby v\u00ea nele a grande chance de voltar \u00e0 vida. Para que o romance d\u00ea certo ela est\u00e1 disposta a enfrentar qualquer amea\u00e7a, inclusive seu v\u00edcio compulsivo por fumar.&nbsp;<a href=\"https:\/\/www.primevideo.com\/detail\/%C3%89-Proibido-Fumar\/0MF5371TJZ12YJVHOPO08U2G8N\">Clique aqui para assistir.<\/a><\/p>\n\n\n\n<p><strong>Tapete Vermelho<\/strong>: Em Tapete Vermelho, Quinzinho (Matheus Nachtergaele) mora em uma ro\u00e7a bem distante de qualquer cidade grande. Decidido a cumprir uma promessa, ele decide levar seu filho Neco (Vin\u00edcius Miranda), de 9 anos, para assistir a um filme estrelado por Mazzaropi em uma sala de cinema, assim como fez seu pai quando era garoto. Desejando cumprir a promessa a qualquer custo, Quinzinho, sua esposa Zulmira (Gorete Milagres), Neco e o burro Policarpo viajam pelas cidades em busca de um cinema que possa exibir o filme.&nbsp;<a href=\"https:\/\/www.primevideo.com\/detail\/Tapete-Vermelho\/0T1W0NSVAUXR7BQAJIC7AKK0X8\">Clique aqui para assistir.<\/a><\/p>\n\n\n\n<p><strong>HBO Max:<\/strong><\/p>\n\n\n\n<p><strong>O Nome da Morte <\/strong>(2017): No longa baseado em fatos reais, J\u00falio (Marco Pigossi) \u00e9 um jovem que vive com a fam\u00edlia no interior do Brasil. Por lealdade ao tio C\u00edcero (Andr\u00e9 Mattos) J\u00falio mata pela primeira vez. Descobre ent\u00e3o uma perturbadora voca\u00e7\u00e3o que ir\u00e1 se transformar em of\u00edcio. Homem carinhoso, J\u00falio se casa com Maria (Fabiula Nascimento). Religioso \u00e9 atormentado a cada disparo, mas segue adiante enquanto vive um mergulho num pa\u00eds sem lei, onde cada vida tem seu pre\u00e7o, mas nenhum valor.&nbsp;<a href=\"https:\/\/www.hbomax.com\/br\/pt\/feature\/urn:hbo:feature:GYkdL-gGyR6-2tAEAAAAD\">Clique aqui para assistir.<\/a><\/p>\n\n\n\n<p><strong>O Lobo Atr\u00e1s da Porta<\/strong> (2013): O desaparecimento de uma crian\u00e7a faz com que seus pais, Bernardo (Milhem Cortaz) e Sylvia (Fabiula Nascimento), v\u00e3o at\u00e9 uma delegacia. O caso fica a cargo do delegado (Juliano Cazarr\u00e9), que resolve interrog\u00e1-los separadamente. Logo descobre que Bernardo mantinha uma amante, Rosa (Leandra Leal), que \u00e9 levada \u00e0 delegacia para averigua\u00e7\u00f5es. A partir de depoimentos do trio, o delegado descobre uma rede de mentiras, amor, vingan\u00e7a e ci\u00fames envolvendo o trio.<a href=\"https:\/\/www.hbomax.com\/br\/pt\/feature\/urn:hbo:feature:GYZ-uOgsTiojDwgEAAAAJ\">&nbsp;Clique aqui para assistir.<\/a><\/p>\n\n\n\n<p><strong>Globo Play<\/strong><\/p>\n\n\n\n<p><strong>Marighella<\/strong> (2021): O filme biogr\u00e1fico mostra a hist\u00f3ria de Carlos Marighella, em 1969, um homem que n\u00e3o teve tempo pra ter medo. De um lado, uma violenta ditadura militar. Do outro, uma esquerda intimidada. Cercado por guerrilheiros 30 anos mais novos e dispostos a reagir, o l\u00edder revolucion\u00e1rio escolheu a a\u00e7\u00e3o. Marighella era pol\u00edtico, escritor e guerrilheiro contra \u00e0 ditadura militar brasileira.<a href=\"https:\/\/globoplay.globo.com\/assine\/marighella\/?origemId=2143&amp;dclid=&amp;gclid=Cj0KCQjwzLCVBhD3ARIsAPKYTcRDLlSzDe3f2Vj2TpuSsOK1AcUeaj2CSush39bdoq-bJ1KpCnzc6nQaAsrFEALw_wcB&amp;gclsrc=aw.ds\">&nbsp;Clique aqui para assistir.<\/a><\/p>\n\n\n\n<figure class=\"wp-block-image size-medium\"><img loading=\"lazy\" width=\"300\" height=\"200\" src=\"https:\/\/www.radiomanchester.com.br\/fm\/wp-content\/uploads\/2022\/06\/08D4A9B8-4557-4712-B4D3-2FC56E98CE3A-300x200.webp\" alt=\"\" class=\"wp-image-8298\" srcset=\"https:\/\/www.radiomanchester.com.br\/fm\/wp-content\/uploads\/2022\/06\/08D4A9B8-4557-4712-B4D3-2FC56E98CE3A-300x200.webp 300w, https:\/\/www.radiomanchester.com.br\/fm\/wp-content\/uploads\/2022\/06\/08D4A9B8-4557-4712-B4D3-2FC56E98CE3A.webp 450w\" sizes=\"(max-width: 300px) 100vw, 300px\" \/><\/figure>\n\n\n\n<p>Por Metropoes &#8211; foto: reprodu\u00e7\u00e3o<\/p>\n","protected":false},"excerpt":{"rendered":"<p class=\"excerpt\">As op\u00e7\u00f5es est\u00e3o dispon\u00edveis em diversas plataformas de streaming O Dia do Cinema Brasileiro \u00e9 celebrado neste domingo (19\/6). A data tem como objetivo prestigiar as produ\u00e7\u00f5es nacionais e a cultura local. De filmes mais \u201cart\u00edsticos\u201d a produ\u00e7\u00f5es pop, o auidiovisual do p\u00e1is tem ganhado cada vez mais destaque no cen\u00e1rio. A data \u00e9 comemorada [&hellip;]<\/p>\n","protected":false},"author":1,"featured_media":0,"comment_status":"open","ping_status":"open","sticky":false,"template":"","format":"standard","meta":[],"categories":[8,17],"tags":[22,24,113,83,92],"yoast_head":"<!-- This site is optimized with the Yoast SEO plugin v18.3 - https:\/\/yoast.com\/wordpress\/plugins\/seo\/ -->\n<title>10 filmes imperd\u00edveis para assistir neste Dia do Cinema Brasileiro - Manchester FM 93,3<\/title>\n<meta name=\"robots\" content=\"index, follow, max-snippet:-1, max-image-preview:large, max-video-preview:-1\" \/>\n<link rel=\"canonical\" href=\"https:\/\/www.radiomanchester.com.br\/fm\/10-filmes-imperdiveis-para-assistir-neste-dia-do-cinema-brasileiro\/\" \/>\n<meta property=\"og:locale\" content=\"pt_BR\" \/>\n<meta property=\"og:type\" content=\"article\" \/>\n<meta property=\"og:title\" content=\"10 filmes imperd\u00edveis para assistir neste Dia do Cinema Brasileiro - Manchester FM 93,3\" \/>\n<meta property=\"og:description\" content=\"As op\u00e7\u00f5es est\u00e3o dispon\u00edveis em diversas plataformas de streaming O Dia do Cinema Brasileiro \u00e9 celebrado neste domingo (19\/6). A data tem como objetivo prestigiar as produ\u00e7\u00f5es nacionais e a cultura local. De filmes mais \u201cart\u00edsticos\u201d a produ\u00e7\u00f5es pop, o auidiovisual do p\u00e1is tem ganhado cada vez mais destaque no cen\u00e1rio. A data \u00e9 comemorada [&hellip;]\" \/>\n<meta property=\"og:url\" content=\"https:\/\/www.radiomanchester.com.br\/fm\/10-filmes-imperdiveis-para-assistir-neste-dia-do-cinema-brasileiro\/\" \/>\n<meta property=\"og:site_name\" content=\"Manchester FM 93,3\" \/>\n<meta property=\"article:published_time\" content=\"2022-06-19T12:07:38+00:00\" \/>\n<meta property=\"article:modified_time\" content=\"2022-06-19T12:07:41+00:00\" \/>\n<meta property=\"og:image\" content=\"https:\/\/www.radiomanchester.com.br\/fm\/wp-content\/uploads\/2022\/06\/08D4A9B8-4557-4712-B4D3-2FC56E98CE3A-300x200.webp\" \/>\n<meta name=\"twitter:card\" content=\"summary_large_image\" \/>\n<meta name=\"twitter:label1\" content=\"Escrito por\" \/>\n\t<meta name=\"twitter:data1\" content=\"admin\" \/>\n\t<meta name=\"twitter:label2\" content=\"Est. tempo de leitura\" \/>\n\t<meta name=\"twitter:data2\" content=\"6 minutos\" \/>\n<script type=\"application\/ld+json\" class=\"yoast-schema-graph\">{\"@context\":\"https:\/\/schema.org\",\"@graph\":[{\"@type\":\"WebSite\",\"@id\":\"https:\/\/www.radiomanchester.com.br\/fm\/#website\",\"url\":\"https:\/\/www.radiomanchester.com.br\/fm\/\",\"name\":\"Manchester FM 93,3\",\"description\":\"Todo Mundo Ouve!\",\"potentialAction\":[{\"@type\":\"SearchAction\",\"target\":{\"@type\":\"EntryPoint\",\"urlTemplate\":\"https:\/\/www.radiomanchester.com.br\/fm\/?s={search_term_string}\"},\"query-input\":\"required name=search_term_string\"}],\"inLanguage\":\"pt-BR\"},{\"@type\":\"ImageObject\",\"@id\":\"https:\/\/www.radiomanchester.com.br\/fm\/10-filmes-imperdiveis-para-assistir-neste-dia-do-cinema-brasileiro\/#primaryimage\",\"inLanguage\":\"pt-BR\",\"url\":\"https:\/\/www.radiomanchester.com.br\/fm\/wp-content\/uploads\/2022\/06\/08D4A9B8-4557-4712-B4D3-2FC56E98CE3A-300x200.webp\",\"contentUrl\":\"https:\/\/www.radiomanchester.com.br\/fm\/wp-content\/uploads\/2022\/06\/08D4A9B8-4557-4712-B4D3-2FC56E98CE3A-300x200.webp\"},{\"@type\":\"WebPage\",\"@id\":\"https:\/\/www.radiomanchester.com.br\/fm\/10-filmes-imperdiveis-para-assistir-neste-dia-do-cinema-brasileiro\/#webpage\",\"url\":\"https:\/\/www.radiomanchester.com.br\/fm\/10-filmes-imperdiveis-para-assistir-neste-dia-do-cinema-brasileiro\/\",\"name\":\"10 filmes imperd\u00edveis para assistir neste Dia do Cinema Brasileiro - Manchester FM 93,3\",\"isPartOf\":{\"@id\":\"https:\/\/www.radiomanchester.com.br\/fm\/#website\"},\"primaryImageOfPage\":{\"@id\":\"https:\/\/www.radiomanchester.com.br\/fm\/10-filmes-imperdiveis-para-assistir-neste-dia-do-cinema-brasileiro\/#primaryimage\"},\"datePublished\":\"2022-06-19T12:07:38+00:00\",\"dateModified\":\"2022-06-19T12:07:41+00:00\",\"author\":{\"@id\":\"https:\/\/www.radiomanchester.com.br\/fm\/#\/schema\/person\/408a7b4d4e32cbebd90e2782852abca3\"},\"breadcrumb\":{\"@id\":\"https:\/\/www.radiomanchester.com.br\/fm\/10-filmes-imperdiveis-para-assistir-neste-dia-do-cinema-brasileiro\/#breadcrumb\"},\"inLanguage\":\"pt-BR\",\"potentialAction\":[{\"@type\":\"ReadAction\",\"target\":[\"https:\/\/www.radiomanchester.com.br\/fm\/10-filmes-imperdiveis-para-assistir-neste-dia-do-cinema-brasileiro\/\"]}]},{\"@type\":\"BreadcrumbList\",\"@id\":\"https:\/\/www.radiomanchester.com.br\/fm\/10-filmes-imperdiveis-para-assistir-neste-dia-do-cinema-brasileiro\/#breadcrumb\",\"itemListElement\":[{\"@type\":\"ListItem\",\"position\":1,\"name\":\"Home\",\"item\":\"https:\/\/www.radiomanchester.com.br\/fm\/\"},{\"@type\":\"ListItem\",\"position\":2,\"name\":\"10 filmes imperd\u00edveis para assistir neste Dia do Cinema Brasileiro\"}]},{\"@type\":\"Person\",\"@id\":\"https:\/\/www.radiomanchester.com.br\/fm\/#\/schema\/person\/408a7b4d4e32cbebd90e2782852abca3\",\"name\":\"admin\",\"image\":{\"@type\":\"ImageObject\",\"@id\":\"https:\/\/www.radiomanchester.com.br\/fm\/#personlogo\",\"inLanguage\":\"pt-BR\",\"url\":\"https:\/\/secure.gravatar.com\/avatar\/115a974dba3376872eb3addeb276301c?s=96&d=mm&r=g\",\"contentUrl\":\"https:\/\/secure.gravatar.com\/avatar\/115a974dba3376872eb3addeb276301c?s=96&d=mm&r=g\",\"caption\":\"admin\"},\"url\":\"https:\/\/www.radiomanchester.com.br\/fm\/author\/admin\/\"}]}<\/script>\n<!-- \/ Yoast SEO plugin. -->","yoast_head_json":{"title":"10 filmes imperd\u00edveis para assistir neste Dia do Cinema Brasileiro - Manchester FM 93,3","robots":{"index":"index","follow":"follow","max-snippet":"max-snippet:-1","max-image-preview":"max-image-preview:large","max-video-preview":"max-video-preview:-1"},"canonical":"https:\/\/www.radiomanchester.com.br\/fm\/10-filmes-imperdiveis-para-assistir-neste-dia-do-cinema-brasileiro\/","og_locale":"pt_BR","og_type":"article","og_title":"10 filmes imperd\u00edveis para assistir neste Dia do Cinema Brasileiro - Manchester FM 93,3","og_description":"As op\u00e7\u00f5es est\u00e3o dispon\u00edveis em diversas plataformas de streaming O Dia do Cinema Brasileiro \u00e9 celebrado neste domingo (19\/6). A data tem como objetivo prestigiar as produ\u00e7\u00f5es nacionais e a cultura local. De filmes mais \u201cart\u00edsticos\u201d a produ\u00e7\u00f5es pop, o auidiovisual do p\u00e1is tem ganhado cada vez mais destaque no cen\u00e1rio. A data \u00e9 comemorada [&hellip;]","og_url":"https:\/\/www.radiomanchester.com.br\/fm\/10-filmes-imperdiveis-para-assistir-neste-dia-do-cinema-brasileiro\/","og_site_name":"Manchester FM 93,3","article_published_time":"2022-06-19T12:07:38+00:00","article_modified_time":"2022-06-19T12:07:41+00:00","og_image":[{"url":"https:\/\/www.radiomanchester.com.br\/fm\/wp-content\/uploads\/2022\/06\/08D4A9B8-4557-4712-B4D3-2FC56E98CE3A-300x200.webp"}],"twitter_card":"summary_large_image","twitter_misc":{"Escrito por":"admin","Est. tempo de leitura":"6 minutos"},"schema":{"@context":"https:\/\/schema.org","@graph":[{"@type":"WebSite","@id":"https:\/\/www.radiomanchester.com.br\/fm\/#website","url":"https:\/\/www.radiomanchester.com.br\/fm\/","name":"Manchester FM 93,3","description":"Todo Mundo Ouve!","potentialAction":[{"@type":"SearchAction","target":{"@type":"EntryPoint","urlTemplate":"https:\/\/www.radiomanchester.com.br\/fm\/?s={search_term_string}"},"query-input":"required name=search_term_string"}],"inLanguage":"pt-BR"},{"@type":"ImageObject","@id":"https:\/\/www.radiomanchester.com.br\/fm\/10-filmes-imperdiveis-para-assistir-neste-dia-do-cinema-brasileiro\/#primaryimage","inLanguage":"pt-BR","url":"https:\/\/www.radiomanchester.com.br\/fm\/wp-content\/uploads\/2022\/06\/08D4A9B8-4557-4712-B4D3-2FC56E98CE3A-300x200.webp","contentUrl":"https:\/\/www.radiomanchester.com.br\/fm\/wp-content\/uploads\/2022\/06\/08D4A9B8-4557-4712-B4D3-2FC56E98CE3A-300x200.webp"},{"@type":"WebPage","@id":"https:\/\/www.radiomanchester.com.br\/fm\/10-filmes-imperdiveis-para-assistir-neste-dia-do-cinema-brasileiro\/#webpage","url":"https:\/\/www.radiomanchester.com.br\/fm\/10-filmes-imperdiveis-para-assistir-neste-dia-do-cinema-brasileiro\/","name":"10 filmes imperd\u00edveis para assistir neste Dia do Cinema Brasileiro - Manchester FM 93,3","isPartOf":{"@id":"https:\/\/www.radiomanchester.com.br\/fm\/#website"},"primaryImageOfPage":{"@id":"https:\/\/www.radiomanchester.com.br\/fm\/10-filmes-imperdiveis-para-assistir-neste-dia-do-cinema-brasileiro\/#primaryimage"},"datePublished":"2022-06-19T12:07:38+00:00","dateModified":"2022-06-19T12:07:41+00:00","author":{"@id":"https:\/\/www.radiomanchester.com.br\/fm\/#\/schema\/person\/408a7b4d4e32cbebd90e2782852abca3"},"breadcrumb":{"@id":"https:\/\/www.radiomanchester.com.br\/fm\/10-filmes-imperdiveis-para-assistir-neste-dia-do-cinema-brasileiro\/#breadcrumb"},"inLanguage":"pt-BR","potentialAction":[{"@type":"ReadAction","target":["https:\/\/www.radiomanchester.com.br\/fm\/10-filmes-imperdiveis-para-assistir-neste-dia-do-cinema-brasileiro\/"]}]},{"@type":"BreadcrumbList","@id":"https:\/\/www.radiomanchester.com.br\/fm\/10-filmes-imperdiveis-para-assistir-neste-dia-do-cinema-brasileiro\/#breadcrumb","itemListElement":[{"@type":"ListItem","position":1,"name":"Home","item":"https:\/\/www.radiomanchester.com.br\/fm\/"},{"@type":"ListItem","position":2,"name":"10 filmes imperd\u00edveis para assistir neste Dia do Cinema Brasileiro"}]},{"@type":"Person","@id":"https:\/\/www.radiomanchester.com.br\/fm\/#\/schema\/person\/408a7b4d4e32cbebd90e2782852abca3","name":"admin","image":{"@type":"ImageObject","@id":"https:\/\/www.radiomanchester.com.br\/fm\/#personlogo","inLanguage":"pt-BR","url":"https:\/\/secure.gravatar.com\/avatar\/115a974dba3376872eb3addeb276301c?s=96&d=mm&r=g","contentUrl":"https:\/\/secure.gravatar.com\/avatar\/115a974dba3376872eb3addeb276301c?s=96&d=mm&r=g","caption":"admin"},"url":"https:\/\/www.radiomanchester.com.br\/fm\/author\/admin\/"}]}},"_links":{"self":[{"href":"https:\/\/www.radiomanchester.com.br\/fm\/wp-json\/wp\/v2\/posts\/8297"}],"collection":[{"href":"https:\/\/www.radiomanchester.com.br\/fm\/wp-json\/wp\/v2\/posts"}],"about":[{"href":"https:\/\/www.radiomanchester.com.br\/fm\/wp-json\/wp\/v2\/types\/post"}],"author":[{"embeddable":true,"href":"https:\/\/www.radiomanchester.com.br\/fm\/wp-json\/wp\/v2\/users\/1"}],"replies":[{"embeddable":true,"href":"https:\/\/www.radiomanchester.com.br\/fm\/wp-json\/wp\/v2\/comments?post=8297"}],"version-history":[{"count":1,"href":"https:\/\/www.radiomanchester.com.br\/fm\/wp-json\/wp\/v2\/posts\/8297\/revisions"}],"predecessor-version":[{"id":8299,"href":"https:\/\/www.radiomanchester.com.br\/fm\/wp-json\/wp\/v2\/posts\/8297\/revisions\/8299"}],"wp:attachment":[{"href":"https:\/\/www.radiomanchester.com.br\/fm\/wp-json\/wp\/v2\/media?parent=8297"}],"wp:term":[{"taxonomy":"category","embeddable":true,"href":"https:\/\/www.radiomanchester.com.br\/fm\/wp-json\/wp\/v2\/categories?post=8297"},{"taxonomy":"post_tag","embeddable":true,"href":"https:\/\/www.radiomanchester.com.br\/fm\/wp-json\/wp\/v2\/tags?post=8297"}],"curies":[{"name":"wp","href":"https:\/\/api.w.org\/{rel}","templated":true}]}}