{"id":8385,"date":"2022-06-28T07:00:00","date_gmt":"2022-06-28T10:00:00","guid":{"rendered":"https:\/\/www.radiomanchester.com.br\/fm\/?p=8385"},"modified":"2022-06-27T19:47:10","modified_gmt":"2022-06-27T22:47:10","slug":"inscricoes-para-o-sisu-comecam-nesta-terca-feira","status":"publish","type":"post","link":"https:\/\/www.radiomanchester.com.br\/fm\/inscricoes-para-o-sisu-comecam-nesta-terca-feira\/","title":{"rendered":"Inscri\u00e7\u00f5es para o Sisu come\u00e7am nesta ter\u00e7a-feira"},"content":{"rendered":"\n<p><em><strong>Candidatos t\u00eam at\u00e9 o dia 1\u00ba de julho para fazer inscri\u00e7\u00e3o para o Sisu 2022<\/strong><\/em><\/p>\n\n\n\n<p>Come\u00e7am nesta ter\u00e7a-feira (28 de junho) as inscri\u00e7\u00f5es para o segundo processo seletivo de 2022 do Sistema de Sele\u00e7\u00e3o Unificada (Sisu). Os candidatos \u00e0s vagas que ser\u00e3o oferecidas pelas institui\u00e7\u00f5es p\u00fablicas de ensino superior dever\u00e3o ficar atentos porque o prazo \u00e9 curto, e terminar\u00e1 no dia 1\u00ba de julho.<\/p>\n\n\n\n<p>A consulta para as vagas neste segundo processo seletivo teve in\u00edcio no dia 15, por meio do Portal \u00danico de Acesso ao Ensino Superior. Para acess\u00e1-lo, <a href=\"https:\/\/acessounico.mec.gov.br\/\">clique aqui<\/a>.<\/p>\n\n\n\n<p>Por meio da consulta, \u00e9 poss\u00edvel visualizar as vagas ofertadas por modalidade de concorr\u00eancia, cursos e turnos, institui\u00e7\u00f5es e localiza\u00e7\u00e3o dos cursos. Tamb\u00e9m \u00e9 poss\u00edvel acessar a \u00edntegra do documento de ades\u00e3o de cada uma das institui\u00e7\u00f5es que aderiram ao Sisu.<\/p>\n\n\n\n<p>O Sisu \u00e9 o sistema informatizado do Minist\u00e9rio da Educa\u00e7\u00e3o (MEC) no qual as institui\u00e7\u00f5es p\u00fablicas de educa\u00e7\u00e3o superior, sejam elas federais, estaduais ou municipais, oferecem vagas a serem disputadas por candidatos inscritos em cada edi\u00e7\u00e3o da sele\u00e7\u00e3o.<\/p>\n\n\n\n<p>Exig\u00eancia<br>Para participar do Sisu ser\u00e1 exigido do candidato que tenha realizado o Exame Nacional do Ensino M\u00e9dio (Enem), edi\u00e7\u00e3o de 2021, obtido nota superior a zero na prova de reda\u00e7\u00e3o e n\u00e3o tenha participado do Enem na condi\u00e7\u00e3o de treineiro.<\/p>\n\n\n\n<p>O resultado do processo seletivo ser\u00e1 divulgado no dia 6 de julho. A matr\u00edcula ou registro acad\u00eamico devem ser feitos de 13 a 18 de julho. J\u00e1 o prazo para os interessados manifestarem interesse em participar da lista de espera ser\u00e1 de 6 a 18 de julho.<\/p>\n\n\n\n<p>Os candidatos s\u00e3o selecionados para as op\u00e7\u00f5es de cursos indicados no ato de inscri\u00e7\u00e3o, de acordo com a melhor classifica\u00e7\u00e3o de nota obtida na edi\u00e7\u00e3o mais recente do Enem, que, nesta edi\u00e7\u00e3o, ser\u00e1 a de 2021.<\/p>\n\n\n\n<figure class=\"wp-block-image size-medium\"><img loading=\"lazy\" width=\"300\" height=\"179\" src=\"https:\/\/www.radiomanchester.com.br\/fm\/wp-content\/uploads\/2022\/06\/enem_vac_abr_2811214312-300x179.jpg\" alt=\"\" class=\"wp-image-8386\" srcset=\"https:\/\/www.radiomanchester.com.br\/fm\/wp-content\/uploads\/2022\/06\/enem_vac_abr_2811214312-300x179.jpg 300w, https:\/\/www.radiomanchester.com.br\/fm\/wp-content\/uploads\/2022\/06\/enem_vac_abr_2811214312-1024x613.jpg 1024w, https:\/\/www.radiomanchester.com.br\/fm\/wp-content\/uploads\/2022\/06\/enem_vac_abr_2811214312-768x459.jpg 768w, https:\/\/www.radiomanchester.com.br\/fm\/wp-content\/uploads\/2022\/06\/enem_vac_abr_2811214312.jpg 1170w\" sizes=\"(max-width: 300px) 100vw, 300px\" \/><figcaption>Participantes do Exame Nacional do Ensino M\u00e9dio (Enem) 2021 fazem, neste domingo (28), segundo dia de avalia\u00e7\u00e3o, provas de matem\u00e1tica e de ci\u00eancia da natureza.<\/figcaption><\/figure>\n\n\n\n<p>por Ag\u00eancia Brasil &#8211; foto: Ag\u00eancia Brasil<\/p>\n","protected":false},"excerpt":{"rendered":"<p class=\"excerpt\">Candidatos t\u00eam at\u00e9 o dia 1\u00ba de julho para fazer inscri\u00e7\u00e3o para o Sisu 2022 Come\u00e7am nesta ter\u00e7a-feira (28 de junho) as inscri\u00e7\u00f5es para o segundo processo seletivo de 2022 do Sistema de Sele\u00e7\u00e3o Unificada (Sisu). Os candidatos \u00e0s vagas que ser\u00e3o oferecidas pelas institui\u00e7\u00f5es p\u00fablicas de ensino superior dever\u00e3o ficar atentos porque o prazo [&hellip;]<\/p>\n","protected":false},"author":1,"featured_media":0,"comment_status":"open","ping_status":"open","sticky":false,"template":"","format":"standard","meta":[],"categories":[8,17],"tags":[22,24,113,83,92],"yoast_head":"<!-- This site is optimized with the Yoast SEO plugin v18.3 - https:\/\/yoast.com\/wordpress\/plugins\/seo\/ -->\n<title>Inscri\u00e7\u00f5es para o Sisu come\u00e7am nesta ter\u00e7a-feira - Manchester FM 93,3<\/title>\n<meta name=\"robots\" content=\"index, follow, max-snippet:-1, max-image-preview:large, max-video-preview:-1\" \/>\n<link rel=\"canonical\" href=\"https:\/\/www.radiomanchester.com.br\/fm\/inscricoes-para-o-sisu-comecam-nesta-terca-feira\/\" \/>\n<meta property=\"og:locale\" content=\"pt_BR\" \/>\n<meta property=\"og:type\" content=\"article\" \/>\n<meta property=\"og:title\" content=\"Inscri\u00e7\u00f5es para o Sisu come\u00e7am nesta ter\u00e7a-feira - Manchester FM 93,3\" \/>\n<meta property=\"og:description\" content=\"Candidatos t\u00eam at\u00e9 o dia 1\u00ba de julho para fazer inscri\u00e7\u00e3o para o Sisu 2022 Come\u00e7am nesta ter\u00e7a-feira (28 de junho) as inscri\u00e7\u00f5es para o segundo processo seletivo de 2022 do Sistema de Sele\u00e7\u00e3o Unificada (Sisu). Os candidatos \u00e0s vagas que ser\u00e3o oferecidas pelas institui\u00e7\u00f5es p\u00fablicas de ensino superior dever\u00e3o ficar atentos porque o prazo [&hellip;]\" \/>\n<meta property=\"og:url\" content=\"https:\/\/www.radiomanchester.com.br\/fm\/inscricoes-para-o-sisu-comecam-nesta-terca-feira\/\" \/>\n<meta property=\"og:site_name\" content=\"Manchester FM 93,3\" \/>\n<meta property=\"article:published_time\" content=\"2022-06-28T10:00:00+00:00\" \/>\n<meta property=\"article:modified_time\" content=\"2022-06-27T22:47:10+00:00\" \/>\n<meta property=\"og:image\" content=\"https:\/\/www.radiomanchester.com.br\/fm\/wp-content\/uploads\/2022\/06\/enem_vac_abr_2811214312-300x179.jpg\" \/>\n<meta name=\"twitter:card\" content=\"summary_large_image\" \/>\n<meta name=\"twitter:label1\" content=\"Escrito por\" \/>\n\t<meta name=\"twitter:data1\" content=\"admin\" \/>\n\t<meta name=\"twitter:label2\" content=\"Est. tempo de leitura\" \/>\n\t<meta name=\"twitter:data2\" content=\"3 minutos\" \/>\n<script type=\"application\/ld+json\" class=\"yoast-schema-graph\">{\"@context\":\"https:\/\/schema.org\",\"@graph\":[{\"@type\":\"WebSite\",\"@id\":\"https:\/\/www.radiomanchester.com.br\/fm\/#website\",\"url\":\"https:\/\/www.radiomanchester.com.br\/fm\/\",\"name\":\"Manchester FM 93,3\",\"description\":\"Todo Mundo Ouve!\",\"potentialAction\":[{\"@type\":\"SearchAction\",\"target\":{\"@type\":\"EntryPoint\",\"urlTemplate\":\"https:\/\/www.radiomanchester.com.br\/fm\/?s={search_term_string}\"},\"query-input\":\"required name=search_term_string\"}],\"inLanguage\":\"pt-BR\"},{\"@type\":\"ImageObject\",\"@id\":\"https:\/\/www.radiomanchester.com.br\/fm\/inscricoes-para-o-sisu-comecam-nesta-terca-feira\/#primaryimage\",\"inLanguage\":\"pt-BR\",\"url\":\"https:\/\/www.radiomanchester.com.br\/fm\/wp-content\/uploads\/2022\/06\/enem_vac_abr_2811214312.jpg\",\"contentUrl\":\"https:\/\/www.radiomanchester.com.br\/fm\/wp-content\/uploads\/2022\/06\/enem_vac_abr_2811214312.jpg\",\"width\":1170,\"height\":700,\"caption\":\"Participantes do Exame Nacional do Ensino M\u00e9dio (Enem) 2021 fazem, neste domingo (28), segundo dia de avalia\u00e7\u00e3o, provas de matem\u00e1tica e de ci\u00eancia da natureza.\"},{\"@type\":\"WebPage\",\"@id\":\"https:\/\/www.radiomanchester.com.br\/fm\/inscricoes-para-o-sisu-comecam-nesta-terca-feira\/#webpage\",\"url\":\"https:\/\/www.radiomanchester.com.br\/fm\/inscricoes-para-o-sisu-comecam-nesta-terca-feira\/\",\"name\":\"Inscri\u00e7\u00f5es para o Sisu come\u00e7am nesta ter\u00e7a-feira - Manchester FM 93,3\",\"isPartOf\":{\"@id\":\"https:\/\/www.radiomanchester.com.br\/fm\/#website\"},\"primaryImageOfPage\":{\"@id\":\"https:\/\/www.radiomanchester.com.br\/fm\/inscricoes-para-o-sisu-comecam-nesta-terca-feira\/#primaryimage\"},\"datePublished\":\"2022-06-28T10:00:00+00:00\",\"dateModified\":\"2022-06-27T22:47:10+00:00\",\"author\":{\"@id\":\"https:\/\/www.radiomanchester.com.br\/fm\/#\/schema\/person\/408a7b4d4e32cbebd90e2782852abca3\"},\"breadcrumb\":{\"@id\":\"https:\/\/www.radiomanchester.com.br\/fm\/inscricoes-para-o-sisu-comecam-nesta-terca-feira\/#breadcrumb\"},\"inLanguage\":\"pt-BR\",\"potentialAction\":[{\"@type\":\"ReadAction\",\"target\":[\"https:\/\/www.radiomanchester.com.br\/fm\/inscricoes-para-o-sisu-comecam-nesta-terca-feira\/\"]}]},{\"@type\":\"BreadcrumbList\",\"@id\":\"https:\/\/www.radiomanchester.com.br\/fm\/inscricoes-para-o-sisu-comecam-nesta-terca-feira\/#breadcrumb\",\"itemListElement\":[{\"@type\":\"ListItem\",\"position\":1,\"name\":\"Home\",\"item\":\"https:\/\/www.radiomanchester.com.br\/fm\/\"},{\"@type\":\"ListItem\",\"position\":2,\"name\":\"Inscri\u00e7\u00f5es para o Sisu come\u00e7am nesta ter\u00e7a-feira\"}]},{\"@type\":\"Person\",\"@id\":\"https:\/\/www.radiomanchester.com.br\/fm\/#\/schema\/person\/408a7b4d4e32cbebd90e2782852abca3\",\"name\":\"admin\",\"image\":{\"@type\":\"ImageObject\",\"@id\":\"https:\/\/www.radiomanchester.com.br\/fm\/#personlogo\",\"inLanguage\":\"pt-BR\",\"url\":\"https:\/\/secure.gravatar.com\/avatar\/115a974dba3376872eb3addeb276301c?s=96&d=mm&r=g\",\"contentUrl\":\"https:\/\/secure.gravatar.com\/avatar\/115a974dba3376872eb3addeb276301c?s=96&d=mm&r=g\",\"caption\":\"admin\"},\"url\":\"https:\/\/www.radiomanchester.com.br\/fm\/author\/admin\/\"}]}<\/script>\n<!-- \/ Yoast SEO plugin. -->","yoast_head_json":{"title":"Inscri\u00e7\u00f5es para o Sisu come\u00e7am nesta ter\u00e7a-feira - Manchester FM 93,3","robots":{"index":"index","follow":"follow","max-snippet":"max-snippet:-1","max-image-preview":"max-image-preview:large","max-video-preview":"max-video-preview:-1"},"canonical":"https:\/\/www.radiomanchester.com.br\/fm\/inscricoes-para-o-sisu-comecam-nesta-terca-feira\/","og_locale":"pt_BR","og_type":"article","og_title":"Inscri\u00e7\u00f5es para o Sisu come\u00e7am nesta ter\u00e7a-feira - Manchester FM 93,3","og_description":"Candidatos t\u00eam at\u00e9 o dia 1\u00ba de julho para fazer inscri\u00e7\u00e3o para o Sisu 2022 Come\u00e7am nesta ter\u00e7a-feira (28 de junho) as inscri\u00e7\u00f5es para o segundo processo seletivo de 2022 do Sistema de Sele\u00e7\u00e3o Unificada (Sisu). Os candidatos \u00e0s vagas que ser\u00e3o oferecidas pelas institui\u00e7\u00f5es p\u00fablicas de ensino superior dever\u00e3o ficar atentos porque o prazo [&hellip;]","og_url":"https:\/\/www.radiomanchester.com.br\/fm\/inscricoes-para-o-sisu-comecam-nesta-terca-feira\/","og_site_name":"Manchester FM 93,3","article_published_time":"2022-06-28T10:00:00+00:00","article_modified_time":"2022-06-27T22:47:10+00:00","og_image":[{"url":"https:\/\/www.radiomanchester.com.br\/fm\/wp-content\/uploads\/2022\/06\/enem_vac_abr_2811214312-300x179.jpg"}],"twitter_card":"summary_large_image","twitter_misc":{"Escrito por":"admin","Est. tempo de leitura":"3 minutos"},"schema":{"@context":"https:\/\/schema.org","@graph":[{"@type":"WebSite","@id":"https:\/\/www.radiomanchester.com.br\/fm\/#website","url":"https:\/\/www.radiomanchester.com.br\/fm\/","name":"Manchester FM 93,3","description":"Todo Mundo Ouve!","potentialAction":[{"@type":"SearchAction","target":{"@type":"EntryPoint","urlTemplate":"https:\/\/www.radiomanchester.com.br\/fm\/?s={search_term_string}"},"query-input":"required name=search_term_string"}],"inLanguage":"pt-BR"},{"@type":"ImageObject","@id":"https:\/\/www.radiomanchester.com.br\/fm\/inscricoes-para-o-sisu-comecam-nesta-terca-feira\/#primaryimage","inLanguage":"pt-BR","url":"https:\/\/www.radiomanchester.com.br\/fm\/wp-content\/uploads\/2022\/06\/enem_vac_abr_2811214312.jpg","contentUrl":"https:\/\/www.radiomanchester.com.br\/fm\/wp-content\/uploads\/2022\/06\/enem_vac_abr_2811214312.jpg","width":1170,"height":700,"caption":"Participantes do Exame Nacional do Ensino M\u00e9dio (Enem) 2021 fazem, neste domingo (28), segundo dia de avalia\u00e7\u00e3o, provas de matem\u00e1tica e de ci\u00eancia da natureza."},{"@type":"WebPage","@id":"https:\/\/www.radiomanchester.com.br\/fm\/inscricoes-para-o-sisu-comecam-nesta-terca-feira\/#webpage","url":"https:\/\/www.radiomanchester.com.br\/fm\/inscricoes-para-o-sisu-comecam-nesta-terca-feira\/","name":"Inscri\u00e7\u00f5es para o Sisu come\u00e7am nesta ter\u00e7a-feira - Manchester FM 93,3","isPartOf":{"@id":"https:\/\/www.radiomanchester.com.br\/fm\/#website"},"primaryImageOfPage":{"@id":"https:\/\/www.radiomanchester.com.br\/fm\/inscricoes-para-o-sisu-comecam-nesta-terca-feira\/#primaryimage"},"datePublished":"2022-06-28T10:00:00+00:00","dateModified":"2022-06-27T22:47:10+00:00","author":{"@id":"https:\/\/www.radiomanchester.com.br\/fm\/#\/schema\/person\/408a7b4d4e32cbebd90e2782852abca3"},"breadcrumb":{"@id":"https:\/\/www.radiomanchester.com.br\/fm\/inscricoes-para-o-sisu-comecam-nesta-terca-feira\/#breadcrumb"},"inLanguage":"pt-BR","potentialAction":[{"@type":"ReadAction","target":["https:\/\/www.radiomanchester.com.br\/fm\/inscricoes-para-o-sisu-comecam-nesta-terca-feira\/"]}]},{"@type":"BreadcrumbList","@id":"https:\/\/www.radiomanchester.com.br\/fm\/inscricoes-para-o-sisu-comecam-nesta-terca-feira\/#breadcrumb","itemListElement":[{"@type":"ListItem","position":1,"name":"Home","item":"https:\/\/www.radiomanchester.com.br\/fm\/"},{"@type":"ListItem","position":2,"name":"Inscri\u00e7\u00f5es para o Sisu come\u00e7am nesta ter\u00e7a-feira"}]},{"@type":"Person","@id":"https:\/\/www.radiomanchester.com.br\/fm\/#\/schema\/person\/408a7b4d4e32cbebd90e2782852abca3","name":"admin","image":{"@type":"ImageObject","@id":"https:\/\/www.radiomanchester.com.br\/fm\/#personlogo","inLanguage":"pt-BR","url":"https:\/\/secure.gravatar.com\/avatar\/115a974dba3376872eb3addeb276301c?s=96&d=mm&r=g","contentUrl":"https:\/\/secure.gravatar.com\/avatar\/115a974dba3376872eb3addeb276301c?s=96&d=mm&r=g","caption":"admin"},"url":"https:\/\/www.radiomanchester.com.br\/fm\/author\/admin\/"}]}},"_links":{"self":[{"href":"https:\/\/www.radiomanchester.com.br\/fm\/wp-json\/wp\/v2\/posts\/8385"}],"collection":[{"href":"https:\/\/www.radiomanchester.com.br\/fm\/wp-json\/wp\/v2\/posts"}],"about":[{"href":"https:\/\/www.radiomanchester.com.br\/fm\/wp-json\/wp\/v2\/types\/post"}],"author":[{"embeddable":true,"href":"https:\/\/www.radiomanchester.com.br\/fm\/wp-json\/wp\/v2\/users\/1"}],"replies":[{"embeddable":true,"href":"https:\/\/www.radiomanchester.com.br\/fm\/wp-json\/wp\/v2\/comments?post=8385"}],"version-history":[{"count":1,"href":"https:\/\/www.radiomanchester.com.br\/fm\/wp-json\/wp\/v2\/posts\/8385\/revisions"}],"predecessor-version":[{"id":8387,"href":"https:\/\/www.radiomanchester.com.br\/fm\/wp-json\/wp\/v2\/posts\/8385\/revisions\/8387"}],"wp:attachment":[{"href":"https:\/\/www.radiomanchester.com.br\/fm\/wp-json\/wp\/v2\/media?parent=8385"}],"wp:term":[{"taxonomy":"category","embeddable":true,"href":"https:\/\/www.radiomanchester.com.br\/fm\/wp-json\/wp\/v2\/categories?post=8385"},{"taxonomy":"post_tag","embeddable":true,"href":"https:\/\/www.radiomanchester.com.br\/fm\/wp-json\/wp\/v2\/tags?post=8385"}],"curies":[{"name":"wp","href":"https:\/\/api.w.org\/{rel}","templated":true}]}}