{"id":8425,"date":"2022-06-29T21:36:36","date_gmt":"2022-06-30T00:36:36","guid":{"rendered":"https:\/\/www.radiomanchester.com.br\/fm\/?p=8425"},"modified":"2022-06-29T21:36:41","modified_gmt":"2022-06-30T00:36:41","slug":"policia-civil-prende-suspeito-de-matar-ex-sogro-policial-dentro-de-farmacia","status":"publish","type":"post","link":"https:\/\/www.radiomanchester.com.br\/fm\/policia-civil-prende-suspeito-de-matar-ex-sogro-policial-dentro-de-farmacia\/","title":{"rendered":"Pol\u00edcia Civil prende suspeito de matar ex-sogro policial dentro de farm\u00e1cia"},"content":{"rendered":"\n<p><\/p>\n\n\n\n<p><strong><em>Felipe Gabriel foi preso na noite desta quarta-feira em Goi\u00e2nia; informa\u00e7\u00f5es iniciais d\u00e3o conta de que ele \u00e9 acobertado por familiares<\/em><\/strong><\/p>\n\n\n\n<p>Foi preso, no in\u00edcio da noite desta quarta-feira (29\/06), Felipe Gabriel Jardim Gon\u00e7alves, de 26 anos, principal\u00a0suspeito de matar a tiros o ex-sogro\u00a0Jo\u00e3o do Ros\u00e1rio Le\u00e3o, de 63 anos, policial civil aposentado. C\u00e2meras de seguran\u00e7a registraram o momento em que o\u00a0homem dispara contra o idoso\u00a0dentro de uma farm\u00e1cia, no Setor Bueno, em Goi\u00e2nia.<\/p>\n\n\n\n<p>O crime aconteceu na manh\u00e3 da \u00faltima segunda-feira (26\/6). Jo\u00e3o chegou a ser socorrido, mas morreu no hospital.<\/p>\n\n\n\n<p><strong>Pris\u00e3o<\/strong><\/p>\n\n\n\n<p>Informa\u00e7\u00f5es iniciais d\u00e3o conta de que Felipe foi encontrado pela\u00a0Pol\u00edcia Civil\u00a0em uma resid\u00eancia no Setor Riviera, regi\u00e3o leste de Goi\u00e2nia. H\u00e1 ind\u00edcios de que ele era acobertado por familiares, e a corpora\u00e7\u00e3o j\u00e1 monitorava o local.<\/p>\n\n\n\n<p>O atirador \u00e9 ex-vigilante prisional tempor\u00e1rio, ex-policial militar tempor\u00e1rio e filho de um tenente-coronel reformado da PM. Ele vinha\u00a0amea\u00e7ando\u00a0a ex-namorada e a fam\u00edlia dela.<\/p>\n\n\n\n<p>O preso encontrava-se, no in\u00edcio da noite, passando por exames de corpo de delito no Instituto M\u00e9dico Legal (IML).<\/p>\n\n\n\n<p><strong>Medida protetiva<\/strong><\/p>\n\n\n\n<p>O Tribunal de Justi\u00e7a de Goi\u00e1s (TJGO)\u00a0concedeu medida protetiva para a ex-namorada, filha da v\u00edtima, nesta quarta-feira (29\/6). Decis\u00e3o da ju\u00edza Jordana Brand\u00e3o determina que Felipe deve manter dist\u00e2ncia de 300 metros da ex-namorada, al\u00e9m de proibir que ele fa\u00e7a contato com ela ou familiares. Tamb\u00e9m \u00e9 proibido frequentar os lugares que sua ex vai. Tamb\u00e9m foi determinada a suspens\u00e3o de posse de armas.<\/p>\n\n\n\n<p>Segundo a pol\u00edcia, a v\u00edtima fez um boletim de ocorr\u00eancia contra Felipe ainda na segunda. O conte\u00fado da ocorr\u00eancia vazou, e isso teria sido o estopim para a a\u00e7\u00e3o criminosa. A Pol\u00edcia Civil apura quem foi a pessoa respons\u00e1vel por acessar o boletim, que fica em um sistema informatizado de acesso limitado.<\/p>\n\n\n\n<p>Fellipe j\u00e1 era r\u00e9u por amea\u00e7a e viol\u00eancia dom\u00e9stica contra uma ex-namorada. Ele a teria agredido e amea\u00e7ado, depois de um t\u00e9rmino durante viagem ao Rio de Janeiro, entre 2020 e 2021.<\/p>\n\n\n\n<p>A defesa de Felipe chegou a procurar a Pol\u00edcia Civil para negociar uma rendi\u00e7\u00e3o dele. J\u00e1 h\u00e1 um mandado de pris\u00e3o preventiva contra ele. Advogado de Felipe tem defendido que ele teria problemas psicol\u00f3gicos e poderia estar em surto no momento do crime.<\/p>\n\n\n\n<p><\/p>\n\n\n\n<figure class=\"wp-block-image size-medium\"><img loading=\"lazy\" width=\"300\" height=\"200\" src=\"https:\/\/www.radiomanchester.com.br\/fm\/wp-content\/uploads\/2022\/06\/E8CC2456-1B73-4EFF-8028-2948CD235B6E-300x200.webp\" alt=\"\" class=\"wp-image-8426\" srcset=\"https:\/\/www.radiomanchester.com.br\/fm\/wp-content\/uploads\/2022\/06\/E8CC2456-1B73-4EFF-8028-2948CD235B6E-300x200.webp 300w, https:\/\/www.radiomanchester.com.br\/fm\/wp-content\/uploads\/2022\/06\/E8CC2456-1B73-4EFF-8028-2948CD235B6E-1024x683.webp 1024w, https:\/\/www.radiomanchester.com.br\/fm\/wp-content\/uploads\/2022\/06\/E8CC2456-1B73-4EFF-8028-2948CD235B6E-768x512.webp 768w, https:\/\/www.radiomanchester.com.br\/fm\/wp-content\/uploads\/2022\/06\/E8CC2456-1B73-4EFF-8028-2948CD235B6E.webp 1200w\" sizes=\"(max-width: 300px) 100vw, 300px\" \/><\/figure>\n\n\n\n<p>Por Metropolis &#8211; foto: reprodu\u00e7\u00e3o&nbsp;<\/p>\n","protected":false},"excerpt":{"rendered":"<p class=\"excerpt\">Felipe Gabriel foi preso na noite desta quarta-feira em Goi\u00e2nia; informa\u00e7\u00f5es iniciais d\u00e3o conta de que ele \u00e9 acobertado por familiares Foi preso, no in\u00edcio da noite desta quarta-feira (29\/06), Felipe Gabriel Jardim Gon\u00e7alves, de 26 anos, principal\u00a0suspeito de matar a tiros o ex-sogro\u00a0Jo\u00e3o do Ros\u00e1rio Le\u00e3o, de 63 anos, policial civil aposentado. C\u00e2meras de [&hellip;]<\/p>\n","protected":false},"author":1,"featured_media":0,"comment_status":"open","ping_status":"open","sticky":false,"template":"","format":"standard","meta":[],"categories":[8,17],"tags":[22,24,113,83,92],"yoast_head":"<!-- This site is optimized with the Yoast SEO plugin v18.3 - https:\/\/yoast.com\/wordpress\/plugins\/seo\/ -->\n<title>Pol\u00edcia Civil prende suspeito de matar ex-sogro policial dentro de farm\u00e1cia - Manchester FM 93,3<\/title>\n<meta name=\"robots\" content=\"index, follow, max-snippet:-1, max-image-preview:large, max-video-preview:-1\" \/>\n<link rel=\"canonical\" href=\"https:\/\/www.radiomanchester.com.br\/fm\/policia-civil-prende-suspeito-de-matar-ex-sogro-policial-dentro-de-farmacia\/\" \/>\n<meta property=\"og:locale\" content=\"pt_BR\" \/>\n<meta property=\"og:type\" content=\"article\" \/>\n<meta property=\"og:title\" content=\"Pol\u00edcia Civil prende suspeito de matar ex-sogro policial dentro de farm\u00e1cia - Manchester FM 93,3\" \/>\n<meta property=\"og:description\" content=\"Felipe Gabriel foi preso na noite desta quarta-feira em Goi\u00e2nia; informa\u00e7\u00f5es iniciais d\u00e3o conta de que ele \u00e9 acobertado por familiares Foi preso, no in\u00edcio da noite desta quarta-feira (29\/06), Felipe Gabriel Jardim Gon\u00e7alves, de 26 anos, principal\u00a0suspeito de matar a tiros o ex-sogro\u00a0Jo\u00e3o do Ros\u00e1rio Le\u00e3o, de 63 anos, policial civil aposentado. C\u00e2meras de [&hellip;]\" \/>\n<meta property=\"og:url\" content=\"https:\/\/www.radiomanchester.com.br\/fm\/policia-civil-prende-suspeito-de-matar-ex-sogro-policial-dentro-de-farmacia\/\" \/>\n<meta property=\"og:site_name\" content=\"Manchester FM 93,3\" \/>\n<meta property=\"article:published_time\" content=\"2022-06-30T00:36:36+00:00\" \/>\n<meta property=\"article:modified_time\" content=\"2022-06-30T00:36:41+00:00\" \/>\n<meta property=\"og:image\" content=\"https:\/\/www.radiomanchester.com.br\/fm\/wp-content\/uploads\/2022\/06\/E8CC2456-1B73-4EFF-8028-2948CD235B6E-300x200.webp\" \/>\n<meta name=\"twitter:card\" content=\"summary_large_image\" \/>\n<meta name=\"twitter:label1\" content=\"Escrito por\" \/>\n\t<meta name=\"twitter:data1\" content=\"admin\" \/>\n\t<meta name=\"twitter:label2\" content=\"Est. tempo de leitura\" \/>\n\t<meta name=\"twitter:data2\" content=\"3 minutos\" \/>\n<script type=\"application\/ld+json\" class=\"yoast-schema-graph\">{\"@context\":\"https:\/\/schema.org\",\"@graph\":[{\"@type\":\"WebSite\",\"@id\":\"https:\/\/www.radiomanchester.com.br\/fm\/#website\",\"url\":\"https:\/\/www.radiomanchester.com.br\/fm\/\",\"name\":\"Manchester FM 93,3\",\"description\":\"Todo Mundo Ouve!\",\"potentialAction\":[{\"@type\":\"SearchAction\",\"target\":{\"@type\":\"EntryPoint\",\"urlTemplate\":\"https:\/\/www.radiomanchester.com.br\/fm\/?s={search_term_string}\"},\"query-input\":\"required name=search_term_string\"}],\"inLanguage\":\"pt-BR\"},{\"@type\":\"ImageObject\",\"@id\":\"https:\/\/www.radiomanchester.com.br\/fm\/policia-civil-prende-suspeito-de-matar-ex-sogro-policial-dentro-de-farmacia\/#primaryimage\",\"inLanguage\":\"pt-BR\",\"url\":\"https:\/\/www.radiomanchester.com.br\/fm\/wp-content\/uploads\/2022\/06\/E8CC2456-1B73-4EFF-8028-2948CD235B6E-300x200.webp\",\"contentUrl\":\"https:\/\/www.radiomanchester.com.br\/fm\/wp-content\/uploads\/2022\/06\/E8CC2456-1B73-4EFF-8028-2948CD235B6E-300x200.webp\"},{\"@type\":\"WebPage\",\"@id\":\"https:\/\/www.radiomanchester.com.br\/fm\/policia-civil-prende-suspeito-de-matar-ex-sogro-policial-dentro-de-farmacia\/#webpage\",\"url\":\"https:\/\/www.radiomanchester.com.br\/fm\/policia-civil-prende-suspeito-de-matar-ex-sogro-policial-dentro-de-farmacia\/\",\"name\":\"Pol\u00edcia Civil prende suspeito de matar ex-sogro policial dentro de farm\u00e1cia - Manchester FM 93,3\",\"isPartOf\":{\"@id\":\"https:\/\/www.radiomanchester.com.br\/fm\/#website\"},\"primaryImageOfPage\":{\"@id\":\"https:\/\/www.radiomanchester.com.br\/fm\/policia-civil-prende-suspeito-de-matar-ex-sogro-policial-dentro-de-farmacia\/#primaryimage\"},\"datePublished\":\"2022-06-30T00:36:36+00:00\",\"dateModified\":\"2022-06-30T00:36:41+00:00\",\"author\":{\"@id\":\"https:\/\/www.radiomanchester.com.br\/fm\/#\/schema\/person\/408a7b4d4e32cbebd90e2782852abca3\"},\"breadcrumb\":{\"@id\":\"https:\/\/www.radiomanchester.com.br\/fm\/policia-civil-prende-suspeito-de-matar-ex-sogro-policial-dentro-de-farmacia\/#breadcrumb\"},\"inLanguage\":\"pt-BR\",\"potentialAction\":[{\"@type\":\"ReadAction\",\"target\":[\"https:\/\/www.radiomanchester.com.br\/fm\/policia-civil-prende-suspeito-de-matar-ex-sogro-policial-dentro-de-farmacia\/\"]}]},{\"@type\":\"BreadcrumbList\",\"@id\":\"https:\/\/www.radiomanchester.com.br\/fm\/policia-civil-prende-suspeito-de-matar-ex-sogro-policial-dentro-de-farmacia\/#breadcrumb\",\"itemListElement\":[{\"@type\":\"ListItem\",\"position\":1,\"name\":\"Home\",\"item\":\"https:\/\/www.radiomanchester.com.br\/fm\/\"},{\"@type\":\"ListItem\",\"position\":2,\"name\":\"Pol\u00edcia Civil prende suspeito de matar ex-sogro policial dentro de farm\u00e1cia\"}]},{\"@type\":\"Person\",\"@id\":\"https:\/\/www.radiomanchester.com.br\/fm\/#\/schema\/person\/408a7b4d4e32cbebd90e2782852abca3\",\"name\":\"admin\",\"image\":{\"@type\":\"ImageObject\",\"@id\":\"https:\/\/www.radiomanchester.com.br\/fm\/#personlogo\",\"inLanguage\":\"pt-BR\",\"url\":\"https:\/\/secure.gravatar.com\/avatar\/115a974dba3376872eb3addeb276301c?s=96&d=mm&r=g\",\"contentUrl\":\"https:\/\/secure.gravatar.com\/avatar\/115a974dba3376872eb3addeb276301c?s=96&d=mm&r=g\",\"caption\":\"admin\"},\"url\":\"https:\/\/www.radiomanchester.com.br\/fm\/author\/admin\/\"}]}<\/script>\n<!-- \/ Yoast SEO plugin. -->","yoast_head_json":{"title":"Pol\u00edcia Civil prende suspeito de matar ex-sogro policial dentro de farm\u00e1cia - Manchester FM 93,3","robots":{"index":"index","follow":"follow","max-snippet":"max-snippet:-1","max-image-preview":"max-image-preview:large","max-video-preview":"max-video-preview:-1"},"canonical":"https:\/\/www.radiomanchester.com.br\/fm\/policia-civil-prende-suspeito-de-matar-ex-sogro-policial-dentro-de-farmacia\/","og_locale":"pt_BR","og_type":"article","og_title":"Pol\u00edcia Civil prende suspeito de matar ex-sogro policial dentro de farm\u00e1cia - Manchester FM 93,3","og_description":"Felipe Gabriel foi preso na noite desta quarta-feira em Goi\u00e2nia; informa\u00e7\u00f5es iniciais d\u00e3o conta de que ele \u00e9 acobertado por familiares Foi preso, no in\u00edcio da noite desta quarta-feira (29\/06), Felipe Gabriel Jardim Gon\u00e7alves, de 26 anos, principal\u00a0suspeito de matar a tiros o ex-sogro\u00a0Jo\u00e3o do Ros\u00e1rio Le\u00e3o, de 63 anos, policial civil aposentado. C\u00e2meras de [&hellip;]","og_url":"https:\/\/www.radiomanchester.com.br\/fm\/policia-civil-prende-suspeito-de-matar-ex-sogro-policial-dentro-de-farmacia\/","og_site_name":"Manchester FM 93,3","article_published_time":"2022-06-30T00:36:36+00:00","article_modified_time":"2022-06-30T00:36:41+00:00","og_image":[{"url":"https:\/\/www.radiomanchester.com.br\/fm\/wp-content\/uploads\/2022\/06\/E8CC2456-1B73-4EFF-8028-2948CD235B6E-300x200.webp"}],"twitter_card":"summary_large_image","twitter_misc":{"Escrito por":"admin","Est. tempo de leitura":"3 minutos"},"schema":{"@context":"https:\/\/schema.org","@graph":[{"@type":"WebSite","@id":"https:\/\/www.radiomanchester.com.br\/fm\/#website","url":"https:\/\/www.radiomanchester.com.br\/fm\/","name":"Manchester FM 93,3","description":"Todo Mundo Ouve!","potentialAction":[{"@type":"SearchAction","target":{"@type":"EntryPoint","urlTemplate":"https:\/\/www.radiomanchester.com.br\/fm\/?s={search_term_string}"},"query-input":"required name=search_term_string"}],"inLanguage":"pt-BR"},{"@type":"ImageObject","@id":"https:\/\/www.radiomanchester.com.br\/fm\/policia-civil-prende-suspeito-de-matar-ex-sogro-policial-dentro-de-farmacia\/#primaryimage","inLanguage":"pt-BR","url":"https:\/\/www.radiomanchester.com.br\/fm\/wp-content\/uploads\/2022\/06\/E8CC2456-1B73-4EFF-8028-2948CD235B6E-300x200.webp","contentUrl":"https:\/\/www.radiomanchester.com.br\/fm\/wp-content\/uploads\/2022\/06\/E8CC2456-1B73-4EFF-8028-2948CD235B6E-300x200.webp"},{"@type":"WebPage","@id":"https:\/\/www.radiomanchester.com.br\/fm\/policia-civil-prende-suspeito-de-matar-ex-sogro-policial-dentro-de-farmacia\/#webpage","url":"https:\/\/www.radiomanchester.com.br\/fm\/policia-civil-prende-suspeito-de-matar-ex-sogro-policial-dentro-de-farmacia\/","name":"Pol\u00edcia Civil prende suspeito de matar ex-sogro policial dentro de farm\u00e1cia - Manchester FM 93,3","isPartOf":{"@id":"https:\/\/www.radiomanchester.com.br\/fm\/#website"},"primaryImageOfPage":{"@id":"https:\/\/www.radiomanchester.com.br\/fm\/policia-civil-prende-suspeito-de-matar-ex-sogro-policial-dentro-de-farmacia\/#primaryimage"},"datePublished":"2022-06-30T00:36:36+00:00","dateModified":"2022-06-30T00:36:41+00:00","author":{"@id":"https:\/\/www.radiomanchester.com.br\/fm\/#\/schema\/person\/408a7b4d4e32cbebd90e2782852abca3"},"breadcrumb":{"@id":"https:\/\/www.radiomanchester.com.br\/fm\/policia-civil-prende-suspeito-de-matar-ex-sogro-policial-dentro-de-farmacia\/#breadcrumb"},"inLanguage":"pt-BR","potentialAction":[{"@type":"ReadAction","target":["https:\/\/www.radiomanchester.com.br\/fm\/policia-civil-prende-suspeito-de-matar-ex-sogro-policial-dentro-de-farmacia\/"]}]},{"@type":"BreadcrumbList","@id":"https:\/\/www.radiomanchester.com.br\/fm\/policia-civil-prende-suspeito-de-matar-ex-sogro-policial-dentro-de-farmacia\/#breadcrumb","itemListElement":[{"@type":"ListItem","position":1,"name":"Home","item":"https:\/\/www.radiomanchester.com.br\/fm\/"},{"@type":"ListItem","position":2,"name":"Pol\u00edcia Civil prende suspeito de matar ex-sogro policial dentro de farm\u00e1cia"}]},{"@type":"Person","@id":"https:\/\/www.radiomanchester.com.br\/fm\/#\/schema\/person\/408a7b4d4e32cbebd90e2782852abca3","name":"admin","image":{"@type":"ImageObject","@id":"https:\/\/www.radiomanchester.com.br\/fm\/#personlogo","inLanguage":"pt-BR","url":"https:\/\/secure.gravatar.com\/avatar\/115a974dba3376872eb3addeb276301c?s=96&d=mm&r=g","contentUrl":"https:\/\/secure.gravatar.com\/avatar\/115a974dba3376872eb3addeb276301c?s=96&d=mm&r=g","caption":"admin"},"url":"https:\/\/www.radiomanchester.com.br\/fm\/author\/admin\/"}]}},"_links":{"self":[{"href":"https:\/\/www.radiomanchester.com.br\/fm\/wp-json\/wp\/v2\/posts\/8425"}],"collection":[{"href":"https:\/\/www.radiomanchester.com.br\/fm\/wp-json\/wp\/v2\/posts"}],"about":[{"href":"https:\/\/www.radiomanchester.com.br\/fm\/wp-json\/wp\/v2\/types\/post"}],"author":[{"embeddable":true,"href":"https:\/\/www.radiomanchester.com.br\/fm\/wp-json\/wp\/v2\/users\/1"}],"replies":[{"embeddable":true,"href":"https:\/\/www.radiomanchester.com.br\/fm\/wp-json\/wp\/v2\/comments?post=8425"}],"version-history":[{"count":1,"href":"https:\/\/www.radiomanchester.com.br\/fm\/wp-json\/wp\/v2\/posts\/8425\/revisions"}],"predecessor-version":[{"id":8427,"href":"https:\/\/www.radiomanchester.com.br\/fm\/wp-json\/wp\/v2\/posts\/8425\/revisions\/8427"}],"wp:attachment":[{"href":"https:\/\/www.radiomanchester.com.br\/fm\/wp-json\/wp\/v2\/media?parent=8425"}],"wp:term":[{"taxonomy":"category","embeddable":true,"href":"https:\/\/www.radiomanchester.com.br\/fm\/wp-json\/wp\/v2\/categories?post=8425"},{"taxonomy":"post_tag","embeddable":true,"href":"https:\/\/www.radiomanchester.com.br\/fm\/wp-json\/wp\/v2\/tags?post=8425"}],"curies":[{"name":"wp","href":"https:\/\/api.w.org\/{rel}","templated":true}]}}