{"id":8428,"date":"2022-06-30T18:18:16","date_gmt":"2022-06-30T21:18:16","guid":{"rendered":"https:\/\/www.radiomanchester.com.br\/fm\/?p=8428"},"modified":"2022-06-30T18:18:20","modified_gmt":"2022-06-30T21:18:20","slug":"ministerio-da-justica-deflagra-nona-fase-da-operacao-luz-na-infancia","status":"publish","type":"post","link":"https:\/\/www.radiomanchester.com.br\/fm\/ministerio-da-justica-deflagra-nona-fase-da-operacao-luz-na-infancia\/","title":{"rendered":"Minist\u00e9rio da Justi\u00e7a deflagra nona fase da Opera\u00e7\u00e3o Luz na Inf\u00e2ncia"},"content":{"rendered":"\n<p><strong><em>Pelo menos 26 suspeitos foram presos<\/em><\/strong><\/p>\n\n\n\n<p>O Minist\u00e9rio da Justi\u00e7a e Seguran\u00e7a P\u00fablica (MJSP) deflagrou nesta quinta (30\/06) a nona fase da Opera\u00e7\u00e3o Luz na Inf\u00e2ncia, destinada ao combate \u00e0 explora\u00e7\u00e3o sexual de crian\u00e7as e adolescentes pela internet. At\u00e9 o momento, pelo menos 26 suspeitos foram presos.<\/p>\n\n\n\n<p>Desde a manh\u00e3 desta quarta-feira, est\u00e3o sendo cumpridos 163 mandados de busca e apreens\u00e3o autorizados pela Justi\u00e7a em 13 estados brasileiros e no exterior. Fora do pa\u00eds, a opera\u00e7\u00e3o ocorre com o aux\u00edlio das pol\u00edcias dos Estados Unidos, da Argentina, do Paraguai, da Costa Rica, do Panam\u00e1 e do Equador.<\/p>\n\n\n\n<p>As investiga\u00e7\u00f5es partiram do Laborat\u00f3rio de Opera\u00e7\u00f5es Cibern\u00e9ticas do minist\u00e9rio e foram feitas em parceria com o Homeland Security Investigations (HSI), \u00f3rg\u00e3o de repress\u00e3o a crimes internos dos Estados Unidos, al\u00e9m das pol\u00edcias civis estaduais.<\/p>\n\n\n\n<p>A pena para quem armazena conte\u00fado sexual envolvendo crian\u00e7as varia de 1 a 4 anos de pris\u00e3o, e pode aumentar de 3 para 6 anos no caso de compartilhamento e de 4 a 8 anos no caso de produ\u00e7\u00e3o de conte\u00fado.<\/p>\n\n\n\n<p>A primeira fase da Opera\u00e7\u00e3o Luz na Inf\u00e2ncia foi deflagrada em outubro de 2017, quando 108 investigados foram presos. O maior n\u00famero de presos foi alcan\u00e7ado na segunda fase, realizada em novembro de 2018, que resultou na pris\u00e3o de 251 pessoas.<\/p>\n\n\n\n<figure class=\"wp-block-image size-medium\"><img loading=\"lazy\" width=\"300\" height=\"179\" src=\"https:\/\/www.radiomanchester.com.br\/fm\/wp-content\/uploads\/2022\/06\/palacio_da_justica_na_esplanada_dos_ministerios250620213596-300x179.jpg\" alt=\"\" class=\"wp-image-8429\" srcset=\"https:\/\/www.radiomanchester.com.br\/fm\/wp-content\/uploads\/2022\/06\/palacio_da_justica_na_esplanada_dos_ministerios250620213596-300x179.jpg 300w, https:\/\/www.radiomanchester.com.br\/fm\/wp-content\/uploads\/2022\/06\/palacio_da_justica_na_esplanada_dos_ministerios250620213596-1024x613.jpg 1024w, https:\/\/www.radiomanchester.com.br\/fm\/wp-content\/uploads\/2022\/06\/palacio_da_justica_na_esplanada_dos_ministerios250620213596-768x459.jpg 768w, https:\/\/www.radiomanchester.com.br\/fm\/wp-content\/uploads\/2022\/06\/palacio_da_justica_na_esplanada_dos_ministerios250620213596.jpg 1170w\" sizes=\"(max-width: 300px) 100vw, 300px\" \/><figcaption>Pal\u00e1cio da Justi\u00e7a na Esplanada dos Minist\u00e9rios<\/figcaption><\/figure>\n\n\n\n<p>por Ag\u00eancia Brasil &#8211; foto: Ag\u00eancia Brasil<\/p>\n","protected":false},"excerpt":{"rendered":"<p class=\"excerpt\">Pelo menos 26 suspeitos foram presos O Minist\u00e9rio da Justi\u00e7a e Seguran\u00e7a P\u00fablica (MJSP) deflagrou nesta quinta (30\/06) a nona fase da Opera\u00e7\u00e3o Luz na Inf\u00e2ncia, destinada ao combate \u00e0 explora\u00e7\u00e3o sexual de crian\u00e7as e adolescentes pela internet. At\u00e9 o momento, pelo menos 26 suspeitos foram presos. Desde a manh\u00e3 desta quarta-feira, est\u00e3o sendo cumpridos [&hellip;]<\/p>\n","protected":false},"author":1,"featured_media":0,"comment_status":"open","ping_status":"open","sticky":false,"template":"","format":"standard","meta":[],"categories":[8,17],"tags":[22,24,113,83,92],"yoast_head":"<!-- This site is optimized with the Yoast SEO plugin v18.3 - https:\/\/yoast.com\/wordpress\/plugins\/seo\/ -->\n<title>Minist\u00e9rio da Justi\u00e7a deflagra nona fase da Opera\u00e7\u00e3o Luz na Inf\u00e2ncia - Manchester FM 93,3<\/title>\n<meta name=\"robots\" content=\"index, follow, max-snippet:-1, max-image-preview:large, max-video-preview:-1\" \/>\n<link rel=\"canonical\" href=\"https:\/\/www.radiomanchester.com.br\/fm\/ministerio-da-justica-deflagra-nona-fase-da-operacao-luz-na-infancia\/\" \/>\n<meta property=\"og:locale\" content=\"pt_BR\" \/>\n<meta property=\"og:type\" content=\"article\" \/>\n<meta property=\"og:title\" content=\"Minist\u00e9rio da Justi\u00e7a deflagra nona fase da Opera\u00e7\u00e3o Luz na Inf\u00e2ncia - Manchester FM 93,3\" \/>\n<meta property=\"og:description\" content=\"Pelo menos 26 suspeitos foram presos O Minist\u00e9rio da Justi\u00e7a e Seguran\u00e7a P\u00fablica (MJSP) deflagrou nesta quinta (30\/06) a nona fase da Opera\u00e7\u00e3o Luz na Inf\u00e2ncia, destinada ao combate \u00e0 explora\u00e7\u00e3o sexual de crian\u00e7as e adolescentes pela internet. At\u00e9 o momento, pelo menos 26 suspeitos foram presos. Desde a manh\u00e3 desta quarta-feira, est\u00e3o sendo cumpridos [&hellip;]\" \/>\n<meta property=\"og:url\" content=\"https:\/\/www.radiomanchester.com.br\/fm\/ministerio-da-justica-deflagra-nona-fase-da-operacao-luz-na-infancia\/\" \/>\n<meta property=\"og:site_name\" content=\"Manchester FM 93,3\" \/>\n<meta property=\"article:published_time\" content=\"2022-06-30T21:18:16+00:00\" \/>\n<meta property=\"article:modified_time\" content=\"2022-06-30T21:18:20+00:00\" \/>\n<meta property=\"og:image\" content=\"https:\/\/www.radiomanchester.com.br\/fm\/wp-content\/uploads\/2022\/06\/palacio_da_justica_na_esplanada_dos_ministerios250620213596-300x179.jpg\" \/>\n<meta name=\"twitter:card\" content=\"summary_large_image\" \/>\n<meta name=\"twitter:label1\" content=\"Escrito por\" \/>\n\t<meta name=\"twitter:data1\" content=\"admin\" \/>\n\t<meta name=\"twitter:label2\" content=\"Est. tempo de leitura\" \/>\n\t<meta name=\"twitter:data2\" content=\"2 minutos\" \/>\n<script type=\"application\/ld+json\" class=\"yoast-schema-graph\">{\"@context\":\"https:\/\/schema.org\",\"@graph\":[{\"@type\":\"WebSite\",\"@id\":\"https:\/\/www.radiomanchester.com.br\/fm\/#website\",\"url\":\"https:\/\/www.radiomanchester.com.br\/fm\/\",\"name\":\"Manchester FM 93,3\",\"description\":\"Todo Mundo Ouve!\",\"potentialAction\":[{\"@type\":\"SearchAction\",\"target\":{\"@type\":\"EntryPoint\",\"urlTemplate\":\"https:\/\/www.radiomanchester.com.br\/fm\/?s={search_term_string}\"},\"query-input\":\"required name=search_term_string\"}],\"inLanguage\":\"pt-BR\"},{\"@type\":\"ImageObject\",\"@id\":\"https:\/\/www.radiomanchester.com.br\/fm\/ministerio-da-justica-deflagra-nona-fase-da-operacao-luz-na-infancia\/#primaryimage\",\"inLanguage\":\"pt-BR\",\"url\":\"https:\/\/www.radiomanchester.com.br\/fm\/wp-content\/uploads\/2022\/06\/palacio_da_justica_na_esplanada_dos_ministerios250620213596.jpg\",\"contentUrl\":\"https:\/\/www.radiomanchester.com.br\/fm\/wp-content\/uploads\/2022\/06\/palacio_da_justica_na_esplanada_dos_ministerios250620213596.jpg\",\"width\":1170,\"height\":700,\"caption\":\"Pal\u00e1cio da Justi\u00e7a na Esplanada dos Minist\u00e9rios\"},{\"@type\":\"WebPage\",\"@id\":\"https:\/\/www.radiomanchester.com.br\/fm\/ministerio-da-justica-deflagra-nona-fase-da-operacao-luz-na-infancia\/#webpage\",\"url\":\"https:\/\/www.radiomanchester.com.br\/fm\/ministerio-da-justica-deflagra-nona-fase-da-operacao-luz-na-infancia\/\",\"name\":\"Minist\u00e9rio da Justi\u00e7a deflagra nona fase da Opera\u00e7\u00e3o Luz na Inf\u00e2ncia - Manchester FM 93,3\",\"isPartOf\":{\"@id\":\"https:\/\/www.radiomanchester.com.br\/fm\/#website\"},\"primaryImageOfPage\":{\"@id\":\"https:\/\/www.radiomanchester.com.br\/fm\/ministerio-da-justica-deflagra-nona-fase-da-operacao-luz-na-infancia\/#primaryimage\"},\"datePublished\":\"2022-06-30T21:18:16+00:00\",\"dateModified\":\"2022-06-30T21:18:20+00:00\",\"author\":{\"@id\":\"https:\/\/www.radiomanchester.com.br\/fm\/#\/schema\/person\/408a7b4d4e32cbebd90e2782852abca3\"},\"breadcrumb\":{\"@id\":\"https:\/\/www.radiomanchester.com.br\/fm\/ministerio-da-justica-deflagra-nona-fase-da-operacao-luz-na-infancia\/#breadcrumb\"},\"inLanguage\":\"pt-BR\",\"potentialAction\":[{\"@type\":\"ReadAction\",\"target\":[\"https:\/\/www.radiomanchester.com.br\/fm\/ministerio-da-justica-deflagra-nona-fase-da-operacao-luz-na-infancia\/\"]}]},{\"@type\":\"BreadcrumbList\",\"@id\":\"https:\/\/www.radiomanchester.com.br\/fm\/ministerio-da-justica-deflagra-nona-fase-da-operacao-luz-na-infancia\/#breadcrumb\",\"itemListElement\":[{\"@type\":\"ListItem\",\"position\":1,\"name\":\"Home\",\"item\":\"https:\/\/www.radiomanchester.com.br\/fm\/\"},{\"@type\":\"ListItem\",\"position\":2,\"name\":\"Minist\u00e9rio da Justi\u00e7a deflagra nona fase da Opera\u00e7\u00e3o Luz na Inf\u00e2ncia\"}]},{\"@type\":\"Person\",\"@id\":\"https:\/\/www.radiomanchester.com.br\/fm\/#\/schema\/person\/408a7b4d4e32cbebd90e2782852abca3\",\"name\":\"admin\",\"image\":{\"@type\":\"ImageObject\",\"@id\":\"https:\/\/www.radiomanchester.com.br\/fm\/#personlogo\",\"inLanguage\":\"pt-BR\",\"url\":\"https:\/\/secure.gravatar.com\/avatar\/115a974dba3376872eb3addeb276301c?s=96&d=mm&r=g\",\"contentUrl\":\"https:\/\/secure.gravatar.com\/avatar\/115a974dba3376872eb3addeb276301c?s=96&d=mm&r=g\",\"caption\":\"admin\"},\"url\":\"https:\/\/www.radiomanchester.com.br\/fm\/author\/admin\/\"}]}<\/script>\n<!-- \/ Yoast SEO plugin. -->","yoast_head_json":{"title":"Minist\u00e9rio da Justi\u00e7a deflagra nona fase da Opera\u00e7\u00e3o Luz na Inf\u00e2ncia - Manchester FM 93,3","robots":{"index":"index","follow":"follow","max-snippet":"max-snippet:-1","max-image-preview":"max-image-preview:large","max-video-preview":"max-video-preview:-1"},"canonical":"https:\/\/www.radiomanchester.com.br\/fm\/ministerio-da-justica-deflagra-nona-fase-da-operacao-luz-na-infancia\/","og_locale":"pt_BR","og_type":"article","og_title":"Minist\u00e9rio da Justi\u00e7a deflagra nona fase da Opera\u00e7\u00e3o Luz na Inf\u00e2ncia - Manchester FM 93,3","og_description":"Pelo menos 26 suspeitos foram presos O Minist\u00e9rio da Justi\u00e7a e Seguran\u00e7a P\u00fablica (MJSP) deflagrou nesta quinta (30\/06) a nona fase da Opera\u00e7\u00e3o Luz na Inf\u00e2ncia, destinada ao combate \u00e0 explora\u00e7\u00e3o sexual de crian\u00e7as e adolescentes pela internet. At\u00e9 o momento, pelo menos 26 suspeitos foram presos. Desde a manh\u00e3 desta quarta-feira, est\u00e3o sendo cumpridos [&hellip;]","og_url":"https:\/\/www.radiomanchester.com.br\/fm\/ministerio-da-justica-deflagra-nona-fase-da-operacao-luz-na-infancia\/","og_site_name":"Manchester FM 93,3","article_published_time":"2022-06-30T21:18:16+00:00","article_modified_time":"2022-06-30T21:18:20+00:00","og_image":[{"url":"https:\/\/www.radiomanchester.com.br\/fm\/wp-content\/uploads\/2022\/06\/palacio_da_justica_na_esplanada_dos_ministerios250620213596-300x179.jpg"}],"twitter_card":"summary_large_image","twitter_misc":{"Escrito por":"admin","Est. tempo de leitura":"2 minutos"},"schema":{"@context":"https:\/\/schema.org","@graph":[{"@type":"WebSite","@id":"https:\/\/www.radiomanchester.com.br\/fm\/#website","url":"https:\/\/www.radiomanchester.com.br\/fm\/","name":"Manchester FM 93,3","description":"Todo Mundo Ouve!","potentialAction":[{"@type":"SearchAction","target":{"@type":"EntryPoint","urlTemplate":"https:\/\/www.radiomanchester.com.br\/fm\/?s={search_term_string}"},"query-input":"required name=search_term_string"}],"inLanguage":"pt-BR"},{"@type":"ImageObject","@id":"https:\/\/www.radiomanchester.com.br\/fm\/ministerio-da-justica-deflagra-nona-fase-da-operacao-luz-na-infancia\/#primaryimage","inLanguage":"pt-BR","url":"https:\/\/www.radiomanchester.com.br\/fm\/wp-content\/uploads\/2022\/06\/palacio_da_justica_na_esplanada_dos_ministerios250620213596.jpg","contentUrl":"https:\/\/www.radiomanchester.com.br\/fm\/wp-content\/uploads\/2022\/06\/palacio_da_justica_na_esplanada_dos_ministerios250620213596.jpg","width":1170,"height":700,"caption":"Pal\u00e1cio da Justi\u00e7a na Esplanada dos Minist\u00e9rios"},{"@type":"WebPage","@id":"https:\/\/www.radiomanchester.com.br\/fm\/ministerio-da-justica-deflagra-nona-fase-da-operacao-luz-na-infancia\/#webpage","url":"https:\/\/www.radiomanchester.com.br\/fm\/ministerio-da-justica-deflagra-nona-fase-da-operacao-luz-na-infancia\/","name":"Minist\u00e9rio da Justi\u00e7a deflagra nona fase da Opera\u00e7\u00e3o Luz na Inf\u00e2ncia - Manchester FM 93,3","isPartOf":{"@id":"https:\/\/www.radiomanchester.com.br\/fm\/#website"},"primaryImageOfPage":{"@id":"https:\/\/www.radiomanchester.com.br\/fm\/ministerio-da-justica-deflagra-nona-fase-da-operacao-luz-na-infancia\/#primaryimage"},"datePublished":"2022-06-30T21:18:16+00:00","dateModified":"2022-06-30T21:18:20+00:00","author":{"@id":"https:\/\/www.radiomanchester.com.br\/fm\/#\/schema\/person\/408a7b4d4e32cbebd90e2782852abca3"},"breadcrumb":{"@id":"https:\/\/www.radiomanchester.com.br\/fm\/ministerio-da-justica-deflagra-nona-fase-da-operacao-luz-na-infancia\/#breadcrumb"},"inLanguage":"pt-BR","potentialAction":[{"@type":"ReadAction","target":["https:\/\/www.radiomanchester.com.br\/fm\/ministerio-da-justica-deflagra-nona-fase-da-operacao-luz-na-infancia\/"]}]},{"@type":"BreadcrumbList","@id":"https:\/\/www.radiomanchester.com.br\/fm\/ministerio-da-justica-deflagra-nona-fase-da-operacao-luz-na-infancia\/#breadcrumb","itemListElement":[{"@type":"ListItem","position":1,"name":"Home","item":"https:\/\/www.radiomanchester.com.br\/fm\/"},{"@type":"ListItem","position":2,"name":"Minist\u00e9rio da Justi\u00e7a deflagra nona fase da Opera\u00e7\u00e3o Luz na Inf\u00e2ncia"}]},{"@type":"Person","@id":"https:\/\/www.radiomanchester.com.br\/fm\/#\/schema\/person\/408a7b4d4e32cbebd90e2782852abca3","name":"admin","image":{"@type":"ImageObject","@id":"https:\/\/www.radiomanchester.com.br\/fm\/#personlogo","inLanguage":"pt-BR","url":"https:\/\/secure.gravatar.com\/avatar\/115a974dba3376872eb3addeb276301c?s=96&d=mm&r=g","contentUrl":"https:\/\/secure.gravatar.com\/avatar\/115a974dba3376872eb3addeb276301c?s=96&d=mm&r=g","caption":"admin"},"url":"https:\/\/www.radiomanchester.com.br\/fm\/author\/admin\/"}]}},"_links":{"self":[{"href":"https:\/\/www.radiomanchester.com.br\/fm\/wp-json\/wp\/v2\/posts\/8428"}],"collection":[{"href":"https:\/\/www.radiomanchester.com.br\/fm\/wp-json\/wp\/v2\/posts"}],"about":[{"href":"https:\/\/www.radiomanchester.com.br\/fm\/wp-json\/wp\/v2\/types\/post"}],"author":[{"embeddable":true,"href":"https:\/\/www.radiomanchester.com.br\/fm\/wp-json\/wp\/v2\/users\/1"}],"replies":[{"embeddable":true,"href":"https:\/\/www.radiomanchester.com.br\/fm\/wp-json\/wp\/v2\/comments?post=8428"}],"version-history":[{"count":1,"href":"https:\/\/www.radiomanchester.com.br\/fm\/wp-json\/wp\/v2\/posts\/8428\/revisions"}],"predecessor-version":[{"id":8430,"href":"https:\/\/www.radiomanchester.com.br\/fm\/wp-json\/wp\/v2\/posts\/8428\/revisions\/8430"}],"wp:attachment":[{"href":"https:\/\/www.radiomanchester.com.br\/fm\/wp-json\/wp\/v2\/media?parent=8428"}],"wp:term":[{"taxonomy":"category","embeddable":true,"href":"https:\/\/www.radiomanchester.com.br\/fm\/wp-json\/wp\/v2\/categories?post=8428"},{"taxonomy":"post_tag","embeddable":true,"href":"https:\/\/www.radiomanchester.com.br\/fm\/wp-json\/wp\/v2\/tags?post=8428"}],"curies":[{"name":"wp","href":"https:\/\/api.w.org\/{rel}","templated":true}]}}