{"id":8452,"date":"2022-07-04T05:40:00","date_gmt":"2022-07-04T08:40:00","guid":{"rendered":"https:\/\/www.radiomanchester.com.br\/fm\/?p=8452"},"modified":"2022-07-03T23:15:33","modified_gmt":"2022-07-04T02:15:33","slug":"alagoas-tem-50-municipios-em-emergencia-por-causa-das-chuvas","status":"publish","type":"post","link":"https:\/\/www.radiomanchester.com.br\/fm\/alagoas-tem-50-municipios-em-emergencia-por-causa-das-chuvas\/","title":{"rendered":"Alagoas tem 50 munic\u00edpios em emerg\u00eancia por causa das chuvas"},"content":{"rendered":"\n<p><\/p>\n\n\n\n<p><em><strong>H\u00e1 40 mil pessoas desalojadas e desabrigadas<\/strong><\/em><\/p>\n\n\n\n<p>O estado de Alagoas reconheceu a situa\u00e7\u00e3o emergencial em mais 15 munic\u00edpios devido \u00e0s chuvas que caem na regi\u00e3o. Com a medida, o estado est\u00e1 com cerca de 50 munic\u00edpios em situa\u00e7\u00e3o anormal desde maio, quando houve o aumento dos estragos causados pelas enchentes e o n\u00famero de desabrigados.&nbsp;<\/p>\n\n\n\n<p>O decreto publicado neste s\u00e1bado (2\/07), declara a emerg\u00eancia pelo per\u00edodo de 180 dias nos munic\u00edpios alagoanos de Atalaia, Branquinha, Cacimbinhas, Cajueiro, Capela, Limoeiro de Anadia, Murici, P\u00e3o de A\u00e7\u00facar, Paulo Jacinto, Santana do Munda\u00fa, S\u00e3o Jos\u00e9 da Laje, Satuba, Taquarana, Uni\u00e3o dos Palmares e Vi\u00e7osa.&nbsp;<\/p>\n\n\n\n<p>Antes da medida, a situa\u00e7\u00e3o emergencial foi decretada em pelo menos 35 munic\u00edpios.&nbsp;<\/p>\n\n\n\n<p>De acordo com balan\u00e7o divulgado pela Defesa Civil, h\u00e1 40 mil pessoas desalojadas e desabrigadas, que est\u00e3o sendo levadas para escolas, gin\u00e1sios e pr\u00e9dios p\u00fablicos.&nbsp;<\/p>\n\n\n\n<p>Os rios Para\u00edba e Munda\u00fa transbordaram e subiram dois metros de altura. As BRs 104 e 101, que seguem em dire\u00e7\u00e3o a Sergipe e Pernambuco, foram interditadas.&nbsp;<\/p>\n\n\n\n<p>Segundo o Instituto Nacional de Meteorologia (Inmet), o m\u00eas\u00a0de julho\u00a0ter\u00e1 chuvas acima da m\u00e9dia no leste do Nordeste e no norte da regi\u00e3o Nordeste. Os volumes previstos devem ficar acima dos 140 mm.<\/p>\n\n\n\n<figure class=\"wp-block-image size-medium\"><img loading=\"lazy\" width=\"300\" height=\"179\" src=\"https:\/\/www.radiomanchester.com.br\/fm\/wp-content\/uploads\/2022\/07\/C387A433-29FF-449C-A603-5CE3DA95392F-300x179.jpeg\" alt=\"\" class=\"wp-image-8453\" srcset=\"https:\/\/www.radiomanchester.com.br\/fm\/wp-content\/uploads\/2022\/07\/C387A433-29FF-449C-A603-5CE3DA95392F-300x179.jpeg 300w, https:\/\/www.radiomanchester.com.br\/fm\/wp-content\/uploads\/2022\/07\/C387A433-29FF-449C-A603-5CE3DA95392F-1024x613.jpeg 1024w, https:\/\/www.radiomanchester.com.br\/fm\/wp-content\/uploads\/2022\/07\/C387A433-29FF-449C-A603-5CE3DA95392F-768x459.jpeg 768w, https:\/\/www.radiomanchester.com.br\/fm\/wp-content\/uploads\/2022\/07\/C387A433-29FF-449C-A603-5CE3DA95392F.jpeg 1170w\" sizes=\"(max-width: 300px) 100vw, 300px\" \/><\/figure>\n\n\n\n<p>Por Ag\u00eancia Brasil &#8211; foto: defesa civil&nbsp;<\/p>\n","protected":false},"excerpt":{"rendered":"<p class=\"excerpt\">H\u00e1 40 mil pessoas desalojadas e desabrigadas O estado de Alagoas reconheceu a situa\u00e7\u00e3o emergencial em mais 15 munic\u00edpios devido \u00e0s chuvas que caem na regi\u00e3o. Com a medida, o estado est\u00e1 com cerca de 50 munic\u00edpios em situa\u00e7\u00e3o anormal desde maio, quando houve o aumento dos estragos causados pelas enchentes e o n\u00famero de [&hellip;]<\/p>\n","protected":false},"author":1,"featured_media":0,"comment_status":"open","ping_status":"open","sticky":false,"template":"","format":"standard","meta":[],"categories":[8,17],"tags":[22,24,113,83,92],"yoast_head":"<!-- This site is optimized with the Yoast SEO plugin v18.3 - https:\/\/yoast.com\/wordpress\/plugins\/seo\/ -->\n<title>Alagoas tem 50 munic\u00edpios em emerg\u00eancia por causa das chuvas - Manchester FM 93,3<\/title>\n<meta name=\"robots\" content=\"index, follow, max-snippet:-1, max-image-preview:large, max-video-preview:-1\" \/>\n<link rel=\"canonical\" href=\"https:\/\/www.radiomanchester.com.br\/fm\/alagoas-tem-50-municipios-em-emergencia-por-causa-das-chuvas\/\" \/>\n<meta property=\"og:locale\" content=\"pt_BR\" \/>\n<meta property=\"og:type\" content=\"article\" \/>\n<meta property=\"og:title\" content=\"Alagoas tem 50 munic\u00edpios em emerg\u00eancia por causa das chuvas - Manchester FM 93,3\" \/>\n<meta property=\"og:description\" content=\"H\u00e1 40 mil pessoas desalojadas e desabrigadas O estado de Alagoas reconheceu a situa\u00e7\u00e3o emergencial em mais 15 munic\u00edpios devido \u00e0s chuvas que caem na regi\u00e3o. Com a medida, o estado est\u00e1 com cerca de 50 munic\u00edpios em situa\u00e7\u00e3o anormal desde maio, quando houve o aumento dos estragos causados pelas enchentes e o n\u00famero de [&hellip;]\" \/>\n<meta property=\"og:url\" content=\"https:\/\/www.radiomanchester.com.br\/fm\/alagoas-tem-50-municipios-em-emergencia-por-causa-das-chuvas\/\" \/>\n<meta property=\"og:site_name\" content=\"Manchester FM 93,3\" \/>\n<meta property=\"article:published_time\" content=\"2022-07-04T08:40:00+00:00\" \/>\n<meta property=\"article:modified_time\" content=\"2022-07-04T02:15:33+00:00\" \/>\n<meta property=\"og:image\" content=\"https:\/\/www.radiomanchester.com.br\/fm\/wp-content\/uploads\/2022\/07\/C387A433-29FF-449C-A603-5CE3DA95392F-300x179.jpeg\" \/>\n<meta name=\"twitter:card\" content=\"summary_large_image\" \/>\n<meta name=\"twitter:label1\" content=\"Escrito por\" \/>\n\t<meta name=\"twitter:data1\" content=\"admin\" \/>\n\t<meta name=\"twitter:label2\" content=\"Est. tempo de leitura\" \/>\n\t<meta name=\"twitter:data2\" content=\"2 minutos\" \/>\n<script type=\"application\/ld+json\" class=\"yoast-schema-graph\">{\"@context\":\"https:\/\/schema.org\",\"@graph\":[{\"@type\":\"WebSite\",\"@id\":\"https:\/\/www.radiomanchester.com.br\/fm\/#website\",\"url\":\"https:\/\/www.radiomanchester.com.br\/fm\/\",\"name\":\"Manchester FM 93,3\",\"description\":\"Todo Mundo Ouve!\",\"potentialAction\":[{\"@type\":\"SearchAction\",\"target\":{\"@type\":\"EntryPoint\",\"urlTemplate\":\"https:\/\/www.radiomanchester.com.br\/fm\/?s={search_term_string}\"},\"query-input\":\"required name=search_term_string\"}],\"inLanguage\":\"pt-BR\"},{\"@type\":\"ImageObject\",\"@id\":\"https:\/\/www.radiomanchester.com.br\/fm\/alagoas-tem-50-municipios-em-emergencia-por-causa-das-chuvas\/#primaryimage\",\"inLanguage\":\"pt-BR\",\"url\":\"https:\/\/www.radiomanchester.com.br\/fm\/wp-content\/uploads\/2022\/07\/C387A433-29FF-449C-A603-5CE3DA95392F-300x179.jpeg\",\"contentUrl\":\"https:\/\/www.radiomanchester.com.br\/fm\/wp-content\/uploads\/2022\/07\/C387A433-29FF-449C-A603-5CE3DA95392F-300x179.jpeg\"},{\"@type\":\"WebPage\",\"@id\":\"https:\/\/www.radiomanchester.com.br\/fm\/alagoas-tem-50-municipios-em-emergencia-por-causa-das-chuvas\/#webpage\",\"url\":\"https:\/\/www.radiomanchester.com.br\/fm\/alagoas-tem-50-municipios-em-emergencia-por-causa-das-chuvas\/\",\"name\":\"Alagoas tem 50 munic\u00edpios em emerg\u00eancia por causa das chuvas - Manchester FM 93,3\",\"isPartOf\":{\"@id\":\"https:\/\/www.radiomanchester.com.br\/fm\/#website\"},\"primaryImageOfPage\":{\"@id\":\"https:\/\/www.radiomanchester.com.br\/fm\/alagoas-tem-50-municipios-em-emergencia-por-causa-das-chuvas\/#primaryimage\"},\"datePublished\":\"2022-07-04T08:40:00+00:00\",\"dateModified\":\"2022-07-04T02:15:33+00:00\",\"author\":{\"@id\":\"https:\/\/www.radiomanchester.com.br\/fm\/#\/schema\/person\/408a7b4d4e32cbebd90e2782852abca3\"},\"breadcrumb\":{\"@id\":\"https:\/\/www.radiomanchester.com.br\/fm\/alagoas-tem-50-municipios-em-emergencia-por-causa-das-chuvas\/#breadcrumb\"},\"inLanguage\":\"pt-BR\",\"potentialAction\":[{\"@type\":\"ReadAction\",\"target\":[\"https:\/\/www.radiomanchester.com.br\/fm\/alagoas-tem-50-municipios-em-emergencia-por-causa-das-chuvas\/\"]}]},{\"@type\":\"BreadcrumbList\",\"@id\":\"https:\/\/www.radiomanchester.com.br\/fm\/alagoas-tem-50-municipios-em-emergencia-por-causa-das-chuvas\/#breadcrumb\",\"itemListElement\":[{\"@type\":\"ListItem\",\"position\":1,\"name\":\"Home\",\"item\":\"https:\/\/www.radiomanchester.com.br\/fm\/\"},{\"@type\":\"ListItem\",\"position\":2,\"name\":\"Alagoas tem 50 munic\u00edpios em emerg\u00eancia por causa das chuvas\"}]},{\"@type\":\"Person\",\"@id\":\"https:\/\/www.radiomanchester.com.br\/fm\/#\/schema\/person\/408a7b4d4e32cbebd90e2782852abca3\",\"name\":\"admin\",\"image\":{\"@type\":\"ImageObject\",\"@id\":\"https:\/\/www.radiomanchester.com.br\/fm\/#personlogo\",\"inLanguage\":\"pt-BR\",\"url\":\"https:\/\/secure.gravatar.com\/avatar\/115a974dba3376872eb3addeb276301c?s=96&d=mm&r=g\",\"contentUrl\":\"https:\/\/secure.gravatar.com\/avatar\/115a974dba3376872eb3addeb276301c?s=96&d=mm&r=g\",\"caption\":\"admin\"},\"url\":\"https:\/\/www.radiomanchester.com.br\/fm\/author\/admin\/\"}]}<\/script>\n<!-- \/ Yoast SEO plugin. -->","yoast_head_json":{"title":"Alagoas tem 50 munic\u00edpios em emerg\u00eancia por causa das chuvas - Manchester FM 93,3","robots":{"index":"index","follow":"follow","max-snippet":"max-snippet:-1","max-image-preview":"max-image-preview:large","max-video-preview":"max-video-preview:-1"},"canonical":"https:\/\/www.radiomanchester.com.br\/fm\/alagoas-tem-50-municipios-em-emergencia-por-causa-das-chuvas\/","og_locale":"pt_BR","og_type":"article","og_title":"Alagoas tem 50 munic\u00edpios em emerg\u00eancia por causa das chuvas - Manchester FM 93,3","og_description":"H\u00e1 40 mil pessoas desalojadas e desabrigadas O estado de Alagoas reconheceu a situa\u00e7\u00e3o emergencial em mais 15 munic\u00edpios devido \u00e0s chuvas que caem na regi\u00e3o. Com a medida, o estado est\u00e1 com cerca de 50 munic\u00edpios em situa\u00e7\u00e3o anormal desde maio, quando houve o aumento dos estragos causados pelas enchentes e o n\u00famero de [&hellip;]","og_url":"https:\/\/www.radiomanchester.com.br\/fm\/alagoas-tem-50-municipios-em-emergencia-por-causa-das-chuvas\/","og_site_name":"Manchester FM 93,3","article_published_time":"2022-07-04T08:40:00+00:00","article_modified_time":"2022-07-04T02:15:33+00:00","og_image":[{"url":"https:\/\/www.radiomanchester.com.br\/fm\/wp-content\/uploads\/2022\/07\/C387A433-29FF-449C-A603-5CE3DA95392F-300x179.jpeg"}],"twitter_card":"summary_large_image","twitter_misc":{"Escrito por":"admin","Est. tempo de leitura":"2 minutos"},"schema":{"@context":"https:\/\/schema.org","@graph":[{"@type":"WebSite","@id":"https:\/\/www.radiomanchester.com.br\/fm\/#website","url":"https:\/\/www.radiomanchester.com.br\/fm\/","name":"Manchester FM 93,3","description":"Todo Mundo Ouve!","potentialAction":[{"@type":"SearchAction","target":{"@type":"EntryPoint","urlTemplate":"https:\/\/www.radiomanchester.com.br\/fm\/?s={search_term_string}"},"query-input":"required name=search_term_string"}],"inLanguage":"pt-BR"},{"@type":"ImageObject","@id":"https:\/\/www.radiomanchester.com.br\/fm\/alagoas-tem-50-municipios-em-emergencia-por-causa-das-chuvas\/#primaryimage","inLanguage":"pt-BR","url":"https:\/\/www.radiomanchester.com.br\/fm\/wp-content\/uploads\/2022\/07\/C387A433-29FF-449C-A603-5CE3DA95392F-300x179.jpeg","contentUrl":"https:\/\/www.radiomanchester.com.br\/fm\/wp-content\/uploads\/2022\/07\/C387A433-29FF-449C-A603-5CE3DA95392F-300x179.jpeg"},{"@type":"WebPage","@id":"https:\/\/www.radiomanchester.com.br\/fm\/alagoas-tem-50-municipios-em-emergencia-por-causa-das-chuvas\/#webpage","url":"https:\/\/www.radiomanchester.com.br\/fm\/alagoas-tem-50-municipios-em-emergencia-por-causa-das-chuvas\/","name":"Alagoas tem 50 munic\u00edpios em emerg\u00eancia por causa das chuvas - Manchester FM 93,3","isPartOf":{"@id":"https:\/\/www.radiomanchester.com.br\/fm\/#website"},"primaryImageOfPage":{"@id":"https:\/\/www.radiomanchester.com.br\/fm\/alagoas-tem-50-municipios-em-emergencia-por-causa-das-chuvas\/#primaryimage"},"datePublished":"2022-07-04T08:40:00+00:00","dateModified":"2022-07-04T02:15:33+00:00","author":{"@id":"https:\/\/www.radiomanchester.com.br\/fm\/#\/schema\/person\/408a7b4d4e32cbebd90e2782852abca3"},"breadcrumb":{"@id":"https:\/\/www.radiomanchester.com.br\/fm\/alagoas-tem-50-municipios-em-emergencia-por-causa-das-chuvas\/#breadcrumb"},"inLanguage":"pt-BR","potentialAction":[{"@type":"ReadAction","target":["https:\/\/www.radiomanchester.com.br\/fm\/alagoas-tem-50-municipios-em-emergencia-por-causa-das-chuvas\/"]}]},{"@type":"BreadcrumbList","@id":"https:\/\/www.radiomanchester.com.br\/fm\/alagoas-tem-50-municipios-em-emergencia-por-causa-das-chuvas\/#breadcrumb","itemListElement":[{"@type":"ListItem","position":1,"name":"Home","item":"https:\/\/www.radiomanchester.com.br\/fm\/"},{"@type":"ListItem","position":2,"name":"Alagoas tem 50 munic\u00edpios em emerg\u00eancia por causa das chuvas"}]},{"@type":"Person","@id":"https:\/\/www.radiomanchester.com.br\/fm\/#\/schema\/person\/408a7b4d4e32cbebd90e2782852abca3","name":"admin","image":{"@type":"ImageObject","@id":"https:\/\/www.radiomanchester.com.br\/fm\/#personlogo","inLanguage":"pt-BR","url":"https:\/\/secure.gravatar.com\/avatar\/115a974dba3376872eb3addeb276301c?s=96&d=mm&r=g","contentUrl":"https:\/\/secure.gravatar.com\/avatar\/115a974dba3376872eb3addeb276301c?s=96&d=mm&r=g","caption":"admin"},"url":"https:\/\/www.radiomanchester.com.br\/fm\/author\/admin\/"}]}},"_links":{"self":[{"href":"https:\/\/www.radiomanchester.com.br\/fm\/wp-json\/wp\/v2\/posts\/8452"}],"collection":[{"href":"https:\/\/www.radiomanchester.com.br\/fm\/wp-json\/wp\/v2\/posts"}],"about":[{"href":"https:\/\/www.radiomanchester.com.br\/fm\/wp-json\/wp\/v2\/types\/post"}],"author":[{"embeddable":true,"href":"https:\/\/www.radiomanchester.com.br\/fm\/wp-json\/wp\/v2\/users\/1"}],"replies":[{"embeddable":true,"href":"https:\/\/www.radiomanchester.com.br\/fm\/wp-json\/wp\/v2\/comments?post=8452"}],"version-history":[{"count":1,"href":"https:\/\/www.radiomanchester.com.br\/fm\/wp-json\/wp\/v2\/posts\/8452\/revisions"}],"predecessor-version":[{"id":8454,"href":"https:\/\/www.radiomanchester.com.br\/fm\/wp-json\/wp\/v2\/posts\/8452\/revisions\/8454"}],"wp:attachment":[{"href":"https:\/\/www.radiomanchester.com.br\/fm\/wp-json\/wp\/v2\/media?parent=8452"}],"wp:term":[{"taxonomy":"category","embeddable":true,"href":"https:\/\/www.radiomanchester.com.br\/fm\/wp-json\/wp\/v2\/categories?post=8452"},{"taxonomy":"post_tag","embeddable":true,"href":"https:\/\/www.radiomanchester.com.br\/fm\/wp-json\/wp\/v2\/tags?post=8452"}],"curies":[{"name":"wp","href":"https:\/\/api.w.org\/{rel}","templated":true}]}}