{"id":8508,"date":"2022-07-10T15:17:58","date_gmt":"2022-07-10T18:17:58","guid":{"rendered":"https:\/\/www.radiomanchester.com.br\/fm\/?p=8508"},"modified":"2022-07-10T15:18:03","modified_gmt":"2022-07-10T18:18:03","slug":"suspeito-de-matar-criancas-irmas-e-localizado-e-morto-pela-policia","status":"publish","type":"post","link":"https:\/\/www.radiomanchester.com.br\/fm\/suspeito-de-matar-criancas-irmas-e-localizado-e-morto-pela-policia\/","title":{"rendered":"Suspeito de matar crian\u00e7as irm\u00e3s \u00e9 localizado e morto pela pol\u00edcia"},"content":{"rendered":"\n<p><\/p>\n\n\n\n<p><strong><em>Reginaldo Jos\u00e9 Barbosa, 37 anos, estava foragido e era suspeito de ter assassinado uma menina de 5 anos e um menino de 7 anos em Bon\u00f3polis<\/em><\/strong><\/p>\n\n\n\n<p>Procurado por duplo homic\u00eddio e estupro, o trabalhador rural Reginaldo Jos\u00e9 Barbosa foi morto pela pol\u00edcia neste domingo (10\/7) na zona rural de Bon\u00f3polis, na regi\u00e3o norte de\u00a0Goi\u00e1s. O homem de 37 anos estava foragido e era\u00a0suspeito\u00a0de ter\u00a0matado\u00a0uma menina de 5 anos e o irm\u00e3o dela, de 7.<\/p>\n\n\n\n<p>\u201cDepois de confronto com a pol\u00edcia, Reginaldo veio a \u00f3bito no local\u201d, afirmou a Pol\u00edcia Civil em nota divulgada \u00e0 imprensa. Os detalhes da ocorr\u00eancia n\u00e3o foram revelados ainda. O \u00f3rg\u00e3o de seguran\u00e7a ainda informou que um outro suspeito de envolvimento no assassinato dos irm\u00e3os foi preso.<\/p>\n\n\n\n<p>Reginaldo Barbosa era suspeito de ter assassinado na quarta-feira (6\/7) os irm\u00e3os Ayla Luciene Jesus Nunes e Luiz Ot\u00e1vio Nunes Reis em Bon\u00f3polis. Ele estava foragido desde ent\u00e3o e era procurado por agentes em toda a regi\u00e3o, com o aux\u00edlio at\u00e9 de um helic\u00f3ptero.<\/p>\n\n\n\n<p><strong>Crueldade<\/strong><br>Os irm\u00e3os Ayla e Luiz Ot\u00e1vio estavam sozinhos em casa no dia do crime, pois a m\u00e3e tinha sa\u00eddo para trabalhar. Eles foram encontrados mortos com marcas de golpes de faca no pesco\u00e7o.<\/p>\n\n\n\n<p>Quando chegou do trabalho, \u00e0 noite, a m\u00e3e encontrou o menino morto na parte de tr\u00e1s da resid\u00eancia. J\u00e1 o corpo da menina foi achado pela pol\u00edcia em um matagal a cerca de 200 metros de sua casa. Segundo os investigadores, a crian\u00e7a apresentava sinais de ter sofrido viol\u00eancia sexual.<\/p>\n\n\n\n<figure class=\"wp-block-image size-medium\"><img loading=\"lazy\" width=\"300\" height=\"200\" src=\"https:\/\/www.radiomanchester.com.br\/fm\/wp-content\/uploads\/2022\/07\/392D2A79-7EB1-4456-8316-74DE31F55631-300x200.webp\" alt=\"\" class=\"wp-image-8509\" srcset=\"https:\/\/www.radiomanchester.com.br\/fm\/wp-content\/uploads\/2022\/07\/392D2A79-7EB1-4456-8316-74DE31F55631-300x200.webp 300w, https:\/\/www.radiomanchester.com.br\/fm\/wp-content\/uploads\/2022\/07\/392D2A79-7EB1-4456-8316-74DE31F55631.webp 450w\" sizes=\"(max-width: 300px) 100vw, 300px\" \/><\/figure>\n\n\n\n<figure class=\"wp-block-video\"><video controls src=\"https:\/\/www.radiomanchester.com.br\/fm\/wp-content\/uploads\/2022\/07\/trim.3847C5DD-D995-436B-BE83-A9AB97496533.mov\"><\/video><\/figure>\n\n\n\n<p>Por Reda\u00e7\u00e3o com Metropolis &#8211; foto: PCGO<\/p>\n","protected":false},"excerpt":{"rendered":"<p class=\"excerpt\">Reginaldo Jos\u00e9 Barbosa, 37 anos, estava foragido e era suspeito de ter assassinado uma menina de 5 anos e um menino de 7 anos em Bon\u00f3polis Procurado por duplo homic\u00eddio e estupro, o trabalhador rural Reginaldo Jos\u00e9 Barbosa foi morto pela pol\u00edcia neste domingo (10\/7) na zona rural de Bon\u00f3polis, na regi\u00e3o norte de\u00a0Goi\u00e1s. O [&hellip;]<\/p>\n","protected":false},"author":1,"featured_media":0,"comment_status":"open","ping_status":"open","sticky":false,"template":"","format":"standard","meta":[],"categories":[8,17],"tags":[22,24,113,83,92],"yoast_head":"<!-- This site is optimized with the Yoast SEO plugin v18.3 - https:\/\/yoast.com\/wordpress\/plugins\/seo\/ -->\n<title>Suspeito de matar crian\u00e7as irm\u00e3s \u00e9 localizado e morto pela pol\u00edcia - Manchester FM 93,3<\/title>\n<meta name=\"robots\" content=\"index, follow, max-snippet:-1, max-image-preview:large, max-video-preview:-1\" \/>\n<link rel=\"canonical\" href=\"https:\/\/www.radiomanchester.com.br\/fm\/suspeito-de-matar-criancas-irmas-e-localizado-e-morto-pela-policia\/\" \/>\n<meta property=\"og:locale\" content=\"pt_BR\" \/>\n<meta property=\"og:type\" content=\"article\" \/>\n<meta property=\"og:title\" content=\"Suspeito de matar crian\u00e7as irm\u00e3s \u00e9 localizado e morto pela pol\u00edcia - Manchester FM 93,3\" \/>\n<meta property=\"og:description\" content=\"Reginaldo Jos\u00e9 Barbosa, 37 anos, estava foragido e era suspeito de ter assassinado uma menina de 5 anos e um menino de 7 anos em Bon\u00f3polis Procurado por duplo homic\u00eddio e estupro, o trabalhador rural Reginaldo Jos\u00e9 Barbosa foi morto pela pol\u00edcia neste domingo (10\/7) na zona rural de Bon\u00f3polis, na regi\u00e3o norte de\u00a0Goi\u00e1s. O [&hellip;]\" \/>\n<meta property=\"og:url\" content=\"https:\/\/www.radiomanchester.com.br\/fm\/suspeito-de-matar-criancas-irmas-e-localizado-e-morto-pela-policia\/\" \/>\n<meta property=\"og:site_name\" content=\"Manchester FM 93,3\" \/>\n<meta property=\"article:published_time\" content=\"2022-07-10T18:17:58+00:00\" \/>\n<meta property=\"article:modified_time\" content=\"2022-07-10T18:18:03+00:00\" \/>\n<meta property=\"og:image\" content=\"https:\/\/www.radiomanchester.com.br\/fm\/wp-content\/uploads\/2022\/07\/392D2A79-7EB1-4456-8316-74DE31F55631-300x200.webp\" \/>\n<meta name=\"twitter:card\" content=\"summary_large_image\" \/>\n<meta name=\"twitter:label1\" content=\"Escrito por\" \/>\n\t<meta name=\"twitter:data1\" content=\"admin\" \/>\n\t<meta name=\"twitter:label2\" content=\"Est. tempo de leitura\" \/>\n\t<meta name=\"twitter:data2\" content=\"2 minutos\" \/>\n<script type=\"application\/ld+json\" class=\"yoast-schema-graph\">{\"@context\":\"https:\/\/schema.org\",\"@graph\":[{\"@type\":\"WebSite\",\"@id\":\"https:\/\/www.radiomanchester.com.br\/fm\/#website\",\"url\":\"https:\/\/www.radiomanchester.com.br\/fm\/\",\"name\":\"Manchester FM 93,3\",\"description\":\"Todo Mundo Ouve!\",\"potentialAction\":[{\"@type\":\"SearchAction\",\"target\":{\"@type\":\"EntryPoint\",\"urlTemplate\":\"https:\/\/www.radiomanchester.com.br\/fm\/?s={search_term_string}\"},\"query-input\":\"required name=search_term_string\"}],\"inLanguage\":\"pt-BR\"},{\"@type\":\"ImageObject\",\"@id\":\"https:\/\/www.radiomanchester.com.br\/fm\/suspeito-de-matar-criancas-irmas-e-localizado-e-morto-pela-policia\/#primaryimage\",\"inLanguage\":\"pt-BR\",\"url\":\"https:\/\/www.radiomanchester.com.br\/fm\/wp-content\/uploads\/2022\/07\/392D2A79-7EB1-4456-8316-74DE31F55631-300x200.webp\",\"contentUrl\":\"https:\/\/www.radiomanchester.com.br\/fm\/wp-content\/uploads\/2022\/07\/392D2A79-7EB1-4456-8316-74DE31F55631-300x200.webp\"},{\"@type\":\"WebPage\",\"@id\":\"https:\/\/www.radiomanchester.com.br\/fm\/suspeito-de-matar-criancas-irmas-e-localizado-e-morto-pela-policia\/#webpage\",\"url\":\"https:\/\/www.radiomanchester.com.br\/fm\/suspeito-de-matar-criancas-irmas-e-localizado-e-morto-pela-policia\/\",\"name\":\"Suspeito de matar crian\u00e7as irm\u00e3s \u00e9 localizado e morto pela pol\u00edcia - Manchester FM 93,3\",\"isPartOf\":{\"@id\":\"https:\/\/www.radiomanchester.com.br\/fm\/#website\"},\"primaryImageOfPage\":{\"@id\":\"https:\/\/www.radiomanchester.com.br\/fm\/suspeito-de-matar-criancas-irmas-e-localizado-e-morto-pela-policia\/#primaryimage\"},\"datePublished\":\"2022-07-10T18:17:58+00:00\",\"dateModified\":\"2022-07-10T18:18:03+00:00\",\"author\":{\"@id\":\"https:\/\/www.radiomanchester.com.br\/fm\/#\/schema\/person\/408a7b4d4e32cbebd90e2782852abca3\"},\"breadcrumb\":{\"@id\":\"https:\/\/www.radiomanchester.com.br\/fm\/suspeito-de-matar-criancas-irmas-e-localizado-e-morto-pela-policia\/#breadcrumb\"},\"inLanguage\":\"pt-BR\",\"potentialAction\":[{\"@type\":\"ReadAction\",\"target\":[\"https:\/\/www.radiomanchester.com.br\/fm\/suspeito-de-matar-criancas-irmas-e-localizado-e-morto-pela-policia\/\"]}]},{\"@type\":\"BreadcrumbList\",\"@id\":\"https:\/\/www.radiomanchester.com.br\/fm\/suspeito-de-matar-criancas-irmas-e-localizado-e-morto-pela-policia\/#breadcrumb\",\"itemListElement\":[{\"@type\":\"ListItem\",\"position\":1,\"name\":\"Home\",\"item\":\"https:\/\/www.radiomanchester.com.br\/fm\/\"},{\"@type\":\"ListItem\",\"position\":2,\"name\":\"Suspeito de matar crian\u00e7as irm\u00e3s \u00e9 localizado e morto pela pol\u00edcia\"}]},{\"@type\":\"Person\",\"@id\":\"https:\/\/www.radiomanchester.com.br\/fm\/#\/schema\/person\/408a7b4d4e32cbebd90e2782852abca3\",\"name\":\"admin\",\"image\":{\"@type\":\"ImageObject\",\"@id\":\"https:\/\/www.radiomanchester.com.br\/fm\/#personlogo\",\"inLanguage\":\"pt-BR\",\"url\":\"https:\/\/secure.gravatar.com\/avatar\/115a974dba3376872eb3addeb276301c?s=96&d=mm&r=g\",\"contentUrl\":\"https:\/\/secure.gravatar.com\/avatar\/115a974dba3376872eb3addeb276301c?s=96&d=mm&r=g\",\"caption\":\"admin\"},\"url\":\"https:\/\/www.radiomanchester.com.br\/fm\/author\/admin\/\"}]}<\/script>\n<!-- \/ Yoast SEO plugin. -->","yoast_head_json":{"title":"Suspeito de matar crian\u00e7as irm\u00e3s \u00e9 localizado e morto pela pol\u00edcia - Manchester FM 93,3","robots":{"index":"index","follow":"follow","max-snippet":"max-snippet:-1","max-image-preview":"max-image-preview:large","max-video-preview":"max-video-preview:-1"},"canonical":"https:\/\/www.radiomanchester.com.br\/fm\/suspeito-de-matar-criancas-irmas-e-localizado-e-morto-pela-policia\/","og_locale":"pt_BR","og_type":"article","og_title":"Suspeito de matar crian\u00e7as irm\u00e3s \u00e9 localizado e morto pela pol\u00edcia - Manchester FM 93,3","og_description":"Reginaldo Jos\u00e9 Barbosa, 37 anos, estava foragido e era suspeito de ter assassinado uma menina de 5 anos e um menino de 7 anos em Bon\u00f3polis Procurado por duplo homic\u00eddio e estupro, o trabalhador rural Reginaldo Jos\u00e9 Barbosa foi morto pela pol\u00edcia neste domingo (10\/7) na zona rural de Bon\u00f3polis, na regi\u00e3o norte de\u00a0Goi\u00e1s. O [&hellip;]","og_url":"https:\/\/www.radiomanchester.com.br\/fm\/suspeito-de-matar-criancas-irmas-e-localizado-e-morto-pela-policia\/","og_site_name":"Manchester FM 93,3","article_published_time":"2022-07-10T18:17:58+00:00","article_modified_time":"2022-07-10T18:18:03+00:00","og_image":[{"url":"https:\/\/www.radiomanchester.com.br\/fm\/wp-content\/uploads\/2022\/07\/392D2A79-7EB1-4456-8316-74DE31F55631-300x200.webp"}],"twitter_card":"summary_large_image","twitter_misc":{"Escrito por":"admin","Est. tempo de leitura":"2 minutos"},"schema":{"@context":"https:\/\/schema.org","@graph":[{"@type":"WebSite","@id":"https:\/\/www.radiomanchester.com.br\/fm\/#website","url":"https:\/\/www.radiomanchester.com.br\/fm\/","name":"Manchester FM 93,3","description":"Todo Mundo Ouve!","potentialAction":[{"@type":"SearchAction","target":{"@type":"EntryPoint","urlTemplate":"https:\/\/www.radiomanchester.com.br\/fm\/?s={search_term_string}"},"query-input":"required name=search_term_string"}],"inLanguage":"pt-BR"},{"@type":"ImageObject","@id":"https:\/\/www.radiomanchester.com.br\/fm\/suspeito-de-matar-criancas-irmas-e-localizado-e-morto-pela-policia\/#primaryimage","inLanguage":"pt-BR","url":"https:\/\/www.radiomanchester.com.br\/fm\/wp-content\/uploads\/2022\/07\/392D2A79-7EB1-4456-8316-74DE31F55631-300x200.webp","contentUrl":"https:\/\/www.radiomanchester.com.br\/fm\/wp-content\/uploads\/2022\/07\/392D2A79-7EB1-4456-8316-74DE31F55631-300x200.webp"},{"@type":"WebPage","@id":"https:\/\/www.radiomanchester.com.br\/fm\/suspeito-de-matar-criancas-irmas-e-localizado-e-morto-pela-policia\/#webpage","url":"https:\/\/www.radiomanchester.com.br\/fm\/suspeito-de-matar-criancas-irmas-e-localizado-e-morto-pela-policia\/","name":"Suspeito de matar crian\u00e7as irm\u00e3s \u00e9 localizado e morto pela pol\u00edcia - Manchester FM 93,3","isPartOf":{"@id":"https:\/\/www.radiomanchester.com.br\/fm\/#website"},"primaryImageOfPage":{"@id":"https:\/\/www.radiomanchester.com.br\/fm\/suspeito-de-matar-criancas-irmas-e-localizado-e-morto-pela-policia\/#primaryimage"},"datePublished":"2022-07-10T18:17:58+00:00","dateModified":"2022-07-10T18:18:03+00:00","author":{"@id":"https:\/\/www.radiomanchester.com.br\/fm\/#\/schema\/person\/408a7b4d4e32cbebd90e2782852abca3"},"breadcrumb":{"@id":"https:\/\/www.radiomanchester.com.br\/fm\/suspeito-de-matar-criancas-irmas-e-localizado-e-morto-pela-policia\/#breadcrumb"},"inLanguage":"pt-BR","potentialAction":[{"@type":"ReadAction","target":["https:\/\/www.radiomanchester.com.br\/fm\/suspeito-de-matar-criancas-irmas-e-localizado-e-morto-pela-policia\/"]}]},{"@type":"BreadcrumbList","@id":"https:\/\/www.radiomanchester.com.br\/fm\/suspeito-de-matar-criancas-irmas-e-localizado-e-morto-pela-policia\/#breadcrumb","itemListElement":[{"@type":"ListItem","position":1,"name":"Home","item":"https:\/\/www.radiomanchester.com.br\/fm\/"},{"@type":"ListItem","position":2,"name":"Suspeito de matar crian\u00e7as irm\u00e3s \u00e9 localizado e morto pela pol\u00edcia"}]},{"@type":"Person","@id":"https:\/\/www.radiomanchester.com.br\/fm\/#\/schema\/person\/408a7b4d4e32cbebd90e2782852abca3","name":"admin","image":{"@type":"ImageObject","@id":"https:\/\/www.radiomanchester.com.br\/fm\/#personlogo","inLanguage":"pt-BR","url":"https:\/\/secure.gravatar.com\/avatar\/115a974dba3376872eb3addeb276301c?s=96&d=mm&r=g","contentUrl":"https:\/\/secure.gravatar.com\/avatar\/115a974dba3376872eb3addeb276301c?s=96&d=mm&r=g","caption":"admin"},"url":"https:\/\/www.radiomanchester.com.br\/fm\/author\/admin\/"}]}},"_links":{"self":[{"href":"https:\/\/www.radiomanchester.com.br\/fm\/wp-json\/wp\/v2\/posts\/8508"}],"collection":[{"href":"https:\/\/www.radiomanchester.com.br\/fm\/wp-json\/wp\/v2\/posts"}],"about":[{"href":"https:\/\/www.radiomanchester.com.br\/fm\/wp-json\/wp\/v2\/types\/post"}],"author":[{"embeddable":true,"href":"https:\/\/www.radiomanchester.com.br\/fm\/wp-json\/wp\/v2\/users\/1"}],"replies":[{"embeddable":true,"href":"https:\/\/www.radiomanchester.com.br\/fm\/wp-json\/wp\/v2\/comments?post=8508"}],"version-history":[{"count":1,"href":"https:\/\/www.radiomanchester.com.br\/fm\/wp-json\/wp\/v2\/posts\/8508\/revisions"}],"predecessor-version":[{"id":8511,"href":"https:\/\/www.radiomanchester.com.br\/fm\/wp-json\/wp\/v2\/posts\/8508\/revisions\/8511"}],"wp:attachment":[{"href":"https:\/\/www.radiomanchester.com.br\/fm\/wp-json\/wp\/v2\/media?parent=8508"}],"wp:term":[{"taxonomy":"category","embeddable":true,"href":"https:\/\/www.radiomanchester.com.br\/fm\/wp-json\/wp\/v2\/categories?post=8508"},{"taxonomy":"post_tag","embeddable":true,"href":"https:\/\/www.radiomanchester.com.br\/fm\/wp-json\/wp\/v2\/tags?post=8508"}],"curies":[{"name":"wp","href":"https:\/\/api.w.org\/{rel}","templated":true}]}}