{"id":8519,"date":"2022-07-11T17:30:00","date_gmt":"2022-07-11T20:30:00","guid":{"rendered":"https:\/\/www.radiomanchester.com.br\/fm\/?p=8519"},"modified":"2022-07-11T15:49:22","modified_gmt":"2022-07-11T18:49:22","slug":"brasil-tem-mais-de-200-casos-confirmados-de-variola-dos-macacos","status":"publish","type":"post","link":"https:\/\/www.radiomanchester.com.br\/fm\/brasil-tem-mais-de-200-casos-confirmados-de-variola-dos-macacos\/","title":{"rendered":"Brasil tem mais de 200 casos confirmados de var\u00edola dos macacos"},"content":{"rendered":"\n<p><strong><em>S\u00e3o Paulo tem 158 casos e Rio de Janeiro, 34<\/em><\/strong><\/p>\n\n\n\n<p>O Brasil j\u00e1 tem 219 casos confirmados de var\u00edola dos macacos. O total de casos foi contabilizado pela Ag\u00eancia Brasil, com base em informa\u00e7\u00f5es divulgadas pelo Minist\u00e9rio da Sa\u00fade e pela Secretaria Estadual de Sa\u00fade do Rio de Janeiro.<\/p>\n\n\n\n<p>O Minist\u00e9rio da Sa\u00fade registra 218 casos confirmados da doen\u00e7a, enquanto a Secretaria de Sa\u00fade do Rio de Janeiro informa que registrou mais um caso de var\u00edola dos macacos no estado.<\/p>\n\n\n\n<p>Segundo o minist\u00e9rio, S\u00e3o Paulo tem o maior n\u00famero de casos: 158. Em seguida, aparece o Rio de Janeiro que, de acordo com a Secretaria de Sa\u00fade do estado, soma 34 confirma\u00e7\u00f5es da doen\u00e7a.<\/p>\n\n\n\n<p>A pasta informa que os outros casos foram registrados nos estados de Minas Gerais (14), Paran\u00e1 (tr\u00eas), Rio Grande do Sul (tr\u00eas), Cear\u00e1 (dois), Rio Grande do Norte (dois), Goi\u00e1s (dois) e Distrito Federal (um).<\/p>\n\n\n\n<figure class=\"wp-block-image size-medium\"><img loading=\"lazy\" width=\"300\" height=\"225\" src=\"https:\/\/www.radiomanchester.com.br\/fm\/wp-content\/uploads\/2022\/07\/variola-300x225.jpg\" alt=\"\" class=\"wp-image-8520\" srcset=\"https:\/\/www.radiomanchester.com.br\/fm\/wp-content\/uploads\/2022\/07\/variola-300x225.jpg 300w, https:\/\/www.radiomanchester.com.br\/fm\/wp-content\/uploads\/2022\/07\/variola-1024x768.jpg 1024w, https:\/\/www.radiomanchester.com.br\/fm\/wp-content\/uploads\/2022\/07\/variola-768x576.jpg 768w, https:\/\/www.radiomanchester.com.br\/fm\/wp-content\/uploads\/2022\/07\/variola-1536x1152.jpg 1536w, https:\/\/www.radiomanchester.com.br\/fm\/wp-content\/uploads\/2022\/07\/variola.jpg 1882w\" sizes=\"(max-width: 300px) 100vw, 300px\" \/><\/figure>\n\n\n\n<p>por Ag\u00eancia Brasil &#8211; foto: divuga\u00e7\u00e3o<\/p>\n","protected":false},"excerpt":{"rendered":"<p class=\"excerpt\">S\u00e3o Paulo tem 158 casos e Rio de Janeiro, 34 O Brasil j\u00e1 tem 219 casos confirmados de var\u00edola dos macacos. O total de casos foi contabilizado pela Ag\u00eancia Brasil, com base em informa\u00e7\u00f5es divulgadas pelo Minist\u00e9rio da Sa\u00fade e pela Secretaria Estadual de Sa\u00fade do Rio de Janeiro. O Minist\u00e9rio da Sa\u00fade registra 218 [&hellip;]<\/p>\n","protected":false},"author":1,"featured_media":0,"comment_status":"open","ping_status":"open","sticky":false,"template":"","format":"standard","meta":[],"categories":[8,17],"tags":[22,24,113,83,92],"yoast_head":"<!-- This site is optimized with the Yoast SEO plugin v18.3 - https:\/\/yoast.com\/wordpress\/plugins\/seo\/ -->\n<title>Brasil tem mais de 200 casos confirmados de var\u00edola dos macacos - Manchester FM 93,3<\/title>\n<meta name=\"robots\" content=\"index, follow, max-snippet:-1, max-image-preview:large, max-video-preview:-1\" \/>\n<link rel=\"canonical\" href=\"https:\/\/www.radiomanchester.com.br\/fm\/brasil-tem-mais-de-200-casos-confirmados-de-variola-dos-macacos\/\" \/>\n<meta property=\"og:locale\" content=\"pt_BR\" \/>\n<meta property=\"og:type\" content=\"article\" \/>\n<meta property=\"og:title\" content=\"Brasil tem mais de 200 casos confirmados de var\u00edola dos macacos - Manchester FM 93,3\" \/>\n<meta property=\"og:description\" content=\"S\u00e3o Paulo tem 158 casos e Rio de Janeiro, 34 O Brasil j\u00e1 tem 219 casos confirmados de var\u00edola dos macacos. O total de casos foi contabilizado pela Ag\u00eancia Brasil, com base em informa\u00e7\u00f5es divulgadas pelo Minist\u00e9rio da Sa\u00fade e pela Secretaria Estadual de Sa\u00fade do Rio de Janeiro. O Minist\u00e9rio da Sa\u00fade registra 218 [&hellip;]\" \/>\n<meta property=\"og:url\" content=\"https:\/\/www.radiomanchester.com.br\/fm\/brasil-tem-mais-de-200-casos-confirmados-de-variola-dos-macacos\/\" \/>\n<meta property=\"og:site_name\" content=\"Manchester FM 93,3\" \/>\n<meta property=\"article:published_time\" content=\"2022-07-11T20:30:00+00:00\" \/>\n<meta property=\"article:modified_time\" content=\"2022-07-11T18:49:22+00:00\" \/>\n<meta property=\"og:image\" content=\"https:\/\/www.radiomanchester.com.br\/fm\/wp-content\/uploads\/2022\/07\/variola-300x225.jpg\" \/>\n<meta name=\"twitter:card\" content=\"summary_large_image\" \/>\n<meta name=\"twitter:label1\" content=\"Escrito por\" \/>\n\t<meta name=\"twitter:data1\" content=\"admin\" \/>\n\t<meta name=\"twitter:label2\" content=\"Est. tempo de leitura\" \/>\n\t<meta name=\"twitter:data2\" content=\"2 minutos\" \/>\n<script type=\"application\/ld+json\" class=\"yoast-schema-graph\">{\"@context\":\"https:\/\/schema.org\",\"@graph\":[{\"@type\":\"WebSite\",\"@id\":\"https:\/\/www.radiomanchester.com.br\/fm\/#website\",\"url\":\"https:\/\/www.radiomanchester.com.br\/fm\/\",\"name\":\"Manchester FM 93,3\",\"description\":\"Todo Mundo Ouve!\",\"potentialAction\":[{\"@type\":\"SearchAction\",\"target\":{\"@type\":\"EntryPoint\",\"urlTemplate\":\"https:\/\/www.radiomanchester.com.br\/fm\/?s={search_term_string}\"},\"query-input\":\"required name=search_term_string\"}],\"inLanguage\":\"pt-BR\"},{\"@type\":\"ImageObject\",\"@id\":\"https:\/\/www.radiomanchester.com.br\/fm\/brasil-tem-mais-de-200-casos-confirmados-de-variola-dos-macacos\/#primaryimage\",\"inLanguage\":\"pt-BR\",\"url\":\"https:\/\/www.radiomanchester.com.br\/fm\/wp-content\/uploads\/2022\/07\/variola-300x225.jpg\",\"contentUrl\":\"https:\/\/www.radiomanchester.com.br\/fm\/wp-content\/uploads\/2022\/07\/variola-300x225.jpg\"},{\"@type\":\"WebPage\",\"@id\":\"https:\/\/www.radiomanchester.com.br\/fm\/brasil-tem-mais-de-200-casos-confirmados-de-variola-dos-macacos\/#webpage\",\"url\":\"https:\/\/www.radiomanchester.com.br\/fm\/brasil-tem-mais-de-200-casos-confirmados-de-variola-dos-macacos\/\",\"name\":\"Brasil tem mais de 200 casos confirmados de var\u00edola dos macacos - Manchester FM 93,3\",\"isPartOf\":{\"@id\":\"https:\/\/www.radiomanchester.com.br\/fm\/#website\"},\"primaryImageOfPage\":{\"@id\":\"https:\/\/www.radiomanchester.com.br\/fm\/brasil-tem-mais-de-200-casos-confirmados-de-variola-dos-macacos\/#primaryimage\"},\"datePublished\":\"2022-07-11T20:30:00+00:00\",\"dateModified\":\"2022-07-11T18:49:22+00:00\",\"author\":{\"@id\":\"https:\/\/www.radiomanchester.com.br\/fm\/#\/schema\/person\/408a7b4d4e32cbebd90e2782852abca3\"},\"breadcrumb\":{\"@id\":\"https:\/\/www.radiomanchester.com.br\/fm\/brasil-tem-mais-de-200-casos-confirmados-de-variola-dos-macacos\/#breadcrumb\"},\"inLanguage\":\"pt-BR\",\"potentialAction\":[{\"@type\":\"ReadAction\",\"target\":[\"https:\/\/www.radiomanchester.com.br\/fm\/brasil-tem-mais-de-200-casos-confirmados-de-variola-dos-macacos\/\"]}]},{\"@type\":\"BreadcrumbList\",\"@id\":\"https:\/\/www.radiomanchester.com.br\/fm\/brasil-tem-mais-de-200-casos-confirmados-de-variola-dos-macacos\/#breadcrumb\",\"itemListElement\":[{\"@type\":\"ListItem\",\"position\":1,\"name\":\"Home\",\"item\":\"https:\/\/www.radiomanchester.com.br\/fm\/\"},{\"@type\":\"ListItem\",\"position\":2,\"name\":\"Brasil tem mais de 200 casos confirmados de var\u00edola dos macacos\"}]},{\"@type\":\"Person\",\"@id\":\"https:\/\/www.radiomanchester.com.br\/fm\/#\/schema\/person\/408a7b4d4e32cbebd90e2782852abca3\",\"name\":\"admin\",\"image\":{\"@type\":\"ImageObject\",\"@id\":\"https:\/\/www.radiomanchester.com.br\/fm\/#personlogo\",\"inLanguage\":\"pt-BR\",\"url\":\"https:\/\/secure.gravatar.com\/avatar\/115a974dba3376872eb3addeb276301c?s=96&d=mm&r=g\",\"contentUrl\":\"https:\/\/secure.gravatar.com\/avatar\/115a974dba3376872eb3addeb276301c?s=96&d=mm&r=g\",\"caption\":\"admin\"},\"url\":\"https:\/\/www.radiomanchester.com.br\/fm\/author\/admin\/\"}]}<\/script>\n<!-- \/ Yoast SEO plugin. -->","yoast_head_json":{"title":"Brasil tem mais de 200 casos confirmados de var\u00edola dos macacos - Manchester FM 93,3","robots":{"index":"index","follow":"follow","max-snippet":"max-snippet:-1","max-image-preview":"max-image-preview:large","max-video-preview":"max-video-preview:-1"},"canonical":"https:\/\/www.radiomanchester.com.br\/fm\/brasil-tem-mais-de-200-casos-confirmados-de-variola-dos-macacos\/","og_locale":"pt_BR","og_type":"article","og_title":"Brasil tem mais de 200 casos confirmados de var\u00edola dos macacos - Manchester FM 93,3","og_description":"S\u00e3o Paulo tem 158 casos e Rio de Janeiro, 34 O Brasil j\u00e1 tem 219 casos confirmados de var\u00edola dos macacos. O total de casos foi contabilizado pela Ag\u00eancia Brasil, com base em informa\u00e7\u00f5es divulgadas pelo Minist\u00e9rio da Sa\u00fade e pela Secretaria Estadual de Sa\u00fade do Rio de Janeiro. O Minist\u00e9rio da Sa\u00fade registra 218 [&hellip;]","og_url":"https:\/\/www.radiomanchester.com.br\/fm\/brasil-tem-mais-de-200-casos-confirmados-de-variola-dos-macacos\/","og_site_name":"Manchester FM 93,3","article_published_time":"2022-07-11T20:30:00+00:00","article_modified_time":"2022-07-11T18:49:22+00:00","og_image":[{"url":"https:\/\/www.radiomanchester.com.br\/fm\/wp-content\/uploads\/2022\/07\/variola-300x225.jpg"}],"twitter_card":"summary_large_image","twitter_misc":{"Escrito por":"admin","Est. tempo de leitura":"2 minutos"},"schema":{"@context":"https:\/\/schema.org","@graph":[{"@type":"WebSite","@id":"https:\/\/www.radiomanchester.com.br\/fm\/#website","url":"https:\/\/www.radiomanchester.com.br\/fm\/","name":"Manchester FM 93,3","description":"Todo Mundo Ouve!","potentialAction":[{"@type":"SearchAction","target":{"@type":"EntryPoint","urlTemplate":"https:\/\/www.radiomanchester.com.br\/fm\/?s={search_term_string}"},"query-input":"required name=search_term_string"}],"inLanguage":"pt-BR"},{"@type":"ImageObject","@id":"https:\/\/www.radiomanchester.com.br\/fm\/brasil-tem-mais-de-200-casos-confirmados-de-variola-dos-macacos\/#primaryimage","inLanguage":"pt-BR","url":"https:\/\/www.radiomanchester.com.br\/fm\/wp-content\/uploads\/2022\/07\/variola-300x225.jpg","contentUrl":"https:\/\/www.radiomanchester.com.br\/fm\/wp-content\/uploads\/2022\/07\/variola-300x225.jpg"},{"@type":"WebPage","@id":"https:\/\/www.radiomanchester.com.br\/fm\/brasil-tem-mais-de-200-casos-confirmados-de-variola-dos-macacos\/#webpage","url":"https:\/\/www.radiomanchester.com.br\/fm\/brasil-tem-mais-de-200-casos-confirmados-de-variola-dos-macacos\/","name":"Brasil tem mais de 200 casos confirmados de var\u00edola dos macacos - Manchester FM 93,3","isPartOf":{"@id":"https:\/\/www.radiomanchester.com.br\/fm\/#website"},"primaryImageOfPage":{"@id":"https:\/\/www.radiomanchester.com.br\/fm\/brasil-tem-mais-de-200-casos-confirmados-de-variola-dos-macacos\/#primaryimage"},"datePublished":"2022-07-11T20:30:00+00:00","dateModified":"2022-07-11T18:49:22+00:00","author":{"@id":"https:\/\/www.radiomanchester.com.br\/fm\/#\/schema\/person\/408a7b4d4e32cbebd90e2782852abca3"},"breadcrumb":{"@id":"https:\/\/www.radiomanchester.com.br\/fm\/brasil-tem-mais-de-200-casos-confirmados-de-variola-dos-macacos\/#breadcrumb"},"inLanguage":"pt-BR","potentialAction":[{"@type":"ReadAction","target":["https:\/\/www.radiomanchester.com.br\/fm\/brasil-tem-mais-de-200-casos-confirmados-de-variola-dos-macacos\/"]}]},{"@type":"BreadcrumbList","@id":"https:\/\/www.radiomanchester.com.br\/fm\/brasil-tem-mais-de-200-casos-confirmados-de-variola-dos-macacos\/#breadcrumb","itemListElement":[{"@type":"ListItem","position":1,"name":"Home","item":"https:\/\/www.radiomanchester.com.br\/fm\/"},{"@type":"ListItem","position":2,"name":"Brasil tem mais de 200 casos confirmados de var\u00edola dos macacos"}]},{"@type":"Person","@id":"https:\/\/www.radiomanchester.com.br\/fm\/#\/schema\/person\/408a7b4d4e32cbebd90e2782852abca3","name":"admin","image":{"@type":"ImageObject","@id":"https:\/\/www.radiomanchester.com.br\/fm\/#personlogo","inLanguage":"pt-BR","url":"https:\/\/secure.gravatar.com\/avatar\/115a974dba3376872eb3addeb276301c?s=96&d=mm&r=g","contentUrl":"https:\/\/secure.gravatar.com\/avatar\/115a974dba3376872eb3addeb276301c?s=96&d=mm&r=g","caption":"admin"},"url":"https:\/\/www.radiomanchester.com.br\/fm\/author\/admin\/"}]}},"_links":{"self":[{"href":"https:\/\/www.radiomanchester.com.br\/fm\/wp-json\/wp\/v2\/posts\/8519"}],"collection":[{"href":"https:\/\/www.radiomanchester.com.br\/fm\/wp-json\/wp\/v2\/posts"}],"about":[{"href":"https:\/\/www.radiomanchester.com.br\/fm\/wp-json\/wp\/v2\/types\/post"}],"author":[{"embeddable":true,"href":"https:\/\/www.radiomanchester.com.br\/fm\/wp-json\/wp\/v2\/users\/1"}],"replies":[{"embeddable":true,"href":"https:\/\/www.radiomanchester.com.br\/fm\/wp-json\/wp\/v2\/comments?post=8519"}],"version-history":[{"count":1,"href":"https:\/\/www.radiomanchester.com.br\/fm\/wp-json\/wp\/v2\/posts\/8519\/revisions"}],"predecessor-version":[{"id":8521,"href":"https:\/\/www.radiomanchester.com.br\/fm\/wp-json\/wp\/v2\/posts\/8519\/revisions\/8521"}],"wp:attachment":[{"href":"https:\/\/www.radiomanchester.com.br\/fm\/wp-json\/wp\/v2\/media?parent=8519"}],"wp:term":[{"taxonomy":"category","embeddable":true,"href":"https:\/\/www.radiomanchester.com.br\/fm\/wp-json\/wp\/v2\/categories?post=8519"},{"taxonomy":"post_tag","embeddable":true,"href":"https:\/\/www.radiomanchester.com.br\/fm\/wp-json\/wp\/v2\/tags?post=8519"}],"curies":[{"name":"wp","href":"https:\/\/api.w.org\/{rel}","templated":true}]}}