{"id":8541,"date":"2022-07-13T17:33:56","date_gmt":"2022-07-13T20:33:56","guid":{"rendered":"https:\/\/www.radiomanchester.com.br\/fm\/?p=8541"},"modified":"2022-07-13T17:34:00","modified_gmt":"2022-07-13T20:34:00","slug":"e-um-criminoso-em-serie-diz-delegada-sobre-anestesista-preso-por-estupro","status":"publish","type":"post","link":"https:\/\/www.radiomanchester.com.br\/fm\/e-um-criminoso-em-serie-diz-delegada-sobre-anestesista-preso-por-estupro\/","title":{"rendered":"&#8216;\u00c9 um criminoso em s\u00e9rie&#8217;, diz delegada sobre anestesista preso por estupro"},"content":{"rendered":"\n<p><\/p>\n\n\n\n<p>\u00c0 frente das investiga\u00e7\u00f5es do caso do anestesista Giovanni Quintella Bezerra, preso em flagrante na madrugada desta segunda-feira, (11\/07) pelo crime de estupro de vulner\u00e1vel, a delegada Barbara Lomba afirma que o m\u00e9dico pode ser considerado um criminoso em s\u00e9rie.<\/p>\n\n\n\n<p>A pol\u00edcia apura se o suspeito cometeu ao menos outros cinco estupros ?sendo dois no mesmo dia do abuso que foi filmado por enfermeiros.<\/p>\n\n\n\n<p>&#8220;Pela repeti\u00e7\u00e3o das a\u00e7\u00f5es criminosas podemos dizer, por que n\u00e3o, que ele \u00e9 um criminoso em s\u00e9rie&#8221;, disse ela a jornalistas nesta quarta-feira (13) na Delegacia de Atendimento \u00e0 Mulher de S\u00e3o Jo\u00e3o de Meriti, munic\u00edpio da Baixada Fluminense onde ocorreram os fatos investigados.<\/p>\n\n\n\n<p>A equipe de enfermagem do Hospital da Mulher Heloneida Studart vinha desconfiando havia cerca de um m\u00eas do comportamento do m\u00e9dico. No domingo (10), gravaram Bezerra colocando o p\u00eanis na boca de uma paciente desacordada, durante uma ces\u00e1rea.<\/p>\n\n\n\n<p>Segundo a delegada, a investiga\u00e7\u00e3o do estupro que foi filmado est\u00e1 quase finalizada. Falta ouvir a v\u00edtima e receber a conclus\u00e3o da per\u00edcia sobre o material que foi apreendido, como a gaze que ele teria utilizado para limpar o pr\u00f3prio p\u00eanis ap\u00f3s o crime e os frascos de medicamento usados para seda\u00e7\u00e3o. Os itens foram encaminhados nesta quarta para serem periciados.<\/p>\n\n\n\n<p>Lomba diz que &#8220;muito provavelmente&#8221; Bezerra aplicava seda\u00e7\u00e3o em excesso nas pacientes para estupr\u00e1-las. &#8220;A seda\u00e7\u00e3o pareceu desnecess\u00e1ria, ao final do procedimento. A v\u00edtima n\u00e3o estava nervosa, agitada. Tudo indica que era feita para a pr\u00e1tica do estupro&#8221;, afirma.<\/p>\n\n\n\n<p>Se a pol\u00edcia comprovar que houve reiteradamente seda\u00e7\u00f5es desnecess\u00e1rias ou em doses excessivas que possam ter causado preju\u00edzo \u00e0s v\u00edtimas, o suspeito pode ser responsabilizado por outros crimes. &#8220;A\u00ed vamos avaliar qual seria o tipo penal&#8221;, disse a delegada na ter\u00e7a-feira.<\/p>\n\n\n\n<p>Em rela\u00e7\u00e3o aos outros poss\u00edveis estupros, inclusive dois que teriam ocorrido no pr\u00f3prio domingo, as investiga\u00e7\u00f5es continuam. Ser\u00e1 preciso coletar novas provas e os depoimentos das supostas v\u00edtimas.<\/p>\n\n\n\n<p>O Hospital da M\u00e3e, em Mesquita, munic\u00edpio da Baixada, onde um dos crimes pode ter acontecido, prometeu enviar at\u00e9 quinta-feira (14) a lista de pacientes acompanhadas pelo suspeito.<\/p>\n\n\n\n<p>O Hospital da Mulher, onde foi filmado o estupro, enviou o prontu\u00e1rio da v\u00edtima e os dados das duas pacientes que passaram por ces\u00e1reas no mesmo dia com a presen\u00e7a do anestesista. Falta ainda, por\u00e9m, a rela\u00e7\u00e3o de todas as pacientes que ele atendeu.<\/p>\n\n\n\n<p>Segundo os depoimentos de t\u00e9cnicos e enfermeiros \u00e0 pol\u00edcia, Bezerra utilizava tr\u00eas estrat\u00e9gias para abusar das v\u00edtimas ?aplicava seda\u00e7\u00e3o excessiva nas pacientes durante o parto, pedia que os maridos se retirassem da sala antes que a cirurgia fosse finalizada e levantava uma esp\u00e9cie de cortina para dificultar que outros profissionais presentes no local vissem a cabe\u00e7a da paciente.<\/p>\n\n\n\n<p>Nesta ter\u00e7a, a Justi\u00e7a do Rio de Janeiro converteu a pris\u00e3o em flagrante em preventiva, com prazo de 90 dias prorrog\u00e1veis, e decidiu que ele seria levado para a Cadeia P\u00fablica Pedrolino Werling de Oliveira, conhecida como Bangu 8, que abriga detentos com n\u00edvel superior.<\/p>\n\n\n\n<p>Ele estava acompanhado de um advogado na audi\u00eancia de cust\u00f3dia, mas sua defesa ainda n\u00e3o se apresentou publicamente. O m\u00e9dico ficou em sil\u00eancio em depoimento \u00e0 Pol\u00edcia Civil.<\/p>\n\n\n\n<p>No processo eletr\u00f4nico do Tribunal de Justi\u00e7a do RJ, Pedro Yunes Marones de Gusm\u00e3o aparece como seu advogado. A reportagem tentou contato em seu escrit\u00f3rio, mas n\u00e3o obteve retorno.<\/p>\n\n\n\n<p>O advogado Hugo Novais chegou a assumir o caso, por\u00e9m desistiu no fim da tarde desta segunda. Antes, ele havia dito que s\u00f3 se manifestaria sobre a acusa\u00e7\u00e3o ap\u00f3s ter acesso aos depoimentos e provas apresentados na audi\u00eancia de cust\u00f3dia.<\/p>\n\n\n\n<figure class=\"wp-block-image size-medium\"><img loading=\"lazy\" width=\"300\" height=\"206\" src=\"https:\/\/www.radiomanchester.com.br\/fm\/wp-content\/uploads\/2022\/07\/th-300x206.jpg\" alt=\"\" class=\"wp-image-8542\" srcset=\"https:\/\/www.radiomanchester.com.br\/fm\/wp-content\/uploads\/2022\/07\/th-300x206.jpg 300w, https:\/\/www.radiomanchester.com.br\/fm\/wp-content\/uploads\/2022\/07\/th.jpg 474w\" sizes=\"(max-width: 300px) 100vw, 300px\" \/><\/figure>\n\n\n\n<p>por MSNFolhaPress &#8211; foto: reprodu\u00e7\u00e3o<\/p>\n","protected":false},"excerpt":{"rendered":"<p class=\"excerpt\">\u00c0 frente das investiga\u00e7\u00f5es do caso do anestesista Giovanni Quintella Bezerra, preso em flagrante na madrugada desta segunda-feira, (11\/07) pelo crime de estupro de vulner\u00e1vel, a delegada Barbara Lomba afirma que o m\u00e9dico pode ser considerado um criminoso em s\u00e9rie. A pol\u00edcia apura se o suspeito cometeu ao menos outros cinco estupros ?sendo dois no [&hellip;]<\/p>\n","protected":false},"author":1,"featured_media":0,"comment_status":"open","ping_status":"open","sticky":false,"template":"","format":"standard","meta":[],"categories":[8,17],"tags":[22,24,113,83,92],"yoast_head":"<!-- This site is optimized with the Yoast SEO plugin v18.3 - https:\/\/yoast.com\/wordpress\/plugins\/seo\/ -->\n<title>&#039;\u00c9 um criminoso em s\u00e9rie&#039;, diz delegada sobre anestesista preso por estupro - Manchester FM 93,3<\/title>\n<meta name=\"robots\" content=\"index, follow, max-snippet:-1, max-image-preview:large, max-video-preview:-1\" \/>\n<link rel=\"canonical\" href=\"https:\/\/www.radiomanchester.com.br\/fm\/e-um-criminoso-em-serie-diz-delegada-sobre-anestesista-preso-por-estupro\/\" \/>\n<meta property=\"og:locale\" content=\"pt_BR\" \/>\n<meta property=\"og:type\" content=\"article\" \/>\n<meta property=\"og:title\" content=\"&#039;\u00c9 um criminoso em s\u00e9rie&#039;, diz delegada sobre anestesista preso por estupro - Manchester FM 93,3\" \/>\n<meta property=\"og:description\" content=\"\u00c0 frente das investiga\u00e7\u00f5es do caso do anestesista Giovanni Quintella Bezerra, preso em flagrante na madrugada desta segunda-feira, (11\/07) pelo crime de estupro de vulner\u00e1vel, a delegada Barbara Lomba afirma que o m\u00e9dico pode ser considerado um criminoso em s\u00e9rie. A pol\u00edcia apura se o suspeito cometeu ao menos outros cinco estupros ?sendo dois no [&hellip;]\" \/>\n<meta property=\"og:url\" content=\"https:\/\/www.radiomanchester.com.br\/fm\/e-um-criminoso-em-serie-diz-delegada-sobre-anestesista-preso-por-estupro\/\" \/>\n<meta property=\"og:site_name\" content=\"Manchester FM 93,3\" \/>\n<meta property=\"article:published_time\" content=\"2022-07-13T20:33:56+00:00\" \/>\n<meta property=\"article:modified_time\" content=\"2022-07-13T20:34:00+00:00\" \/>\n<meta property=\"og:image\" content=\"https:\/\/www.radiomanchester.com.br\/fm\/wp-content\/uploads\/2022\/07\/th-300x206.jpg\" \/>\n<meta name=\"twitter:card\" content=\"summary_large_image\" \/>\n<meta name=\"twitter:label1\" content=\"Escrito por\" \/>\n\t<meta name=\"twitter:data1\" content=\"admin\" \/>\n\t<meta name=\"twitter:label2\" content=\"Est. tempo de leitura\" \/>\n\t<meta name=\"twitter:data2\" content=\"4 minutos\" \/>\n<script type=\"application\/ld+json\" class=\"yoast-schema-graph\">{\"@context\":\"https:\/\/schema.org\",\"@graph\":[{\"@type\":\"WebSite\",\"@id\":\"https:\/\/www.radiomanchester.com.br\/fm\/#website\",\"url\":\"https:\/\/www.radiomanchester.com.br\/fm\/\",\"name\":\"Manchester FM 93,3\",\"description\":\"Todo Mundo Ouve!\",\"potentialAction\":[{\"@type\":\"SearchAction\",\"target\":{\"@type\":\"EntryPoint\",\"urlTemplate\":\"https:\/\/www.radiomanchester.com.br\/fm\/?s={search_term_string}\"},\"query-input\":\"required name=search_term_string\"}],\"inLanguage\":\"pt-BR\"},{\"@type\":\"ImageObject\",\"@id\":\"https:\/\/www.radiomanchester.com.br\/fm\/e-um-criminoso-em-serie-diz-delegada-sobre-anestesista-preso-por-estupro\/#primaryimage\",\"inLanguage\":\"pt-BR\",\"url\":\"https:\/\/www.radiomanchester.com.br\/fm\/wp-content\/uploads\/2022\/07\/th-300x206.jpg\",\"contentUrl\":\"https:\/\/www.radiomanchester.com.br\/fm\/wp-content\/uploads\/2022\/07\/th-300x206.jpg\"},{\"@type\":\"WebPage\",\"@id\":\"https:\/\/www.radiomanchester.com.br\/fm\/e-um-criminoso-em-serie-diz-delegada-sobre-anestesista-preso-por-estupro\/#webpage\",\"url\":\"https:\/\/www.radiomanchester.com.br\/fm\/e-um-criminoso-em-serie-diz-delegada-sobre-anestesista-preso-por-estupro\/\",\"name\":\"'\u00c9 um criminoso em s\u00e9rie', diz delegada sobre anestesista preso por estupro - Manchester FM 93,3\",\"isPartOf\":{\"@id\":\"https:\/\/www.radiomanchester.com.br\/fm\/#website\"},\"primaryImageOfPage\":{\"@id\":\"https:\/\/www.radiomanchester.com.br\/fm\/e-um-criminoso-em-serie-diz-delegada-sobre-anestesista-preso-por-estupro\/#primaryimage\"},\"datePublished\":\"2022-07-13T20:33:56+00:00\",\"dateModified\":\"2022-07-13T20:34:00+00:00\",\"author\":{\"@id\":\"https:\/\/www.radiomanchester.com.br\/fm\/#\/schema\/person\/408a7b4d4e32cbebd90e2782852abca3\"},\"breadcrumb\":{\"@id\":\"https:\/\/www.radiomanchester.com.br\/fm\/e-um-criminoso-em-serie-diz-delegada-sobre-anestesista-preso-por-estupro\/#breadcrumb\"},\"inLanguage\":\"pt-BR\",\"potentialAction\":[{\"@type\":\"ReadAction\",\"target\":[\"https:\/\/www.radiomanchester.com.br\/fm\/e-um-criminoso-em-serie-diz-delegada-sobre-anestesista-preso-por-estupro\/\"]}]},{\"@type\":\"BreadcrumbList\",\"@id\":\"https:\/\/www.radiomanchester.com.br\/fm\/e-um-criminoso-em-serie-diz-delegada-sobre-anestesista-preso-por-estupro\/#breadcrumb\",\"itemListElement\":[{\"@type\":\"ListItem\",\"position\":1,\"name\":\"Home\",\"item\":\"https:\/\/www.radiomanchester.com.br\/fm\/\"},{\"@type\":\"ListItem\",\"position\":2,\"name\":\"&#8216;\u00c9 um criminoso em s\u00e9rie&#8217;, diz delegada sobre anestesista preso por estupro\"}]},{\"@type\":\"Person\",\"@id\":\"https:\/\/www.radiomanchester.com.br\/fm\/#\/schema\/person\/408a7b4d4e32cbebd90e2782852abca3\",\"name\":\"admin\",\"image\":{\"@type\":\"ImageObject\",\"@id\":\"https:\/\/www.radiomanchester.com.br\/fm\/#personlogo\",\"inLanguage\":\"pt-BR\",\"url\":\"https:\/\/secure.gravatar.com\/avatar\/115a974dba3376872eb3addeb276301c?s=96&d=mm&r=g\",\"contentUrl\":\"https:\/\/secure.gravatar.com\/avatar\/115a974dba3376872eb3addeb276301c?s=96&d=mm&r=g\",\"caption\":\"admin\"},\"url\":\"https:\/\/www.radiomanchester.com.br\/fm\/author\/admin\/\"}]}<\/script>\n<!-- \/ Yoast SEO plugin. -->","yoast_head_json":{"title":"'\u00c9 um criminoso em s\u00e9rie', diz delegada sobre anestesista preso por estupro - Manchester FM 93,3","robots":{"index":"index","follow":"follow","max-snippet":"max-snippet:-1","max-image-preview":"max-image-preview:large","max-video-preview":"max-video-preview:-1"},"canonical":"https:\/\/www.radiomanchester.com.br\/fm\/e-um-criminoso-em-serie-diz-delegada-sobre-anestesista-preso-por-estupro\/","og_locale":"pt_BR","og_type":"article","og_title":"'\u00c9 um criminoso em s\u00e9rie', diz delegada sobre anestesista preso por estupro - Manchester FM 93,3","og_description":"\u00c0 frente das investiga\u00e7\u00f5es do caso do anestesista Giovanni Quintella Bezerra, preso em flagrante na madrugada desta segunda-feira, (11\/07) pelo crime de estupro de vulner\u00e1vel, a delegada Barbara Lomba afirma que o m\u00e9dico pode ser considerado um criminoso em s\u00e9rie. A pol\u00edcia apura se o suspeito cometeu ao menos outros cinco estupros ?sendo dois no [&hellip;]","og_url":"https:\/\/www.radiomanchester.com.br\/fm\/e-um-criminoso-em-serie-diz-delegada-sobre-anestesista-preso-por-estupro\/","og_site_name":"Manchester FM 93,3","article_published_time":"2022-07-13T20:33:56+00:00","article_modified_time":"2022-07-13T20:34:00+00:00","og_image":[{"url":"https:\/\/www.radiomanchester.com.br\/fm\/wp-content\/uploads\/2022\/07\/th-300x206.jpg"}],"twitter_card":"summary_large_image","twitter_misc":{"Escrito por":"admin","Est. tempo de leitura":"4 minutos"},"schema":{"@context":"https:\/\/schema.org","@graph":[{"@type":"WebSite","@id":"https:\/\/www.radiomanchester.com.br\/fm\/#website","url":"https:\/\/www.radiomanchester.com.br\/fm\/","name":"Manchester FM 93,3","description":"Todo Mundo Ouve!","potentialAction":[{"@type":"SearchAction","target":{"@type":"EntryPoint","urlTemplate":"https:\/\/www.radiomanchester.com.br\/fm\/?s={search_term_string}"},"query-input":"required name=search_term_string"}],"inLanguage":"pt-BR"},{"@type":"ImageObject","@id":"https:\/\/www.radiomanchester.com.br\/fm\/e-um-criminoso-em-serie-diz-delegada-sobre-anestesista-preso-por-estupro\/#primaryimage","inLanguage":"pt-BR","url":"https:\/\/www.radiomanchester.com.br\/fm\/wp-content\/uploads\/2022\/07\/th-300x206.jpg","contentUrl":"https:\/\/www.radiomanchester.com.br\/fm\/wp-content\/uploads\/2022\/07\/th-300x206.jpg"},{"@type":"WebPage","@id":"https:\/\/www.radiomanchester.com.br\/fm\/e-um-criminoso-em-serie-diz-delegada-sobre-anestesista-preso-por-estupro\/#webpage","url":"https:\/\/www.radiomanchester.com.br\/fm\/e-um-criminoso-em-serie-diz-delegada-sobre-anestesista-preso-por-estupro\/","name":"'\u00c9 um criminoso em s\u00e9rie', diz delegada sobre anestesista preso por estupro - Manchester FM 93,3","isPartOf":{"@id":"https:\/\/www.radiomanchester.com.br\/fm\/#website"},"primaryImageOfPage":{"@id":"https:\/\/www.radiomanchester.com.br\/fm\/e-um-criminoso-em-serie-diz-delegada-sobre-anestesista-preso-por-estupro\/#primaryimage"},"datePublished":"2022-07-13T20:33:56+00:00","dateModified":"2022-07-13T20:34:00+00:00","author":{"@id":"https:\/\/www.radiomanchester.com.br\/fm\/#\/schema\/person\/408a7b4d4e32cbebd90e2782852abca3"},"breadcrumb":{"@id":"https:\/\/www.radiomanchester.com.br\/fm\/e-um-criminoso-em-serie-diz-delegada-sobre-anestesista-preso-por-estupro\/#breadcrumb"},"inLanguage":"pt-BR","potentialAction":[{"@type":"ReadAction","target":["https:\/\/www.radiomanchester.com.br\/fm\/e-um-criminoso-em-serie-diz-delegada-sobre-anestesista-preso-por-estupro\/"]}]},{"@type":"BreadcrumbList","@id":"https:\/\/www.radiomanchester.com.br\/fm\/e-um-criminoso-em-serie-diz-delegada-sobre-anestesista-preso-por-estupro\/#breadcrumb","itemListElement":[{"@type":"ListItem","position":1,"name":"Home","item":"https:\/\/www.radiomanchester.com.br\/fm\/"},{"@type":"ListItem","position":2,"name":"&#8216;\u00c9 um criminoso em s\u00e9rie&#8217;, diz delegada sobre anestesista preso por estupro"}]},{"@type":"Person","@id":"https:\/\/www.radiomanchester.com.br\/fm\/#\/schema\/person\/408a7b4d4e32cbebd90e2782852abca3","name":"admin","image":{"@type":"ImageObject","@id":"https:\/\/www.radiomanchester.com.br\/fm\/#personlogo","inLanguage":"pt-BR","url":"https:\/\/secure.gravatar.com\/avatar\/115a974dba3376872eb3addeb276301c?s=96&d=mm&r=g","contentUrl":"https:\/\/secure.gravatar.com\/avatar\/115a974dba3376872eb3addeb276301c?s=96&d=mm&r=g","caption":"admin"},"url":"https:\/\/www.radiomanchester.com.br\/fm\/author\/admin\/"}]}},"_links":{"self":[{"href":"https:\/\/www.radiomanchester.com.br\/fm\/wp-json\/wp\/v2\/posts\/8541"}],"collection":[{"href":"https:\/\/www.radiomanchester.com.br\/fm\/wp-json\/wp\/v2\/posts"}],"about":[{"href":"https:\/\/www.radiomanchester.com.br\/fm\/wp-json\/wp\/v2\/types\/post"}],"author":[{"embeddable":true,"href":"https:\/\/www.radiomanchester.com.br\/fm\/wp-json\/wp\/v2\/users\/1"}],"replies":[{"embeddable":true,"href":"https:\/\/www.radiomanchester.com.br\/fm\/wp-json\/wp\/v2\/comments?post=8541"}],"version-history":[{"count":1,"href":"https:\/\/www.radiomanchester.com.br\/fm\/wp-json\/wp\/v2\/posts\/8541\/revisions"}],"predecessor-version":[{"id":8543,"href":"https:\/\/www.radiomanchester.com.br\/fm\/wp-json\/wp\/v2\/posts\/8541\/revisions\/8543"}],"wp:attachment":[{"href":"https:\/\/www.radiomanchester.com.br\/fm\/wp-json\/wp\/v2\/media?parent=8541"}],"wp:term":[{"taxonomy":"category","embeddable":true,"href":"https:\/\/www.radiomanchester.com.br\/fm\/wp-json\/wp\/v2\/categories?post=8541"},{"taxonomy":"post_tag","embeddable":true,"href":"https:\/\/www.radiomanchester.com.br\/fm\/wp-json\/wp\/v2\/tags?post=8541"}],"curies":[{"name":"wp","href":"https:\/\/api.w.org\/{rel}","templated":true}]}}