{"id":8553,"date":"2022-07-15T12:17:12","date_gmt":"2022-07-15T15:17:12","guid":{"rendered":"https:\/\/www.radiomanchester.com.br\/fm\/?p=8553"},"modified":"2022-07-15T12:18:40","modified_gmt":"2022-07-15T15:18:40","slug":"governo-de-goias-publica-edital-para-concurso-da-educacao","status":"publish","type":"post","link":"https:\/\/www.radiomanchester.com.br\/fm\/governo-de-goias-publica-edital-para-concurso-da-educacao\/","title":{"rendered":"Governo de Goi\u00e1s publica edital para concurso da educa\u00e7\u00e3o"},"content":{"rendered":"\n<p><\/p>\n\n\n\n<p>Foi publicado nesta sexta-feira (15\/07) o edital do concurso p\u00fablico para professores do quadro permanente da Secretaria de Estado da Educa\u00e7\u00e3o (Seduc). S\u00e3o 5.050 vagas para profissionais n\u00edvel III. As inscri\u00e7\u00f5es t\u00eam taxa de R$ 100 e poder\u00e3o ser feitas no per\u00edodo de 14 de agosto a 12 de setembro.<\/p>\n\n\n\n<p>Ao todo ser\u00e3o tr\u00eas etapas, com provas objetivas e discursivas, de car\u00e1ter classificat\u00f3rio e eliminat\u00f3rio; e a prova de t\u00edtulos, que possui apenas fun\u00e7\u00e3o classificat\u00f3ria. A primeira fase do concurso ocorrer\u00e1 no dia 25 de setembro. Segundo a pasta, os aprovados ir\u00e3o atuar na rede estadual de ensino, em todas as regi\u00f5es de Goi\u00e1s.<\/p>\n\n\n\n<p>Ainda de acordo com a secretaria, a convoca\u00e7\u00e3o dos aprovados come\u00e7ar\u00e1 no in\u00edcio de 2023. A remunera\u00e7\u00e3o inicial \u00e9 classificada conforme a carga hor\u00e1ria estabelecida pela Seduc, podendo ser 20, 30 ou 40 horas semanais e varia de 1.971,69 a R$ 3.943,37. Os valores ser\u00e3o acrescidos pelo aux\u00edlio-alimenta\u00e7\u00e3o, de R$ 500; e aux\u00edlio aprimoramento, tamb\u00e9m de R$ 500.<\/p>\n\n\n\n<p>Para mais informa\u00e7\u00f5es, os interessados devem acessar o edital pelo site do governo: <a href=\"http:\/\/www.escoladegoverno.go.gov.br\">www.escoladegoverno.go.gov.br<\/a> e do Instituto Americano de Desenvolvimento \u2013 Iades: <a href=\"http:\/\/www.iades.com.br\">http:\/\/www.iades.com.br<\/a>, que \u00e9 a institui\u00e7\u00e3o respons\u00e1vel pela organiza\u00e7\u00e3o do concurso.<\/p>\n\n\n\n<p><strong>Novidade<\/strong><\/p>\n\n\n\n<p>\u00c9 a primeira vez que s\u00e3o ofertadas vagas para profissionais Ind\u00edgenas, Quilombolas, int\u00e9rpretes de Libras e instrutores de Libras e Braille, segundo o governo do Estado.<\/p>\n\n\n\n<p>Atualmente, a rede p\u00fablica estadual de ensino tem 60% de professores efetivos (16.092) e 40% em contrato tempor\u00e1rio (10.777). Os professores aprovados far\u00e3o parte da rede que conta com 1.049 unidades escolares e atende mais de 500 mil estudantes do Ensino Fundamental, Ensino M\u00e9dio, da Educa\u00e7\u00e3o de Jovens e Adultos (EJA), al\u00e9m do Ensino Especial.<\/p>\n\n\n\n<figure class=\"wp-block-image size-medium\"><img loading=\"lazy\" width=\"300\" height=\"199\" src=\"https:\/\/www.radiomanchester.com.br\/fm\/wp-content\/uploads\/2022\/07\/Nova_secretaria_da_Educacao_1-300x199.jpeg\" alt=\"\" class=\"wp-image-8554\" srcset=\"https:\/\/www.radiomanchester.com.br\/fm\/wp-content\/uploads\/2022\/07\/Nova_secretaria_da_Educacao_1-300x199.jpeg 300w, https:\/\/www.radiomanchester.com.br\/fm\/wp-content\/uploads\/2022\/07\/Nova_secretaria_da_Educacao_1-1024x678.jpeg 1024w, https:\/\/www.radiomanchester.com.br\/fm\/wp-content\/uploads\/2022\/07\/Nova_secretaria_da_Educacao_1-768x509.jpeg 768w, https:\/\/www.radiomanchester.com.br\/fm\/wp-content\/uploads\/2022\/07\/Nova_secretaria_da_Educacao_1.jpeg 1232w\" sizes=\"(max-width: 300px) 100vw, 300px\" \/><\/figure>\n\n\n\n<div class=\"wp-block-file\"><object class=\"wp-block-file__embed\" data=\"https:\/\/www.radiomanchester.com.br\/fm\/wp-content\/uploads\/2022\/07\/2022071582827518.pdf\" type=\"application\/pdf\" style=\"width:100%;height:600px\" aria-label=\"Incorporado de 2022071582827518.\"><\/object><a id=\"wp-block-file--media-62e493cc-bb34-4625-b442-2db12d0051ef\" href=\"https:\/\/www.radiomanchester.com.br\/fm\/wp-content\/uploads\/2022\/07\/2022071582827518.pdf\">2022071582827518<\/a><a href=\"https:\/\/www.radiomanchester.com.br\/fm\/wp-content\/uploads\/2022\/07\/2022071582827518.pdf\" class=\"wp-block-file__button\" download aria-describedby=\"wp-block-file--media-62e493cc-bb34-4625-b442-2db12d0051ef\">Baixar<\/a><\/div>\n\n\n\n<p>por reda\u00e7\u00e3o &#8211; foto: reprodu\u00e7\u00e3o<\/p>\n","protected":false},"excerpt":{"rendered":"<p class=\"excerpt\">Foi publicado nesta sexta-feira (15\/07) o edital do concurso p\u00fablico para professores do quadro permanente da Secretaria de Estado da Educa\u00e7\u00e3o (Seduc). S\u00e3o 5.050 vagas para profissionais n\u00edvel III. As inscri\u00e7\u00f5es t\u00eam taxa de R$ 100 e poder\u00e3o ser feitas no per\u00edodo de 14 de agosto a 12 de setembro. Ao todo ser\u00e3o tr\u00eas etapas, [&hellip;]<\/p>\n","protected":false},"author":1,"featured_media":0,"comment_status":"open","ping_status":"open","sticky":false,"template":"","format":"standard","meta":[],"categories":[8,17],"tags":[22,24,113,83,92],"yoast_head":"<!-- This site is optimized with the Yoast SEO plugin v18.3 - https:\/\/yoast.com\/wordpress\/plugins\/seo\/ -->\n<title>Governo de Goi\u00e1s publica edital para concurso da educa\u00e7\u00e3o - Manchester FM 93,3<\/title>\n<meta name=\"robots\" content=\"index, follow, max-snippet:-1, max-image-preview:large, max-video-preview:-1\" \/>\n<link rel=\"canonical\" href=\"https:\/\/www.radiomanchester.com.br\/fm\/governo-de-goias-publica-edital-para-concurso-da-educacao\/\" \/>\n<meta property=\"og:locale\" content=\"pt_BR\" \/>\n<meta property=\"og:type\" content=\"article\" \/>\n<meta property=\"og:title\" content=\"Governo de Goi\u00e1s publica edital para concurso da educa\u00e7\u00e3o - Manchester FM 93,3\" \/>\n<meta property=\"og:description\" content=\"Foi publicado nesta sexta-feira (15\/07) o edital do concurso p\u00fablico para professores do quadro permanente da Secretaria de Estado da Educa\u00e7\u00e3o (Seduc). S\u00e3o 5.050 vagas para profissionais n\u00edvel III. As inscri\u00e7\u00f5es t\u00eam taxa de R$ 100 e poder\u00e3o ser feitas no per\u00edodo de 14 de agosto a 12 de setembro. Ao todo ser\u00e3o tr\u00eas etapas, [&hellip;]\" \/>\n<meta property=\"og:url\" content=\"https:\/\/www.radiomanchester.com.br\/fm\/governo-de-goias-publica-edital-para-concurso-da-educacao\/\" \/>\n<meta property=\"og:site_name\" content=\"Manchester FM 93,3\" \/>\n<meta property=\"article:published_time\" content=\"2022-07-15T15:17:12+00:00\" \/>\n<meta property=\"article:modified_time\" content=\"2022-07-15T15:18:40+00:00\" \/>\n<meta property=\"og:image\" content=\"https:\/\/www.radiomanchester.com.br\/fm\/wp-content\/uploads\/2022\/07\/Nova_secretaria_da_Educacao_1-300x199.jpeg\" \/>\n<meta name=\"twitter:card\" content=\"summary_large_image\" \/>\n<meta name=\"twitter:label1\" content=\"Escrito por\" \/>\n\t<meta name=\"twitter:data1\" content=\"admin\" \/>\n\t<meta name=\"twitter:label2\" content=\"Est. tempo de leitura\" \/>\n\t<meta name=\"twitter:data2\" content=\"2 minutos\" \/>\n<script type=\"application\/ld+json\" class=\"yoast-schema-graph\">{\"@context\":\"https:\/\/schema.org\",\"@graph\":[{\"@type\":\"WebSite\",\"@id\":\"https:\/\/www.radiomanchester.com.br\/fm\/#website\",\"url\":\"https:\/\/www.radiomanchester.com.br\/fm\/\",\"name\":\"Manchester FM 93,3\",\"description\":\"Todo Mundo Ouve!\",\"potentialAction\":[{\"@type\":\"SearchAction\",\"target\":{\"@type\":\"EntryPoint\",\"urlTemplate\":\"https:\/\/www.radiomanchester.com.br\/fm\/?s={search_term_string}\"},\"query-input\":\"required name=search_term_string\"}],\"inLanguage\":\"pt-BR\"},{\"@type\":\"ImageObject\",\"@id\":\"https:\/\/www.radiomanchester.com.br\/fm\/governo-de-goias-publica-edital-para-concurso-da-educacao\/#primaryimage\",\"inLanguage\":\"pt-BR\",\"url\":\"https:\/\/www.radiomanchester.com.br\/fm\/wp-content\/uploads\/2022\/07\/Nova_secretaria_da_Educacao_1.jpeg\",\"contentUrl\":\"https:\/\/www.radiomanchester.com.br\/fm\/wp-content\/uploads\/2022\/07\/Nova_secretaria_da_Educacao_1.jpeg\",\"width\":1232,\"height\":816},{\"@type\":\"WebPage\",\"@id\":\"https:\/\/www.radiomanchester.com.br\/fm\/governo-de-goias-publica-edital-para-concurso-da-educacao\/#webpage\",\"url\":\"https:\/\/www.radiomanchester.com.br\/fm\/governo-de-goias-publica-edital-para-concurso-da-educacao\/\",\"name\":\"Governo de Goi\u00e1s publica edital para concurso da educa\u00e7\u00e3o - Manchester FM 93,3\",\"isPartOf\":{\"@id\":\"https:\/\/www.radiomanchester.com.br\/fm\/#website\"},\"primaryImageOfPage\":{\"@id\":\"https:\/\/www.radiomanchester.com.br\/fm\/governo-de-goias-publica-edital-para-concurso-da-educacao\/#primaryimage\"},\"datePublished\":\"2022-07-15T15:17:12+00:00\",\"dateModified\":\"2022-07-15T15:18:40+00:00\",\"author\":{\"@id\":\"https:\/\/www.radiomanchester.com.br\/fm\/#\/schema\/person\/408a7b4d4e32cbebd90e2782852abca3\"},\"breadcrumb\":{\"@id\":\"https:\/\/www.radiomanchester.com.br\/fm\/governo-de-goias-publica-edital-para-concurso-da-educacao\/#breadcrumb\"},\"inLanguage\":\"pt-BR\",\"potentialAction\":[{\"@type\":\"ReadAction\",\"target\":[\"https:\/\/www.radiomanchester.com.br\/fm\/governo-de-goias-publica-edital-para-concurso-da-educacao\/\"]}]},{\"@type\":\"BreadcrumbList\",\"@id\":\"https:\/\/www.radiomanchester.com.br\/fm\/governo-de-goias-publica-edital-para-concurso-da-educacao\/#breadcrumb\",\"itemListElement\":[{\"@type\":\"ListItem\",\"position\":1,\"name\":\"Home\",\"item\":\"https:\/\/www.radiomanchester.com.br\/fm\/\"},{\"@type\":\"ListItem\",\"position\":2,\"name\":\"Governo de Goi\u00e1s publica edital para concurso da educa\u00e7\u00e3o\"}]},{\"@type\":\"Person\",\"@id\":\"https:\/\/www.radiomanchester.com.br\/fm\/#\/schema\/person\/408a7b4d4e32cbebd90e2782852abca3\",\"name\":\"admin\",\"image\":{\"@type\":\"ImageObject\",\"@id\":\"https:\/\/www.radiomanchester.com.br\/fm\/#personlogo\",\"inLanguage\":\"pt-BR\",\"url\":\"https:\/\/secure.gravatar.com\/avatar\/115a974dba3376872eb3addeb276301c?s=96&d=mm&r=g\",\"contentUrl\":\"https:\/\/secure.gravatar.com\/avatar\/115a974dba3376872eb3addeb276301c?s=96&d=mm&r=g\",\"caption\":\"admin\"},\"url\":\"https:\/\/www.radiomanchester.com.br\/fm\/author\/admin\/\"}]}<\/script>\n<!-- \/ Yoast SEO plugin. -->","yoast_head_json":{"title":"Governo de Goi\u00e1s publica edital para concurso da educa\u00e7\u00e3o - Manchester FM 93,3","robots":{"index":"index","follow":"follow","max-snippet":"max-snippet:-1","max-image-preview":"max-image-preview:large","max-video-preview":"max-video-preview:-1"},"canonical":"https:\/\/www.radiomanchester.com.br\/fm\/governo-de-goias-publica-edital-para-concurso-da-educacao\/","og_locale":"pt_BR","og_type":"article","og_title":"Governo de Goi\u00e1s publica edital para concurso da educa\u00e7\u00e3o - Manchester FM 93,3","og_description":"Foi publicado nesta sexta-feira (15\/07) o edital do concurso p\u00fablico para professores do quadro permanente da Secretaria de Estado da Educa\u00e7\u00e3o (Seduc). S\u00e3o 5.050 vagas para profissionais n\u00edvel III. As inscri\u00e7\u00f5es t\u00eam taxa de R$ 100 e poder\u00e3o ser feitas no per\u00edodo de 14 de agosto a 12 de setembro. Ao todo ser\u00e3o tr\u00eas etapas, [&hellip;]","og_url":"https:\/\/www.radiomanchester.com.br\/fm\/governo-de-goias-publica-edital-para-concurso-da-educacao\/","og_site_name":"Manchester FM 93,3","article_published_time":"2022-07-15T15:17:12+00:00","article_modified_time":"2022-07-15T15:18:40+00:00","og_image":[{"url":"https:\/\/www.radiomanchester.com.br\/fm\/wp-content\/uploads\/2022\/07\/Nova_secretaria_da_Educacao_1-300x199.jpeg"}],"twitter_card":"summary_large_image","twitter_misc":{"Escrito por":"admin","Est. tempo de leitura":"2 minutos"},"schema":{"@context":"https:\/\/schema.org","@graph":[{"@type":"WebSite","@id":"https:\/\/www.radiomanchester.com.br\/fm\/#website","url":"https:\/\/www.radiomanchester.com.br\/fm\/","name":"Manchester FM 93,3","description":"Todo Mundo Ouve!","potentialAction":[{"@type":"SearchAction","target":{"@type":"EntryPoint","urlTemplate":"https:\/\/www.radiomanchester.com.br\/fm\/?s={search_term_string}"},"query-input":"required name=search_term_string"}],"inLanguage":"pt-BR"},{"@type":"ImageObject","@id":"https:\/\/www.radiomanchester.com.br\/fm\/governo-de-goias-publica-edital-para-concurso-da-educacao\/#primaryimage","inLanguage":"pt-BR","url":"https:\/\/www.radiomanchester.com.br\/fm\/wp-content\/uploads\/2022\/07\/Nova_secretaria_da_Educacao_1.jpeg","contentUrl":"https:\/\/www.radiomanchester.com.br\/fm\/wp-content\/uploads\/2022\/07\/Nova_secretaria_da_Educacao_1.jpeg","width":1232,"height":816},{"@type":"WebPage","@id":"https:\/\/www.radiomanchester.com.br\/fm\/governo-de-goias-publica-edital-para-concurso-da-educacao\/#webpage","url":"https:\/\/www.radiomanchester.com.br\/fm\/governo-de-goias-publica-edital-para-concurso-da-educacao\/","name":"Governo de Goi\u00e1s publica edital para concurso da educa\u00e7\u00e3o - Manchester FM 93,3","isPartOf":{"@id":"https:\/\/www.radiomanchester.com.br\/fm\/#website"},"primaryImageOfPage":{"@id":"https:\/\/www.radiomanchester.com.br\/fm\/governo-de-goias-publica-edital-para-concurso-da-educacao\/#primaryimage"},"datePublished":"2022-07-15T15:17:12+00:00","dateModified":"2022-07-15T15:18:40+00:00","author":{"@id":"https:\/\/www.radiomanchester.com.br\/fm\/#\/schema\/person\/408a7b4d4e32cbebd90e2782852abca3"},"breadcrumb":{"@id":"https:\/\/www.radiomanchester.com.br\/fm\/governo-de-goias-publica-edital-para-concurso-da-educacao\/#breadcrumb"},"inLanguage":"pt-BR","potentialAction":[{"@type":"ReadAction","target":["https:\/\/www.radiomanchester.com.br\/fm\/governo-de-goias-publica-edital-para-concurso-da-educacao\/"]}]},{"@type":"BreadcrumbList","@id":"https:\/\/www.radiomanchester.com.br\/fm\/governo-de-goias-publica-edital-para-concurso-da-educacao\/#breadcrumb","itemListElement":[{"@type":"ListItem","position":1,"name":"Home","item":"https:\/\/www.radiomanchester.com.br\/fm\/"},{"@type":"ListItem","position":2,"name":"Governo de Goi\u00e1s publica edital para concurso da educa\u00e7\u00e3o"}]},{"@type":"Person","@id":"https:\/\/www.radiomanchester.com.br\/fm\/#\/schema\/person\/408a7b4d4e32cbebd90e2782852abca3","name":"admin","image":{"@type":"ImageObject","@id":"https:\/\/www.radiomanchester.com.br\/fm\/#personlogo","inLanguage":"pt-BR","url":"https:\/\/secure.gravatar.com\/avatar\/115a974dba3376872eb3addeb276301c?s=96&d=mm&r=g","contentUrl":"https:\/\/secure.gravatar.com\/avatar\/115a974dba3376872eb3addeb276301c?s=96&d=mm&r=g","caption":"admin"},"url":"https:\/\/www.radiomanchester.com.br\/fm\/author\/admin\/"}]}},"_links":{"self":[{"href":"https:\/\/www.radiomanchester.com.br\/fm\/wp-json\/wp\/v2\/posts\/8553"}],"collection":[{"href":"https:\/\/www.radiomanchester.com.br\/fm\/wp-json\/wp\/v2\/posts"}],"about":[{"href":"https:\/\/www.radiomanchester.com.br\/fm\/wp-json\/wp\/v2\/types\/post"}],"author":[{"embeddable":true,"href":"https:\/\/www.radiomanchester.com.br\/fm\/wp-json\/wp\/v2\/users\/1"}],"replies":[{"embeddable":true,"href":"https:\/\/www.radiomanchester.com.br\/fm\/wp-json\/wp\/v2\/comments?post=8553"}],"version-history":[{"count":2,"href":"https:\/\/www.radiomanchester.com.br\/fm\/wp-json\/wp\/v2\/posts\/8553\/revisions"}],"predecessor-version":[{"id":8557,"href":"https:\/\/www.radiomanchester.com.br\/fm\/wp-json\/wp\/v2\/posts\/8553\/revisions\/8557"}],"wp:attachment":[{"href":"https:\/\/www.radiomanchester.com.br\/fm\/wp-json\/wp\/v2\/media?parent=8553"}],"wp:term":[{"taxonomy":"category","embeddable":true,"href":"https:\/\/www.radiomanchester.com.br\/fm\/wp-json\/wp\/v2\/categories?post=8553"},{"taxonomy":"post_tag","embeddable":true,"href":"https:\/\/www.radiomanchester.com.br\/fm\/wp-json\/wp\/v2\/tags?post=8553"}],"curies":[{"name":"wp","href":"https:\/\/api.w.org\/{rel}","templated":true}]}}