{"id":8577,"date":"2022-07-17T21:32:21","date_gmt":"2022-07-18T00:32:21","guid":{"rendered":"https:\/\/www.radiomanchester.com.br\/fm\/?p=8577"},"modified":"2022-07-17T21:32:24","modified_gmt":"2022-07-18T00:32:24","slug":"vacinacao-contra-sarampo-esta-abaixo-da-meta-diz-ministerio-da-saude","status":"publish","type":"post","link":"https:\/\/www.radiomanchester.com.br\/fm\/vacinacao-contra-sarampo-esta-abaixo-da-meta-diz-ministerio-da-saude\/","title":{"rendered":"Vacina\u00e7\u00e3o contra sarampo est\u00e1 abaixo da meta, diz Minist\u00e9rio da Sa\u00fade"},"content":{"rendered":"\n<p><\/p>\n\n\n\n<p><strong><em>Em 2022, menos de 50% do p\u00fablico infantil foi imunizado at\u00e9 agora<\/em><\/strong><\/p>\n\n\n\n<p>O Brasil ainda est\u00e1 abaixo da meta de vacina\u00e7\u00e3o contra o sarampo. De acordo com o Minist\u00e9rio da Sa\u00fade, 47,08% das crian\u00e7as receberam o imunizante em 2022, sendo que a meta de cobertura vacinal \u00e9 95%. A prote\u00e7\u00e3o contra o sarampo \u00e9 feita com a vacina tr\u00edplice viral, que imuniza tamb\u00e9m contra a caxumba e rub\u00e9ola, e faz parte do calend\u00e1rio de vacina\u00e7\u00e3o. O imunizante \u00e9 oferecido nas unidades de sa\u00fade do pa\u00eds em qualquer \u00e9poca do ano.<\/p>\n\n\n\n<p>A tr\u00edplice viral \u00e9 geralmente aplicada em duas doses. A primeira, tomada com um ano de idade, e a segunda, com 15 meses. A campanha de 2022 come\u00e7ou em janeiro e vai at\u00e9 dezembro deste ano. A cobertura em 2021 foi baixa, somente 50,1% do p\u00fablico-alvo no Brasil recebeu a segunda dose da vacina tr\u00edplice viral.&nbsp;<\/p>\n\n\n\n<p>Uma das consequ\u00eancias da queda da vacina\u00e7\u00e3o \u00e9 o avan\u00e7o da doen\u00e7a. Depois de ter recebido a certifica\u00e7\u00e3o de pa\u00eds livre do sarampo pela Organiza\u00e7\u00e3o Pan-americana de Sa\u00fade (Opas), em 2016, o Brasil passou a registrar, nos \u00faltimos anos, o avan\u00e7o da doen\u00e7a em todo o territ\u00f3rio nacional. O Boletim Epidemiol\u00f3gico do Minist\u00e9rio da Sa\u00fade mostra mais de 40 mil casos e 40 mortes causadas pelo sarampo desde 2018, sendo mais da metade em crian\u00e7as menores de 5 anos.<\/p>\n\n\n\n<p><strong>Fiocruz<\/strong><\/p>\n\n\n\n<p>A Funda\u00e7\u00e3o Oswaldo Cruz (Fiocruz) divulgou, este ano, uma nota na qual chama a aten\u00e7\u00e3o para a\u00a0import\u00e2ncia da vacina\u00e7\u00e3o\u00a0contra a doen\u00e7a. A Fiocruz explica que o sarampo \u00e9 uma doen\u00e7a infecciosa aguda, muito contagiosa e grave, principalmente em crian\u00e7as menores de 5 anos de idade, pessoas adultas desnutridas ou com algum problema de imunidade, como as pessoas transplantadas, as que convivem com o v\u00edrus do HIV, ou que est\u00e3o em quimioterapia, al\u00e9m das gestantes.<\/p>\n\n\n\n<p>A&nbsp;Fiocruz ressalta que, independentemente disso, o sarampo afeta indiv\u00edduos de todas as idades e n\u00e3o necessariamente com doen\u00e7as cr\u00f4nicas ou algum problema de imunidade.<\/p>\n\n\n\n<p><strong>Minist\u00e9rio da Sa\u00fade<\/strong><\/p>\n\n\n\n<p>\u00c0 Ag\u00eancia Brasil, o Minist\u00e9rio da Sa\u00fade disse, por meio de nota, que por interm\u00e9dio do Programa Nacional de Imuniza\u00e7\u00f5es (PNI), vem desenvolvendo e intensificando estrat\u00e9gias necess\u00e1rias para enfrentamento dos desafios e revers\u00e3o das baixas coberturas vacinais, em parceria com estados e munic\u00edpios.<\/p>\n\n\n\n<p>\u201cO Minist\u00e9rio da Sa\u00fade incentiva a popula\u00e7\u00e3o a se vacinar contra as doen\u00e7as imunopreven\u00edveis, e esclarece o benef\u00edcio e seguran\u00e7a das vacinas, por meio dos seus canais oficiais de comunica\u00e7\u00e3o\u201d, diz a pasta. Os<strong>\u00a0dados detalhados<\/strong>\u00a0das coberturas vacinais est\u00e3o dispon\u00edveis na internet.<\/p>\n\n\n\n<p><strong>OMS e Unicef<\/strong><\/p>\n\n\n\n<p>Na sexta-feira (15), a Organiza\u00e7\u00e3o Mundial da Sa\u00fade (OMS) e o Fundo das Na\u00e7\u00f5es Unidas para a Inf\u00e2ncia (Unicef) divulgaram dados que mostram que a\u00a0queda da vacina\u00e7\u00e3o infantil\u00a0n\u00e3o ocorreu apenas no Brasil. Em todo o mundo, ap\u00f3s dois anos de pandemia, foi registrada a maior queda cont\u00ednua nas vacina\u00e7\u00f5es infantis dos \u00faltimos 30 anos.<\/p>\n\n\n\n<p>Segundo as organiza\u00e7\u00f5es, at\u00e9 mesmo pela dimens\u00e3o territorial e pelo tamanho da popula\u00e7\u00e3o, o Brasil est\u00e1 entre os dez pa\u00edses no mundo com a maior quantidade de crian\u00e7as com a vacina\u00e7\u00e3o atrasada. Considerada apenas a vacina contra o sarampo, o pa\u00eds \u00e9 o 8\u00ba com a maior quantidade de crian\u00e7as com o esquema vacinal atrasado.<\/p>\n\n\n\n<figure class=\"wp-block-image size-medium\"><img loading=\"lazy\" width=\"300\" height=\"179\" src=\"https:\/\/www.radiomanchester.com.br\/fm\/wp-content\/uploads\/2022\/07\/A9668DB6-F262-407C-8B43-B2C9D80D2109-300x179.jpeg\" alt=\"\" class=\"wp-image-8578\" srcset=\"https:\/\/www.radiomanchester.com.br\/fm\/wp-content\/uploads\/2022\/07\/A9668DB6-F262-407C-8B43-B2C9D80D2109-300x179.jpeg 300w, https:\/\/www.radiomanchester.com.br\/fm\/wp-content\/uploads\/2022\/07\/A9668DB6-F262-407C-8B43-B2C9D80D2109-1024x613.jpeg 1024w, https:\/\/www.radiomanchester.com.br\/fm\/wp-content\/uploads\/2022\/07\/A9668DB6-F262-407C-8B43-B2C9D80D2109-768x459.jpeg 768w, https:\/\/www.radiomanchester.com.br\/fm\/wp-content\/uploads\/2022\/07\/A9668DB6-F262-407C-8B43-B2C9D80D2109.jpeg 1170w\" sizes=\"(max-width: 300px) 100vw, 300px\" \/><figcaption>Dia D de mobiliza\u00e7\u00e3o da Campanha Nacional de Vacina\u00e7\u00e3o contra a Poliomielite e Sarampo.<\/figcaption><\/figure>\n\n\n\n<p>Por Ag\u00eancia Brasil &#8211; foto: Ag\u00eancia Brasil&nbsp;<\/p>\n","protected":false},"excerpt":{"rendered":"<p class=\"excerpt\">Em 2022, menos de 50% do p\u00fablico infantil foi imunizado at\u00e9 agora O Brasil ainda est\u00e1 abaixo da meta de vacina\u00e7\u00e3o contra o sarampo. De acordo com o Minist\u00e9rio da Sa\u00fade, 47,08% das crian\u00e7as receberam o imunizante em 2022, sendo que a meta de cobertura vacinal \u00e9 95%. A prote\u00e7\u00e3o contra o sarampo \u00e9 feita [&hellip;]<\/p>\n","protected":false},"author":1,"featured_media":0,"comment_status":"open","ping_status":"open","sticky":false,"template":"","format":"standard","meta":[],"categories":[8,17],"tags":[22,24,113,83,92],"yoast_head":"<!-- This site is optimized with the Yoast SEO plugin v18.3 - https:\/\/yoast.com\/wordpress\/plugins\/seo\/ -->\n<title>Vacina\u00e7\u00e3o contra sarampo est\u00e1 abaixo da meta, diz Minist\u00e9rio da Sa\u00fade - Manchester FM 93,3<\/title>\n<meta name=\"robots\" content=\"index, follow, max-snippet:-1, max-image-preview:large, max-video-preview:-1\" \/>\n<link rel=\"canonical\" href=\"https:\/\/www.radiomanchester.com.br\/fm\/vacinacao-contra-sarampo-esta-abaixo-da-meta-diz-ministerio-da-saude\/\" \/>\n<meta property=\"og:locale\" content=\"pt_BR\" \/>\n<meta property=\"og:type\" content=\"article\" \/>\n<meta property=\"og:title\" content=\"Vacina\u00e7\u00e3o contra sarampo est\u00e1 abaixo da meta, diz Minist\u00e9rio da Sa\u00fade - Manchester FM 93,3\" \/>\n<meta property=\"og:description\" content=\"Em 2022, menos de 50% do p\u00fablico infantil foi imunizado at\u00e9 agora O Brasil ainda est\u00e1 abaixo da meta de vacina\u00e7\u00e3o contra o sarampo. De acordo com o Minist\u00e9rio da Sa\u00fade, 47,08% das crian\u00e7as receberam o imunizante em 2022, sendo que a meta de cobertura vacinal \u00e9 95%. A prote\u00e7\u00e3o contra o sarampo \u00e9 feita [&hellip;]\" \/>\n<meta property=\"og:url\" content=\"https:\/\/www.radiomanchester.com.br\/fm\/vacinacao-contra-sarampo-esta-abaixo-da-meta-diz-ministerio-da-saude\/\" \/>\n<meta property=\"og:site_name\" content=\"Manchester FM 93,3\" \/>\n<meta property=\"article:published_time\" content=\"2022-07-18T00:32:21+00:00\" \/>\n<meta property=\"article:modified_time\" content=\"2022-07-18T00:32:24+00:00\" \/>\n<meta property=\"og:image\" content=\"https:\/\/www.radiomanchester.com.br\/fm\/wp-content\/uploads\/2022\/07\/A9668DB6-F262-407C-8B43-B2C9D80D2109-300x179.jpeg\" \/>\n<meta name=\"twitter:card\" content=\"summary_large_image\" \/>\n<meta name=\"twitter:label1\" content=\"Escrito por\" \/>\n\t<meta name=\"twitter:data1\" content=\"admin\" \/>\n\t<meta name=\"twitter:label2\" content=\"Est. tempo de leitura\" \/>\n\t<meta name=\"twitter:data2\" content=\"4 minutos\" \/>\n<script type=\"application\/ld+json\" class=\"yoast-schema-graph\">{\"@context\":\"https:\/\/schema.org\",\"@graph\":[{\"@type\":\"WebSite\",\"@id\":\"https:\/\/www.radiomanchester.com.br\/fm\/#website\",\"url\":\"https:\/\/www.radiomanchester.com.br\/fm\/\",\"name\":\"Manchester FM 93,3\",\"description\":\"Todo Mundo Ouve!\",\"potentialAction\":[{\"@type\":\"SearchAction\",\"target\":{\"@type\":\"EntryPoint\",\"urlTemplate\":\"https:\/\/www.radiomanchester.com.br\/fm\/?s={search_term_string}\"},\"query-input\":\"required name=search_term_string\"}],\"inLanguage\":\"pt-BR\"},{\"@type\":\"ImageObject\",\"@id\":\"https:\/\/www.radiomanchester.com.br\/fm\/vacinacao-contra-sarampo-esta-abaixo-da-meta-diz-ministerio-da-saude\/#primaryimage\",\"inLanguage\":\"pt-BR\",\"url\":\"https:\/\/www.radiomanchester.com.br\/fm\/wp-content\/uploads\/2022\/07\/A9668DB6-F262-407C-8B43-B2C9D80D2109-300x179.jpeg\",\"contentUrl\":\"https:\/\/www.radiomanchester.com.br\/fm\/wp-content\/uploads\/2022\/07\/A9668DB6-F262-407C-8B43-B2C9D80D2109-300x179.jpeg\"},{\"@type\":\"WebPage\",\"@id\":\"https:\/\/www.radiomanchester.com.br\/fm\/vacinacao-contra-sarampo-esta-abaixo-da-meta-diz-ministerio-da-saude\/#webpage\",\"url\":\"https:\/\/www.radiomanchester.com.br\/fm\/vacinacao-contra-sarampo-esta-abaixo-da-meta-diz-ministerio-da-saude\/\",\"name\":\"Vacina\u00e7\u00e3o contra sarampo est\u00e1 abaixo da meta, diz Minist\u00e9rio da Sa\u00fade - Manchester FM 93,3\",\"isPartOf\":{\"@id\":\"https:\/\/www.radiomanchester.com.br\/fm\/#website\"},\"primaryImageOfPage\":{\"@id\":\"https:\/\/www.radiomanchester.com.br\/fm\/vacinacao-contra-sarampo-esta-abaixo-da-meta-diz-ministerio-da-saude\/#primaryimage\"},\"datePublished\":\"2022-07-18T00:32:21+00:00\",\"dateModified\":\"2022-07-18T00:32:24+00:00\",\"author\":{\"@id\":\"https:\/\/www.radiomanchester.com.br\/fm\/#\/schema\/person\/408a7b4d4e32cbebd90e2782852abca3\"},\"breadcrumb\":{\"@id\":\"https:\/\/www.radiomanchester.com.br\/fm\/vacinacao-contra-sarampo-esta-abaixo-da-meta-diz-ministerio-da-saude\/#breadcrumb\"},\"inLanguage\":\"pt-BR\",\"potentialAction\":[{\"@type\":\"ReadAction\",\"target\":[\"https:\/\/www.radiomanchester.com.br\/fm\/vacinacao-contra-sarampo-esta-abaixo-da-meta-diz-ministerio-da-saude\/\"]}]},{\"@type\":\"BreadcrumbList\",\"@id\":\"https:\/\/www.radiomanchester.com.br\/fm\/vacinacao-contra-sarampo-esta-abaixo-da-meta-diz-ministerio-da-saude\/#breadcrumb\",\"itemListElement\":[{\"@type\":\"ListItem\",\"position\":1,\"name\":\"Home\",\"item\":\"https:\/\/www.radiomanchester.com.br\/fm\/\"},{\"@type\":\"ListItem\",\"position\":2,\"name\":\"Vacina\u00e7\u00e3o contra sarampo est\u00e1 abaixo da meta, diz Minist\u00e9rio da Sa\u00fade\"}]},{\"@type\":\"Person\",\"@id\":\"https:\/\/www.radiomanchester.com.br\/fm\/#\/schema\/person\/408a7b4d4e32cbebd90e2782852abca3\",\"name\":\"admin\",\"image\":{\"@type\":\"ImageObject\",\"@id\":\"https:\/\/www.radiomanchester.com.br\/fm\/#personlogo\",\"inLanguage\":\"pt-BR\",\"url\":\"https:\/\/secure.gravatar.com\/avatar\/115a974dba3376872eb3addeb276301c?s=96&d=mm&r=g\",\"contentUrl\":\"https:\/\/secure.gravatar.com\/avatar\/115a974dba3376872eb3addeb276301c?s=96&d=mm&r=g\",\"caption\":\"admin\"},\"url\":\"https:\/\/www.radiomanchester.com.br\/fm\/author\/admin\/\"}]}<\/script>\n<!-- \/ Yoast SEO plugin. -->","yoast_head_json":{"title":"Vacina\u00e7\u00e3o contra sarampo est\u00e1 abaixo da meta, diz Minist\u00e9rio da Sa\u00fade - Manchester FM 93,3","robots":{"index":"index","follow":"follow","max-snippet":"max-snippet:-1","max-image-preview":"max-image-preview:large","max-video-preview":"max-video-preview:-1"},"canonical":"https:\/\/www.radiomanchester.com.br\/fm\/vacinacao-contra-sarampo-esta-abaixo-da-meta-diz-ministerio-da-saude\/","og_locale":"pt_BR","og_type":"article","og_title":"Vacina\u00e7\u00e3o contra sarampo est\u00e1 abaixo da meta, diz Minist\u00e9rio da Sa\u00fade - Manchester FM 93,3","og_description":"Em 2022, menos de 50% do p\u00fablico infantil foi imunizado at\u00e9 agora O Brasil ainda est\u00e1 abaixo da meta de vacina\u00e7\u00e3o contra o sarampo. De acordo com o Minist\u00e9rio da Sa\u00fade, 47,08% das crian\u00e7as receberam o imunizante em 2022, sendo que a meta de cobertura vacinal \u00e9 95%. A prote\u00e7\u00e3o contra o sarampo \u00e9 feita [&hellip;]","og_url":"https:\/\/www.radiomanchester.com.br\/fm\/vacinacao-contra-sarampo-esta-abaixo-da-meta-diz-ministerio-da-saude\/","og_site_name":"Manchester FM 93,3","article_published_time":"2022-07-18T00:32:21+00:00","article_modified_time":"2022-07-18T00:32:24+00:00","og_image":[{"url":"https:\/\/www.radiomanchester.com.br\/fm\/wp-content\/uploads\/2022\/07\/A9668DB6-F262-407C-8B43-B2C9D80D2109-300x179.jpeg"}],"twitter_card":"summary_large_image","twitter_misc":{"Escrito por":"admin","Est. tempo de leitura":"4 minutos"},"schema":{"@context":"https:\/\/schema.org","@graph":[{"@type":"WebSite","@id":"https:\/\/www.radiomanchester.com.br\/fm\/#website","url":"https:\/\/www.radiomanchester.com.br\/fm\/","name":"Manchester FM 93,3","description":"Todo Mundo Ouve!","potentialAction":[{"@type":"SearchAction","target":{"@type":"EntryPoint","urlTemplate":"https:\/\/www.radiomanchester.com.br\/fm\/?s={search_term_string}"},"query-input":"required name=search_term_string"}],"inLanguage":"pt-BR"},{"@type":"ImageObject","@id":"https:\/\/www.radiomanchester.com.br\/fm\/vacinacao-contra-sarampo-esta-abaixo-da-meta-diz-ministerio-da-saude\/#primaryimage","inLanguage":"pt-BR","url":"https:\/\/www.radiomanchester.com.br\/fm\/wp-content\/uploads\/2022\/07\/A9668DB6-F262-407C-8B43-B2C9D80D2109-300x179.jpeg","contentUrl":"https:\/\/www.radiomanchester.com.br\/fm\/wp-content\/uploads\/2022\/07\/A9668DB6-F262-407C-8B43-B2C9D80D2109-300x179.jpeg"},{"@type":"WebPage","@id":"https:\/\/www.radiomanchester.com.br\/fm\/vacinacao-contra-sarampo-esta-abaixo-da-meta-diz-ministerio-da-saude\/#webpage","url":"https:\/\/www.radiomanchester.com.br\/fm\/vacinacao-contra-sarampo-esta-abaixo-da-meta-diz-ministerio-da-saude\/","name":"Vacina\u00e7\u00e3o contra sarampo est\u00e1 abaixo da meta, diz Minist\u00e9rio da Sa\u00fade - Manchester FM 93,3","isPartOf":{"@id":"https:\/\/www.radiomanchester.com.br\/fm\/#website"},"primaryImageOfPage":{"@id":"https:\/\/www.radiomanchester.com.br\/fm\/vacinacao-contra-sarampo-esta-abaixo-da-meta-diz-ministerio-da-saude\/#primaryimage"},"datePublished":"2022-07-18T00:32:21+00:00","dateModified":"2022-07-18T00:32:24+00:00","author":{"@id":"https:\/\/www.radiomanchester.com.br\/fm\/#\/schema\/person\/408a7b4d4e32cbebd90e2782852abca3"},"breadcrumb":{"@id":"https:\/\/www.radiomanchester.com.br\/fm\/vacinacao-contra-sarampo-esta-abaixo-da-meta-diz-ministerio-da-saude\/#breadcrumb"},"inLanguage":"pt-BR","potentialAction":[{"@type":"ReadAction","target":["https:\/\/www.radiomanchester.com.br\/fm\/vacinacao-contra-sarampo-esta-abaixo-da-meta-diz-ministerio-da-saude\/"]}]},{"@type":"BreadcrumbList","@id":"https:\/\/www.radiomanchester.com.br\/fm\/vacinacao-contra-sarampo-esta-abaixo-da-meta-diz-ministerio-da-saude\/#breadcrumb","itemListElement":[{"@type":"ListItem","position":1,"name":"Home","item":"https:\/\/www.radiomanchester.com.br\/fm\/"},{"@type":"ListItem","position":2,"name":"Vacina\u00e7\u00e3o contra sarampo est\u00e1 abaixo da meta, diz Minist\u00e9rio da Sa\u00fade"}]},{"@type":"Person","@id":"https:\/\/www.radiomanchester.com.br\/fm\/#\/schema\/person\/408a7b4d4e32cbebd90e2782852abca3","name":"admin","image":{"@type":"ImageObject","@id":"https:\/\/www.radiomanchester.com.br\/fm\/#personlogo","inLanguage":"pt-BR","url":"https:\/\/secure.gravatar.com\/avatar\/115a974dba3376872eb3addeb276301c?s=96&d=mm&r=g","contentUrl":"https:\/\/secure.gravatar.com\/avatar\/115a974dba3376872eb3addeb276301c?s=96&d=mm&r=g","caption":"admin"},"url":"https:\/\/www.radiomanchester.com.br\/fm\/author\/admin\/"}]}},"_links":{"self":[{"href":"https:\/\/www.radiomanchester.com.br\/fm\/wp-json\/wp\/v2\/posts\/8577"}],"collection":[{"href":"https:\/\/www.radiomanchester.com.br\/fm\/wp-json\/wp\/v2\/posts"}],"about":[{"href":"https:\/\/www.radiomanchester.com.br\/fm\/wp-json\/wp\/v2\/types\/post"}],"author":[{"embeddable":true,"href":"https:\/\/www.radiomanchester.com.br\/fm\/wp-json\/wp\/v2\/users\/1"}],"replies":[{"embeddable":true,"href":"https:\/\/www.radiomanchester.com.br\/fm\/wp-json\/wp\/v2\/comments?post=8577"}],"version-history":[{"count":1,"href":"https:\/\/www.radiomanchester.com.br\/fm\/wp-json\/wp\/v2\/posts\/8577\/revisions"}],"predecessor-version":[{"id":8579,"href":"https:\/\/www.radiomanchester.com.br\/fm\/wp-json\/wp\/v2\/posts\/8577\/revisions\/8579"}],"wp:attachment":[{"href":"https:\/\/www.radiomanchester.com.br\/fm\/wp-json\/wp\/v2\/media?parent=8577"}],"wp:term":[{"taxonomy":"category","embeddable":true,"href":"https:\/\/www.radiomanchester.com.br\/fm\/wp-json\/wp\/v2\/categories?post=8577"},{"taxonomy":"post_tag","embeddable":true,"href":"https:\/\/www.radiomanchester.com.br\/fm\/wp-json\/wp\/v2\/tags?post=8577"}],"curies":[{"name":"wp","href":"https:\/\/api.w.org\/{rel}","templated":true}]}}