{"id":8584,"date":"2022-07-18T13:11:55","date_gmt":"2022-07-18T16:11:55","guid":{"rendered":"https:\/\/www.radiomanchester.com.br\/fm\/?p=8584"},"modified":"2022-07-18T13:11:58","modified_gmt":"2022-07-18T16:11:58","slug":"detran-go-leiloa-quase-15-mil-veiculos","status":"publish","type":"post","link":"https:\/\/www.radiomanchester.com.br\/fm\/detran-go-leiloa-quase-15-mil-veiculos\/","title":{"rendered":"Detran-GO leiloa quase 15 mil ve\u00edculos"},"content":{"rendered":"\n<p><\/p>\n\n\n\n<p><em><strong>Lotes estar\u00e3o dispon\u00edveis para visita\u00e7\u00e3o entre os dias 20 e 22 de julho e 25 e 26 de julho em tr\u00eas p\u00e1tios diferentes. Interessados devem procurar canais oficiais para evitar golpes<\/strong><\/em><\/p>\n\n\n\n<p>O Departamento Estadual de Tr\u00e2nsito de Goi\u00e1s (Detran-GO) vai leiloar aproximadamente 15 mil ve\u00edculos de 27 a 29 de julho. Entre os itens a serem vendidos est\u00e3o autom\u00f3veis recuper\u00e1veis e sucatas aproveit\u00e1veis, recolhidos no p\u00e1tio h\u00e1 mais de 60 dias. Os leil\u00f5es t\u00eam respaldo na resolu\u00e7\u00e3o 623\/2016 e na lei n\u00ba 12.977\/2014 e ser\u00e3o realizados pelo leiloeiro Leony Gomes dos Santos.&nbsp;<\/p>\n\n\n\n<p>Os lotes com os ve\u00edculos a serem vendidos estar\u00e3o dispon\u00edveis para visita\u00e7\u00e3o entre os dias 20 e 22 e ainda 25 e 26 de julho, das 8h \u00e0s 12h e das 14h \u00e0s 17h, nos p\u00e1tios da MC Leil\u00e3o, Leil\u00f5es Brasil e Leilomaster. As imagens ilustrativas tamb\u00e9m ser\u00e3o disponibilizadas pelos sites www.mcleilao.com.br, www.leiloesbrasil.com.br e www.leilomaster.com.br. Os editais foram publicados no Di\u00e1rio Oficial do Estado, em jornal de grande circula\u00e7\u00e3o e est\u00e3o dispon\u00edveis no site do Detran-GO na aba \u201cLeil\u00e3o\u201d.<\/p>\n\n\n\n<p>O propriet\u00e1rio do ve\u00edculo, em qualquer momento antes da realiza\u00e7\u00e3o do leil\u00e3o, poder\u00e1 reivindic\u00e1-lo, sanando o problema que ocasionou a reten\u00e7\u00e3o para fazer a retirada. Antes de enviar um ve\u00edculo para leil\u00e3o, o Detran-GO notifica o respons\u00e1vel legal pelo carro ou motocicleta para que ele tenha a oportunidade de reaver o bem. Somente quando s\u00e3o esgotadas as tentativas previstas em legisla\u00e7\u00e3o \u00e9 que \u00e9 aberto o processo de venda.<\/p>\n\n\n\n<p><strong>Cuidados<\/strong>&nbsp;<\/p>\n\n\n\n<p>O Detran-GO alerta que n\u00e3o cria site espec\u00edfico para fazer leil\u00f5es. Os certames da autarquia s\u00e3o anunciados no Di\u00e1rio Oficial do Estado, no site www.detran.go.gov.br. Quem desejar adquirir ve\u00edculo nos leil\u00f5es do Detran-GO deve buscar informa\u00e7\u00e3o sempre no site oficial, canal pelo qual s\u00e3o divulgadas todas as a\u00e7\u00f5es e os procedimentos da autarquia.<\/p>\n\n\n\n<p><strong>Servi\u00e7o<\/strong><\/p>\n\n\n\n<p><strong>Assunto:<\/strong>&nbsp;Detran-GO realiza leil\u00e3o de aproximadamente 15 mil ve\u00edculos<\/p>\n\n\n\n<p><strong>Visita\u00e7\u00e3o:<\/strong>&nbsp;de 20 a 22 de julho e de 25 a 26 de julho<\/p>\n\n\n\n<p><strong>Hor\u00e1rio:<\/strong>&nbsp;das 8h \u00e0s 12h e das 14h \u00e0s 17h<\/p>\n\n\n\n<p><strong>Data do leil\u00e3o:<\/strong>\u00a027 a 29 de julho<\/p>\n\n\n\n<p><\/p>\n\n\n\n<p><strong>Locais de visita\u00e7\u00e3o:<\/strong><\/p>\n\n\n\n<p>1 \u2013 Av. Bela Vista, 155, Jardim Bela Vista \u2013 Aparecida de Goi\u00e2nia<\/p>\n\n\n\n<p>2 \u2013 Av. Perimetral Norte, esq. com GO 080 \u2013 Goi\u00e2nia 2<\/p>\n\n\n\n<p>3 \u2013 Rodovia BR 153, KM 17 e Av. Militar Q \u00c1rea L \u2013 Jardim Guanabara<\/p>\n\n\n\n<p>Sites oficiais para esses leil\u00f5es: <a href=\"http:\/\/www.detran.go.gov.br\">www.detran.go.gov.br<\/a>, <a href=\"http:\/\/www.mcleilao.com.br\">www.mcleilao.com.br<\/a> e<a href=\"http:\/\/www.leiloesbrasil.com.br\"> www.leiloesbrasil.com.br<\/a>.<\/p>\n\n\n\n<p><\/p>\n\n\n\n<figure class=\"wp-block-image size-medium\"><img loading=\"lazy\" width=\"300\" height=\"200\" src=\"https:\/\/www.radiomanchester.com.br\/fm\/wp-content\/uploads\/2022\/07\/Detran-300x200.jpeg\" alt=\"\" class=\"wp-image-8585\" srcset=\"https:\/\/www.radiomanchester.com.br\/fm\/wp-content\/uploads\/2022\/07\/Detran-300x200.jpeg 300w, https:\/\/www.radiomanchester.com.br\/fm\/wp-content\/uploads\/2022\/07\/Detran.jpeg 720w\" sizes=\"(max-width: 300px) 100vw, 300px\" \/><\/figure>\n\n\n\n<p>por Detran-GO &#8211; foto: Detran\u00a0<\/p>\n","protected":false},"excerpt":{"rendered":"<p class=\"excerpt\">Lotes estar\u00e3o dispon\u00edveis para visita\u00e7\u00e3o entre os dias 20 e 22 de julho e 25 e 26 de julho em tr\u00eas p\u00e1tios diferentes. Interessados devem procurar canais oficiais para evitar golpes O Departamento Estadual de Tr\u00e2nsito de Goi\u00e1s (Detran-GO) vai leiloar aproximadamente 15 mil ve\u00edculos de 27 a 29 de julho. Entre os itens a [&hellip;]<\/p>\n","protected":false},"author":1,"featured_media":0,"comment_status":"open","ping_status":"open","sticky":false,"template":"","format":"standard","meta":[],"categories":[8,17],"tags":[22,24,113,83,92],"yoast_head":"<!-- This site is optimized with the Yoast SEO plugin v18.3 - https:\/\/yoast.com\/wordpress\/plugins\/seo\/ -->\n<title>Detran-GO leiloa quase 15 mil ve\u00edculos - Manchester FM 93,3<\/title>\n<meta name=\"robots\" content=\"index, follow, max-snippet:-1, max-image-preview:large, max-video-preview:-1\" \/>\n<link rel=\"canonical\" href=\"https:\/\/www.radiomanchester.com.br\/fm\/detran-go-leiloa-quase-15-mil-veiculos\/\" \/>\n<meta property=\"og:locale\" content=\"pt_BR\" \/>\n<meta property=\"og:type\" content=\"article\" \/>\n<meta property=\"og:title\" content=\"Detran-GO leiloa quase 15 mil ve\u00edculos - Manchester FM 93,3\" \/>\n<meta property=\"og:description\" content=\"Lotes estar\u00e3o dispon\u00edveis para visita\u00e7\u00e3o entre os dias 20 e 22 de julho e 25 e 26 de julho em tr\u00eas p\u00e1tios diferentes. Interessados devem procurar canais oficiais para evitar golpes O Departamento Estadual de Tr\u00e2nsito de Goi\u00e1s (Detran-GO) vai leiloar aproximadamente 15 mil ve\u00edculos de 27 a 29 de julho. Entre os itens a [&hellip;]\" \/>\n<meta property=\"og:url\" content=\"https:\/\/www.radiomanchester.com.br\/fm\/detran-go-leiloa-quase-15-mil-veiculos\/\" \/>\n<meta property=\"og:site_name\" content=\"Manchester FM 93,3\" \/>\n<meta property=\"article:published_time\" content=\"2022-07-18T16:11:55+00:00\" \/>\n<meta property=\"article:modified_time\" content=\"2022-07-18T16:11:58+00:00\" \/>\n<meta property=\"og:image\" content=\"https:\/\/www.radiomanchester.com.br\/fm\/wp-content\/uploads\/2022\/07\/Detran-300x200.jpeg\" \/>\n<meta name=\"twitter:card\" content=\"summary_large_image\" \/>\n<meta name=\"twitter:label1\" content=\"Escrito por\" \/>\n\t<meta name=\"twitter:data1\" content=\"admin\" \/>\n\t<meta name=\"twitter:label2\" content=\"Est. tempo de leitura\" \/>\n\t<meta name=\"twitter:data2\" content=\"3 minutos\" \/>\n<script type=\"application\/ld+json\" class=\"yoast-schema-graph\">{\"@context\":\"https:\/\/schema.org\",\"@graph\":[{\"@type\":\"WebSite\",\"@id\":\"https:\/\/www.radiomanchester.com.br\/fm\/#website\",\"url\":\"https:\/\/www.radiomanchester.com.br\/fm\/\",\"name\":\"Manchester FM 93,3\",\"description\":\"Todo Mundo Ouve!\",\"potentialAction\":[{\"@type\":\"SearchAction\",\"target\":{\"@type\":\"EntryPoint\",\"urlTemplate\":\"https:\/\/www.radiomanchester.com.br\/fm\/?s={search_term_string}\"},\"query-input\":\"required name=search_term_string\"}],\"inLanguage\":\"pt-BR\"},{\"@type\":\"ImageObject\",\"@id\":\"https:\/\/www.radiomanchester.com.br\/fm\/detran-go-leiloa-quase-15-mil-veiculos\/#primaryimage\",\"inLanguage\":\"pt-BR\",\"url\":\"https:\/\/www.radiomanchester.com.br\/fm\/wp-content\/uploads\/2022\/07\/Detran.jpeg\",\"contentUrl\":\"https:\/\/www.radiomanchester.com.br\/fm\/wp-content\/uploads\/2022\/07\/Detran.jpeg\",\"width\":720,\"height\":480},{\"@type\":\"WebPage\",\"@id\":\"https:\/\/www.radiomanchester.com.br\/fm\/detran-go-leiloa-quase-15-mil-veiculos\/#webpage\",\"url\":\"https:\/\/www.radiomanchester.com.br\/fm\/detran-go-leiloa-quase-15-mil-veiculos\/\",\"name\":\"Detran-GO leiloa quase 15 mil ve\u00edculos - Manchester FM 93,3\",\"isPartOf\":{\"@id\":\"https:\/\/www.radiomanchester.com.br\/fm\/#website\"},\"primaryImageOfPage\":{\"@id\":\"https:\/\/www.radiomanchester.com.br\/fm\/detran-go-leiloa-quase-15-mil-veiculos\/#primaryimage\"},\"datePublished\":\"2022-07-18T16:11:55+00:00\",\"dateModified\":\"2022-07-18T16:11:58+00:00\",\"author\":{\"@id\":\"https:\/\/www.radiomanchester.com.br\/fm\/#\/schema\/person\/408a7b4d4e32cbebd90e2782852abca3\"},\"breadcrumb\":{\"@id\":\"https:\/\/www.radiomanchester.com.br\/fm\/detran-go-leiloa-quase-15-mil-veiculos\/#breadcrumb\"},\"inLanguage\":\"pt-BR\",\"potentialAction\":[{\"@type\":\"ReadAction\",\"target\":[\"https:\/\/www.radiomanchester.com.br\/fm\/detran-go-leiloa-quase-15-mil-veiculos\/\"]}]},{\"@type\":\"BreadcrumbList\",\"@id\":\"https:\/\/www.radiomanchester.com.br\/fm\/detran-go-leiloa-quase-15-mil-veiculos\/#breadcrumb\",\"itemListElement\":[{\"@type\":\"ListItem\",\"position\":1,\"name\":\"Home\",\"item\":\"https:\/\/www.radiomanchester.com.br\/fm\/\"},{\"@type\":\"ListItem\",\"position\":2,\"name\":\"Detran-GO leiloa quase 15 mil ve\u00edculos\"}]},{\"@type\":\"Person\",\"@id\":\"https:\/\/www.radiomanchester.com.br\/fm\/#\/schema\/person\/408a7b4d4e32cbebd90e2782852abca3\",\"name\":\"admin\",\"image\":{\"@type\":\"ImageObject\",\"@id\":\"https:\/\/www.radiomanchester.com.br\/fm\/#personlogo\",\"inLanguage\":\"pt-BR\",\"url\":\"https:\/\/secure.gravatar.com\/avatar\/115a974dba3376872eb3addeb276301c?s=96&d=mm&r=g\",\"contentUrl\":\"https:\/\/secure.gravatar.com\/avatar\/115a974dba3376872eb3addeb276301c?s=96&d=mm&r=g\",\"caption\":\"admin\"},\"url\":\"https:\/\/www.radiomanchester.com.br\/fm\/author\/admin\/\"}]}<\/script>\n<!-- \/ Yoast SEO plugin. -->","yoast_head_json":{"title":"Detran-GO leiloa quase 15 mil ve\u00edculos - Manchester FM 93,3","robots":{"index":"index","follow":"follow","max-snippet":"max-snippet:-1","max-image-preview":"max-image-preview:large","max-video-preview":"max-video-preview:-1"},"canonical":"https:\/\/www.radiomanchester.com.br\/fm\/detran-go-leiloa-quase-15-mil-veiculos\/","og_locale":"pt_BR","og_type":"article","og_title":"Detran-GO leiloa quase 15 mil ve\u00edculos - Manchester FM 93,3","og_description":"Lotes estar\u00e3o dispon\u00edveis para visita\u00e7\u00e3o entre os dias 20 e 22 de julho e 25 e 26 de julho em tr\u00eas p\u00e1tios diferentes. Interessados devem procurar canais oficiais para evitar golpes O Departamento Estadual de Tr\u00e2nsito de Goi\u00e1s (Detran-GO) vai leiloar aproximadamente 15 mil ve\u00edculos de 27 a 29 de julho. Entre os itens a [&hellip;]","og_url":"https:\/\/www.radiomanchester.com.br\/fm\/detran-go-leiloa-quase-15-mil-veiculos\/","og_site_name":"Manchester FM 93,3","article_published_time":"2022-07-18T16:11:55+00:00","article_modified_time":"2022-07-18T16:11:58+00:00","og_image":[{"url":"https:\/\/www.radiomanchester.com.br\/fm\/wp-content\/uploads\/2022\/07\/Detran-300x200.jpeg"}],"twitter_card":"summary_large_image","twitter_misc":{"Escrito por":"admin","Est. tempo de leitura":"3 minutos"},"schema":{"@context":"https:\/\/schema.org","@graph":[{"@type":"WebSite","@id":"https:\/\/www.radiomanchester.com.br\/fm\/#website","url":"https:\/\/www.radiomanchester.com.br\/fm\/","name":"Manchester FM 93,3","description":"Todo Mundo Ouve!","potentialAction":[{"@type":"SearchAction","target":{"@type":"EntryPoint","urlTemplate":"https:\/\/www.radiomanchester.com.br\/fm\/?s={search_term_string}"},"query-input":"required name=search_term_string"}],"inLanguage":"pt-BR"},{"@type":"ImageObject","@id":"https:\/\/www.radiomanchester.com.br\/fm\/detran-go-leiloa-quase-15-mil-veiculos\/#primaryimage","inLanguage":"pt-BR","url":"https:\/\/www.radiomanchester.com.br\/fm\/wp-content\/uploads\/2022\/07\/Detran.jpeg","contentUrl":"https:\/\/www.radiomanchester.com.br\/fm\/wp-content\/uploads\/2022\/07\/Detran.jpeg","width":720,"height":480},{"@type":"WebPage","@id":"https:\/\/www.radiomanchester.com.br\/fm\/detran-go-leiloa-quase-15-mil-veiculos\/#webpage","url":"https:\/\/www.radiomanchester.com.br\/fm\/detran-go-leiloa-quase-15-mil-veiculos\/","name":"Detran-GO leiloa quase 15 mil ve\u00edculos - Manchester FM 93,3","isPartOf":{"@id":"https:\/\/www.radiomanchester.com.br\/fm\/#website"},"primaryImageOfPage":{"@id":"https:\/\/www.radiomanchester.com.br\/fm\/detran-go-leiloa-quase-15-mil-veiculos\/#primaryimage"},"datePublished":"2022-07-18T16:11:55+00:00","dateModified":"2022-07-18T16:11:58+00:00","author":{"@id":"https:\/\/www.radiomanchester.com.br\/fm\/#\/schema\/person\/408a7b4d4e32cbebd90e2782852abca3"},"breadcrumb":{"@id":"https:\/\/www.radiomanchester.com.br\/fm\/detran-go-leiloa-quase-15-mil-veiculos\/#breadcrumb"},"inLanguage":"pt-BR","potentialAction":[{"@type":"ReadAction","target":["https:\/\/www.radiomanchester.com.br\/fm\/detran-go-leiloa-quase-15-mil-veiculos\/"]}]},{"@type":"BreadcrumbList","@id":"https:\/\/www.radiomanchester.com.br\/fm\/detran-go-leiloa-quase-15-mil-veiculos\/#breadcrumb","itemListElement":[{"@type":"ListItem","position":1,"name":"Home","item":"https:\/\/www.radiomanchester.com.br\/fm\/"},{"@type":"ListItem","position":2,"name":"Detran-GO leiloa quase 15 mil ve\u00edculos"}]},{"@type":"Person","@id":"https:\/\/www.radiomanchester.com.br\/fm\/#\/schema\/person\/408a7b4d4e32cbebd90e2782852abca3","name":"admin","image":{"@type":"ImageObject","@id":"https:\/\/www.radiomanchester.com.br\/fm\/#personlogo","inLanguage":"pt-BR","url":"https:\/\/secure.gravatar.com\/avatar\/115a974dba3376872eb3addeb276301c?s=96&d=mm&r=g","contentUrl":"https:\/\/secure.gravatar.com\/avatar\/115a974dba3376872eb3addeb276301c?s=96&d=mm&r=g","caption":"admin"},"url":"https:\/\/www.radiomanchester.com.br\/fm\/author\/admin\/"}]}},"_links":{"self":[{"href":"https:\/\/www.radiomanchester.com.br\/fm\/wp-json\/wp\/v2\/posts\/8584"}],"collection":[{"href":"https:\/\/www.radiomanchester.com.br\/fm\/wp-json\/wp\/v2\/posts"}],"about":[{"href":"https:\/\/www.radiomanchester.com.br\/fm\/wp-json\/wp\/v2\/types\/post"}],"author":[{"embeddable":true,"href":"https:\/\/www.radiomanchester.com.br\/fm\/wp-json\/wp\/v2\/users\/1"}],"replies":[{"embeddable":true,"href":"https:\/\/www.radiomanchester.com.br\/fm\/wp-json\/wp\/v2\/comments?post=8584"}],"version-history":[{"count":1,"href":"https:\/\/www.radiomanchester.com.br\/fm\/wp-json\/wp\/v2\/posts\/8584\/revisions"}],"predecessor-version":[{"id":8586,"href":"https:\/\/www.radiomanchester.com.br\/fm\/wp-json\/wp\/v2\/posts\/8584\/revisions\/8586"}],"wp:attachment":[{"href":"https:\/\/www.radiomanchester.com.br\/fm\/wp-json\/wp\/v2\/media?parent=8584"}],"wp:term":[{"taxonomy":"category","embeddable":true,"href":"https:\/\/www.radiomanchester.com.br\/fm\/wp-json\/wp\/v2\/categories?post=8584"},{"taxonomy":"post_tag","embeddable":true,"href":"https:\/\/www.radiomanchester.com.br\/fm\/wp-json\/wp\/v2\/tags?post=8584"}],"curies":[{"name":"wp","href":"https:\/\/api.w.org\/{rel}","templated":true}]}}