{"id":8611,"date":"2022-07-21T10:44:59","date_gmt":"2022-07-21T13:44:59","guid":{"rendered":"https:\/\/www.radiomanchester.com.br\/fm\/?p=8611"},"modified":"2022-07-21T10:45:05","modified_gmt":"2022-07-21T13:45:05","slug":"beneficiarios-com-nis-final-4-recebem-hoje-o-auxilio-brasil","status":"publish","type":"post","link":"https:\/\/www.radiomanchester.com.br\/fm\/beneficiarios-com-nis-final-4-recebem-hoje-o-auxilio-brasil\/","title":{"rendered":"Benefici\u00e1rios com NIS final 4 recebem\u00a0hoje\u00a0o Aux\u00edlio Brasil"},"content":{"rendered":"\n<p><\/p>\n\n\n\n<p><strong><em>Valor m\u00ednimo para cada fam\u00edlia \u00e9 R$ 400<\/em><\/strong><\/p>\n\n\n\n<p>Benefici\u00e1rios com N\u00famero de Inscri\u00e7\u00e3o Social (NIS) com final 4 recebem hoje (21\/07) a parcela&nbsp;de julho&nbsp;do Aux\u00edlio Brasil. O valor m\u00ednimo do benef\u00edcio \u00e9 de R$ 400. As datas seguem o modelo do Bolsa Fam\u00edlia, que pagava os benefici\u00e1rios nos dez \u00faltimos dias \u00fateis do m\u00eas.<\/p>\n\n\n\n<p>O benefici\u00e1rio poder\u00e1 consultar informa\u00e7\u00f5es sobre as datas de pagamento, o valor do benef\u00edcio e a composi\u00e7\u00e3o das parcelas em dois aplicativos: Aux\u00edlio Brasil, desenvolvido para o programa social, e o&nbsp;Caixa Tem, usado para acompanhar as contas poupan\u00e7a digitais do banco.<\/p>\n\n\n\n<p>Atualmente, 17,5 milh\u00f5es de fam\u00edlias s\u00e3o atendidas pelo programa. No in\u00edcio do ano, 3 milh\u00f5es de fam\u00edlias foram inclu\u00eddas no Aux\u00edlio Brasil. Neste m\u00eas, as parcelas m\u00ednimas ainda equivalem a R$ 400. De agosto a dezembro, o programa pagar\u00e1 benef\u00edcio m\u00ednimo de R$ 600, conforme emenda constitucional\u00a0promulgada\u00a0no \u00faltimo dia 14 pelo Congresso Nacional.<\/p>\n\n\n\n<p><strong>Benef\u00edcios b\u00e1sicos<\/strong><\/p>\n\n\n\n<p>O Aux\u00edlio Brasil tem tr\u00eas benef\u00edcios b\u00e1sicos e seis suplementares, que podem ser adicionados caso o benefici\u00e1rio consiga um emprego ou tenha um filho que se destaque em competi\u00e7\u00f5es esportivas ou em competi\u00e7\u00f5es cient\u00edficas e acad\u00eamicas.<\/p>\n\n\n\n<p>Podem receber o benef\u00edcio as fam\u00edlias com renda per capita de at\u00e9 R$ 100, consideradas em situa\u00e7\u00e3o de extrema pobreza, e aquelas com renda per capita de at\u00e9 R$ 200, consideradas em condi\u00e7\u00e3o de pobreza.<\/p>\n\n\n\n<p>Neste m\u00eas, n\u00e3o haver\u00e1 o pagamento do Aux\u00edlio G\u00e1s, que beneficia 5,5 milh\u00f5es de fam\u00edlias at\u00e9 o fim de 2026. O benef\u00edcio, que equivalia a 50% do pre\u00e7o m\u00e9dio do botij\u00e3o de 13 quilos, ser\u00e1 retomado em agosto com o valor de 100% do pre\u00e7o m\u00e9dio. Esse aumento vigorar\u00e1 at\u00e9 dezembro, conforme emenda constitucional promulgada pelo Congresso.<\/p>\n\n\n\n<figure class=\"wp-block-image size-medium\"><img loading=\"lazy\" width=\"300\" height=\"179\" src=\"https:\/\/www.radiomanchester.com.br\/fm\/wp-content\/uploads\/2022\/07\/E8DAF1C2-339C-4DF1-9858-6D2D42F9018D-300x179.jpeg\" alt=\"\" class=\"wp-image-8612\" srcset=\"https:\/\/www.radiomanchester.com.br\/fm\/wp-content\/uploads\/2022\/07\/E8DAF1C2-339C-4DF1-9858-6D2D42F9018D-300x179.jpeg 300w, https:\/\/www.radiomanchester.com.br\/fm\/wp-content\/uploads\/2022\/07\/E8DAF1C2-339C-4DF1-9858-6D2D42F9018D-1024x613.jpeg 1024w, https:\/\/www.radiomanchester.com.br\/fm\/wp-content\/uploads\/2022\/07\/E8DAF1C2-339C-4DF1-9858-6D2D42F9018D-768x459.jpeg 768w, https:\/\/www.radiomanchester.com.br\/fm\/wp-content\/uploads\/2022\/07\/E8DAF1C2-339C-4DF1-9858-6D2D42F9018D.jpeg 1170w\" sizes=\"(max-width: 300px) 100vw, 300px\" \/><figcaption>Real Moeda brasileira<\/figcaption><\/figure>\n\n\n\n<p>Por Ag\u00eancia Brasil &#8211; foto: Ag\u00eancia Brasil<\/p>\n","protected":false},"excerpt":{"rendered":"<p class=\"excerpt\">Valor m\u00ednimo para cada fam\u00edlia \u00e9 R$ 400 Benefici\u00e1rios com N\u00famero de Inscri\u00e7\u00e3o Social (NIS) com final 4 recebem hoje (21\/07) a parcela&nbsp;de julho&nbsp;do Aux\u00edlio Brasil. O valor m\u00ednimo do benef\u00edcio \u00e9 de R$ 400. As datas seguem o modelo do Bolsa Fam\u00edlia, que pagava os benefici\u00e1rios nos dez \u00faltimos dias \u00fateis do m\u00eas. O [&hellip;]<\/p>\n","protected":false},"author":1,"featured_media":0,"comment_status":"open","ping_status":"open","sticky":false,"template":"","format":"standard","meta":[],"categories":[8,17],"tags":[22,24,113,83,92],"yoast_head":"<!-- This site is optimized with the Yoast SEO plugin v18.3 - https:\/\/yoast.com\/wordpress\/plugins\/seo\/ -->\n<title>Benefici\u00e1rios com NIS final 4 recebem\u00a0hoje\u00a0o Aux\u00edlio Brasil - Manchester FM 93,3<\/title>\n<meta name=\"robots\" content=\"index, follow, max-snippet:-1, max-image-preview:large, max-video-preview:-1\" \/>\n<link rel=\"canonical\" href=\"https:\/\/www.radiomanchester.com.br\/fm\/beneficiarios-com-nis-final-4-recebem-hoje-o-auxilio-brasil\/\" \/>\n<meta property=\"og:locale\" content=\"pt_BR\" \/>\n<meta property=\"og:type\" content=\"article\" \/>\n<meta property=\"og:title\" content=\"Benefici\u00e1rios com NIS final 4 recebem\u00a0hoje\u00a0o Aux\u00edlio Brasil - Manchester FM 93,3\" \/>\n<meta property=\"og:description\" content=\"Valor m\u00ednimo para cada fam\u00edlia \u00e9 R$ 400 Benefici\u00e1rios com N\u00famero de Inscri\u00e7\u00e3o Social (NIS) com final 4 recebem hoje (21\/07) a parcela&nbsp;de julho&nbsp;do Aux\u00edlio Brasil. O valor m\u00ednimo do benef\u00edcio \u00e9 de R$ 400. As datas seguem o modelo do Bolsa Fam\u00edlia, que pagava os benefici\u00e1rios nos dez \u00faltimos dias \u00fateis do m\u00eas. O [&hellip;]\" \/>\n<meta property=\"og:url\" content=\"https:\/\/www.radiomanchester.com.br\/fm\/beneficiarios-com-nis-final-4-recebem-hoje-o-auxilio-brasil\/\" \/>\n<meta property=\"og:site_name\" content=\"Manchester FM 93,3\" \/>\n<meta property=\"article:published_time\" content=\"2022-07-21T13:44:59+00:00\" \/>\n<meta property=\"article:modified_time\" content=\"2022-07-21T13:45:05+00:00\" \/>\n<meta property=\"og:image\" content=\"https:\/\/www.radiomanchester.com.br\/fm\/wp-content\/uploads\/2022\/07\/E8DAF1C2-339C-4DF1-9858-6D2D42F9018D-300x179.jpeg\" \/>\n<meta name=\"twitter:card\" content=\"summary_large_image\" \/>\n<meta name=\"twitter:label1\" content=\"Escrito por\" \/>\n\t<meta name=\"twitter:data1\" content=\"admin\" \/>\n\t<meta name=\"twitter:label2\" content=\"Est. tempo de leitura\" \/>\n\t<meta name=\"twitter:data2\" content=\"2 minutos\" \/>\n<script type=\"application\/ld+json\" class=\"yoast-schema-graph\">{\"@context\":\"https:\/\/schema.org\",\"@graph\":[{\"@type\":\"WebSite\",\"@id\":\"https:\/\/www.radiomanchester.com.br\/fm\/#website\",\"url\":\"https:\/\/www.radiomanchester.com.br\/fm\/\",\"name\":\"Manchester FM 93,3\",\"description\":\"Todo Mundo Ouve!\",\"potentialAction\":[{\"@type\":\"SearchAction\",\"target\":{\"@type\":\"EntryPoint\",\"urlTemplate\":\"https:\/\/www.radiomanchester.com.br\/fm\/?s={search_term_string}\"},\"query-input\":\"required name=search_term_string\"}],\"inLanguage\":\"pt-BR\"},{\"@type\":\"ImageObject\",\"@id\":\"https:\/\/www.radiomanchester.com.br\/fm\/beneficiarios-com-nis-final-4-recebem-hoje-o-auxilio-brasil\/#primaryimage\",\"inLanguage\":\"pt-BR\",\"url\":\"https:\/\/www.radiomanchester.com.br\/fm\/wp-content\/uploads\/2022\/07\/E8DAF1C2-339C-4DF1-9858-6D2D42F9018D.jpeg\",\"contentUrl\":\"https:\/\/www.radiomanchester.com.br\/fm\/wp-content\/uploads\/2022\/07\/E8DAF1C2-339C-4DF1-9858-6D2D42F9018D.jpeg\",\"width\":1170,\"height\":700,\"caption\":\"Real Moeda brasileira\"},{\"@type\":\"WebPage\",\"@id\":\"https:\/\/www.radiomanchester.com.br\/fm\/beneficiarios-com-nis-final-4-recebem-hoje-o-auxilio-brasil\/#webpage\",\"url\":\"https:\/\/www.radiomanchester.com.br\/fm\/beneficiarios-com-nis-final-4-recebem-hoje-o-auxilio-brasil\/\",\"name\":\"Benefici\u00e1rios com NIS final 4 recebem\u00a0hoje\u00a0o Aux\u00edlio Brasil - Manchester FM 93,3\",\"isPartOf\":{\"@id\":\"https:\/\/www.radiomanchester.com.br\/fm\/#website\"},\"primaryImageOfPage\":{\"@id\":\"https:\/\/www.radiomanchester.com.br\/fm\/beneficiarios-com-nis-final-4-recebem-hoje-o-auxilio-brasil\/#primaryimage\"},\"datePublished\":\"2022-07-21T13:44:59+00:00\",\"dateModified\":\"2022-07-21T13:45:05+00:00\",\"author\":{\"@id\":\"https:\/\/www.radiomanchester.com.br\/fm\/#\/schema\/person\/408a7b4d4e32cbebd90e2782852abca3\"},\"breadcrumb\":{\"@id\":\"https:\/\/www.radiomanchester.com.br\/fm\/beneficiarios-com-nis-final-4-recebem-hoje-o-auxilio-brasil\/#breadcrumb\"},\"inLanguage\":\"pt-BR\",\"potentialAction\":[{\"@type\":\"ReadAction\",\"target\":[\"https:\/\/www.radiomanchester.com.br\/fm\/beneficiarios-com-nis-final-4-recebem-hoje-o-auxilio-brasil\/\"]}]},{\"@type\":\"BreadcrumbList\",\"@id\":\"https:\/\/www.radiomanchester.com.br\/fm\/beneficiarios-com-nis-final-4-recebem-hoje-o-auxilio-brasil\/#breadcrumb\",\"itemListElement\":[{\"@type\":\"ListItem\",\"position\":1,\"name\":\"Home\",\"item\":\"https:\/\/www.radiomanchester.com.br\/fm\/\"},{\"@type\":\"ListItem\",\"position\":2,\"name\":\"Benefici\u00e1rios com NIS final 4 recebem\u00a0hoje\u00a0o Aux\u00edlio Brasil\"}]},{\"@type\":\"Person\",\"@id\":\"https:\/\/www.radiomanchester.com.br\/fm\/#\/schema\/person\/408a7b4d4e32cbebd90e2782852abca3\",\"name\":\"admin\",\"image\":{\"@type\":\"ImageObject\",\"@id\":\"https:\/\/www.radiomanchester.com.br\/fm\/#personlogo\",\"inLanguage\":\"pt-BR\",\"url\":\"https:\/\/secure.gravatar.com\/avatar\/115a974dba3376872eb3addeb276301c?s=96&d=mm&r=g\",\"contentUrl\":\"https:\/\/secure.gravatar.com\/avatar\/115a974dba3376872eb3addeb276301c?s=96&d=mm&r=g\",\"caption\":\"admin\"},\"url\":\"https:\/\/www.radiomanchester.com.br\/fm\/author\/admin\/\"}]}<\/script>\n<!-- \/ Yoast SEO plugin. -->","yoast_head_json":{"title":"Benefici\u00e1rios com NIS final 4 recebem\u00a0hoje\u00a0o Aux\u00edlio Brasil - Manchester FM 93,3","robots":{"index":"index","follow":"follow","max-snippet":"max-snippet:-1","max-image-preview":"max-image-preview:large","max-video-preview":"max-video-preview:-1"},"canonical":"https:\/\/www.radiomanchester.com.br\/fm\/beneficiarios-com-nis-final-4-recebem-hoje-o-auxilio-brasil\/","og_locale":"pt_BR","og_type":"article","og_title":"Benefici\u00e1rios com NIS final 4 recebem\u00a0hoje\u00a0o Aux\u00edlio Brasil - Manchester FM 93,3","og_description":"Valor m\u00ednimo para cada fam\u00edlia \u00e9 R$ 400 Benefici\u00e1rios com N\u00famero de Inscri\u00e7\u00e3o Social (NIS) com final 4 recebem hoje (21\/07) a parcela&nbsp;de julho&nbsp;do Aux\u00edlio Brasil. O valor m\u00ednimo do benef\u00edcio \u00e9 de R$ 400. As datas seguem o modelo do Bolsa Fam\u00edlia, que pagava os benefici\u00e1rios nos dez \u00faltimos dias \u00fateis do m\u00eas. O [&hellip;]","og_url":"https:\/\/www.radiomanchester.com.br\/fm\/beneficiarios-com-nis-final-4-recebem-hoje-o-auxilio-brasil\/","og_site_name":"Manchester FM 93,3","article_published_time":"2022-07-21T13:44:59+00:00","article_modified_time":"2022-07-21T13:45:05+00:00","og_image":[{"url":"https:\/\/www.radiomanchester.com.br\/fm\/wp-content\/uploads\/2022\/07\/E8DAF1C2-339C-4DF1-9858-6D2D42F9018D-300x179.jpeg"}],"twitter_card":"summary_large_image","twitter_misc":{"Escrito por":"admin","Est. tempo de leitura":"2 minutos"},"schema":{"@context":"https:\/\/schema.org","@graph":[{"@type":"WebSite","@id":"https:\/\/www.radiomanchester.com.br\/fm\/#website","url":"https:\/\/www.radiomanchester.com.br\/fm\/","name":"Manchester FM 93,3","description":"Todo Mundo Ouve!","potentialAction":[{"@type":"SearchAction","target":{"@type":"EntryPoint","urlTemplate":"https:\/\/www.radiomanchester.com.br\/fm\/?s={search_term_string}"},"query-input":"required name=search_term_string"}],"inLanguage":"pt-BR"},{"@type":"ImageObject","@id":"https:\/\/www.radiomanchester.com.br\/fm\/beneficiarios-com-nis-final-4-recebem-hoje-o-auxilio-brasil\/#primaryimage","inLanguage":"pt-BR","url":"https:\/\/www.radiomanchester.com.br\/fm\/wp-content\/uploads\/2022\/07\/E8DAF1C2-339C-4DF1-9858-6D2D42F9018D.jpeg","contentUrl":"https:\/\/www.radiomanchester.com.br\/fm\/wp-content\/uploads\/2022\/07\/E8DAF1C2-339C-4DF1-9858-6D2D42F9018D.jpeg","width":1170,"height":700,"caption":"Real Moeda brasileira"},{"@type":"WebPage","@id":"https:\/\/www.radiomanchester.com.br\/fm\/beneficiarios-com-nis-final-4-recebem-hoje-o-auxilio-brasil\/#webpage","url":"https:\/\/www.radiomanchester.com.br\/fm\/beneficiarios-com-nis-final-4-recebem-hoje-o-auxilio-brasil\/","name":"Benefici\u00e1rios com NIS final 4 recebem\u00a0hoje\u00a0o Aux\u00edlio Brasil - Manchester FM 93,3","isPartOf":{"@id":"https:\/\/www.radiomanchester.com.br\/fm\/#website"},"primaryImageOfPage":{"@id":"https:\/\/www.radiomanchester.com.br\/fm\/beneficiarios-com-nis-final-4-recebem-hoje-o-auxilio-brasil\/#primaryimage"},"datePublished":"2022-07-21T13:44:59+00:00","dateModified":"2022-07-21T13:45:05+00:00","author":{"@id":"https:\/\/www.radiomanchester.com.br\/fm\/#\/schema\/person\/408a7b4d4e32cbebd90e2782852abca3"},"breadcrumb":{"@id":"https:\/\/www.radiomanchester.com.br\/fm\/beneficiarios-com-nis-final-4-recebem-hoje-o-auxilio-brasil\/#breadcrumb"},"inLanguage":"pt-BR","potentialAction":[{"@type":"ReadAction","target":["https:\/\/www.radiomanchester.com.br\/fm\/beneficiarios-com-nis-final-4-recebem-hoje-o-auxilio-brasil\/"]}]},{"@type":"BreadcrumbList","@id":"https:\/\/www.radiomanchester.com.br\/fm\/beneficiarios-com-nis-final-4-recebem-hoje-o-auxilio-brasil\/#breadcrumb","itemListElement":[{"@type":"ListItem","position":1,"name":"Home","item":"https:\/\/www.radiomanchester.com.br\/fm\/"},{"@type":"ListItem","position":2,"name":"Benefici\u00e1rios com NIS final 4 recebem\u00a0hoje\u00a0o Aux\u00edlio Brasil"}]},{"@type":"Person","@id":"https:\/\/www.radiomanchester.com.br\/fm\/#\/schema\/person\/408a7b4d4e32cbebd90e2782852abca3","name":"admin","image":{"@type":"ImageObject","@id":"https:\/\/www.radiomanchester.com.br\/fm\/#personlogo","inLanguage":"pt-BR","url":"https:\/\/secure.gravatar.com\/avatar\/115a974dba3376872eb3addeb276301c?s=96&d=mm&r=g","contentUrl":"https:\/\/secure.gravatar.com\/avatar\/115a974dba3376872eb3addeb276301c?s=96&d=mm&r=g","caption":"admin"},"url":"https:\/\/www.radiomanchester.com.br\/fm\/author\/admin\/"}]}},"_links":{"self":[{"href":"https:\/\/www.radiomanchester.com.br\/fm\/wp-json\/wp\/v2\/posts\/8611"}],"collection":[{"href":"https:\/\/www.radiomanchester.com.br\/fm\/wp-json\/wp\/v2\/posts"}],"about":[{"href":"https:\/\/www.radiomanchester.com.br\/fm\/wp-json\/wp\/v2\/types\/post"}],"author":[{"embeddable":true,"href":"https:\/\/www.radiomanchester.com.br\/fm\/wp-json\/wp\/v2\/users\/1"}],"replies":[{"embeddable":true,"href":"https:\/\/www.radiomanchester.com.br\/fm\/wp-json\/wp\/v2\/comments?post=8611"}],"version-history":[{"count":1,"href":"https:\/\/www.radiomanchester.com.br\/fm\/wp-json\/wp\/v2\/posts\/8611\/revisions"}],"predecessor-version":[{"id":8613,"href":"https:\/\/www.radiomanchester.com.br\/fm\/wp-json\/wp\/v2\/posts\/8611\/revisions\/8613"}],"wp:attachment":[{"href":"https:\/\/www.radiomanchester.com.br\/fm\/wp-json\/wp\/v2\/media?parent=8611"}],"wp:term":[{"taxonomy":"category","embeddable":true,"href":"https:\/\/www.radiomanchester.com.br\/fm\/wp-json\/wp\/v2\/categories?post=8611"},{"taxonomy":"post_tag","embeddable":true,"href":"https:\/\/www.radiomanchester.com.br\/fm\/wp-json\/wp\/v2\/tags?post=8611"}],"curies":[{"name":"wp","href":"https:\/\/api.w.org\/{rel}","templated":true}]}}