{"id":8672,"date":"2022-07-28T00:25:11","date_gmt":"2022-07-28T03:25:11","guid":{"rendered":"https:\/\/www.radiomanchester.com.br\/fm\/?p=8672"},"modified":"2022-07-28T00:25:15","modified_gmt":"2022-07-28T03:25:15","slug":"atletico-go-vence-e-sai-na-frente-do-corinthians-na-copa-do-brasil","status":"publish","type":"post","link":"https:\/\/www.radiomanchester.com.br\/fm\/atletico-go-vence-e-sai-na-frente-do-corinthians-na-copa-do-brasil\/","title":{"rendered":"Atl\u00e9tico-GO vence e sai na frente do Corinthians na Copa do Brasil"},"content":{"rendered":"\n<p><\/p>\n\n\n\n<p><strong><em>Drag\u00e3o ganha por 2 a 0 e tem a vantagem do empate no jogo de volta<\/em><\/strong><\/p>\n\n\n\n<p>O Atl\u00e9tico-GO saiu na frente do Corinthians pelas quartas de final da Copa do Brasil. Nesta quarta-feira (27\/07), o Drag\u00e3o venceu o Tim\u00e3o por 2 a 0 no Est\u00e1dio Ant\u00f4nio Accioly, em Goi\u00e2nia, no jogo de ida do confronto. <\/p>\n\n\n\n<p>A partida de volta ser\u00e1 em 17 de agosto, na Neo Qu\u00edmica Arena, em S\u00e3o Paulo, \u00e0s 21h30 (hor\u00e1rio de Bras\u00edlia). O Alvinegro tem de ganhar por tr\u00eas ou mais gols de diferen\u00e7a no tempo normal para ficar com a vaga. Os goianos t\u00eam a vantagem do empate e podem at\u00e9 perder por um gol de saldo. Caso o placar agregado termine igualado, o classificado ser\u00e1 conhecido nos p\u00eanaltis.<\/p>\n\n\n\n<p>Com oito minutos de bola rolando, o Atl\u00e9tico for\u00e7ou C\u00e1ssio a duas boas defesas. A press\u00e3o deu resultado aos 22 minutos do primeiro tempo. O lateral Dudu foi lan\u00e7ado pela direita e cruzou para o meia Jorginho bater de primeira. O chute desviou no zagueiro Raul Gustavo e saiu do alcance do goleiro alvinegro, colocando os rubro-negros \u00e0 frente. Sem conseguir tramar as jogadas, o Corinthians deu pouco trabalho ao goleiro Ronaldo.<\/p>\n\n\n\n<p>Na segunda etapa, o t\u00e9cnico Vitor Pereira mexeu no meio-campo corintiano para tentar dar mais criatividade e mobilidade ao setor. As entradas dos meias Giuliano e Adson e do volante Fausto Vera, estreante, n\u00e3o facilitaram o acesso \u00e0 \u00e1rea dos rubro-negros. Com a partida sob controle, o Drag\u00e3o chegou ao segundo gol. Aos 41 minutos, o atacante L\u00e9o Pereira recebeu na esquerda e chutou colocado, perto da entrada da \u00e1rea, acertando o \u00e2ngulo de C\u00e1ssio. Um gola\u00e7o.<\/p>\n\n\n\n<p>Os dois times mudam a chave para o Campeonato Brasileiro. No s\u00e1bado (30), o Corinthians recebe o Botafogo na Neo Qu\u00edmica Arena, \u00e0s 19h. No mesmo dia, \u00e0s 20h30, o Atl\u00e9tico visita o Flamengo no Maracan\u00e3, no Rio de Janeiro. Os duelos valem pela 20\u00aa rodada da competi\u00e7\u00e3o, a primeira do segundo turno.<\/p>\n\n\n\n<figure class=\"wp-block-image size-medium\"><img loading=\"lazy\" width=\"300\" height=\"179\" src=\"https:\/\/www.radiomanchester.com.br\/fm\/wp-content\/uploads\/2022\/07\/AAB7CB95-A2BB-4580-A7C3-86142337D54D-300x179.jpeg\" alt=\"\" class=\"wp-image-8673\" srcset=\"https:\/\/www.radiomanchester.com.br\/fm\/wp-content\/uploads\/2022\/07\/AAB7CB95-A2BB-4580-A7C3-86142337D54D-300x179.jpeg 300w, https:\/\/www.radiomanchester.com.br\/fm\/wp-content\/uploads\/2022\/07\/AAB7CB95-A2BB-4580-A7C3-86142337D54D-1024x613.jpeg 1024w, https:\/\/www.radiomanchester.com.br\/fm\/wp-content\/uploads\/2022\/07\/AAB7CB95-A2BB-4580-A7C3-86142337D54D-768x459.jpeg 768w, https:\/\/www.radiomanchester.com.br\/fm\/wp-content\/uploads\/2022\/07\/AAB7CB95-A2BB-4580-A7C3-86142337D54D.jpeg 1170w\" sizes=\"(max-width: 300px) 100vw, 300px\" \/><\/figure>\n\n\n\n<p>Por Ag\u00eancia Brasil &#8211; foto: ACGO<\/p>\n","protected":false},"excerpt":{"rendered":"<p class=\"excerpt\">Drag\u00e3o ganha por 2 a 0 e tem a vantagem do empate no jogo de volta O Atl\u00e9tico-GO saiu na frente do Corinthians pelas quartas de final da Copa do Brasil. Nesta quarta-feira (27\/07), o Drag\u00e3o venceu o Tim\u00e3o por 2 a 0 no Est\u00e1dio Ant\u00f4nio Accioly, em Goi\u00e2nia, no jogo de ida do confronto. [&hellip;]<\/p>\n","protected":false},"author":1,"featured_media":0,"comment_status":"open","ping_status":"open","sticky":false,"template":"","format":"standard","meta":[],"categories":[8,17],"tags":[22,24,113,83,92],"yoast_head":"<!-- This site is optimized with the Yoast SEO plugin v18.3 - https:\/\/yoast.com\/wordpress\/plugins\/seo\/ -->\n<title>Atl\u00e9tico-GO vence e sai na frente do Corinthians na Copa do Brasil - Manchester FM 93,3<\/title>\n<meta name=\"robots\" content=\"index, follow, max-snippet:-1, max-image-preview:large, max-video-preview:-1\" \/>\n<link rel=\"canonical\" href=\"https:\/\/www.radiomanchester.com.br\/fm\/atletico-go-vence-e-sai-na-frente-do-corinthians-na-copa-do-brasil\/\" \/>\n<meta property=\"og:locale\" content=\"pt_BR\" \/>\n<meta property=\"og:type\" content=\"article\" \/>\n<meta property=\"og:title\" content=\"Atl\u00e9tico-GO vence e sai na frente do Corinthians na Copa do Brasil - Manchester FM 93,3\" \/>\n<meta property=\"og:description\" content=\"Drag\u00e3o ganha por 2 a 0 e tem a vantagem do empate no jogo de volta O Atl\u00e9tico-GO saiu na frente do Corinthians pelas quartas de final da Copa do Brasil. Nesta quarta-feira (27\/07), o Drag\u00e3o venceu o Tim\u00e3o por 2 a 0 no Est\u00e1dio Ant\u00f4nio Accioly, em Goi\u00e2nia, no jogo de ida do confronto. [&hellip;]\" \/>\n<meta property=\"og:url\" content=\"https:\/\/www.radiomanchester.com.br\/fm\/atletico-go-vence-e-sai-na-frente-do-corinthians-na-copa-do-brasil\/\" \/>\n<meta property=\"og:site_name\" content=\"Manchester FM 93,3\" \/>\n<meta property=\"article:published_time\" content=\"2022-07-28T03:25:11+00:00\" \/>\n<meta property=\"article:modified_time\" content=\"2022-07-28T03:25:15+00:00\" \/>\n<meta property=\"og:image\" content=\"https:\/\/www.radiomanchester.com.br\/fm\/wp-content\/uploads\/2022\/07\/AAB7CB95-A2BB-4580-A7C3-86142337D54D-300x179.jpeg\" \/>\n<meta name=\"twitter:card\" content=\"summary_large_image\" \/>\n<meta name=\"twitter:label1\" content=\"Escrito por\" \/>\n\t<meta name=\"twitter:data1\" content=\"admin\" \/>\n\t<meta name=\"twitter:label2\" content=\"Est. tempo de leitura\" \/>\n\t<meta name=\"twitter:data2\" content=\"3 minutos\" \/>\n<script type=\"application\/ld+json\" class=\"yoast-schema-graph\">{\"@context\":\"https:\/\/schema.org\",\"@graph\":[{\"@type\":\"WebSite\",\"@id\":\"https:\/\/www.radiomanchester.com.br\/fm\/#website\",\"url\":\"https:\/\/www.radiomanchester.com.br\/fm\/\",\"name\":\"Manchester FM 93,3\",\"description\":\"Todo Mundo Ouve!\",\"potentialAction\":[{\"@type\":\"SearchAction\",\"target\":{\"@type\":\"EntryPoint\",\"urlTemplate\":\"https:\/\/www.radiomanchester.com.br\/fm\/?s={search_term_string}\"},\"query-input\":\"required name=search_term_string\"}],\"inLanguage\":\"pt-BR\"},{\"@type\":\"ImageObject\",\"@id\":\"https:\/\/www.radiomanchester.com.br\/fm\/atletico-go-vence-e-sai-na-frente-do-corinthians-na-copa-do-brasil\/#primaryimage\",\"inLanguage\":\"pt-BR\",\"url\":\"https:\/\/www.radiomanchester.com.br\/fm\/wp-content\/uploads\/2022\/07\/AAB7CB95-A2BB-4580-A7C3-86142337D54D-300x179.jpeg\",\"contentUrl\":\"https:\/\/www.radiomanchester.com.br\/fm\/wp-content\/uploads\/2022\/07\/AAB7CB95-A2BB-4580-A7C3-86142337D54D-300x179.jpeg\"},{\"@type\":\"WebPage\",\"@id\":\"https:\/\/www.radiomanchester.com.br\/fm\/atletico-go-vence-e-sai-na-frente-do-corinthians-na-copa-do-brasil\/#webpage\",\"url\":\"https:\/\/www.radiomanchester.com.br\/fm\/atletico-go-vence-e-sai-na-frente-do-corinthians-na-copa-do-brasil\/\",\"name\":\"Atl\u00e9tico-GO vence e sai na frente do Corinthians na Copa do Brasil - Manchester FM 93,3\",\"isPartOf\":{\"@id\":\"https:\/\/www.radiomanchester.com.br\/fm\/#website\"},\"primaryImageOfPage\":{\"@id\":\"https:\/\/www.radiomanchester.com.br\/fm\/atletico-go-vence-e-sai-na-frente-do-corinthians-na-copa-do-brasil\/#primaryimage\"},\"datePublished\":\"2022-07-28T03:25:11+00:00\",\"dateModified\":\"2022-07-28T03:25:15+00:00\",\"author\":{\"@id\":\"https:\/\/www.radiomanchester.com.br\/fm\/#\/schema\/person\/408a7b4d4e32cbebd90e2782852abca3\"},\"breadcrumb\":{\"@id\":\"https:\/\/www.radiomanchester.com.br\/fm\/atletico-go-vence-e-sai-na-frente-do-corinthians-na-copa-do-brasil\/#breadcrumb\"},\"inLanguage\":\"pt-BR\",\"potentialAction\":[{\"@type\":\"ReadAction\",\"target\":[\"https:\/\/www.radiomanchester.com.br\/fm\/atletico-go-vence-e-sai-na-frente-do-corinthians-na-copa-do-brasil\/\"]}]},{\"@type\":\"BreadcrumbList\",\"@id\":\"https:\/\/www.radiomanchester.com.br\/fm\/atletico-go-vence-e-sai-na-frente-do-corinthians-na-copa-do-brasil\/#breadcrumb\",\"itemListElement\":[{\"@type\":\"ListItem\",\"position\":1,\"name\":\"Home\",\"item\":\"https:\/\/www.radiomanchester.com.br\/fm\/\"},{\"@type\":\"ListItem\",\"position\":2,\"name\":\"Atl\u00e9tico-GO vence e sai na frente do Corinthians na Copa do Brasil\"}]},{\"@type\":\"Person\",\"@id\":\"https:\/\/www.radiomanchester.com.br\/fm\/#\/schema\/person\/408a7b4d4e32cbebd90e2782852abca3\",\"name\":\"admin\",\"image\":{\"@type\":\"ImageObject\",\"@id\":\"https:\/\/www.radiomanchester.com.br\/fm\/#personlogo\",\"inLanguage\":\"pt-BR\",\"url\":\"https:\/\/secure.gravatar.com\/avatar\/115a974dba3376872eb3addeb276301c?s=96&d=mm&r=g\",\"contentUrl\":\"https:\/\/secure.gravatar.com\/avatar\/115a974dba3376872eb3addeb276301c?s=96&d=mm&r=g\",\"caption\":\"admin\"},\"url\":\"https:\/\/www.radiomanchester.com.br\/fm\/author\/admin\/\"}]}<\/script>\n<!-- \/ Yoast SEO plugin. -->","yoast_head_json":{"title":"Atl\u00e9tico-GO vence e sai na frente do Corinthians na Copa do Brasil - Manchester FM 93,3","robots":{"index":"index","follow":"follow","max-snippet":"max-snippet:-1","max-image-preview":"max-image-preview:large","max-video-preview":"max-video-preview:-1"},"canonical":"https:\/\/www.radiomanchester.com.br\/fm\/atletico-go-vence-e-sai-na-frente-do-corinthians-na-copa-do-brasil\/","og_locale":"pt_BR","og_type":"article","og_title":"Atl\u00e9tico-GO vence e sai na frente do Corinthians na Copa do Brasil - Manchester FM 93,3","og_description":"Drag\u00e3o ganha por 2 a 0 e tem a vantagem do empate no jogo de volta O Atl\u00e9tico-GO saiu na frente do Corinthians pelas quartas de final da Copa do Brasil. Nesta quarta-feira (27\/07), o Drag\u00e3o venceu o Tim\u00e3o por 2 a 0 no Est\u00e1dio Ant\u00f4nio Accioly, em Goi\u00e2nia, no jogo de ida do confronto. [&hellip;]","og_url":"https:\/\/www.radiomanchester.com.br\/fm\/atletico-go-vence-e-sai-na-frente-do-corinthians-na-copa-do-brasil\/","og_site_name":"Manchester FM 93,3","article_published_time":"2022-07-28T03:25:11+00:00","article_modified_time":"2022-07-28T03:25:15+00:00","og_image":[{"url":"https:\/\/www.radiomanchester.com.br\/fm\/wp-content\/uploads\/2022\/07\/AAB7CB95-A2BB-4580-A7C3-86142337D54D-300x179.jpeg"}],"twitter_card":"summary_large_image","twitter_misc":{"Escrito por":"admin","Est. tempo de leitura":"3 minutos"},"schema":{"@context":"https:\/\/schema.org","@graph":[{"@type":"WebSite","@id":"https:\/\/www.radiomanchester.com.br\/fm\/#website","url":"https:\/\/www.radiomanchester.com.br\/fm\/","name":"Manchester FM 93,3","description":"Todo Mundo Ouve!","potentialAction":[{"@type":"SearchAction","target":{"@type":"EntryPoint","urlTemplate":"https:\/\/www.radiomanchester.com.br\/fm\/?s={search_term_string}"},"query-input":"required name=search_term_string"}],"inLanguage":"pt-BR"},{"@type":"ImageObject","@id":"https:\/\/www.radiomanchester.com.br\/fm\/atletico-go-vence-e-sai-na-frente-do-corinthians-na-copa-do-brasil\/#primaryimage","inLanguage":"pt-BR","url":"https:\/\/www.radiomanchester.com.br\/fm\/wp-content\/uploads\/2022\/07\/AAB7CB95-A2BB-4580-A7C3-86142337D54D-300x179.jpeg","contentUrl":"https:\/\/www.radiomanchester.com.br\/fm\/wp-content\/uploads\/2022\/07\/AAB7CB95-A2BB-4580-A7C3-86142337D54D-300x179.jpeg"},{"@type":"WebPage","@id":"https:\/\/www.radiomanchester.com.br\/fm\/atletico-go-vence-e-sai-na-frente-do-corinthians-na-copa-do-brasil\/#webpage","url":"https:\/\/www.radiomanchester.com.br\/fm\/atletico-go-vence-e-sai-na-frente-do-corinthians-na-copa-do-brasil\/","name":"Atl\u00e9tico-GO vence e sai na frente do Corinthians na Copa do Brasil - Manchester FM 93,3","isPartOf":{"@id":"https:\/\/www.radiomanchester.com.br\/fm\/#website"},"primaryImageOfPage":{"@id":"https:\/\/www.radiomanchester.com.br\/fm\/atletico-go-vence-e-sai-na-frente-do-corinthians-na-copa-do-brasil\/#primaryimage"},"datePublished":"2022-07-28T03:25:11+00:00","dateModified":"2022-07-28T03:25:15+00:00","author":{"@id":"https:\/\/www.radiomanchester.com.br\/fm\/#\/schema\/person\/408a7b4d4e32cbebd90e2782852abca3"},"breadcrumb":{"@id":"https:\/\/www.radiomanchester.com.br\/fm\/atletico-go-vence-e-sai-na-frente-do-corinthians-na-copa-do-brasil\/#breadcrumb"},"inLanguage":"pt-BR","potentialAction":[{"@type":"ReadAction","target":["https:\/\/www.radiomanchester.com.br\/fm\/atletico-go-vence-e-sai-na-frente-do-corinthians-na-copa-do-brasil\/"]}]},{"@type":"BreadcrumbList","@id":"https:\/\/www.radiomanchester.com.br\/fm\/atletico-go-vence-e-sai-na-frente-do-corinthians-na-copa-do-brasil\/#breadcrumb","itemListElement":[{"@type":"ListItem","position":1,"name":"Home","item":"https:\/\/www.radiomanchester.com.br\/fm\/"},{"@type":"ListItem","position":2,"name":"Atl\u00e9tico-GO vence e sai na frente do Corinthians na Copa do Brasil"}]},{"@type":"Person","@id":"https:\/\/www.radiomanchester.com.br\/fm\/#\/schema\/person\/408a7b4d4e32cbebd90e2782852abca3","name":"admin","image":{"@type":"ImageObject","@id":"https:\/\/www.radiomanchester.com.br\/fm\/#personlogo","inLanguage":"pt-BR","url":"https:\/\/secure.gravatar.com\/avatar\/115a974dba3376872eb3addeb276301c?s=96&d=mm&r=g","contentUrl":"https:\/\/secure.gravatar.com\/avatar\/115a974dba3376872eb3addeb276301c?s=96&d=mm&r=g","caption":"admin"},"url":"https:\/\/www.radiomanchester.com.br\/fm\/author\/admin\/"}]}},"_links":{"self":[{"href":"https:\/\/www.radiomanchester.com.br\/fm\/wp-json\/wp\/v2\/posts\/8672"}],"collection":[{"href":"https:\/\/www.radiomanchester.com.br\/fm\/wp-json\/wp\/v2\/posts"}],"about":[{"href":"https:\/\/www.radiomanchester.com.br\/fm\/wp-json\/wp\/v2\/types\/post"}],"author":[{"embeddable":true,"href":"https:\/\/www.radiomanchester.com.br\/fm\/wp-json\/wp\/v2\/users\/1"}],"replies":[{"embeddable":true,"href":"https:\/\/www.radiomanchester.com.br\/fm\/wp-json\/wp\/v2\/comments?post=8672"}],"version-history":[{"count":1,"href":"https:\/\/www.radiomanchester.com.br\/fm\/wp-json\/wp\/v2\/posts\/8672\/revisions"}],"predecessor-version":[{"id":8674,"href":"https:\/\/www.radiomanchester.com.br\/fm\/wp-json\/wp\/v2\/posts\/8672\/revisions\/8674"}],"wp:attachment":[{"href":"https:\/\/www.radiomanchester.com.br\/fm\/wp-json\/wp\/v2\/media?parent=8672"}],"wp:term":[{"taxonomy":"category","embeddable":true,"href":"https:\/\/www.radiomanchester.com.br\/fm\/wp-json\/wp\/v2\/categories?post=8672"},{"taxonomy":"post_tag","embeddable":true,"href":"https:\/\/www.radiomanchester.com.br\/fm\/wp-json\/wp\/v2\/tags?post=8672"}],"curies":[{"name":"wp","href":"https:\/\/api.w.org\/{rel}","templated":true}]}}