{"id":8686,"date":"2022-07-29T10:27:38","date_gmt":"2022-07-29T13:27:38","guid":{"rendered":"https:\/\/www.radiomanchester.com.br\/fm\/?p=8686"},"modified":"2022-07-29T10:27:43","modified_gmt":"2022-07-29T13:27:43","slug":"mae-e-filhos-em-carcere-privado-ha-17-anos-sao-libertados-no-rio-de-janeiro","status":"publish","type":"post","link":"https:\/\/www.radiomanchester.com.br\/fm\/mae-e-filhos-em-carcere-privado-ha-17-anos-sao-libertados-no-rio-de-janeiro\/","title":{"rendered":"M\u00e3e e filhos, em c\u00e1rcere privado h\u00e1 17 anos, s\u00e3o libertados no Rio de Janeiro"},"content":{"rendered":"\n<p><\/p>\n\n\n\n<p><strong><em>Eles estavam numa casa em Guaratiba, zona oeste da capital<\/em><\/strong><\/p>\n\n\n\n<p>Uma mulher e dois jovens &#8211; mantidos em c\u00e1rcere privado h\u00e1 17 anos &#8211; foram libertados ontem (28\/07), por policiais em uma casa na zona oeste do Rio de Janeiro. Segundo a Pol\u00edcia Militar (PM), os tr\u00eas foram encontrados amarrados em sua casa no bairro de Guaratiba.<\/p>\n\n\n\n<p>Os policiais foram ao local ap\u00f3s receber uma den\u00fancia an\u00f4nima. As v\u00edtimas estavam sujas e subnutridas, de acordo com a PM, e foram socorridas pelo Servi\u00e7o de Atendimento M\u00f3vel de Urg\u00eancia (Samu).<\/p>\n\n\n\n<p>O suspeito de mant\u00ea-las presas era o pr\u00f3prio marido e pai das v\u00edtimas. Ele foi preso em flagrante e encaminhado \u00e0 Delegacia de Pol\u00edcia de Guaratiba (43\u00aa DP). Os nomes dos quatro n\u00e3o foram divulgados.<\/p>\n\n\n\n<figure class=\"wp-block-image size-medium\"><img loading=\"lazy\" width=\"300\" height=\"163\" src=\"https:\/\/www.radiomanchester.com.br\/fm\/wp-content\/uploads\/2022\/07\/89C6D260-9384-40B7-80E7-25CF76063F3B-300x163.jpeg\" alt=\"\" class=\"wp-image-8687\" srcset=\"https:\/\/www.radiomanchester.com.br\/fm\/wp-content\/uploads\/2022\/07\/89C6D260-9384-40B7-80E7-25CF76063F3B-300x163.jpeg 300w, https:\/\/www.radiomanchester.com.br\/fm\/wp-content\/uploads\/2022\/07\/89C6D260-9384-40B7-80E7-25CF76063F3B-768x418.jpeg 768w, https:\/\/www.radiomanchester.com.br\/fm\/wp-content\/uploads\/2022\/07\/89C6D260-9384-40B7-80E7-25CF76063F3B.jpeg 771w\" sizes=\"(max-width: 300px) 100vw, 300px\" \/><\/figure>\n\n\n\n<p>Por Ag\u00eancia Brasil &#8211; foto: reprodu\u00e7\u00e3o&nbsp;<\/p>\n","protected":false},"excerpt":{"rendered":"<p class=\"excerpt\">Eles estavam numa casa em Guaratiba, zona oeste da capital Uma mulher e dois jovens &#8211; mantidos em c\u00e1rcere privado h\u00e1 17 anos &#8211; foram libertados ontem (28\/07), por policiais em uma casa na zona oeste do Rio de Janeiro. Segundo a Pol\u00edcia Militar (PM), os tr\u00eas foram encontrados amarrados em sua casa no bairro [&hellip;]<\/p>\n","protected":false},"author":1,"featured_media":0,"comment_status":"open","ping_status":"open","sticky":false,"template":"","format":"standard","meta":[],"categories":[8,17],"tags":[22,24,113,83,92],"yoast_head":"<!-- This site is optimized with the Yoast SEO plugin v18.3 - https:\/\/yoast.com\/wordpress\/plugins\/seo\/ -->\n<title>M\u00e3e e filhos, em c\u00e1rcere privado h\u00e1 17 anos, s\u00e3o libertados no Rio de Janeiro - Manchester FM 93,3<\/title>\n<meta name=\"robots\" content=\"index, follow, max-snippet:-1, max-image-preview:large, max-video-preview:-1\" \/>\n<link rel=\"canonical\" href=\"https:\/\/www.radiomanchester.com.br\/fm\/mae-e-filhos-em-carcere-privado-ha-17-anos-sao-libertados-no-rio-de-janeiro\/\" \/>\n<meta property=\"og:locale\" content=\"pt_BR\" \/>\n<meta property=\"og:type\" content=\"article\" \/>\n<meta property=\"og:title\" content=\"M\u00e3e e filhos, em c\u00e1rcere privado h\u00e1 17 anos, s\u00e3o libertados no Rio de Janeiro - Manchester FM 93,3\" \/>\n<meta property=\"og:description\" content=\"Eles estavam numa casa em Guaratiba, zona oeste da capital Uma mulher e dois jovens &#8211; mantidos em c\u00e1rcere privado h\u00e1 17 anos &#8211; foram libertados ontem (28\/07), por policiais em uma casa na zona oeste do Rio de Janeiro. Segundo a Pol\u00edcia Militar (PM), os tr\u00eas foram encontrados amarrados em sua casa no bairro [&hellip;]\" \/>\n<meta property=\"og:url\" content=\"https:\/\/www.radiomanchester.com.br\/fm\/mae-e-filhos-em-carcere-privado-ha-17-anos-sao-libertados-no-rio-de-janeiro\/\" \/>\n<meta property=\"og:site_name\" content=\"Manchester FM 93,3\" \/>\n<meta property=\"article:published_time\" content=\"2022-07-29T13:27:38+00:00\" \/>\n<meta property=\"article:modified_time\" content=\"2022-07-29T13:27:43+00:00\" \/>\n<meta property=\"og:image\" content=\"https:\/\/www.radiomanchester.com.br\/fm\/wp-content\/uploads\/2022\/07\/89C6D260-9384-40B7-80E7-25CF76063F3B-300x163.jpeg\" \/>\n<meta name=\"twitter:card\" content=\"summary_large_image\" \/>\n<meta name=\"twitter:label1\" content=\"Escrito por\" \/>\n\t<meta name=\"twitter:data1\" content=\"admin\" \/>\n\t<meta name=\"twitter:label2\" content=\"Est. tempo de leitura\" \/>\n\t<meta name=\"twitter:data2\" content=\"1 minuto\" \/>\n<script type=\"application\/ld+json\" class=\"yoast-schema-graph\">{\"@context\":\"https:\/\/schema.org\",\"@graph\":[{\"@type\":\"WebSite\",\"@id\":\"https:\/\/www.radiomanchester.com.br\/fm\/#website\",\"url\":\"https:\/\/www.radiomanchester.com.br\/fm\/\",\"name\":\"Manchester FM 93,3\",\"description\":\"Todo Mundo Ouve!\",\"potentialAction\":[{\"@type\":\"SearchAction\",\"target\":{\"@type\":\"EntryPoint\",\"urlTemplate\":\"https:\/\/www.radiomanchester.com.br\/fm\/?s={search_term_string}\"},\"query-input\":\"required name=search_term_string\"}],\"inLanguage\":\"pt-BR\"},{\"@type\":\"ImageObject\",\"@id\":\"https:\/\/www.radiomanchester.com.br\/fm\/mae-e-filhos-em-carcere-privado-ha-17-anos-sao-libertados-no-rio-de-janeiro\/#primaryimage\",\"inLanguage\":\"pt-BR\",\"url\":\"https:\/\/www.radiomanchester.com.br\/fm\/wp-content\/uploads\/2022\/07\/89C6D260-9384-40B7-80E7-25CF76063F3B.jpeg\",\"contentUrl\":\"https:\/\/www.radiomanchester.com.br\/fm\/wp-content\/uploads\/2022\/07\/89C6D260-9384-40B7-80E7-25CF76063F3B.jpeg\",\"width\":771,\"height\":420},{\"@type\":\"WebPage\",\"@id\":\"https:\/\/www.radiomanchester.com.br\/fm\/mae-e-filhos-em-carcere-privado-ha-17-anos-sao-libertados-no-rio-de-janeiro\/#webpage\",\"url\":\"https:\/\/www.radiomanchester.com.br\/fm\/mae-e-filhos-em-carcere-privado-ha-17-anos-sao-libertados-no-rio-de-janeiro\/\",\"name\":\"M\u00e3e e filhos, em c\u00e1rcere privado h\u00e1 17 anos, s\u00e3o libertados no Rio de Janeiro - Manchester FM 93,3\",\"isPartOf\":{\"@id\":\"https:\/\/www.radiomanchester.com.br\/fm\/#website\"},\"primaryImageOfPage\":{\"@id\":\"https:\/\/www.radiomanchester.com.br\/fm\/mae-e-filhos-em-carcere-privado-ha-17-anos-sao-libertados-no-rio-de-janeiro\/#primaryimage\"},\"datePublished\":\"2022-07-29T13:27:38+00:00\",\"dateModified\":\"2022-07-29T13:27:43+00:00\",\"author\":{\"@id\":\"https:\/\/www.radiomanchester.com.br\/fm\/#\/schema\/person\/408a7b4d4e32cbebd90e2782852abca3\"},\"breadcrumb\":{\"@id\":\"https:\/\/www.radiomanchester.com.br\/fm\/mae-e-filhos-em-carcere-privado-ha-17-anos-sao-libertados-no-rio-de-janeiro\/#breadcrumb\"},\"inLanguage\":\"pt-BR\",\"potentialAction\":[{\"@type\":\"ReadAction\",\"target\":[\"https:\/\/www.radiomanchester.com.br\/fm\/mae-e-filhos-em-carcere-privado-ha-17-anos-sao-libertados-no-rio-de-janeiro\/\"]}]},{\"@type\":\"BreadcrumbList\",\"@id\":\"https:\/\/www.radiomanchester.com.br\/fm\/mae-e-filhos-em-carcere-privado-ha-17-anos-sao-libertados-no-rio-de-janeiro\/#breadcrumb\",\"itemListElement\":[{\"@type\":\"ListItem\",\"position\":1,\"name\":\"Home\",\"item\":\"https:\/\/www.radiomanchester.com.br\/fm\/\"},{\"@type\":\"ListItem\",\"position\":2,\"name\":\"M\u00e3e e filhos, em c\u00e1rcere privado h\u00e1 17 anos, s\u00e3o libertados no Rio de Janeiro\"}]},{\"@type\":\"Person\",\"@id\":\"https:\/\/www.radiomanchester.com.br\/fm\/#\/schema\/person\/408a7b4d4e32cbebd90e2782852abca3\",\"name\":\"admin\",\"image\":{\"@type\":\"ImageObject\",\"@id\":\"https:\/\/www.radiomanchester.com.br\/fm\/#personlogo\",\"inLanguage\":\"pt-BR\",\"url\":\"https:\/\/secure.gravatar.com\/avatar\/115a974dba3376872eb3addeb276301c?s=96&d=mm&r=g\",\"contentUrl\":\"https:\/\/secure.gravatar.com\/avatar\/115a974dba3376872eb3addeb276301c?s=96&d=mm&r=g\",\"caption\":\"admin\"},\"url\":\"https:\/\/www.radiomanchester.com.br\/fm\/author\/admin\/\"}]}<\/script>\n<!-- \/ Yoast SEO plugin. -->","yoast_head_json":{"title":"M\u00e3e e filhos, em c\u00e1rcere privado h\u00e1 17 anos, s\u00e3o libertados no Rio de Janeiro - Manchester FM 93,3","robots":{"index":"index","follow":"follow","max-snippet":"max-snippet:-1","max-image-preview":"max-image-preview:large","max-video-preview":"max-video-preview:-1"},"canonical":"https:\/\/www.radiomanchester.com.br\/fm\/mae-e-filhos-em-carcere-privado-ha-17-anos-sao-libertados-no-rio-de-janeiro\/","og_locale":"pt_BR","og_type":"article","og_title":"M\u00e3e e filhos, em c\u00e1rcere privado h\u00e1 17 anos, s\u00e3o libertados no Rio de Janeiro - Manchester FM 93,3","og_description":"Eles estavam numa casa em Guaratiba, zona oeste da capital Uma mulher e dois jovens &#8211; mantidos em c\u00e1rcere privado h\u00e1 17 anos &#8211; foram libertados ontem (28\/07), por policiais em uma casa na zona oeste do Rio de Janeiro. Segundo a Pol\u00edcia Militar (PM), os tr\u00eas foram encontrados amarrados em sua casa no bairro [&hellip;]","og_url":"https:\/\/www.radiomanchester.com.br\/fm\/mae-e-filhos-em-carcere-privado-ha-17-anos-sao-libertados-no-rio-de-janeiro\/","og_site_name":"Manchester FM 93,3","article_published_time":"2022-07-29T13:27:38+00:00","article_modified_time":"2022-07-29T13:27:43+00:00","og_image":[{"url":"https:\/\/www.radiomanchester.com.br\/fm\/wp-content\/uploads\/2022\/07\/89C6D260-9384-40B7-80E7-25CF76063F3B-300x163.jpeg"}],"twitter_card":"summary_large_image","twitter_misc":{"Escrito por":"admin","Est. tempo de leitura":"1 minuto"},"schema":{"@context":"https:\/\/schema.org","@graph":[{"@type":"WebSite","@id":"https:\/\/www.radiomanchester.com.br\/fm\/#website","url":"https:\/\/www.radiomanchester.com.br\/fm\/","name":"Manchester FM 93,3","description":"Todo Mundo Ouve!","potentialAction":[{"@type":"SearchAction","target":{"@type":"EntryPoint","urlTemplate":"https:\/\/www.radiomanchester.com.br\/fm\/?s={search_term_string}"},"query-input":"required name=search_term_string"}],"inLanguage":"pt-BR"},{"@type":"ImageObject","@id":"https:\/\/www.radiomanchester.com.br\/fm\/mae-e-filhos-em-carcere-privado-ha-17-anos-sao-libertados-no-rio-de-janeiro\/#primaryimage","inLanguage":"pt-BR","url":"https:\/\/www.radiomanchester.com.br\/fm\/wp-content\/uploads\/2022\/07\/89C6D260-9384-40B7-80E7-25CF76063F3B.jpeg","contentUrl":"https:\/\/www.radiomanchester.com.br\/fm\/wp-content\/uploads\/2022\/07\/89C6D260-9384-40B7-80E7-25CF76063F3B.jpeg","width":771,"height":420},{"@type":"WebPage","@id":"https:\/\/www.radiomanchester.com.br\/fm\/mae-e-filhos-em-carcere-privado-ha-17-anos-sao-libertados-no-rio-de-janeiro\/#webpage","url":"https:\/\/www.radiomanchester.com.br\/fm\/mae-e-filhos-em-carcere-privado-ha-17-anos-sao-libertados-no-rio-de-janeiro\/","name":"M\u00e3e e filhos, em c\u00e1rcere privado h\u00e1 17 anos, s\u00e3o libertados no Rio de Janeiro - Manchester FM 93,3","isPartOf":{"@id":"https:\/\/www.radiomanchester.com.br\/fm\/#website"},"primaryImageOfPage":{"@id":"https:\/\/www.radiomanchester.com.br\/fm\/mae-e-filhos-em-carcere-privado-ha-17-anos-sao-libertados-no-rio-de-janeiro\/#primaryimage"},"datePublished":"2022-07-29T13:27:38+00:00","dateModified":"2022-07-29T13:27:43+00:00","author":{"@id":"https:\/\/www.radiomanchester.com.br\/fm\/#\/schema\/person\/408a7b4d4e32cbebd90e2782852abca3"},"breadcrumb":{"@id":"https:\/\/www.radiomanchester.com.br\/fm\/mae-e-filhos-em-carcere-privado-ha-17-anos-sao-libertados-no-rio-de-janeiro\/#breadcrumb"},"inLanguage":"pt-BR","potentialAction":[{"@type":"ReadAction","target":["https:\/\/www.radiomanchester.com.br\/fm\/mae-e-filhos-em-carcere-privado-ha-17-anos-sao-libertados-no-rio-de-janeiro\/"]}]},{"@type":"BreadcrumbList","@id":"https:\/\/www.radiomanchester.com.br\/fm\/mae-e-filhos-em-carcere-privado-ha-17-anos-sao-libertados-no-rio-de-janeiro\/#breadcrumb","itemListElement":[{"@type":"ListItem","position":1,"name":"Home","item":"https:\/\/www.radiomanchester.com.br\/fm\/"},{"@type":"ListItem","position":2,"name":"M\u00e3e e filhos, em c\u00e1rcere privado h\u00e1 17 anos, s\u00e3o libertados no Rio de Janeiro"}]},{"@type":"Person","@id":"https:\/\/www.radiomanchester.com.br\/fm\/#\/schema\/person\/408a7b4d4e32cbebd90e2782852abca3","name":"admin","image":{"@type":"ImageObject","@id":"https:\/\/www.radiomanchester.com.br\/fm\/#personlogo","inLanguage":"pt-BR","url":"https:\/\/secure.gravatar.com\/avatar\/115a974dba3376872eb3addeb276301c?s=96&d=mm&r=g","contentUrl":"https:\/\/secure.gravatar.com\/avatar\/115a974dba3376872eb3addeb276301c?s=96&d=mm&r=g","caption":"admin"},"url":"https:\/\/www.radiomanchester.com.br\/fm\/author\/admin\/"}]}},"_links":{"self":[{"href":"https:\/\/www.radiomanchester.com.br\/fm\/wp-json\/wp\/v2\/posts\/8686"}],"collection":[{"href":"https:\/\/www.radiomanchester.com.br\/fm\/wp-json\/wp\/v2\/posts"}],"about":[{"href":"https:\/\/www.radiomanchester.com.br\/fm\/wp-json\/wp\/v2\/types\/post"}],"author":[{"embeddable":true,"href":"https:\/\/www.radiomanchester.com.br\/fm\/wp-json\/wp\/v2\/users\/1"}],"replies":[{"embeddable":true,"href":"https:\/\/www.radiomanchester.com.br\/fm\/wp-json\/wp\/v2\/comments?post=8686"}],"version-history":[{"count":1,"href":"https:\/\/www.radiomanchester.com.br\/fm\/wp-json\/wp\/v2\/posts\/8686\/revisions"}],"predecessor-version":[{"id":8688,"href":"https:\/\/www.radiomanchester.com.br\/fm\/wp-json\/wp\/v2\/posts\/8686\/revisions\/8688"}],"wp:attachment":[{"href":"https:\/\/www.radiomanchester.com.br\/fm\/wp-json\/wp\/v2\/media?parent=8686"}],"wp:term":[{"taxonomy":"category","embeddable":true,"href":"https:\/\/www.radiomanchester.com.br\/fm\/wp-json\/wp\/v2\/categories?post=8686"},{"taxonomy":"post_tag","embeddable":true,"href":"https:\/\/www.radiomanchester.com.br\/fm\/wp-json\/wp\/v2\/tags?post=8686"}],"curies":[{"name":"wp","href":"https:\/\/api.w.org\/{rel}","templated":true}]}}