{"id":8741,"date":"2022-08-03T07:00:00","date_gmt":"2022-08-03T10:00:00","guid":{"rendered":"https:\/\/www.radiomanchester.com.br\/fm\/?p=8741"},"modified":"2022-08-02T22:16:41","modified_gmt":"2022-08-03T01:16:41","slug":"auxilio-gas-sera-de-r-110-em-agosto-informa-caixa","status":"publish","type":"post","link":"https:\/\/www.radiomanchester.com.br\/fm\/auxilio-gas-sera-de-r-110-em-agosto-informa-caixa\/","title":{"rendered":"Aux\u00edlio G\u00e1s ser\u00e1 de R$ 110 em agosto, informa Caixa"},"content":{"rendered":"\n<p><strong><em>Benef\u00edcio ser\u00e1 pago entre os dias 9 e 22<\/em><\/strong><\/p>\n\n\n\n<hr class=\"wp-block-separator\"\/>\n\n\n\n<p>Cerca de 5,6 milh\u00f5es de fam\u00edlias receber\u00e3o R$ 110 de Aux\u00edlio G\u00e1s em agosto, anunciou nesta ter\u00e7a-feira, (2\/08), a Caixa Econ\u00f4mica Federal. At\u00e9 dezembro, o benef\u00edcio ter\u00e1 o valor dobrado por causa da <a href=\"https:\/\/agenciabrasil.ebc.com.br\/politica\/noticia\/2022-07\/congresso-promulga-pec-que-aumenta-beneficios-sociais-ate-dezembro\">emenda constitucional que elevou benef\u00edcios sociais<\/a>.<\/p>\n\n\n\n<div style=\"height:100px\" aria-hidden=\"true\" class=\"wp-block-spacer\"><\/div>\n\n\n\n<p>O pagamento ocorrer\u00e1 de 9 a 22 de agosto, com base no d\u00edgito final do N\u00famero de Inscri\u00e7\u00e3o Social (NIS). As datas s\u00e3o as mesmas datas das parcelas do Aux\u00edlio Brasil, que teve o calend\u00e1rio de pagamento deste m\u00eas <a href=\"https:\/\/agenciabrasil.ebc.com.br\/economia\/noticia\/2022-07\/governo-antecipa-calendario-do-auxilio-brasil\">antecipado.<\/a><\/p>\n\n\n\n<div style=\"height:100px\" aria-hidden=\"true\" class=\"wp-block-spacer\"><\/div>\n\n\n\n<p>Tradicionalmente, os dois benef\u00edcios s\u00e3o pagos nos \u00faltimos dez dias \u00fateis do m\u00eas, sendo que o Aux\u00edlio G\u00e1s \u00e9 bimestral, pago a cada dois meses. Originalmente, a parcela de agosto seria paga entre os dias 18 e 31, mas foi antecipada.<\/p>\n\n\n\n<div style=\"height:100px\" aria-hidden=\"true\" class=\"wp-block-spacer\"><\/div>\n\n\n\n<p>Com a emenda constitucional que elevou benef\u00edcios sociais, o Aux\u00edlio G\u00e1s teve o valor dobrado, equivalendo a 100% do valor m\u00e9dio do botij\u00e3o de 13 quilos nas parcelas de agosto, outubro e dezembro. Em 2023, o benef\u00edcio voltar\u00e1 a valer metade do pre\u00e7o m\u00e9dio do botij\u00e3o.<\/p>\n\n\n\n<div style=\"height:100px\" aria-hidden=\"true\" class=\"wp-block-spacer\"><\/div>\n\n\n\n<p><strong>C\u00e1lculo<br><\/strong>Para calcular o benef\u00edcio, a Caixa Econ\u00f4mica Federal baseia-se nas pesquisas da Ag\u00eancia Nacional do Petr\u00f3leo, G\u00e1s Natural e Biocombust\u00edveis (ANP), que at\u00e9 o d\u00e9cimo dia \u00fatil de cada m\u00eas divulga o pre\u00e7o m\u00e9dio dos seis meses anteriores do botij\u00e3o de 13 quilos de g\u00e1s liquefeito de petr\u00f3leo (GLP). Dessa forma, a cada dois meses, o benef\u00edcio muda de valor.<\/p>\n\n\n\n<div style=\"height:100px\" aria-hidden=\"true\" class=\"wp-block-spacer\"><\/div>\n\n\n\n<p>O Aux\u00edlio G\u00e1s totalizou R$ 52 em janeiro, R$ 51 em abril e R$ 53 em junho, quando equivalia a 50% do pre\u00e7o m\u00e9dio do botij\u00e3o. Tradicionalmente, o benef\u00edcio \u00e9 pago a cada dois meses, mas a parcela de fevereiro foi antecipada para janeiro.<\/p>\n\n\n\n<div style=\"height:100px\" aria-hidden=\"true\" class=\"wp-block-spacer\"><\/div>\n\n\n\n<p><strong>Dura\u00e7\u00e3o<\/strong><br>Com dura\u00e7\u00e3o prevista de cinco anos, o programa beneficiar\u00e1 5,6 milh\u00f5es de fam\u00edlias, at\u00e9 o fim de 2026, com o pagamento de 50% do pre\u00e7o m\u00e9dio do botij\u00e3o de 13 quilos a cada dois meses (100% de agosto a dezembro). Para este ano, o Aux\u00edlio G\u00e1s tinha or\u00e7amento de R$ 1,9 bilh\u00e3o, mas a verba subiu para R$ 2,95 bilh\u00f5es com a emenda constitucional.<\/p>\n\n\n\n<div style=\"height:100px\" aria-hidden=\"true\" class=\"wp-block-spacer\"><\/div>\n\n\n\n<p>S\u00f3 pode fazer parte do programa quem est\u00e1 inclu\u00eddo no Cadastro \u00danico para Programas Sociais do Governo Federal (Cad\u00danico) e tenha pelo menos um membro da fam\u00edlia que receba o Benef\u00edcio de Presta\u00e7\u00e3o Continuada (BPC). A lei que criou o programa definiu que a mulher respons\u00e1vel pela fam\u00edlia ter\u00e1 prefer\u00eancia, assim como mulheres v\u00edtimas de viol\u00eancia dom\u00e9stica.<\/p>\n\n\n\n<div style=\"height:100px\" aria-hidden=\"true\" class=\"wp-block-spacer\"><\/div>\n\n\n\n<p><strong>Caixa Tem<br><\/strong>O Aux\u00edlio G\u00e1s \u00e9 pago com os mesmos cart\u00f5es e as mesmas senhas do Aux\u00edlio Brasil, podendo ser sacado em lot\u00e9ricas, terminais de autoatendimento e correspondentes banc\u00e1rios Caixa Aqui. O benef\u00edcio tamb\u00e9m pode ser depositado nas contas poupan\u00e7a digitais, criadas para o pagamento do Aux\u00edlio Emergencial em 2020, e movimentado por meio do aplicativo Caixa Tem.<\/p>\n\n\n\n<div style=\"height:100px\" aria-hidden=\"true\" class=\"wp-block-spacer\"><\/div>\n\n\n\n<p>O benefici\u00e1rio precisa ficar atento. Caso n\u00e3o saque o Aux\u00edlio G\u00e1s em 120 dias ap\u00f3s a data do pagamento, o dinheiro volta para a conta do governo. Quem tiver d\u00favidas sobre a situa\u00e7\u00e3o do benef\u00edcio pode fazer uma consulta nos aplicativos Caixa Tem e Aux\u00edlio Brasil ou ligar para a central de atendimento da Caixa, no n\u00famero 111. Caso tenha d\u00favidas sobre o cadastro ou sobre o pagamento, o cidad\u00e3o pode ligar para o Minist\u00e9rio da Cidadania, no telefone 121.<\/p>\n\n\n\n<figure class=\"wp-block-image size-medium\"><img loading=\"lazy\" width=\"300\" height=\"179\" src=\"https:\/\/www.radiomanchester.com.br\/fm\/wp-content\/uploads\/2022\/08\/botijao_de_13_quilos_de_gas_de_cozinha_mcajr_abr_201120214528-1-300x179.jpg\" alt=\"\" class=\"wp-image-8742\" srcset=\"https:\/\/www.radiomanchester.com.br\/fm\/wp-content\/uploads\/2022\/08\/botijao_de_13_quilos_de_gas_de_cozinha_mcajr_abr_201120214528-1-300x179.jpg 300w, https:\/\/www.radiomanchester.com.br\/fm\/wp-content\/uploads\/2022\/08\/botijao_de_13_quilos_de_gas_de_cozinha_mcajr_abr_201120214528-1-1024x613.jpg 1024w, https:\/\/www.radiomanchester.com.br\/fm\/wp-content\/uploads\/2022\/08\/botijao_de_13_quilos_de_gas_de_cozinha_mcajr_abr_201120214528-1-768x459.jpg 768w, https:\/\/www.radiomanchester.com.br\/fm\/wp-content\/uploads\/2022\/08\/botijao_de_13_quilos_de_gas_de_cozinha_mcajr_abr_201120214528-1.jpg 1170w\" sizes=\"(max-width: 300px) 100vw, 300px\" \/><figcaption>botij\u00e3o de 13 quilos de g\u00e1s de cozinha &#8211; foro: Marcello Casal Jr<\/figcaption><\/figure>\n\n\n\n<p>por Ag\u00eancia Brasil &#8211; foto: Marcello Casal Jr Ag\u00eancia Brasil<\/p>\n","protected":false},"excerpt":{"rendered":"<p class=\"excerpt\">Benef\u00edcio ser\u00e1 pago entre os dias 9 e 22 Cerca de 5,6 milh\u00f5es de fam\u00edlias receber\u00e3o R$ 110 de Aux\u00edlio G\u00e1s em agosto, anunciou nesta ter\u00e7a-feira, (2\/08), a Caixa Econ\u00f4mica Federal. At\u00e9 dezembro, o benef\u00edcio ter\u00e1 o valor dobrado por causa da emenda constitucional que elevou benef\u00edcios sociais. O pagamento ocorrer\u00e1 de 9 a 22 [&hellip;]<\/p>\n","protected":false},"author":1,"featured_media":0,"comment_status":"open","ping_status":"open","sticky":false,"template":"","format":"standard","meta":[],"categories":[8,17],"tags":[22,24,113,83,92],"yoast_head":"<!-- This site is optimized with the Yoast SEO plugin v18.3 - https:\/\/yoast.com\/wordpress\/plugins\/seo\/ -->\n<title>Aux\u00edlio G\u00e1s ser\u00e1 de R$ 110 em agosto, informa Caixa - Manchester FM 93,3<\/title>\n<meta name=\"robots\" content=\"index, follow, max-snippet:-1, max-image-preview:large, max-video-preview:-1\" \/>\n<link rel=\"canonical\" href=\"https:\/\/www.radiomanchester.com.br\/fm\/auxilio-gas-sera-de-r-110-em-agosto-informa-caixa\/\" \/>\n<meta property=\"og:locale\" content=\"pt_BR\" \/>\n<meta property=\"og:type\" content=\"article\" \/>\n<meta property=\"og:title\" content=\"Aux\u00edlio G\u00e1s ser\u00e1 de R$ 110 em agosto, informa Caixa - Manchester FM 93,3\" \/>\n<meta property=\"og:description\" content=\"Benef\u00edcio ser\u00e1 pago entre os dias 9 e 22 Cerca de 5,6 milh\u00f5es de fam\u00edlias receber\u00e3o R$ 110 de Aux\u00edlio G\u00e1s em agosto, anunciou nesta ter\u00e7a-feira, (2\/08), a Caixa Econ\u00f4mica Federal. At\u00e9 dezembro, o benef\u00edcio ter\u00e1 o valor dobrado por causa da emenda constitucional que elevou benef\u00edcios sociais. O pagamento ocorrer\u00e1 de 9 a 22 [&hellip;]\" \/>\n<meta property=\"og:url\" content=\"https:\/\/www.radiomanchester.com.br\/fm\/auxilio-gas-sera-de-r-110-em-agosto-informa-caixa\/\" \/>\n<meta property=\"og:site_name\" content=\"Manchester FM 93,3\" \/>\n<meta property=\"article:published_time\" content=\"2022-08-03T10:00:00+00:00\" \/>\n<meta property=\"article:modified_time\" content=\"2022-08-03T01:16:41+00:00\" \/>\n<meta property=\"og:image\" content=\"https:\/\/www.radiomanchester.com.br\/fm\/wp-content\/uploads\/2022\/08\/botijao_de_13_quilos_de_gas_de_cozinha_mcajr_abr_201120214528-1-300x179.jpg\" \/>\n<meta name=\"twitter:card\" content=\"summary_large_image\" \/>\n<meta name=\"twitter:label1\" content=\"Escrito por\" \/>\n\t<meta name=\"twitter:data1\" content=\"admin\" \/>\n\t<meta name=\"twitter:label2\" content=\"Est. tempo de leitura\" \/>\n\t<meta name=\"twitter:data2\" content=\"4 minutos\" \/>\n<script type=\"application\/ld+json\" class=\"yoast-schema-graph\">{\"@context\":\"https:\/\/schema.org\",\"@graph\":[{\"@type\":\"WebSite\",\"@id\":\"https:\/\/www.radiomanchester.com.br\/fm\/#website\",\"url\":\"https:\/\/www.radiomanchester.com.br\/fm\/\",\"name\":\"Manchester FM 93,3\",\"description\":\"Todo Mundo Ouve!\",\"potentialAction\":[{\"@type\":\"SearchAction\",\"target\":{\"@type\":\"EntryPoint\",\"urlTemplate\":\"https:\/\/www.radiomanchester.com.br\/fm\/?s={search_term_string}\"},\"query-input\":\"required name=search_term_string\"}],\"inLanguage\":\"pt-BR\"},{\"@type\":\"ImageObject\",\"@id\":\"https:\/\/www.radiomanchester.com.br\/fm\/auxilio-gas-sera-de-r-110-em-agosto-informa-caixa\/#primaryimage\",\"inLanguage\":\"pt-BR\",\"url\":\"https:\/\/www.radiomanchester.com.br\/fm\/wp-content\/uploads\/2022\/08\/botijao_de_13_quilos_de_gas_de_cozinha_mcajr_abr_201120214528-1.jpg\",\"contentUrl\":\"https:\/\/www.radiomanchester.com.br\/fm\/wp-content\/uploads\/2022\/08\/botijao_de_13_quilos_de_gas_de_cozinha_mcajr_abr_201120214528-1.jpg\",\"width\":1170,\"height\":700,\"caption\":\"botij\u00e3o de 13 quilos de g\u00e1s de cozinha\"},{\"@type\":\"WebPage\",\"@id\":\"https:\/\/www.radiomanchester.com.br\/fm\/auxilio-gas-sera-de-r-110-em-agosto-informa-caixa\/#webpage\",\"url\":\"https:\/\/www.radiomanchester.com.br\/fm\/auxilio-gas-sera-de-r-110-em-agosto-informa-caixa\/\",\"name\":\"Aux\u00edlio G\u00e1s ser\u00e1 de R$ 110 em agosto, informa Caixa - Manchester FM 93,3\",\"isPartOf\":{\"@id\":\"https:\/\/www.radiomanchester.com.br\/fm\/#website\"},\"primaryImageOfPage\":{\"@id\":\"https:\/\/www.radiomanchester.com.br\/fm\/auxilio-gas-sera-de-r-110-em-agosto-informa-caixa\/#primaryimage\"},\"datePublished\":\"2022-08-03T10:00:00+00:00\",\"dateModified\":\"2022-08-03T01:16:41+00:00\",\"author\":{\"@id\":\"https:\/\/www.radiomanchester.com.br\/fm\/#\/schema\/person\/408a7b4d4e32cbebd90e2782852abca3\"},\"breadcrumb\":{\"@id\":\"https:\/\/www.radiomanchester.com.br\/fm\/auxilio-gas-sera-de-r-110-em-agosto-informa-caixa\/#breadcrumb\"},\"inLanguage\":\"pt-BR\",\"potentialAction\":[{\"@type\":\"ReadAction\",\"target\":[\"https:\/\/www.radiomanchester.com.br\/fm\/auxilio-gas-sera-de-r-110-em-agosto-informa-caixa\/\"]}]},{\"@type\":\"BreadcrumbList\",\"@id\":\"https:\/\/www.radiomanchester.com.br\/fm\/auxilio-gas-sera-de-r-110-em-agosto-informa-caixa\/#breadcrumb\",\"itemListElement\":[{\"@type\":\"ListItem\",\"position\":1,\"name\":\"Home\",\"item\":\"https:\/\/www.radiomanchester.com.br\/fm\/\"},{\"@type\":\"ListItem\",\"position\":2,\"name\":\"Aux\u00edlio G\u00e1s ser\u00e1 de R$ 110 em agosto, informa Caixa\"}]},{\"@type\":\"Person\",\"@id\":\"https:\/\/www.radiomanchester.com.br\/fm\/#\/schema\/person\/408a7b4d4e32cbebd90e2782852abca3\",\"name\":\"admin\",\"image\":{\"@type\":\"ImageObject\",\"@id\":\"https:\/\/www.radiomanchester.com.br\/fm\/#personlogo\",\"inLanguage\":\"pt-BR\",\"url\":\"https:\/\/secure.gravatar.com\/avatar\/115a974dba3376872eb3addeb276301c?s=96&d=mm&r=g\",\"contentUrl\":\"https:\/\/secure.gravatar.com\/avatar\/115a974dba3376872eb3addeb276301c?s=96&d=mm&r=g\",\"caption\":\"admin\"},\"url\":\"https:\/\/www.radiomanchester.com.br\/fm\/author\/admin\/\"}]}<\/script>\n<!-- \/ Yoast SEO plugin. -->","yoast_head_json":{"title":"Aux\u00edlio G\u00e1s ser\u00e1 de R$ 110 em agosto, informa Caixa - Manchester FM 93,3","robots":{"index":"index","follow":"follow","max-snippet":"max-snippet:-1","max-image-preview":"max-image-preview:large","max-video-preview":"max-video-preview:-1"},"canonical":"https:\/\/www.radiomanchester.com.br\/fm\/auxilio-gas-sera-de-r-110-em-agosto-informa-caixa\/","og_locale":"pt_BR","og_type":"article","og_title":"Aux\u00edlio G\u00e1s ser\u00e1 de R$ 110 em agosto, informa Caixa - Manchester FM 93,3","og_description":"Benef\u00edcio ser\u00e1 pago entre os dias 9 e 22 Cerca de 5,6 milh\u00f5es de fam\u00edlias receber\u00e3o R$ 110 de Aux\u00edlio G\u00e1s em agosto, anunciou nesta ter\u00e7a-feira, (2\/08), a Caixa Econ\u00f4mica Federal. At\u00e9 dezembro, o benef\u00edcio ter\u00e1 o valor dobrado por causa da emenda constitucional que elevou benef\u00edcios sociais. O pagamento ocorrer\u00e1 de 9 a 22 [&hellip;]","og_url":"https:\/\/www.radiomanchester.com.br\/fm\/auxilio-gas-sera-de-r-110-em-agosto-informa-caixa\/","og_site_name":"Manchester FM 93,3","article_published_time":"2022-08-03T10:00:00+00:00","article_modified_time":"2022-08-03T01:16:41+00:00","og_image":[{"url":"https:\/\/www.radiomanchester.com.br\/fm\/wp-content\/uploads\/2022\/08\/botijao_de_13_quilos_de_gas_de_cozinha_mcajr_abr_201120214528-1-300x179.jpg"}],"twitter_card":"summary_large_image","twitter_misc":{"Escrito por":"admin","Est. tempo de leitura":"4 minutos"},"schema":{"@context":"https:\/\/schema.org","@graph":[{"@type":"WebSite","@id":"https:\/\/www.radiomanchester.com.br\/fm\/#website","url":"https:\/\/www.radiomanchester.com.br\/fm\/","name":"Manchester FM 93,3","description":"Todo Mundo Ouve!","potentialAction":[{"@type":"SearchAction","target":{"@type":"EntryPoint","urlTemplate":"https:\/\/www.radiomanchester.com.br\/fm\/?s={search_term_string}"},"query-input":"required name=search_term_string"}],"inLanguage":"pt-BR"},{"@type":"ImageObject","@id":"https:\/\/www.radiomanchester.com.br\/fm\/auxilio-gas-sera-de-r-110-em-agosto-informa-caixa\/#primaryimage","inLanguage":"pt-BR","url":"https:\/\/www.radiomanchester.com.br\/fm\/wp-content\/uploads\/2022\/08\/botijao_de_13_quilos_de_gas_de_cozinha_mcajr_abr_201120214528-1.jpg","contentUrl":"https:\/\/www.radiomanchester.com.br\/fm\/wp-content\/uploads\/2022\/08\/botijao_de_13_quilos_de_gas_de_cozinha_mcajr_abr_201120214528-1.jpg","width":1170,"height":700,"caption":"botij\u00e3o de 13 quilos de g\u00e1s de cozinha"},{"@type":"WebPage","@id":"https:\/\/www.radiomanchester.com.br\/fm\/auxilio-gas-sera-de-r-110-em-agosto-informa-caixa\/#webpage","url":"https:\/\/www.radiomanchester.com.br\/fm\/auxilio-gas-sera-de-r-110-em-agosto-informa-caixa\/","name":"Aux\u00edlio G\u00e1s ser\u00e1 de R$ 110 em agosto, informa Caixa - Manchester FM 93,3","isPartOf":{"@id":"https:\/\/www.radiomanchester.com.br\/fm\/#website"},"primaryImageOfPage":{"@id":"https:\/\/www.radiomanchester.com.br\/fm\/auxilio-gas-sera-de-r-110-em-agosto-informa-caixa\/#primaryimage"},"datePublished":"2022-08-03T10:00:00+00:00","dateModified":"2022-08-03T01:16:41+00:00","author":{"@id":"https:\/\/www.radiomanchester.com.br\/fm\/#\/schema\/person\/408a7b4d4e32cbebd90e2782852abca3"},"breadcrumb":{"@id":"https:\/\/www.radiomanchester.com.br\/fm\/auxilio-gas-sera-de-r-110-em-agosto-informa-caixa\/#breadcrumb"},"inLanguage":"pt-BR","potentialAction":[{"@type":"ReadAction","target":["https:\/\/www.radiomanchester.com.br\/fm\/auxilio-gas-sera-de-r-110-em-agosto-informa-caixa\/"]}]},{"@type":"BreadcrumbList","@id":"https:\/\/www.radiomanchester.com.br\/fm\/auxilio-gas-sera-de-r-110-em-agosto-informa-caixa\/#breadcrumb","itemListElement":[{"@type":"ListItem","position":1,"name":"Home","item":"https:\/\/www.radiomanchester.com.br\/fm\/"},{"@type":"ListItem","position":2,"name":"Aux\u00edlio G\u00e1s ser\u00e1 de R$ 110 em agosto, informa Caixa"}]},{"@type":"Person","@id":"https:\/\/www.radiomanchester.com.br\/fm\/#\/schema\/person\/408a7b4d4e32cbebd90e2782852abca3","name":"admin","image":{"@type":"ImageObject","@id":"https:\/\/www.radiomanchester.com.br\/fm\/#personlogo","inLanguage":"pt-BR","url":"https:\/\/secure.gravatar.com\/avatar\/115a974dba3376872eb3addeb276301c?s=96&d=mm&r=g","contentUrl":"https:\/\/secure.gravatar.com\/avatar\/115a974dba3376872eb3addeb276301c?s=96&d=mm&r=g","caption":"admin"},"url":"https:\/\/www.radiomanchester.com.br\/fm\/author\/admin\/"}]}},"_links":{"self":[{"href":"https:\/\/www.radiomanchester.com.br\/fm\/wp-json\/wp\/v2\/posts\/8741"}],"collection":[{"href":"https:\/\/www.radiomanchester.com.br\/fm\/wp-json\/wp\/v2\/posts"}],"about":[{"href":"https:\/\/www.radiomanchester.com.br\/fm\/wp-json\/wp\/v2\/types\/post"}],"author":[{"embeddable":true,"href":"https:\/\/www.radiomanchester.com.br\/fm\/wp-json\/wp\/v2\/users\/1"}],"replies":[{"embeddable":true,"href":"https:\/\/www.radiomanchester.com.br\/fm\/wp-json\/wp\/v2\/comments?post=8741"}],"version-history":[{"count":1,"href":"https:\/\/www.radiomanchester.com.br\/fm\/wp-json\/wp\/v2\/posts\/8741\/revisions"}],"predecessor-version":[{"id":8743,"href":"https:\/\/www.radiomanchester.com.br\/fm\/wp-json\/wp\/v2\/posts\/8741\/revisions\/8743"}],"wp:attachment":[{"href":"https:\/\/www.radiomanchester.com.br\/fm\/wp-json\/wp\/v2\/media?parent=8741"}],"wp:term":[{"taxonomy":"category","embeddable":true,"href":"https:\/\/www.radiomanchester.com.br\/fm\/wp-json\/wp\/v2\/categories?post=8741"},{"taxonomy":"post_tag","embeddable":true,"href":"https:\/\/www.radiomanchester.com.br\/fm\/wp-json\/wp\/v2\/tags?post=8741"}],"curies":[{"name":"wp","href":"https:\/\/api.w.org\/{rel}","templated":true}]}}